{"id":94737,"date":"2022-11-30T17:10:17","date_gmt":"2022-11-30T16:10:17","guid":{"rendered":"https:\/\/www.copealcoy.es\/?p=94737"},"modified":"2022-11-30T18:24:01","modified_gmt":"2022-11-30T17:24:01","slug":"dues-empreses-del-sector-del-transport-marxen-dalcoi","status":"publish","type":"post","link":"https:\/\/www.copealcoy.es\/es\/dues-empreses-del-sector-del-transport-marxen-dalcoi\/","title":{"rendered":"Alcoi es dessagna: dues noves empreses marxen de la ciutat per la manca de s\u00f2l"},"content":{"rendered":"<p>Sense s\u00f2l industrial de qualitat, Alcoi s&#8217;estanca. Dues empreses m\u00e9s abandonen la ciutat. Aix\u00ed ho han confirmat fonts consultades per <strong>Cope Alcoi<\/strong>. A mitj\u00e0 termini, ja que ja han iniciat els tr\u00e0mits, es traslladaran a altres zones de la prov\u00edncia davant la falta d&#8217;oferta de s\u00f2l de qualitat de la localitat.<\/p>\n<p>Aquesta \u00e9s una de les conseq\u00fc\u00e8ncies de la <strong>complicada situaci\u00f3 a nivell industrial<\/strong> que travessa Alcoi. <strong>Pablo de Gracia<\/strong>, president de la <strong>Cambra de Comer\u00e7 d&#8217;Alcoi<\/strong>, lamenta que la ciutat no siga una opci\u00f3 per a les empreses que volen assentar-se en la Comunitat Valenciana. &#8220;En la Conselleria d&#8217;Economia estan rebent nombroses sol\u00b7licituds de grans empreses per a realitzar noves ind\u00fastries en diferents punts de la Comunitat. El problema \u00e9s que nosaltres no estem en el mapa de possibles inversions perqu\u00e8 no disposem de suficient s\u00f2l industrial de qualitat&#8221;, explica el responsable dels empresaris.<\/p>\n<p>I \u00e9s que zones com <strong>Cl\u00e9rigo<\/strong> o <strong>Pagos<\/strong>, que compten amb parcel\u00b7les disponibles, nom\u00e9s ofereixen terrenys de xicoteta grand\u00e0ria, per la qual cosa les empreses acaben optant per altres destinacions. &#8220;Estem perdent el tren&#8221;, insisteix de Gracia, qui destaca la necessitat d&#8217;una base industrial &#8216;s\u00f2lida&#8217; per al desenvolupament de la ciutat. &#8220;\u00c9s una de les necessitats m\u00e9s urgents que t\u00e9 la nostra ciutat i cal estar a l&#8217;altura&#8221;.<\/p>\n<p>En aquest sentit, en pocs dies est\u00e0 previst que es presente l&#8217;informe encarregat per l&#8217;Ajuntament d&#8217;Alcoi i la Cambra de Comer\u00e7 per a <span style=\"color: #000080;\"><a style=\"color: #000080;\" href=\"https:\/\/www.copealcoy.es\/la-falta-doferta-motiva-la-cerca-de-nou-sol-industrial-a-alcoi\/\" target=\"_blank\" rel=\"noopener\">buscar nou s\u00f2l empresarial<\/a><\/span> de grans dimensions. Des de <strong>FEDAC<\/strong>, la Federaci\u00f3 Empresarial de l&#8217;Alcoi\u00e0-Comtat, creuen que aquest informe \u00e9s l&#8217;\u00faltima basa per a la ind\u00fastria a Alcoi i confien que puga aportar una mica de llum i permeta valorar alternatives que en estudis anteriors no s&#8217;havien tingut en compte.<\/p>\n<p><strong>Un pacte de ciutat<\/strong><\/p>\n<p>I si l&#8217;informe finalment ofereix possibilitats que complisquen amb les normatives vigents, com la mediambiental, caldr\u00e0 passar a l&#8217;acci\u00f3. De Gracia sost\u00e9 la necessitat d&#8217;un <strong>pacte de ciutat<\/strong> que unisca a tota la corporaci\u00f3 municipal i tamb\u00e9 a la societat civil. &#8220;Primer ha d&#8217;haver-hi una voluntat pol\u00edtica, econ\u00f2mica i social. Si no existeix una unitat i un lideratge en aquests tres punts ser\u00e0 molt dif\u00edcil que es desenvolupe qualsevol iniciativa industrial&#8221;.<\/p>\n","protected":false},"excerpt":{"rendered":"<p>Sense s\u00f2l industrial de qualitat, Alcoi s&#8217;estanca. Dues empreses m\u00e9s abandonen la ciutat. Aix\u00ed ho han confirmat fonts consultades per&#8230;<\/p>\n","protected":false},"author":1,"featured_media":9128,"comment_status":"open","ping_status":"open","sticky":false,"template":"","format":"standard","meta":{"footnotes":""},"categories":[6909,97,75,79],"tags":[13487,7875,743,433],"class_list":["post-94737","post","type-post","status-publish","format-standard","has-post-thumbnail","hentry","category-actualidad","category-alcoy","category-noticias","category-politicayeconomia","tag-cambra-comerc-alcoi","tag-empreses","tag-fedac","tag-industria"],"yoast_head":"<!-- This site is optimized with the Yoast SEO plugin v27.3 - https:\/\/yoast.com\/product\/yoast-seo-wordpress\/ -->\n<title>Alcoi es dessagna: dues noves empreses marxen de la ciutat per la manca de s\u00f2l - COPE Alcoy<\/title>\n<meta name=\"description\" content=\"Sense s\u00f2l industrial de qualitat, Alcoi s&#039;estanca. Dues empreses relacionades amb el sector del transport abandonen la ciutat. Aix\u00ed ho han confirmat fonts consultades per Cope Alcoi. A mitj\u00e0 termini, ja que ja han iniciat els tr\u00e0mits, es traslladaran a altres zones de la prov\u00edncia davant la falta d&#039;oferta de s\u00f2l de qualitat de la localitat.\" \/>\n<meta name=\"robots\" content=\"index, follow, max-snippet:-1, max-image-preview:large, max-video-preview:-1\" \/>\n<link rel=\"canonical\" href=\"https:\/\/www.copealcoy.es\/es\/dues-empreses-del-sector-del-transport-marxen-dalcoi\/\" \/>\n<meta property=\"og:locale\" content=\"es_ES\" \/>\n<meta property=\"og:type\" content=\"article\" \/>\n<meta property=\"og:title\" content=\"Alcoi es dessagna: dues noves empreses marxen de la ciutat per la manca de s\u00f2l - COPE Alcoy\" \/>\n<meta property=\"og:description\" content=\"Sense s\u00f2l industrial de qualitat, Alcoi s&#039;estanca. Dues empreses relacionades amb el sector del transport abandonen la ciutat. Aix\u00ed ho han confirmat fonts consultades per Cope Alcoi. A mitj\u00e0 termini, ja que ja han iniciat els tr\u00e0mits, es traslladaran a altres zones de la prov\u00edncia davant la falta d&#039;oferta de s\u00f2l de qualitat de la localitat.\" \/>\n<meta property=\"og:url\" content=\"https:\/\/www.copealcoy.es\/es\/dues-empreses-del-sector-del-transport-marxen-dalcoi\/\" \/>\n<meta property=\"og:site_name\" content=\"COPE Alcoy\" \/>\n<meta property=\"article:published_time\" content=\"2022-11-30T16:10:17+00:00\" \/>\n<meta property=\"article:modified_time\" content=\"2022-11-30T17:24:01+00:00\" \/>\n<meta property=\"og:image\" content=\"https:\/\/www.copealcoy.es\/wp-content\/uploads\/2014\/12\/image104.jpg\" \/>\n\t<meta property=\"og:image:width\" content=\"1440\" \/>\n\t<meta property=\"og:image:height\" content=\"1080\" \/>\n\t<meta property=\"og:image:type\" content=\"image\/jpeg\" \/>\n<meta name=\"author\" content=\"Cope Alcoy\" \/>\n<meta name=\"twitter:label1\" content=\"Escrito por\" \/>\n\t<meta name=\"twitter:data1\" content=\"Cope Alcoy\" \/>\n\t<meta name=\"twitter:label2\" content=\"Tiempo de lectura\" \/>\n\t<meta name=\"twitter:data2\" content=\"2 minutos\" \/>\n<script type=\"application\/ld+json\" class=\"yoast-schema-graph\">{\"@context\":\"https:\\\/\\\/schema.org\",\"@graph\":[{\"@type\":\"Article\",\"@id\":\"https:\\\/\\\/www.copealcoy.es\\\/es\\\/dues-empreses-del-sector-del-transport-marxen-dalcoi\\\/#article\",\"isPartOf\":{\"@id\":\"https:\\\/\\\/www.copealcoy.es\\\/es\\\/dues-empreses-del-sector-del-transport-marxen-dalcoi\\\/\"},\"author\":{\"name\":\"Cope Alcoy\",\"@id\":\"https:\\\/\\\/www.copealcoy.es\\\/es\\\/#\\\/schema\\\/person\\\/e777c87fa024e57d40170af9df39882c\"},\"headline\":\"Alcoi es dessagna: dues noves empreses marxen de la ciutat per la manca de s\u00f2l\",\"datePublished\":\"2022-11-30T16:10:17+00:00\",\"dateModified\":\"2022-11-30T17:24:01+00:00\",\"mainEntityOfPage\":{\"@id\":\"https:\\\/\\\/www.copealcoy.es\\\/es\\\/dues-empreses-del-sector-del-transport-marxen-dalcoi\\\/\"},\"wordCount\":414,\"commentCount\":0,\"image\":{\"@id\":\"https:\\\/\\\/www.copealcoy.es\\\/es\\\/dues-empreses-del-sector-del-transport-marxen-dalcoi\\\/#primaryimage\"},\"thumbnailUrl\":\"https:\\\/\\\/www.copealcoy.es\\\/wp-content\\\/uploads\\\/2014\\\/12\\\/image104.jpg\",\"keywords\":[\"Cambra Comer\u00e7 Alcoi\",\"empreses\",\"FEDAC\",\"Industria\"],\"articleSection\":[\"Actualidad\",\"Alcoy\",\"Noticias\",\"Pol\u00edtica y Econom\u00eda\"],\"inLanguage\":\"es\"},{\"@type\":\"WebPage\",\"@id\":\"https:\\\/\\\/www.copealcoy.es\\\/es\\\/dues-empreses-del-sector-del-transport-marxen-dalcoi\\\/\",\"url\":\"https:\\\/\\\/www.copealcoy.es\\\/es\\\/dues-empreses-del-sector-del-transport-marxen-dalcoi\\\/\",\"name\":\"Alcoi es dessagna: dues noves empreses marxen de la ciutat per la manca de s\u00f2l - COPE Alcoy\",\"isPartOf\":{\"@id\":\"https:\\\/\\\/www.copealcoy.es\\\/es\\\/#website\"},\"primaryImageOfPage\":{\"@id\":\"https:\\\/\\\/www.copealcoy.es\\\/es\\\/dues-empreses-del-sector-del-transport-marxen-dalcoi\\\/#primaryimage\"},\"image\":{\"@id\":\"https:\\\/\\\/www.copealcoy.es\\\/es\\\/dues-empreses-del-sector-del-transport-marxen-dalcoi\\\/#primaryimage\"},\"thumbnailUrl\":\"https:\\\/\\\/www.copealcoy.es\\\/wp-content\\\/uploads\\\/2014\\\/12\\\/image104.jpg\",\"datePublished\":\"2022-11-30T16:10:17+00:00\",\"dateModified\":\"2022-11-30T17:24:01+00:00\",\"author\":{\"@id\":\"https:\\\/\\\/www.copealcoy.es\\\/es\\\/#\\\/schema\\\/person\\\/e777c87fa024e57d40170af9df39882c\"},\"description\":\"Sense s\u00f2l industrial de qualitat, Alcoi s'estanca. Dues empreses relacionades amb el sector del transport abandonen la ciutat. Aix\u00ed ho han confirmat fonts consultades per Cope Alcoi. A mitj\u00e0 termini, ja que ja han iniciat els tr\u00e0mits, es traslladaran a altres zones de la prov\u00edncia davant la falta d'oferta de s\u00f2l de qualitat de la localitat.\",\"breadcrumb\":{\"@id\":\"https:\\\/\\\/www.copealcoy.es\\\/es\\\/dues-empreses-del-sector-del-transport-marxen-dalcoi\\\/#breadcrumb\"},\"inLanguage\":\"es\",\"potentialAction\":[{\"@type\":\"ReadAction\",\"target\":[\"https:\\\/\\\/www.copealcoy.es\\\/es\\\/dues-empreses-del-sector-del-transport-marxen-dalcoi\\\/\"]}]},{\"@type\":\"ImageObject\",\"inLanguage\":\"es\",\"@id\":\"https:\\\/\\\/www.copealcoy.es\\\/es\\\/dues-empreses-del-sector-del-transport-marxen-dalcoi\\\/#primaryimage\",\"url\":\"https:\\\/\\\/www.copealcoy.es\\\/wp-content\\\/uploads\\\/2014\\\/12\\\/image104.jpg\",\"contentUrl\":\"https:\\\/\\\/www.copealcoy.es\\\/wp-content\\\/uploads\\\/2014\\\/12\\\/image104.jpg\",\"width\":1440,\"height\":1080,\"caption\":\"Naves industriales en Alcoy\"},{\"@type\":\"BreadcrumbList\",\"@id\":\"https:\\\/\\\/www.copealcoy.es\\\/es\\\/dues-empreses-del-sector-del-transport-marxen-dalcoi\\\/#breadcrumb\",\"itemListElement\":[{\"@type\":\"ListItem\",\"position\":1,\"name\":\"Portada\",\"item\":\"https:\\\/\\\/www.copealcoy.es\\\/es\\\/\"},{\"@type\":\"ListItem\",\"position\":2,\"name\":\"Alcoi es dessagna: dues noves empreses marxen de la ciutat per la manca de s\u00f2l\"}]},{\"@type\":\"WebSite\",\"@id\":\"https:\\\/\\\/www.copealcoy.es\\\/es\\\/#website\",\"url\":\"https:\\\/\\\/www.copealcoy.es\\\/es\\\/\",\"name\":\"COPE Alcoy\",\"description\":\"Emisora COPE de radio local con emisi\u00f3n online. Pont de Sant Jordi 8-10 03803 Alcoy\",\"potentialAction\":[{\"@type\":\"SearchAction\",\"target\":{\"@type\":\"EntryPoint\",\"urlTemplate\":\"https:\\\/\\\/www.copealcoy.es\\\/es\\\/?s={search_term_string}\"},\"query-input\":{\"@type\":\"PropertyValueSpecification\",\"valueRequired\":true,\"valueName\":\"search_term_string\"}}],\"inLanguage\":\"es\"},{\"@type\":\"Person\",\"@id\":\"https:\\\/\\\/www.copealcoy.es\\\/es\\\/#\\\/schema\\\/person\\\/e777c87fa024e57d40170af9df39882c\",\"name\":\"Cope Alcoy\",\"image\":{\"@type\":\"ImageObject\",\"inLanguage\":\"es\",\"@id\":\"https:\\\/\\\/secure.gravatar.com\\\/avatar\\\/bb65d0283347e303893ba14f0692005417c1e0e690a325a4c5d8bb2b3943ee14?s=96&d=mm&r=g\",\"url\":\"https:\\\/\\\/secure.gravatar.com\\\/avatar\\\/bb65d0283347e303893ba14f0692005417c1e0e690a325a4c5d8bb2b3943ee14?s=96&d=mm&r=g\",\"contentUrl\":\"https:\\\/\\\/secure.gravatar.com\\\/avatar\\\/bb65d0283347e303893ba14f0692005417c1e0e690a325a4c5d8bb2b3943ee14?s=96&d=mm&r=g\",\"caption\":\"Cope Alcoy\"}}]}<\/script>\n<!-- \/ Yoast SEO plugin. -->","yoast_head_json":{"title":"Alcoi es dessagna: dues noves empreses marxen de la ciutat per la manca de s\u00f2l - COPE Alcoy","description":"Sense s\u00f2l industrial de qualitat, Alcoi s'estanca. Dues empreses relacionades amb el sector del transport abandonen la ciutat. Aix\u00ed ho han confirmat fonts consultades per Cope Alcoi. A mitj\u00e0 termini, ja que ja han iniciat els tr\u00e0mits, es traslladaran a altres zones de la prov\u00edncia davant la falta d'oferta de s\u00f2l de qualitat de la localitat.","robots":{"index":"index","follow":"follow","max-snippet":"max-snippet:-1","max-image-preview":"max-image-preview:large","max-video-preview":"max-video-preview:-1"},"canonical":"https:\/\/www.copealcoy.es\/es\/dues-empreses-del-sector-del-transport-marxen-dalcoi\/","og_locale":"es_ES","og_type":"article","og_title":"Alcoi es dessagna: dues noves empreses marxen de la ciutat per la manca de s\u00f2l - COPE Alcoy","og_description":"Sense s\u00f2l industrial de qualitat, Alcoi s'estanca. Dues empreses relacionades amb el sector del transport abandonen la ciutat. Aix\u00ed ho han confirmat fonts consultades per Cope Alcoi. A mitj\u00e0 termini, ja que ja han iniciat els tr\u00e0mits, es traslladaran a altres zones de la prov\u00edncia davant la falta d'oferta de s\u00f2l de qualitat de la localitat.","og_url":"https:\/\/www.copealcoy.es\/es\/dues-empreses-del-sector-del-transport-marxen-dalcoi\/","og_site_name":"COPE Alcoy","article_published_time":"2022-11-30T16:10:17+00:00","article_modified_time":"2022-11-30T17:24:01+00:00","og_image":[{"width":1440,"height":1080,"url":"https:\/\/www.copealcoy.es\/wp-content\/uploads\/2014\/12\/image104.jpg","type":"image\/jpeg"}],"author":"Cope Alcoy","twitter_misc":{"Escrito por":"Cope Alcoy","Tiempo de lectura":"2 minutos"},"schema":{"@context":"https:\/\/schema.org","@graph":[{"@type":"Article","@id":"https:\/\/www.copealcoy.es\/es\/dues-empreses-del-sector-del-transport-marxen-dalcoi\/#article","isPartOf":{"@id":"https:\/\/www.copealcoy.es\/es\/dues-empreses-del-sector-del-transport-marxen-dalcoi\/"},"author":{"name":"Cope Alcoy","@id":"https:\/\/www.copealcoy.es\/es\/#\/schema\/person\/e777c87fa024e57d40170af9df39882c"},"headline":"Alcoi es dessagna: dues noves empreses marxen de la ciutat per la manca de s\u00f2l","datePublished":"2022-11-30T16:10:17+00:00","dateModified":"2022-11-30T17:24:01+00:00","mainEntityOfPage":{"@id":"https:\/\/www.copealcoy.es\/es\/dues-empreses-del-sector-del-transport-marxen-dalcoi\/"},"wordCount":414,"commentCount":0,"image":{"@id":"https:\/\/www.copealcoy.es\/es\/dues-empreses-del-sector-del-transport-marxen-dalcoi\/#primaryimage"},"thumbnailUrl":"https:\/\/www.copealcoy.es\/wp-content\/uploads\/2014\/12\/image104.jpg","keywords":["Cambra Comer\u00e7 Alcoi","empreses","FEDAC","Industria"],"articleSection":["Actualidad","Alcoy","Noticias","Pol\u00edtica y Econom\u00eda"],"inLanguage":"es"},{"@type":"WebPage","@id":"https:\/\/www.copealcoy.es\/es\/dues-empreses-del-sector-del-transport-marxen-dalcoi\/","url":"https:\/\/www.copealcoy.es\/es\/dues-empreses-del-sector-del-transport-marxen-dalcoi\/","name":"Alcoi es dessagna: dues noves empreses marxen de la ciutat per la manca de s\u00f2l - COPE Alcoy","isPartOf":{"@id":"https:\/\/www.copealcoy.es\/es\/#website"},"primaryImageOfPage":{"@id":"https:\/\/www.copealcoy.es\/es\/dues-empreses-del-sector-del-transport-marxen-dalcoi\/#primaryimage"},"image":{"@id":"https:\/\/www.copealcoy.es\/es\/dues-empreses-del-sector-del-transport-marxen-dalcoi\/#primaryimage"},"thumbnailUrl":"https:\/\/www.copealcoy.es\/wp-content\/uploads\/2014\/12\/image104.jpg","datePublished":"2022-11-30T16:10:17+00:00","dateModified":"2022-11-30T17:24:01+00:00","author":{"@id":"https:\/\/www.copealcoy.es\/es\/#\/schema\/person\/e777c87fa024e57d40170af9df39882c"},"description":"Sense s\u00f2l industrial de qualitat, Alcoi s'estanca. Dues empreses relacionades amb el sector del transport abandonen la ciutat. Aix\u00ed ho han confirmat fonts consultades per Cope Alcoi. A mitj\u00e0 termini, ja que ja han iniciat els tr\u00e0mits, es traslladaran a altres zones de la prov\u00edncia davant la falta d'oferta de s\u00f2l de qualitat de la localitat.","breadcrumb":{"@id":"https:\/\/www.copealcoy.es\/es\/dues-empreses-del-sector-del-transport-marxen-dalcoi\/#breadcrumb"},"inLanguage":"es","potentialAction":[{"@type":"ReadAction","target":["https:\/\/www.copealcoy.es\/es\/dues-empreses-del-sector-del-transport-marxen-dalcoi\/"]}]},{"@type":"ImageObject","inLanguage":"es","@id":"https:\/\/www.copealcoy.es\/es\/dues-empreses-del-sector-del-transport-marxen-dalcoi\/#primaryimage","url":"https:\/\/www.copealcoy.es\/wp-content\/uploads\/2014\/12\/image104.jpg","contentUrl":"https:\/\/www.copealcoy.es\/wp-content\/uploads\/2014\/12\/image104.jpg","width":1440,"height":1080,"caption":"Naves industriales en Alcoy"},{"@type":"BreadcrumbList","@id":"https:\/\/www.copealcoy.es\/es\/dues-empreses-del-sector-del-transport-marxen-dalcoi\/#breadcrumb","itemListElement":[{"@type":"ListItem","position":1,"name":"Portada","item":"https:\/\/www.copealcoy.es\/es\/"},{"@type":"ListItem","position":2,"name":"Alcoi es dessagna: dues noves empreses marxen de la ciutat per la manca de s\u00f2l"}]},{"@type":"WebSite","@id":"https:\/\/www.copealcoy.es\/es\/#website","url":"https:\/\/www.copealcoy.es\/es\/","name":"COPE Alcoy","description":"Emisora COPE de radio local con emisi\u00f3n online. Pont de Sant Jordi 8-10 03803 Alcoy","potentialAction":[{"@type":"SearchAction","target":{"@type":"EntryPoint","urlTemplate":"https:\/\/www.copealcoy.es\/es\/?s={search_term_string}"},"query-input":{"@type":"PropertyValueSpecification","valueRequired":true,"valueName":"search_term_string"}}],"inLanguage":"es"},{"@type":"Person","@id":"https:\/\/www.copealcoy.es\/es\/#\/schema\/person\/e777c87fa024e57d40170af9df39882c","name":"Cope Alcoy","image":{"@type":"ImageObject","inLanguage":"es","@id":"https:\/\/secure.gravatar.com\/avatar\/bb65d0283347e303893ba14f0692005417c1e0e690a325a4c5d8bb2b3943ee14?s=96&d=mm&r=g","url":"https:\/\/secure.gravatar.com\/avatar\/bb65d0283347e303893ba14f0692005417c1e0e690a325a4c5d8bb2b3943ee14?s=96&d=mm&r=g","contentUrl":"https:\/\/secure.gravatar.com\/avatar\/bb65d0283347e303893ba14f0692005417c1e0e690a325a4c5d8bb2b3943ee14?s=96&d=mm&r=g","caption":"Cope Alcoy"}}]}},"_links":{"self":[{"href":"https:\/\/www.copealcoy.es\/es\/wp-json\/wp\/v2\/posts\/94737","targetHints":{"allow":["GET"]}}],"collection":[{"href":"https:\/\/www.copealcoy.es\/es\/wp-json\/wp\/v2\/posts"}],"about":[{"href":"https:\/\/www.copealcoy.es\/es\/wp-json\/wp\/v2\/types\/post"}],"author":[{"embeddable":true,"href":"https:\/\/www.copealcoy.es\/es\/wp-json\/wp\/v2\/users\/1"}],"replies":[{"embeddable":true,"href":"https:\/\/www.copealcoy.es\/es\/wp-json\/wp\/v2\/comments?post=94737"}],"version-history":[{"count":0,"href":"https:\/\/www.copealcoy.es\/es\/wp-json\/wp\/v2\/posts\/94737\/revisions"}],"wp:featuredmedia":[{"embeddable":true,"href":"https:\/\/www.copealcoy.es\/es\/wp-json\/wp\/v2\/media\/9128"}],"wp:attachment":[{"href":"https:\/\/www.copealcoy.es\/es\/wp-json\/wp\/v2\/media?parent=94737"}],"wp:term":[{"taxonomy":"category","embeddable":true,"href":"https:\/\/www.copealcoy.es\/es\/wp-json\/wp\/v2\/categories?post=94737"},{"taxonomy":"post_tag","embeddable":true,"href":"https:\/\/www.copealcoy.es\/es\/wp-json\/wp\/v2\/tags?post=94737"}],"curies":[{"name":"wp","href":"https:\/\/api.w.org\/{rel}","templated":true}]}}