{"id":94556,"date":"2022-11-24T12:28:16","date_gmt":"2022-11-24T11:28:16","guid":{"rendered":"https:\/\/www.copealcoy.es\/?p=94556"},"modified":"2022-11-24T14:45:18","modified_gmt":"2022-11-24T13:45:18","slug":"denuncien-que-estan-per-executar-els-projectes-que-la-generalitat-va-pressupostar-en-alcoi-per-a-2023","status":"publish","type":"post","link":"https:\/\/www.copealcoy.es\/es\/denuncien-que-estan-per-executar-els-projectes-que-la-generalitat-va-pressupostar-en-alcoi-per-a-2023\/","title":{"rendered":"Denuncien que estan per executar els projectes que la Generalitat va pressupostar en Alcoi per a 2023"},"content":{"rendered":"<p style=\"text-align: justify;\">La <strong>Generalitat Valenciana<\/strong> no ha executat <strong>cap dels nou projectes<\/strong> per a Alcoi inclosos en els pressupostos de 2022, unes actuacions que <strong>suposaven 4,5 milions d&#8217;euros<\/strong>. Aix\u00ed ho han denunciat des del Partit Popular, <strong>formaci\u00f3 que reclama que aquesta situaci\u00f3 siga revertida<\/strong>.<\/p>\n<p style=\"text-align: justify;\">El seu candidat a l&#8217;alcaldia,<a href=\"https:\/\/www.facebook.com\/carlos.pastorventura\"><span style=\"color: #0000ff;\"><strong> Carlos Pastor<\/strong><\/span><\/a>, indica que no se sap res de l&#8217;inici de les obres per a ampliar <strong>l&#8217;Hospital Verge dels Lliris, la creaci\u00f3 d&#8217;un aparcament en aquest \u00faltim, la reforma del Centre de Salut de La Bassa o la rehabilitaci\u00f3 del conjunt del Molinar<\/strong>. Tamb\u00e9, entre altres iniciatives, <strong>fa refer\u00e8ncia a la reforma del Teatre Principal<\/strong>. L&#8217;alcaldable destaca els passos que donar\u00e0 el seu partit per a <strong>aconseguir una inversi\u00f3 potent per a Alcoi<\/strong> &#8220;<em>\u00e9s molt decebedor que en aquestes altures de la legislatura continuem amb els mateixos projectes que fa quatre anys. El pressupost de la Generalitat Valenciana per a Alcoi \u00e9s un c\u00f2pia i pega dels comptes de l&#8217;any passat, i a\u00e7\u00f2 evidencia la incompet\u00e8ncia de Puig per a gestionar i la de l&#8217;alcalde, Antonio Franc\u00e9s, per a exigir-li que ho fa\u00e7a<\/em>\u201d, ha afegit. Carlos Pastor <strong>ha anunciat<\/strong> que <em>\u201ctreballarem amb el Grup Parlamentari Popular per a presentar un paquet potent d&#8217;esmenes que corregisca la falta de projectes nous per a la ciutat. No podem parlar tots els anys de les mateixes coses i, damunt, no fer-les. Hem de parlar de projectes que il\u00b7lusionen als alcoians i que ajuden a eixir de la par\u00e0lisi en la qual estem immersos. Tot el relacionat amb els projectes d&#8217;Alcoi sempre ha estat entelat per la propaganda i engany\u201d<\/em>. Per al <strong>candidat del Partit Popular<\/strong> \u201c<em>\u00e9s intolerable que tots els anys ens vinguen amb l&#8217;ampliaci\u00f3 de l&#8217;Hospital Verge dels Lliris o amb la construcci\u00f3 del Centre de Turisme (CdT) en la poma de Rodes, i no obstant aix\u00f2 mai comencen les obres<\/em>&#8220;, conclou.<\/p>\n<p><strong><span style=\"color: #0000ff;\">El govern local contradiu el PP\u00a0<\/span><\/strong><\/p>\n<p style=\"text-align: justify;\">El Govern Local del PSOE contradiu al PP i destaca, per exemple,<strong> els dos milions que es preveuen en els comptes auton\u00f3mics de 2023 per a la rehabilitaci\u00f3 de l&#8217;esmentat Teatre Principal<\/strong>. <strong>Ra\u00fcl Llopis<\/strong>, regidor de Cultura, recordava dies enrere que la reforma <strong>estava ja contemplada a trav\u00e9s dels pressupostos participatius del Consell<\/strong> <em>&#8220;per\u00f2 amb la inclusi\u00f3 del projecte en els comptes auton\u00f2mics es tindr\u00e0 una quantitat major per a aquest fi<\/em>&#8220;, ha sentenciat.<\/p>\n","protected":false},"excerpt":{"rendered":"<p>La Generalitat Valenciana no ha executat cap dels nou projectes per a Alcoi inclosos en els pressupostos de 2022, unes&#8230;<\/p>\n","protected":false},"author":1,"featured_media":94557,"comment_status":"open","ping_status":"open","sticky":false,"template":"","format":"standard","meta":{"footnotes":""},"categories":[6909,97,75,79],"tags":[160,13235,1461,994,227,10293,7884,1400],"class_list":["post-94556","post","type-post","status-publish","format-standard","has-post-thumbnail","hentry","category-actualidad","category-alcoy","category-noticias","category-politicayeconomia","tag-alcoi","tag-carlos-pastor","tag-denuncia","tag-generalitat-valenciana","tag-pp","tag-pressupostos","tag-projectes","tag-teatre-principal"],"yoast_head":"<!-- This site is optimized with the Yoast SEO plugin v27.3 - https:\/\/yoast.com\/product\/yoast-seo-wordpress\/ -->\n<title>Denuncien que estan per executar els projectes que la Generalitat va pressupostar en Alcoi per a 2023 - COPE Alcoy<\/title>\n<meta name=\"description\" content=\"La Generalitat Valenciana no ha executat cap dels nou projectes per a Alcoi inclosos en els pressupostos de 2022 segons assenyala el PP\" \/>\n<meta name=\"robots\" content=\"index, follow, max-snippet:-1, max-image-preview:large, max-video-preview:-1\" \/>\n<link rel=\"canonical\" href=\"https:\/\/www.copealcoy.es\/es\/denuncien-que-estan-per-executar-els-projectes-que-la-generalitat-va-pressupostar-en-alcoi-per-a-2023\/\" \/>\n<meta property=\"og:locale\" content=\"es_ES\" \/>\n<meta property=\"og:type\" content=\"article\" \/>\n<meta property=\"og:title\" content=\"Denuncien que estan per executar els projectes que la Generalitat va pressupostar en Alcoi per a 2023 - COPE Alcoy\" \/>\n<meta property=\"og:description\" content=\"La Generalitat Valenciana no ha executat cap dels nou projectes per a Alcoi inclosos en els pressupostos de 2022 segons assenyala el PP\" \/>\n<meta property=\"og:url\" content=\"https:\/\/www.copealcoy.es\/es\/denuncien-que-estan-per-executar-els-projectes-que-la-generalitat-va-pressupostar-en-alcoi-per-a-2023\/\" \/>\n<meta property=\"og:site_name\" content=\"COPE Alcoy\" \/>\n<meta property=\"article:published_time\" content=\"2022-11-24T11:28:16+00:00\" \/>\n<meta property=\"article:modified_time\" content=\"2022-11-24T13:45:18+00:00\" \/>\n<meta property=\"og:image\" content=\"https:\/\/www.copealcoy.es\/wp-content\/uploads\/2022\/11\/Carlos-Pastor-y-Nando-Pastor-2.jpeg\" \/>\n\t<meta property=\"og:image:width\" content=\"1440\" \/>\n\t<meta property=\"og:image:height\" content=\"1080\" \/>\n\t<meta property=\"og:image:type\" content=\"image\/jpeg\" \/>\n<meta name=\"author\" content=\"Cope Alcoy\" \/>\n<meta name=\"twitter:label1\" content=\"Escrito por\" \/>\n\t<meta name=\"twitter:data1\" content=\"Cope Alcoy\" \/>\n\t<meta name=\"twitter:label2\" content=\"Tiempo de lectura\" \/>\n\t<meta name=\"twitter:data2\" content=\"2 minutos\" \/>\n<script type=\"application\/ld+json\" class=\"yoast-schema-graph\">{\"@context\":\"https:\\\/\\\/schema.org\",\"@graph\":[{\"@type\":\"Article\",\"@id\":\"https:\\\/\\\/www.copealcoy.es\\\/es\\\/denuncien-que-estan-per-executar-els-projectes-que-la-generalitat-va-pressupostar-en-alcoi-per-a-2023\\\/#article\",\"isPartOf\":{\"@id\":\"https:\\\/\\\/www.copealcoy.es\\\/es\\\/denuncien-que-estan-per-executar-els-projectes-que-la-generalitat-va-pressupostar-en-alcoi-per-a-2023\\\/\"},\"author\":{\"name\":\"Cope Alcoy\",\"@id\":\"https:\\\/\\\/www.copealcoy.es\\\/es\\\/#\\\/schema\\\/person\\\/e777c87fa024e57d40170af9df39882c\"},\"headline\":\"Denuncien que estan per executar els projectes que la Generalitat va pressupostar en Alcoi per a 2023\",\"datePublished\":\"2022-11-24T11:28:16+00:00\",\"dateModified\":\"2022-11-24T13:45:18+00:00\",\"mainEntityOfPage\":{\"@id\":\"https:\\\/\\\/www.copealcoy.es\\\/es\\\/denuncien-que-estan-per-executar-els-projectes-que-la-generalitat-va-pressupostar-en-alcoi-per-a-2023\\\/\"},\"wordCount\":424,\"commentCount\":0,\"image\":{\"@id\":\"https:\\\/\\\/www.copealcoy.es\\\/es\\\/denuncien-que-estan-per-executar-els-projectes-que-la-generalitat-va-pressupostar-en-alcoi-per-a-2023\\\/#primaryimage\"},\"thumbnailUrl\":\"https:\\\/\\\/www.copealcoy.es\\\/wp-content\\\/uploads\\\/2022\\\/11\\\/Carlos-Pastor-y-Nando-Pastor-2.jpeg\",\"keywords\":[\"Alcoi\",\"Carlos Pastor\",\"Denuncia\",\"Generalitat Valenciana\",\"PP\",\"Pressupostos\",\"projectes\",\"Teatre Principal\"],\"articleSection\":[\"Actualidad\",\"Alcoy\",\"Noticias\",\"Pol\u00edtica y Econom\u00eda\"],\"inLanguage\":\"es\"},{\"@type\":\"WebPage\",\"@id\":\"https:\\\/\\\/www.copealcoy.es\\\/es\\\/denuncien-que-estan-per-executar-els-projectes-que-la-generalitat-va-pressupostar-en-alcoi-per-a-2023\\\/\",\"url\":\"https:\\\/\\\/www.copealcoy.es\\\/es\\\/denuncien-que-estan-per-executar-els-projectes-que-la-generalitat-va-pressupostar-en-alcoi-per-a-2023\\\/\",\"name\":\"Denuncien que estan per executar els projectes que la Generalitat va pressupostar en Alcoi per a 2023 - COPE Alcoy\",\"isPartOf\":{\"@id\":\"https:\\\/\\\/www.copealcoy.es\\\/es\\\/#website\"},\"primaryImageOfPage\":{\"@id\":\"https:\\\/\\\/www.copealcoy.es\\\/es\\\/denuncien-que-estan-per-executar-els-projectes-que-la-generalitat-va-pressupostar-en-alcoi-per-a-2023\\\/#primaryimage\"},\"image\":{\"@id\":\"https:\\\/\\\/www.copealcoy.es\\\/es\\\/denuncien-que-estan-per-executar-els-projectes-que-la-generalitat-va-pressupostar-en-alcoi-per-a-2023\\\/#primaryimage\"},\"thumbnailUrl\":\"https:\\\/\\\/www.copealcoy.es\\\/wp-content\\\/uploads\\\/2022\\\/11\\\/Carlos-Pastor-y-Nando-Pastor-2.jpeg\",\"datePublished\":\"2022-11-24T11:28:16+00:00\",\"dateModified\":\"2022-11-24T13:45:18+00:00\",\"author\":{\"@id\":\"https:\\\/\\\/www.copealcoy.es\\\/es\\\/#\\\/schema\\\/person\\\/e777c87fa024e57d40170af9df39882c\"},\"description\":\"La Generalitat Valenciana no ha executat cap dels nou projectes per a Alcoi inclosos en els pressupostos de 2022 segons assenyala el PP\",\"breadcrumb\":{\"@id\":\"https:\\\/\\\/www.copealcoy.es\\\/es\\\/denuncien-que-estan-per-executar-els-projectes-que-la-generalitat-va-pressupostar-en-alcoi-per-a-2023\\\/#breadcrumb\"},\"inLanguage\":\"es\",\"potentialAction\":[{\"@type\":\"ReadAction\",\"target\":[\"https:\\\/\\\/www.copealcoy.es\\\/es\\\/denuncien-que-estan-per-executar-els-projectes-que-la-generalitat-va-pressupostar-en-alcoi-per-a-2023\\\/\"]}]},{\"@type\":\"ImageObject\",\"inLanguage\":\"es\",\"@id\":\"https:\\\/\\\/www.copealcoy.es\\\/es\\\/denuncien-que-estan-per-executar-els-projectes-que-la-generalitat-va-pressupostar-en-alcoi-per-a-2023\\\/#primaryimage\",\"url\":\"https:\\\/\\\/www.copealcoy.es\\\/wp-content\\\/uploads\\\/2022\\\/11\\\/Carlos-Pastor-y-Nando-Pastor-2.jpeg\",\"contentUrl\":\"https:\\\/\\\/www.copealcoy.es\\\/wp-content\\\/uploads\\\/2022\\\/11\\\/Carlos-Pastor-y-Nando-Pastor-2.jpeg\",\"width\":1440,\"height\":1080},{\"@type\":\"BreadcrumbList\",\"@id\":\"https:\\\/\\\/www.copealcoy.es\\\/es\\\/denuncien-que-estan-per-executar-els-projectes-que-la-generalitat-va-pressupostar-en-alcoi-per-a-2023\\\/#breadcrumb\",\"itemListElement\":[{\"@type\":\"ListItem\",\"position\":1,\"name\":\"Portada\",\"item\":\"https:\\\/\\\/www.copealcoy.es\\\/es\\\/\"},{\"@type\":\"ListItem\",\"position\":2,\"name\":\"Denuncien que estan per executar els projectes que la Generalitat va pressupostar en Alcoi per a 2023\"}]},{\"@type\":\"WebSite\",\"@id\":\"https:\\\/\\\/www.copealcoy.es\\\/es\\\/#website\",\"url\":\"https:\\\/\\\/www.copealcoy.es\\\/es\\\/\",\"name\":\"COPE Alcoy\",\"description\":\"Emisora COPE de radio local con emisi\u00f3n online. Pont de Sant Jordi 8-10 03803 Alcoy\",\"potentialAction\":[{\"@type\":\"SearchAction\",\"target\":{\"@type\":\"EntryPoint\",\"urlTemplate\":\"https:\\\/\\\/www.copealcoy.es\\\/es\\\/?s={search_term_string}\"},\"query-input\":{\"@type\":\"PropertyValueSpecification\",\"valueRequired\":true,\"valueName\":\"search_term_string\"}}],\"inLanguage\":\"es\"},{\"@type\":\"Person\",\"@id\":\"https:\\\/\\\/www.copealcoy.es\\\/es\\\/#\\\/schema\\\/person\\\/e777c87fa024e57d40170af9df39882c\",\"name\":\"Cope Alcoy\",\"image\":{\"@type\":\"ImageObject\",\"inLanguage\":\"es\",\"@id\":\"https:\\\/\\\/secure.gravatar.com\\\/avatar\\\/bb65d0283347e303893ba14f0692005417c1e0e690a325a4c5d8bb2b3943ee14?s=96&d=mm&r=g\",\"url\":\"https:\\\/\\\/secure.gravatar.com\\\/avatar\\\/bb65d0283347e303893ba14f0692005417c1e0e690a325a4c5d8bb2b3943ee14?s=96&d=mm&r=g\",\"contentUrl\":\"https:\\\/\\\/secure.gravatar.com\\\/avatar\\\/bb65d0283347e303893ba14f0692005417c1e0e690a325a4c5d8bb2b3943ee14?s=96&d=mm&r=g\",\"caption\":\"Cope Alcoy\"}}]}<\/script>\n<!-- \/ Yoast SEO plugin. -->","yoast_head_json":{"title":"Denuncien que estan per executar els projectes que la Generalitat va pressupostar en Alcoi per a 2023 - COPE Alcoy","description":"La Generalitat Valenciana no ha executat cap dels nou projectes per a Alcoi inclosos en els pressupostos de 2022 segons assenyala el PP","robots":{"index":"index","follow":"follow","max-snippet":"max-snippet:-1","max-image-preview":"max-image-preview:large","max-video-preview":"max-video-preview:-1"},"canonical":"https:\/\/www.copealcoy.es\/es\/denuncien-que-estan-per-executar-els-projectes-que-la-generalitat-va-pressupostar-en-alcoi-per-a-2023\/","og_locale":"es_ES","og_type":"article","og_title":"Denuncien que estan per executar els projectes que la Generalitat va pressupostar en Alcoi per a 2023 - COPE Alcoy","og_description":"La Generalitat Valenciana no ha executat cap dels nou projectes per a Alcoi inclosos en els pressupostos de 2022 segons assenyala el PP","og_url":"https:\/\/www.copealcoy.es\/es\/denuncien-que-estan-per-executar-els-projectes-que-la-generalitat-va-pressupostar-en-alcoi-per-a-2023\/","og_site_name":"COPE Alcoy","article_published_time":"2022-11-24T11:28:16+00:00","article_modified_time":"2022-11-24T13:45:18+00:00","og_image":[{"width":1440,"height":1080,"url":"https:\/\/www.copealcoy.es\/wp-content\/uploads\/2022\/11\/Carlos-Pastor-y-Nando-Pastor-2.jpeg","type":"image\/jpeg"}],"author":"Cope Alcoy","twitter_misc":{"Escrito por":"Cope Alcoy","Tiempo de lectura":"2 minutos"},"schema":{"@context":"https:\/\/schema.org","@graph":[{"@type":"Article","@id":"https:\/\/www.copealcoy.es\/es\/denuncien-que-estan-per-executar-els-projectes-que-la-generalitat-va-pressupostar-en-alcoi-per-a-2023\/#article","isPartOf":{"@id":"https:\/\/www.copealcoy.es\/es\/denuncien-que-estan-per-executar-els-projectes-que-la-generalitat-va-pressupostar-en-alcoi-per-a-2023\/"},"author":{"name":"Cope Alcoy","@id":"https:\/\/www.copealcoy.es\/es\/#\/schema\/person\/e777c87fa024e57d40170af9df39882c"},"headline":"Denuncien que estan per executar els projectes que la Generalitat va pressupostar en Alcoi per a 2023","datePublished":"2022-11-24T11:28:16+00:00","dateModified":"2022-11-24T13:45:18+00:00","mainEntityOfPage":{"@id":"https:\/\/www.copealcoy.es\/es\/denuncien-que-estan-per-executar-els-projectes-que-la-generalitat-va-pressupostar-en-alcoi-per-a-2023\/"},"wordCount":424,"commentCount":0,"image":{"@id":"https:\/\/www.copealcoy.es\/es\/denuncien-que-estan-per-executar-els-projectes-que-la-generalitat-va-pressupostar-en-alcoi-per-a-2023\/#primaryimage"},"thumbnailUrl":"https:\/\/www.copealcoy.es\/wp-content\/uploads\/2022\/11\/Carlos-Pastor-y-Nando-Pastor-2.jpeg","keywords":["Alcoi","Carlos Pastor","Denuncia","Generalitat Valenciana","PP","Pressupostos","projectes","Teatre Principal"],"articleSection":["Actualidad","Alcoy","Noticias","Pol\u00edtica y Econom\u00eda"],"inLanguage":"es"},{"@type":"WebPage","@id":"https:\/\/www.copealcoy.es\/es\/denuncien-que-estan-per-executar-els-projectes-que-la-generalitat-va-pressupostar-en-alcoi-per-a-2023\/","url":"https:\/\/www.copealcoy.es\/es\/denuncien-que-estan-per-executar-els-projectes-que-la-generalitat-va-pressupostar-en-alcoi-per-a-2023\/","name":"Denuncien que estan per executar els projectes que la Generalitat va pressupostar en Alcoi per a 2023 - COPE Alcoy","isPartOf":{"@id":"https:\/\/www.copealcoy.es\/es\/#website"},"primaryImageOfPage":{"@id":"https:\/\/www.copealcoy.es\/es\/denuncien-que-estan-per-executar-els-projectes-que-la-generalitat-va-pressupostar-en-alcoi-per-a-2023\/#primaryimage"},"image":{"@id":"https:\/\/www.copealcoy.es\/es\/denuncien-que-estan-per-executar-els-projectes-que-la-generalitat-va-pressupostar-en-alcoi-per-a-2023\/#primaryimage"},"thumbnailUrl":"https:\/\/www.copealcoy.es\/wp-content\/uploads\/2022\/11\/Carlos-Pastor-y-Nando-Pastor-2.jpeg","datePublished":"2022-11-24T11:28:16+00:00","dateModified":"2022-11-24T13:45:18+00:00","author":{"@id":"https:\/\/www.copealcoy.es\/es\/#\/schema\/person\/e777c87fa024e57d40170af9df39882c"},"description":"La Generalitat Valenciana no ha executat cap dels nou projectes per a Alcoi inclosos en els pressupostos de 2022 segons assenyala el PP","breadcrumb":{"@id":"https:\/\/www.copealcoy.es\/es\/denuncien-que-estan-per-executar-els-projectes-que-la-generalitat-va-pressupostar-en-alcoi-per-a-2023\/#breadcrumb"},"inLanguage":"es","potentialAction":[{"@type":"ReadAction","target":["https:\/\/www.copealcoy.es\/es\/denuncien-que-estan-per-executar-els-projectes-que-la-generalitat-va-pressupostar-en-alcoi-per-a-2023\/"]}]},{"@type":"ImageObject","inLanguage":"es","@id":"https:\/\/www.copealcoy.es\/es\/denuncien-que-estan-per-executar-els-projectes-que-la-generalitat-va-pressupostar-en-alcoi-per-a-2023\/#primaryimage","url":"https:\/\/www.copealcoy.es\/wp-content\/uploads\/2022\/11\/Carlos-Pastor-y-Nando-Pastor-2.jpeg","contentUrl":"https:\/\/www.copealcoy.es\/wp-content\/uploads\/2022\/11\/Carlos-Pastor-y-Nando-Pastor-2.jpeg","width":1440,"height":1080},{"@type":"BreadcrumbList","@id":"https:\/\/www.copealcoy.es\/es\/denuncien-que-estan-per-executar-els-projectes-que-la-generalitat-va-pressupostar-en-alcoi-per-a-2023\/#breadcrumb","itemListElement":[{"@type":"ListItem","position":1,"name":"Portada","item":"https:\/\/www.copealcoy.es\/es\/"},{"@type":"ListItem","position":2,"name":"Denuncien que estan per executar els projectes que la Generalitat va pressupostar en Alcoi per a 2023"}]},{"@type":"WebSite","@id":"https:\/\/www.copealcoy.es\/es\/#website","url":"https:\/\/www.copealcoy.es\/es\/","name":"COPE Alcoy","description":"Emisora COPE de radio local con emisi\u00f3n online. Pont de Sant Jordi 8-10 03803 Alcoy","potentialAction":[{"@type":"SearchAction","target":{"@type":"EntryPoint","urlTemplate":"https:\/\/www.copealcoy.es\/es\/?s={search_term_string}"},"query-input":{"@type":"PropertyValueSpecification","valueRequired":true,"valueName":"search_term_string"}}],"inLanguage":"es"},{"@type":"Person","@id":"https:\/\/www.copealcoy.es\/es\/#\/schema\/person\/e777c87fa024e57d40170af9df39882c","name":"Cope Alcoy","image":{"@type":"ImageObject","inLanguage":"es","@id":"https:\/\/secure.gravatar.com\/avatar\/bb65d0283347e303893ba14f0692005417c1e0e690a325a4c5d8bb2b3943ee14?s=96&d=mm&r=g","url":"https:\/\/secure.gravatar.com\/avatar\/bb65d0283347e303893ba14f0692005417c1e0e690a325a4c5d8bb2b3943ee14?s=96&d=mm&r=g","contentUrl":"https:\/\/secure.gravatar.com\/avatar\/bb65d0283347e303893ba14f0692005417c1e0e690a325a4c5d8bb2b3943ee14?s=96&d=mm&r=g","caption":"Cope Alcoy"}}]}},"_links":{"self":[{"href":"https:\/\/www.copealcoy.es\/es\/wp-json\/wp\/v2\/posts\/94556","targetHints":{"allow":["GET"]}}],"collection":[{"href":"https:\/\/www.copealcoy.es\/es\/wp-json\/wp\/v2\/posts"}],"about":[{"href":"https:\/\/www.copealcoy.es\/es\/wp-json\/wp\/v2\/types\/post"}],"author":[{"embeddable":true,"href":"https:\/\/www.copealcoy.es\/es\/wp-json\/wp\/v2\/users\/1"}],"replies":[{"embeddable":true,"href":"https:\/\/www.copealcoy.es\/es\/wp-json\/wp\/v2\/comments?post=94556"}],"version-history":[{"count":0,"href":"https:\/\/www.copealcoy.es\/es\/wp-json\/wp\/v2\/posts\/94556\/revisions"}],"wp:featuredmedia":[{"embeddable":true,"href":"https:\/\/www.copealcoy.es\/es\/wp-json\/wp\/v2\/media\/94557"}],"wp:attachment":[{"href":"https:\/\/www.copealcoy.es\/es\/wp-json\/wp\/v2\/media?parent=94556"}],"wp:term":[{"taxonomy":"category","embeddable":true,"href":"https:\/\/www.copealcoy.es\/es\/wp-json\/wp\/v2\/categories?post=94556"},{"taxonomy":"post_tag","embeddable":true,"href":"https:\/\/www.copealcoy.es\/es\/wp-json\/wp\/v2\/tags?post=94556"}],"curies":[{"name":"wp","href":"https:\/\/api.w.org\/{rel}","templated":true}]}}