{"id":94555,"date":"2022-11-24T13:31:40","date_gmt":"2022-11-24T12:31:40","guid":{"rendered":"https:\/\/www.copealcoy.es\/?p=94555"},"modified":"2022-11-24T16:04:56","modified_gmt":"2022-11-24T15:04:56","slug":"augmenten-els-casos-per-violencia-de-genere-a-alcoi-i-comarca-aquest-2022","status":"publish","type":"post","link":"https:\/\/www.copealcoy.es\/es\/augmenten-els-casos-per-violencia-de-genere-a-alcoi-i-comarca-aquest-2022\/","title":{"rendered":"Augmenten els casos per viol\u00e8ncia de g\u00e8nere a Alcoi i comarca aquest 2022"},"content":{"rendered":"<p style=\"text-align: justify;\">Les xifres augmenten cada any. L&#8217;<span style=\"color: #0000ff;\"><a style=\"color: #0000ff;\" href=\"https:\/\/oficinavictimas.gva.es\/es\/oficina-oavd\/-\/asset_publisher\/TSR215AnQOiJ\/content\/oavd-alcoy\" target=\"_blank\" rel=\"noopener\"><strong>Oficina d&#8217;Atenci\u00f3 a la V\u00edctima del Delicte d&#8217;Alcoi (OAVD ALCOI)<\/strong><\/a> <\/span>ha at\u00e9s, en el que va de 2022, a <strong>252 dones v\u00edctimes de viol\u00e8ncia de g\u00e8nere<\/strong> en tota la comarca. S\u00f3n 62 m\u00e9s que en 2021, any que va tancar amb 190 dones assistides.<\/p>\n<p style=\"text-align: justify;\">En aquests moments, a Alcoi, hi ha <strong>106 casos actius<\/strong>, dels quals 95 compten amb ordre de protecci\u00f3 a la v\u00edctima. Aix\u00ed ho confirma <strong>M\u00f3nica Corb\u00ed<\/strong>, lletrada de l&#8217;OAVD. I, en els quatre anys que porta l&#8217;oficina activa, s&#8217;ha at\u00e9s 1.567 v\u00edctimes.<\/p>\n<p style=\"text-align: justify;\">El <strong>25 de novembre<\/strong> se celebra el <strong>Dia Internacional de l&#8217;Eliminaci\u00f3 de la Viol\u00e8ncia contra les Dones<\/strong>. Les xifres demostren la necessitat de conscienciar a la ciutadania sobre aquesta problem\u00e0tica que, en els casos m\u00e9s extrems, acaba en feminicidi.<\/p>\n<p style=\"text-align: justify;\">Des d&#8217;<span style=\"color: #000080;\"><a style=\"color: #000080;\" href=\"https:\/\/acovifa.com\/\" target=\"_blank\" rel=\"noopener\"><strong><span style=\"color: #0000ff;\">Acovifa<\/span><\/strong><\/a><\/span>, l&#8217;Associaci\u00f3 Contra la Viol\u00e8ncia de G\u00e8nere i Familiar a Alcoi i Comarques, expliquen que, en el que va d&#8217;any, ja s&#8217;ha superat el nombre de persones assistides en 2021. S&#8217;est\u00e0 atenent <strong>95 dones<\/strong> v\u00edctimes de viol\u00e8ncia de g\u00e8nere, una xifra que l&#8217;any anterior va ser de 89.<\/p>\n<p style=\"text-align: justify;\"><strong>Estela Torres<\/strong>, promotora d&#8217;Igualtat en Acovifa, explicava a <strong>Cope Alcoi<\/strong> que no existeix un \u00fanic perfil de dona atesa. \u201cNo hi ha un perfil de dona maltractada. Va des d&#8217;adolescents de 16 anys fins a dones de 85. Qualsevol de nosaltres pot ser v\u00edctima. No es basa en un perfil, sin\u00f3 en uns estereotips i rols de g\u00e8nere que van perpetuant-se i amb els quals, al final, socialitzem\u201d, explica Torres.<\/p>\n<p style=\"text-align: justify;\">La labor de l&#8217;associaci\u00f3 \u00e9s donar suport i recursos a les dones v\u00edctimes, per exemple, a l&#8217;hora de denunciar. \u201cEstem obertes a atendre a totes les dones. Volem que s\u00e0pien que tenen el nostre suport. Volem orientar-les, assessorar-les, donar-los unes pautes. \u00c9s molt important que s\u00e0pien que existeix aquest recurs i que poden comptar amb nosaltres\u201d, afig la responsable d&#8217;Acovifa.<\/p>\n<p style=\"text-align: justify;\"><span style=\"color: #0000ff;\"><strong>Commemoraci\u00f3 25N<\/strong><\/span><\/p>\n<p style=\"text-align: justify;\">Per a commemorar aquest dia, l&#8217;Ajuntament d&#8217;Alcoi ha preparat una <span style=\"color: #000080;\"><a style=\"color: #000080;\" href=\"https:\/\/www.alcoi.org\/es\/portal\/noticias\/noticia_0268.html\" target=\"_blank\" rel=\"noopener\">programaci\u00f3<\/a><\/span> que, enguany, es desenvolupa sota el lema \u201c<strong>Si eduquem en igualtat\u2026<\/strong>\u201d. Les activitats arrancaven el passat 28 d&#8217;octubre i culminaran aquest divendres 25 de novembre.<\/p>\n<p style=\"text-align: justify;\">A les <strong>12 del migdia<\/strong> es realitzar\u00e0 l&#8217;homenatge a les v\u00edctimes assassinades per la viol\u00e8ncia de g\u00e8nere en 2022, amb la col\u00b7laboraci\u00f3 de l&#8217;<strong>Associaci\u00f3 de Persones Sordes d&#8217;Alcoi<\/strong> i la participaci\u00f3 dels centres educatius. L&#8217;acte l&#8217;organitzen ACOVIFA i la <strong>Unitat d&#8217;Igualtat de l&#8217;Ajuntament d&#8217;Alcoi<\/strong>. La lectura del manifest ha sigut encarregada a M\u00f3nica Corb\u00ed.<\/p>\n<p style=\"text-align: justify;\"><strong>Aranza de Gracia<\/strong>, regidora d&#8217;Igualtat, destacava en Cope Alcoi la necessitat de commemorar aquest dia. \u201c\u00c9s un dia en qu\u00e8 hem de reivindicar i visibilitzar tota aquesta viol\u00e8ncia que est\u00e0 ocorrent i que no hem de tolerar. Estem per a treballar, educar i poder conscienciar a la gent\u201d.<\/p>\n","protected":false},"excerpt":{"rendered":"<p>Les xifres augmenten cada any. L&#8217;Oficina d&#8217;Atenci\u00f3 a la V\u00edctima del Delicte d&#8217;Alcoi (OAVD ALCOI) ha at\u00e9s, en el que&#8230;<\/p>\n","protected":false},"author":1,"featured_media":68030,"comment_status":"open","ping_status":"open","sticky":false,"template":"","format":"standard","meta":{"footnotes":""},"categories":[6909,97,75,125],"tags":[9459,3316,13513,13512],"class_list":["post-94555","post","type-post","status-publish","format-standard","has-post-thumbnail","hentry","category-actualidad","category-alcoy","category-noticias","category-portada","tag-25n","tag-acovifa","tag-dia-internacional-de-leliminacio-de-la-violencia-contra-les-dones","tag-igualtat"],"yoast_head":"<!-- This site is optimized with the Yoast SEO plugin v27.3 - https:\/\/yoast.com\/product\/yoast-seo-wordpress\/ -->\n<title>Augmenten els casos per viol\u00e8ncia de g\u00e8nere a Alcoi i comarca aquest 2022 - COPE Alcoy<\/title>\n<meta name=\"description\" content=\"Les xifres augmenten cada any. L&#039;Oficina d&#039;Atenci\u00f3 a la V\u00edctima del Delicte d&#039;Alcoi (OAVD ALCOI) ha at\u00e9s, en el que va de 2022, a 252 dones v\u00edctimes de viol\u00e8ncia de g\u00e8nere en tota la comarca. S\u00f3n 62 m\u00e9s que en 2021, any que va tancar amb 190 dones assistides.En aquests moments, a Alcoi, hi ha 106 casos actius, dels quals 95 compten amb ordre de protecci\u00f3 a la v\u00edctima. Aix\u00ed ho confirma M\u00f3nica Corb\u00ed, lletrada de l&#039;OAVD. I, en els quatre anys que porta l&#039;oficina activa, s&#039;ha at\u00e9s 1.567 v\u00edctimes.\" \/>\n<meta name=\"robots\" content=\"index, follow, max-snippet:-1, max-image-preview:large, max-video-preview:-1\" \/>\n<link rel=\"canonical\" href=\"https:\/\/www.copealcoy.es\/es\/augmenten-els-casos-per-violencia-de-genere-a-alcoi-i-comarca-aquest-2022\/\" \/>\n<meta property=\"og:locale\" content=\"es_ES\" \/>\n<meta property=\"og:type\" content=\"article\" \/>\n<meta property=\"og:title\" content=\"Augmenten els casos per viol\u00e8ncia de g\u00e8nere a Alcoi i comarca aquest 2022 - COPE Alcoy\" \/>\n<meta property=\"og:description\" content=\"Les xifres augmenten cada any. L&#039;Oficina d&#039;Atenci\u00f3 a la V\u00edctima del Delicte d&#039;Alcoi (OAVD ALCOI) ha at\u00e9s, en el que va de 2022, a 252 dones v\u00edctimes de viol\u00e8ncia de g\u00e8nere en tota la comarca. S\u00f3n 62 m\u00e9s que en 2021, any que va tancar amb 190 dones assistides.En aquests moments, a Alcoi, hi ha 106 casos actius, dels quals 95 compten amb ordre de protecci\u00f3 a la v\u00edctima. Aix\u00ed ho confirma M\u00f3nica Corb\u00ed, lletrada de l&#039;OAVD. I, en els quatre anys que porta l&#039;oficina activa, s&#039;ha at\u00e9s 1.567 v\u00edctimes.\" \/>\n<meta property=\"og:url\" content=\"https:\/\/www.copealcoy.es\/es\/augmenten-els-casos-per-violencia-de-genere-a-alcoi-i-comarca-aquest-2022\/\" \/>\n<meta property=\"og:site_name\" content=\"COPE Alcoy\" \/>\n<meta property=\"article:published_time\" content=\"2022-11-24T12:31:40+00:00\" \/>\n<meta property=\"article:modified_time\" content=\"2022-11-24T15:04:56+00:00\" \/>\n<meta property=\"og:image\" content=\"https:\/\/www.copealcoy.es\/wp-content\/uploads\/2020\/11\/127155816_10218560237663648_3290579040238343418_n.jpg\" \/>\n\t<meta property=\"og:image:width\" content=\"960\" \/>\n\t<meta property=\"og:image:height\" content=\"466\" \/>\n\t<meta property=\"og:image:type\" content=\"image\/jpeg\" \/>\n<meta name=\"author\" content=\"Cope Alcoy\" \/>\n<meta name=\"twitter:label1\" content=\"Escrito por\" \/>\n\t<meta name=\"twitter:data1\" content=\"Cope Alcoy\" \/>\n\t<meta name=\"twitter:label2\" content=\"Tiempo de lectura\" \/>\n\t<meta name=\"twitter:data2\" content=\"3 minutos\" \/>\n<script type=\"application\/ld+json\" class=\"yoast-schema-graph\">{\"@context\":\"https:\\\/\\\/schema.org\",\"@graph\":[{\"@type\":\"Article\",\"@id\":\"https:\\\/\\\/www.copealcoy.es\\\/es\\\/augmenten-els-casos-per-violencia-de-genere-a-alcoi-i-comarca-aquest-2022\\\/#article\",\"isPartOf\":{\"@id\":\"https:\\\/\\\/www.copealcoy.es\\\/es\\\/augmenten-els-casos-per-violencia-de-genere-a-alcoi-i-comarca-aquest-2022\\\/\"},\"author\":{\"name\":\"Cope Alcoy\",\"@id\":\"https:\\\/\\\/www.copealcoy.es\\\/es\\\/#\\\/schema\\\/person\\\/e777c87fa024e57d40170af9df39882c\"},\"headline\":\"Augmenten els casos per viol\u00e8ncia de g\u00e8nere a Alcoi i comarca aquest 2022\",\"datePublished\":\"2022-11-24T12:31:40+00:00\",\"dateModified\":\"2022-11-24T15:04:56+00:00\",\"mainEntityOfPage\":{\"@id\":\"https:\\\/\\\/www.copealcoy.es\\\/es\\\/augmenten-els-casos-per-violencia-de-genere-a-alcoi-i-comarca-aquest-2022\\\/\"},\"wordCount\":505,\"commentCount\":0,\"image\":{\"@id\":\"https:\\\/\\\/www.copealcoy.es\\\/es\\\/augmenten-els-casos-per-violencia-de-genere-a-alcoi-i-comarca-aquest-2022\\\/#primaryimage\"},\"thumbnailUrl\":\"https:\\\/\\\/www.copealcoy.es\\\/wp-content\\\/uploads\\\/2020\\\/11\\\/127155816_10218560237663648_3290579040238343418_n.jpg\",\"keywords\":[\"25N\",\"ACOVIFA\",\"Dia Internacional de l'Eliminaci\u00f3 de la Viol\u00e8ncia contra les Dones\",\"Igualtat\"],\"articleSection\":[\"Actualidad\",\"Alcoy\",\"Noticias\",\"Portada\"],\"inLanguage\":\"es\"},{\"@type\":\"WebPage\",\"@id\":\"https:\\\/\\\/www.copealcoy.es\\\/es\\\/augmenten-els-casos-per-violencia-de-genere-a-alcoi-i-comarca-aquest-2022\\\/\",\"url\":\"https:\\\/\\\/www.copealcoy.es\\\/es\\\/augmenten-els-casos-per-violencia-de-genere-a-alcoi-i-comarca-aquest-2022\\\/\",\"name\":\"Augmenten els casos per viol\u00e8ncia de g\u00e8nere a Alcoi i comarca aquest 2022 - COPE Alcoy\",\"isPartOf\":{\"@id\":\"https:\\\/\\\/www.copealcoy.es\\\/es\\\/#website\"},\"primaryImageOfPage\":{\"@id\":\"https:\\\/\\\/www.copealcoy.es\\\/es\\\/augmenten-els-casos-per-violencia-de-genere-a-alcoi-i-comarca-aquest-2022\\\/#primaryimage\"},\"image\":{\"@id\":\"https:\\\/\\\/www.copealcoy.es\\\/es\\\/augmenten-els-casos-per-violencia-de-genere-a-alcoi-i-comarca-aquest-2022\\\/#primaryimage\"},\"thumbnailUrl\":\"https:\\\/\\\/www.copealcoy.es\\\/wp-content\\\/uploads\\\/2020\\\/11\\\/127155816_10218560237663648_3290579040238343418_n.jpg\",\"datePublished\":\"2022-11-24T12:31:40+00:00\",\"dateModified\":\"2022-11-24T15:04:56+00:00\",\"author\":{\"@id\":\"https:\\\/\\\/www.copealcoy.es\\\/es\\\/#\\\/schema\\\/person\\\/e777c87fa024e57d40170af9df39882c\"},\"description\":\"Les xifres augmenten cada any. L'Oficina d'Atenci\u00f3 a la V\u00edctima del Delicte d'Alcoi (OAVD ALCOI) ha at\u00e9s, en el que va de 2022, a 252 dones v\u00edctimes de viol\u00e8ncia de g\u00e8nere en tota la comarca. S\u00f3n 62 m\u00e9s que en 2021, any que va tancar amb 190 dones assistides.En aquests moments, a Alcoi, hi ha 106 casos actius, dels quals 95 compten amb ordre de protecci\u00f3 a la v\u00edctima. Aix\u00ed ho confirma M\u00f3nica Corb\u00ed, lletrada de l'OAVD. I, en els quatre anys que porta l'oficina activa, s'ha at\u00e9s 1.567 v\u00edctimes.\",\"breadcrumb\":{\"@id\":\"https:\\\/\\\/www.copealcoy.es\\\/es\\\/augmenten-els-casos-per-violencia-de-genere-a-alcoi-i-comarca-aquest-2022\\\/#breadcrumb\"},\"inLanguage\":\"es\",\"potentialAction\":[{\"@type\":\"ReadAction\",\"target\":[\"https:\\\/\\\/www.copealcoy.es\\\/es\\\/augmenten-els-casos-per-violencia-de-genere-a-alcoi-i-comarca-aquest-2022\\\/\"]}]},{\"@type\":\"ImageObject\",\"inLanguage\":\"es\",\"@id\":\"https:\\\/\\\/www.copealcoy.es\\\/es\\\/augmenten-els-casos-per-violencia-de-genere-a-alcoi-i-comarca-aquest-2022\\\/#primaryimage\",\"url\":\"https:\\\/\\\/www.copealcoy.es\\\/wp-content\\\/uploads\\\/2020\\\/11\\\/127155816_10218560237663648_3290579040238343418_n.jpg\",\"contentUrl\":\"https:\\\/\\\/www.copealcoy.es\\\/wp-content\\\/uploads\\\/2020\\\/11\\\/127155816_10218560237663648_3290579040238343418_n.jpg\",\"width\":960,\"height\":466},{\"@type\":\"BreadcrumbList\",\"@id\":\"https:\\\/\\\/www.copealcoy.es\\\/es\\\/augmenten-els-casos-per-violencia-de-genere-a-alcoi-i-comarca-aquest-2022\\\/#breadcrumb\",\"itemListElement\":[{\"@type\":\"ListItem\",\"position\":1,\"name\":\"Portada\",\"item\":\"https:\\\/\\\/www.copealcoy.es\\\/es\\\/\"},{\"@type\":\"ListItem\",\"position\":2,\"name\":\"Augmenten els casos per viol\u00e8ncia de g\u00e8nere a Alcoi i comarca aquest 2022\"}]},{\"@type\":\"WebSite\",\"@id\":\"https:\\\/\\\/www.copealcoy.es\\\/es\\\/#website\",\"url\":\"https:\\\/\\\/www.copealcoy.es\\\/es\\\/\",\"name\":\"COPE Alcoy\",\"description\":\"Emisora COPE de radio local con emisi\u00f3n online. Pont de Sant Jordi 8-10 03803 Alcoy\",\"potentialAction\":[{\"@type\":\"SearchAction\",\"target\":{\"@type\":\"EntryPoint\",\"urlTemplate\":\"https:\\\/\\\/www.copealcoy.es\\\/es\\\/?s={search_term_string}\"},\"query-input\":{\"@type\":\"PropertyValueSpecification\",\"valueRequired\":true,\"valueName\":\"search_term_string\"}}],\"inLanguage\":\"es\"},{\"@type\":\"Person\",\"@id\":\"https:\\\/\\\/www.copealcoy.es\\\/es\\\/#\\\/schema\\\/person\\\/e777c87fa024e57d40170af9df39882c\",\"name\":\"Cope Alcoy\",\"image\":{\"@type\":\"ImageObject\",\"inLanguage\":\"es\",\"@id\":\"https:\\\/\\\/secure.gravatar.com\\\/avatar\\\/bb65d0283347e303893ba14f0692005417c1e0e690a325a4c5d8bb2b3943ee14?s=96&d=mm&r=g\",\"url\":\"https:\\\/\\\/secure.gravatar.com\\\/avatar\\\/bb65d0283347e303893ba14f0692005417c1e0e690a325a4c5d8bb2b3943ee14?s=96&d=mm&r=g\",\"contentUrl\":\"https:\\\/\\\/secure.gravatar.com\\\/avatar\\\/bb65d0283347e303893ba14f0692005417c1e0e690a325a4c5d8bb2b3943ee14?s=96&d=mm&r=g\",\"caption\":\"Cope Alcoy\"}}]}<\/script>\n<!-- \/ Yoast SEO plugin. -->","yoast_head_json":{"title":"Augmenten els casos per viol\u00e8ncia de g\u00e8nere a Alcoi i comarca aquest 2022 - COPE Alcoy","description":"Les xifres augmenten cada any. L'Oficina d'Atenci\u00f3 a la V\u00edctima del Delicte d'Alcoi (OAVD ALCOI) ha at\u00e9s, en el que va de 2022, a 252 dones v\u00edctimes de viol\u00e8ncia de g\u00e8nere en tota la comarca. S\u00f3n 62 m\u00e9s que en 2021, any que va tancar amb 190 dones assistides.En aquests moments, a Alcoi, hi ha 106 casos actius, dels quals 95 compten amb ordre de protecci\u00f3 a la v\u00edctima. Aix\u00ed ho confirma M\u00f3nica Corb\u00ed, lletrada de l'OAVD. I, en els quatre anys que porta l'oficina activa, s'ha at\u00e9s 1.567 v\u00edctimes.","robots":{"index":"index","follow":"follow","max-snippet":"max-snippet:-1","max-image-preview":"max-image-preview:large","max-video-preview":"max-video-preview:-1"},"canonical":"https:\/\/www.copealcoy.es\/es\/augmenten-els-casos-per-violencia-de-genere-a-alcoi-i-comarca-aquest-2022\/","og_locale":"es_ES","og_type":"article","og_title":"Augmenten els casos per viol\u00e8ncia de g\u00e8nere a Alcoi i comarca aquest 2022 - COPE Alcoy","og_description":"Les xifres augmenten cada any. L'Oficina d'Atenci\u00f3 a la V\u00edctima del Delicte d'Alcoi (OAVD ALCOI) ha at\u00e9s, en el que va de 2022, a 252 dones v\u00edctimes de viol\u00e8ncia de g\u00e8nere en tota la comarca. S\u00f3n 62 m\u00e9s que en 2021, any que va tancar amb 190 dones assistides.En aquests moments, a Alcoi, hi ha 106 casos actius, dels quals 95 compten amb ordre de protecci\u00f3 a la v\u00edctima. Aix\u00ed ho confirma M\u00f3nica Corb\u00ed, lletrada de l'OAVD. I, en els quatre anys que porta l'oficina activa, s'ha at\u00e9s 1.567 v\u00edctimes.","og_url":"https:\/\/www.copealcoy.es\/es\/augmenten-els-casos-per-violencia-de-genere-a-alcoi-i-comarca-aquest-2022\/","og_site_name":"COPE Alcoy","article_published_time":"2022-11-24T12:31:40+00:00","article_modified_time":"2022-11-24T15:04:56+00:00","og_image":[{"width":960,"height":466,"url":"https:\/\/www.copealcoy.es\/wp-content\/uploads\/2020\/11\/127155816_10218560237663648_3290579040238343418_n.jpg","type":"image\/jpeg"}],"author":"Cope Alcoy","twitter_misc":{"Escrito por":"Cope Alcoy","Tiempo de lectura":"3 minutos"},"schema":{"@context":"https:\/\/schema.org","@graph":[{"@type":"Article","@id":"https:\/\/www.copealcoy.es\/es\/augmenten-els-casos-per-violencia-de-genere-a-alcoi-i-comarca-aquest-2022\/#article","isPartOf":{"@id":"https:\/\/www.copealcoy.es\/es\/augmenten-els-casos-per-violencia-de-genere-a-alcoi-i-comarca-aquest-2022\/"},"author":{"name":"Cope Alcoy","@id":"https:\/\/www.copealcoy.es\/es\/#\/schema\/person\/e777c87fa024e57d40170af9df39882c"},"headline":"Augmenten els casos per viol\u00e8ncia de g\u00e8nere a Alcoi i comarca aquest 2022","datePublished":"2022-11-24T12:31:40+00:00","dateModified":"2022-11-24T15:04:56+00:00","mainEntityOfPage":{"@id":"https:\/\/www.copealcoy.es\/es\/augmenten-els-casos-per-violencia-de-genere-a-alcoi-i-comarca-aquest-2022\/"},"wordCount":505,"commentCount":0,"image":{"@id":"https:\/\/www.copealcoy.es\/es\/augmenten-els-casos-per-violencia-de-genere-a-alcoi-i-comarca-aquest-2022\/#primaryimage"},"thumbnailUrl":"https:\/\/www.copealcoy.es\/wp-content\/uploads\/2020\/11\/127155816_10218560237663648_3290579040238343418_n.jpg","keywords":["25N","ACOVIFA","Dia Internacional de l'Eliminaci\u00f3 de la Viol\u00e8ncia contra les Dones","Igualtat"],"articleSection":["Actualidad","Alcoy","Noticias","Portada"],"inLanguage":"es"},{"@type":"WebPage","@id":"https:\/\/www.copealcoy.es\/es\/augmenten-els-casos-per-violencia-de-genere-a-alcoi-i-comarca-aquest-2022\/","url":"https:\/\/www.copealcoy.es\/es\/augmenten-els-casos-per-violencia-de-genere-a-alcoi-i-comarca-aquest-2022\/","name":"Augmenten els casos per viol\u00e8ncia de g\u00e8nere a Alcoi i comarca aquest 2022 - COPE Alcoy","isPartOf":{"@id":"https:\/\/www.copealcoy.es\/es\/#website"},"primaryImageOfPage":{"@id":"https:\/\/www.copealcoy.es\/es\/augmenten-els-casos-per-violencia-de-genere-a-alcoi-i-comarca-aquest-2022\/#primaryimage"},"image":{"@id":"https:\/\/www.copealcoy.es\/es\/augmenten-els-casos-per-violencia-de-genere-a-alcoi-i-comarca-aquest-2022\/#primaryimage"},"thumbnailUrl":"https:\/\/www.copealcoy.es\/wp-content\/uploads\/2020\/11\/127155816_10218560237663648_3290579040238343418_n.jpg","datePublished":"2022-11-24T12:31:40+00:00","dateModified":"2022-11-24T15:04:56+00:00","author":{"@id":"https:\/\/www.copealcoy.es\/es\/#\/schema\/person\/e777c87fa024e57d40170af9df39882c"},"description":"Les xifres augmenten cada any. L'Oficina d'Atenci\u00f3 a la V\u00edctima del Delicte d'Alcoi (OAVD ALCOI) ha at\u00e9s, en el que va de 2022, a 252 dones v\u00edctimes de viol\u00e8ncia de g\u00e8nere en tota la comarca. S\u00f3n 62 m\u00e9s que en 2021, any que va tancar amb 190 dones assistides.En aquests moments, a Alcoi, hi ha 106 casos actius, dels quals 95 compten amb ordre de protecci\u00f3 a la v\u00edctima. Aix\u00ed ho confirma M\u00f3nica Corb\u00ed, lletrada de l'OAVD. I, en els quatre anys que porta l'oficina activa, s'ha at\u00e9s 1.567 v\u00edctimes.","breadcrumb":{"@id":"https:\/\/www.copealcoy.es\/es\/augmenten-els-casos-per-violencia-de-genere-a-alcoi-i-comarca-aquest-2022\/#breadcrumb"},"inLanguage":"es","potentialAction":[{"@type":"ReadAction","target":["https:\/\/www.copealcoy.es\/es\/augmenten-els-casos-per-violencia-de-genere-a-alcoi-i-comarca-aquest-2022\/"]}]},{"@type":"ImageObject","inLanguage":"es","@id":"https:\/\/www.copealcoy.es\/es\/augmenten-els-casos-per-violencia-de-genere-a-alcoi-i-comarca-aquest-2022\/#primaryimage","url":"https:\/\/www.copealcoy.es\/wp-content\/uploads\/2020\/11\/127155816_10218560237663648_3290579040238343418_n.jpg","contentUrl":"https:\/\/www.copealcoy.es\/wp-content\/uploads\/2020\/11\/127155816_10218560237663648_3290579040238343418_n.jpg","width":960,"height":466},{"@type":"BreadcrumbList","@id":"https:\/\/www.copealcoy.es\/es\/augmenten-els-casos-per-violencia-de-genere-a-alcoi-i-comarca-aquest-2022\/#breadcrumb","itemListElement":[{"@type":"ListItem","position":1,"name":"Portada","item":"https:\/\/www.copealcoy.es\/es\/"},{"@type":"ListItem","position":2,"name":"Augmenten els casos per viol\u00e8ncia de g\u00e8nere a Alcoi i comarca aquest 2022"}]},{"@type":"WebSite","@id":"https:\/\/www.copealcoy.es\/es\/#website","url":"https:\/\/www.copealcoy.es\/es\/","name":"COPE Alcoy","description":"Emisora COPE de radio local con emisi\u00f3n online. Pont de Sant Jordi 8-10 03803 Alcoy","potentialAction":[{"@type":"SearchAction","target":{"@type":"EntryPoint","urlTemplate":"https:\/\/www.copealcoy.es\/es\/?s={search_term_string}"},"query-input":{"@type":"PropertyValueSpecification","valueRequired":true,"valueName":"search_term_string"}}],"inLanguage":"es"},{"@type":"Person","@id":"https:\/\/www.copealcoy.es\/es\/#\/schema\/person\/e777c87fa024e57d40170af9df39882c","name":"Cope Alcoy","image":{"@type":"ImageObject","inLanguage":"es","@id":"https:\/\/secure.gravatar.com\/avatar\/bb65d0283347e303893ba14f0692005417c1e0e690a325a4c5d8bb2b3943ee14?s=96&d=mm&r=g","url":"https:\/\/secure.gravatar.com\/avatar\/bb65d0283347e303893ba14f0692005417c1e0e690a325a4c5d8bb2b3943ee14?s=96&d=mm&r=g","contentUrl":"https:\/\/secure.gravatar.com\/avatar\/bb65d0283347e303893ba14f0692005417c1e0e690a325a4c5d8bb2b3943ee14?s=96&d=mm&r=g","caption":"Cope Alcoy"}}]}},"_links":{"self":[{"href":"https:\/\/www.copealcoy.es\/es\/wp-json\/wp\/v2\/posts\/94555","targetHints":{"allow":["GET"]}}],"collection":[{"href":"https:\/\/www.copealcoy.es\/es\/wp-json\/wp\/v2\/posts"}],"about":[{"href":"https:\/\/www.copealcoy.es\/es\/wp-json\/wp\/v2\/types\/post"}],"author":[{"embeddable":true,"href":"https:\/\/www.copealcoy.es\/es\/wp-json\/wp\/v2\/users\/1"}],"replies":[{"embeddable":true,"href":"https:\/\/www.copealcoy.es\/es\/wp-json\/wp\/v2\/comments?post=94555"}],"version-history":[{"count":0,"href":"https:\/\/www.copealcoy.es\/es\/wp-json\/wp\/v2\/posts\/94555\/revisions"}],"wp:featuredmedia":[{"embeddable":true,"href":"https:\/\/www.copealcoy.es\/es\/wp-json\/wp\/v2\/media\/68030"}],"wp:attachment":[{"href":"https:\/\/www.copealcoy.es\/es\/wp-json\/wp\/v2\/media?parent=94555"}],"wp:term":[{"taxonomy":"category","embeddable":true,"href":"https:\/\/www.copealcoy.es\/es\/wp-json\/wp\/v2\/categories?post=94555"},{"taxonomy":"post_tag","embeddable":true,"href":"https:\/\/www.copealcoy.es\/es\/wp-json\/wp\/v2\/tags?post=94555"}],"curies":[{"name":"wp","href":"https:\/\/api.w.org\/{rel}","templated":true}]}}