{"id":94548,"date":"2022-11-24T08:30:25","date_gmt":"2022-11-24T07:30:25","guid":{"rendered":"https:\/\/www.copealcoy.es\/?p=94548"},"modified":"2022-11-24T13:21:26","modified_gmt":"2022-11-24T12:21:26","slug":"estudiants-de-diferents-ambits-mostren-interes-per-la-fira-de-cocentaina","status":"publish","type":"post","link":"https:\/\/www.copealcoy.es\/es\/estudiants-de-diferents-ambits-mostren-interes-per-la-fira-de-cocentaina\/","title":{"rendered":"Estudiants de diferents \u00e0mbits mostren inter\u00e9s per la Fira de Cocentaina"},"content":{"rendered":"<p style=\"text-align: justify;\">La <a href=\"https:\/\/www.firadecocentaina.org\/es\/\"><span style=\"color: #0000ff;\"><strong>Fira de Tots Sants de Cocentaina<\/strong><\/span><\/a> \u00e9s objecte d&#8217;estudi <strong>per a diferents formacions acad\u00e8miques<\/strong>. Per l&#8217;\u00faltima edici\u00f3 del certamen van passar <strong>estudiants de Comunicaci\u00f3 Audiovisual i de Periodisme de la Universitat Miguel Hern\u00e1ndez d&#8217;Elx<\/strong> o <strong>alumnes del Grau Universitari del M\u00e0ster d&#8217;Organitzaci\u00f3 d&#8217;Esdeveniments, Protocol i Relacions Institucionals<\/strong> que imparteix IMEP a Alacant. Tamb\u00e9 van acudir del <strong>Cicle de Producci\u00f3 Audiovisual, Espectacles i Esdeveniments<\/strong> de l&#8217;IES Luis Garc\u00eda Berlanga de Sant Joan.<\/p>\n<p style=\"text-align: justify;\">Els <strong>primers<\/strong> van viure l\u2019acte de la inauguraci\u00f3 oficial i tot el que suposa a nivell d\u2019organitzaci\u00f3, protocol i comunicaci\u00f3. Una intensa jornada, en la qual van tindre l\u2019oportunitat d\u2019entrevistar el president de la Generalitat Valenciana, Ximo Puig, que va inaugurar la Fira i a l\u2019encarregat aquest any de llegir el tradicional text del Privilegi, l\u2019empresari Rafael Pascual, amb el qual dona inici el certamen. Els alumnes van tornar a visitar la Fira el dia de la Festivitat de Tots els Sants per a con\u00e8ixer l\u2019experi\u00e8ncia de les principals autoritats locals en l\u2019organitzaci\u00f3 de la Fira i descobrir les claus del seu \u00e8xit, com ha anat evolucionant la seua imatge i format i com funciona la seua promoci\u00f3 i difusi\u00f3. Aix\u00ed mateix, es van acostar a diversos expositors per a saber qu\u00e8 suposa aquest marc firal per a les empreses que participen.<\/p>\n<p style=\"text-align: justify;\">Ja els <strong>segons<\/strong> van poder estudiar en profunditat tot el treball d\u2019organitzaci\u00f3, protocol i comunicaci\u00f3 que comporta el certamen. L\u2019estand de premsa de la Fira es va convertir per un mat\u00ed en una improvisada aula en la qual els estudiants van ser atesos per l\u2019alcaldessa de la localitat, Mireia Estepa; la regidora de Fira, Eugenia Miguel; la responsable de Comunicaci\u00f3 de Fira, Mar\u00eda Molt\u00f3 i Jaume Bernab\u00e9u, responsable de contingut audiovisual i xarxes socials de Visualcrea. Durant la seua estada els van detallar el funcionament, organitzaci\u00f3 i caracter\u00edstiques d\u2019un esdeveniment que enguany va arribar a convocar a m\u00e9s de 500.000 visitants.<\/p>\n<p style=\"text-align: justify;\">Finalment <strong>els tercers<\/strong>, van mostrar molt d\u2019inter\u00e8s per tots els detalls m\u00e9s t\u00e8cnics i administratius que hi ha darrere de l\u2019organitzaci\u00f3 de la Fira, com el muntatge de les estructures, la gesti\u00f3 dels permisos d\u2019exposici\u00f3, les mesures de seguretat i d\u2019accessibilitat, el comptatge de visitants, temps, pressupostos, canals de promoci\u00f3, les principals dificultats o reptes que suposa &#8220;el fet que cada any la Fira desperte l\u2019inter\u00e8s d\u2019alumnes i professors provinents de diferents disciplines acad\u00e8miques \u00e9s indicatiu que tenim un esdeveniment digne de ser estudiat. Els anys de traject\u00f2ria de la nostra Fira ha consolidat una estructura organitzativa i un equip de professionals per al seu muntatge i desenvolupament sense els quals no seria possible posar en marxa tota la maquin\u00e0ria que representa un certamen d\u2019aquesta magnitud&#8221;. manifestava al respecte l&#8217;alcaldessa de la Vila Comtal; Mireia Estepa.<\/p>\n<p style=\"text-align: justify;\">Tots els alumnes <strong>es van mostrar molt interessats durant la seua visita<\/strong> i van participar de manera activa <strong>en les xerrades i activitats organitzades<\/strong> generant treballs audiovisuals, reportatges i entrevistes sobre la Fira de Tots Sants.<\/p>\n","protected":false},"excerpt":{"rendered":"<p>La Fira de Tots Sants de Cocentaina \u00e9s objecte d&#8217;estudi per a diferents formacions acad\u00e8miques. Per l&#8217;\u00faltima edici\u00f3 del certamen&#8230;<\/p>\n","protected":false},"author":1,"featured_media":94549,"comment_status":"open","ping_status":"open","sticky":false,"template":"","format":"standard","meta":{"footnotes":""},"categories":[6909,98,75],"tags":[132,11713,635,1154],"class_list":["post-94548","post","type-post","status-publish","format-standard","has-post-thumbnail","hentry","category-actualidad","category-comarcas","category-noticias","tag-cocentaina","tag-estudiants","tag-fira-de-tots-sants","tag-visita"],"yoast_head":"<!-- This site is optimized with the Yoast SEO plugin v27.3 - https:\/\/yoast.com\/product\/yoast-seo-wordpress\/ -->\n<title>Estudiants de diferents \u00e0mbits mostren inter\u00e9s per la Fira de Cocentaina - COPE Alcoy<\/title>\n<meta name=\"description\" content=\"Estudiants de diferents \u00e0mbits han passat enguany per la 676 edici\u00f3 de la Fira de Cocentaina per tal de con\u00e9ixer la seua organitzaci\u00f3\" \/>\n<meta name=\"robots\" content=\"index, follow, max-snippet:-1, max-image-preview:large, max-video-preview:-1\" \/>\n<link rel=\"canonical\" href=\"https:\/\/www.copealcoy.es\/es\/estudiants-de-diferents-ambits-mostren-interes-per-la-fira-de-cocentaina\/\" \/>\n<meta property=\"og:locale\" content=\"es_ES\" \/>\n<meta property=\"og:type\" content=\"article\" \/>\n<meta property=\"og:title\" content=\"Estudiants de diferents \u00e0mbits mostren inter\u00e9s per la Fira de Cocentaina - COPE Alcoy\" \/>\n<meta property=\"og:description\" content=\"Estudiants de diferents \u00e0mbits han passat enguany per la 676 edici\u00f3 de la Fira de Cocentaina per tal de con\u00e9ixer la seua organitzaci\u00f3\" \/>\n<meta property=\"og:url\" content=\"https:\/\/www.copealcoy.es\/es\/estudiants-de-diferents-ambits-mostren-interes-per-la-fira-de-cocentaina\/\" \/>\n<meta property=\"og:site_name\" content=\"COPE Alcoy\" \/>\n<meta property=\"article:published_time\" content=\"2022-11-24T07:30:25+00:00\" \/>\n<meta property=\"article:modified_time\" content=\"2022-11-24T12:21:26+00:00\" \/>\n<meta property=\"og:image\" content=\"https:\/\/www.copealcoy.es\/wp-content\/uploads\/2022\/11\/IMEP-5.jpg\" \/>\n\t<meta property=\"og:image:width\" content=\"1440\" \/>\n\t<meta property=\"og:image:height\" content=\"1080\" \/>\n\t<meta property=\"og:image:type\" content=\"image\/jpeg\" \/>\n<meta name=\"author\" content=\"Cope Alcoy\" \/>\n<meta name=\"twitter:label1\" content=\"Escrito por\" \/>\n\t<meta name=\"twitter:data1\" content=\"Cope Alcoy\" \/>\n\t<meta name=\"twitter:label2\" content=\"Tiempo de lectura\" \/>\n\t<meta name=\"twitter:data2\" content=\"3 minutos\" \/>\n<script type=\"application\/ld+json\" class=\"yoast-schema-graph\">{\"@context\":\"https:\\\/\\\/schema.org\",\"@graph\":[{\"@type\":\"Article\",\"@id\":\"https:\\\/\\\/www.copealcoy.es\\\/es\\\/estudiants-de-diferents-ambits-mostren-interes-per-la-fira-de-cocentaina\\\/#article\",\"isPartOf\":{\"@id\":\"https:\\\/\\\/www.copealcoy.es\\\/es\\\/estudiants-de-diferents-ambits-mostren-interes-per-la-fira-de-cocentaina\\\/\"},\"author\":{\"name\":\"Cope Alcoy\",\"@id\":\"https:\\\/\\\/www.copealcoy.es\\\/es\\\/#\\\/schema\\\/person\\\/e777c87fa024e57d40170af9df39882c\"},\"headline\":\"Estudiants de diferents \u00e0mbits mostren inter\u00e9s per la Fira de Cocentaina\",\"datePublished\":\"2022-11-24T07:30:25+00:00\",\"dateModified\":\"2022-11-24T12:21:26+00:00\",\"mainEntityOfPage\":{\"@id\":\"https:\\\/\\\/www.copealcoy.es\\\/es\\\/estudiants-de-diferents-ambits-mostren-interes-per-la-fira-de-cocentaina\\\/\"},\"wordCount\":541,\"commentCount\":0,\"image\":{\"@id\":\"https:\\\/\\\/www.copealcoy.es\\\/es\\\/estudiants-de-diferents-ambits-mostren-interes-per-la-fira-de-cocentaina\\\/#primaryimage\"},\"thumbnailUrl\":\"https:\\\/\\\/www.copealcoy.es\\\/wp-content\\\/uploads\\\/2022\\\/11\\\/IMEP-5.jpg\",\"keywords\":[\"Cocentaina\",\"estudiants\",\"Fira de Tots Sants\",\"Visita\"],\"articleSection\":[\"Actualidad\",\"Comarcas\",\"Noticias\"],\"inLanguage\":\"es\"},{\"@type\":\"WebPage\",\"@id\":\"https:\\\/\\\/www.copealcoy.es\\\/es\\\/estudiants-de-diferents-ambits-mostren-interes-per-la-fira-de-cocentaina\\\/\",\"url\":\"https:\\\/\\\/www.copealcoy.es\\\/es\\\/estudiants-de-diferents-ambits-mostren-interes-per-la-fira-de-cocentaina\\\/\",\"name\":\"Estudiants de diferents \u00e0mbits mostren inter\u00e9s per la Fira de Cocentaina - COPE Alcoy\",\"isPartOf\":{\"@id\":\"https:\\\/\\\/www.copealcoy.es\\\/es\\\/#website\"},\"primaryImageOfPage\":{\"@id\":\"https:\\\/\\\/www.copealcoy.es\\\/es\\\/estudiants-de-diferents-ambits-mostren-interes-per-la-fira-de-cocentaina\\\/#primaryimage\"},\"image\":{\"@id\":\"https:\\\/\\\/www.copealcoy.es\\\/es\\\/estudiants-de-diferents-ambits-mostren-interes-per-la-fira-de-cocentaina\\\/#primaryimage\"},\"thumbnailUrl\":\"https:\\\/\\\/www.copealcoy.es\\\/wp-content\\\/uploads\\\/2022\\\/11\\\/IMEP-5.jpg\",\"datePublished\":\"2022-11-24T07:30:25+00:00\",\"dateModified\":\"2022-11-24T12:21:26+00:00\",\"author\":{\"@id\":\"https:\\\/\\\/www.copealcoy.es\\\/es\\\/#\\\/schema\\\/person\\\/e777c87fa024e57d40170af9df39882c\"},\"description\":\"Estudiants de diferents \u00e0mbits han passat enguany per la 676 edici\u00f3 de la Fira de Cocentaina per tal de con\u00e9ixer la seua organitzaci\u00f3\",\"breadcrumb\":{\"@id\":\"https:\\\/\\\/www.copealcoy.es\\\/es\\\/estudiants-de-diferents-ambits-mostren-interes-per-la-fira-de-cocentaina\\\/#breadcrumb\"},\"inLanguage\":\"es\",\"potentialAction\":[{\"@type\":\"ReadAction\",\"target\":[\"https:\\\/\\\/www.copealcoy.es\\\/es\\\/estudiants-de-diferents-ambits-mostren-interes-per-la-fira-de-cocentaina\\\/\"]}]},{\"@type\":\"ImageObject\",\"inLanguage\":\"es\",\"@id\":\"https:\\\/\\\/www.copealcoy.es\\\/es\\\/estudiants-de-diferents-ambits-mostren-interes-per-la-fira-de-cocentaina\\\/#primaryimage\",\"url\":\"https:\\\/\\\/www.copealcoy.es\\\/wp-content\\\/uploads\\\/2022\\\/11\\\/IMEP-5.jpg\",\"contentUrl\":\"https:\\\/\\\/www.copealcoy.es\\\/wp-content\\\/uploads\\\/2022\\\/11\\\/IMEP-5.jpg\",\"width\":1440,\"height\":1080},{\"@type\":\"BreadcrumbList\",\"@id\":\"https:\\\/\\\/www.copealcoy.es\\\/es\\\/estudiants-de-diferents-ambits-mostren-interes-per-la-fira-de-cocentaina\\\/#breadcrumb\",\"itemListElement\":[{\"@type\":\"ListItem\",\"position\":1,\"name\":\"Portada\",\"item\":\"https:\\\/\\\/www.copealcoy.es\\\/es\\\/\"},{\"@type\":\"ListItem\",\"position\":2,\"name\":\"Estudiants de diferents \u00e0mbits mostren inter\u00e9s per la Fira de Cocentaina\"}]},{\"@type\":\"WebSite\",\"@id\":\"https:\\\/\\\/www.copealcoy.es\\\/es\\\/#website\",\"url\":\"https:\\\/\\\/www.copealcoy.es\\\/es\\\/\",\"name\":\"COPE Alcoy\",\"description\":\"Emisora COPE de radio local con emisi\u00f3n online. Pont de Sant Jordi 8-10 03803 Alcoy\",\"potentialAction\":[{\"@type\":\"SearchAction\",\"target\":{\"@type\":\"EntryPoint\",\"urlTemplate\":\"https:\\\/\\\/www.copealcoy.es\\\/es\\\/?s={search_term_string}\"},\"query-input\":{\"@type\":\"PropertyValueSpecification\",\"valueRequired\":true,\"valueName\":\"search_term_string\"}}],\"inLanguage\":\"es\"},{\"@type\":\"Person\",\"@id\":\"https:\\\/\\\/www.copealcoy.es\\\/es\\\/#\\\/schema\\\/person\\\/e777c87fa024e57d40170af9df39882c\",\"name\":\"Cope Alcoy\",\"image\":{\"@type\":\"ImageObject\",\"inLanguage\":\"es\",\"@id\":\"https:\\\/\\\/secure.gravatar.com\\\/avatar\\\/bb65d0283347e303893ba14f0692005417c1e0e690a325a4c5d8bb2b3943ee14?s=96&d=mm&r=g\",\"url\":\"https:\\\/\\\/secure.gravatar.com\\\/avatar\\\/bb65d0283347e303893ba14f0692005417c1e0e690a325a4c5d8bb2b3943ee14?s=96&d=mm&r=g\",\"contentUrl\":\"https:\\\/\\\/secure.gravatar.com\\\/avatar\\\/bb65d0283347e303893ba14f0692005417c1e0e690a325a4c5d8bb2b3943ee14?s=96&d=mm&r=g\",\"caption\":\"Cope Alcoy\"}}]}<\/script>\n<!-- \/ Yoast SEO plugin. -->","yoast_head_json":{"title":"Estudiants de diferents \u00e0mbits mostren inter\u00e9s per la Fira de Cocentaina - COPE Alcoy","description":"Estudiants de diferents \u00e0mbits han passat enguany per la 676 edici\u00f3 de la Fira de Cocentaina per tal de con\u00e9ixer la seua organitzaci\u00f3","robots":{"index":"index","follow":"follow","max-snippet":"max-snippet:-1","max-image-preview":"max-image-preview:large","max-video-preview":"max-video-preview:-1"},"canonical":"https:\/\/www.copealcoy.es\/es\/estudiants-de-diferents-ambits-mostren-interes-per-la-fira-de-cocentaina\/","og_locale":"es_ES","og_type":"article","og_title":"Estudiants de diferents \u00e0mbits mostren inter\u00e9s per la Fira de Cocentaina - COPE Alcoy","og_description":"Estudiants de diferents \u00e0mbits han passat enguany per la 676 edici\u00f3 de la Fira de Cocentaina per tal de con\u00e9ixer la seua organitzaci\u00f3","og_url":"https:\/\/www.copealcoy.es\/es\/estudiants-de-diferents-ambits-mostren-interes-per-la-fira-de-cocentaina\/","og_site_name":"COPE Alcoy","article_published_time":"2022-11-24T07:30:25+00:00","article_modified_time":"2022-11-24T12:21:26+00:00","og_image":[{"width":1440,"height":1080,"url":"https:\/\/www.copealcoy.es\/wp-content\/uploads\/2022\/11\/IMEP-5.jpg","type":"image\/jpeg"}],"author":"Cope Alcoy","twitter_misc":{"Escrito por":"Cope Alcoy","Tiempo de lectura":"3 minutos"},"schema":{"@context":"https:\/\/schema.org","@graph":[{"@type":"Article","@id":"https:\/\/www.copealcoy.es\/es\/estudiants-de-diferents-ambits-mostren-interes-per-la-fira-de-cocentaina\/#article","isPartOf":{"@id":"https:\/\/www.copealcoy.es\/es\/estudiants-de-diferents-ambits-mostren-interes-per-la-fira-de-cocentaina\/"},"author":{"name":"Cope Alcoy","@id":"https:\/\/www.copealcoy.es\/es\/#\/schema\/person\/e777c87fa024e57d40170af9df39882c"},"headline":"Estudiants de diferents \u00e0mbits mostren inter\u00e9s per la Fira de Cocentaina","datePublished":"2022-11-24T07:30:25+00:00","dateModified":"2022-11-24T12:21:26+00:00","mainEntityOfPage":{"@id":"https:\/\/www.copealcoy.es\/es\/estudiants-de-diferents-ambits-mostren-interes-per-la-fira-de-cocentaina\/"},"wordCount":541,"commentCount":0,"image":{"@id":"https:\/\/www.copealcoy.es\/es\/estudiants-de-diferents-ambits-mostren-interes-per-la-fira-de-cocentaina\/#primaryimage"},"thumbnailUrl":"https:\/\/www.copealcoy.es\/wp-content\/uploads\/2022\/11\/IMEP-5.jpg","keywords":["Cocentaina","estudiants","Fira de Tots Sants","Visita"],"articleSection":["Actualidad","Comarcas","Noticias"],"inLanguage":"es"},{"@type":"WebPage","@id":"https:\/\/www.copealcoy.es\/es\/estudiants-de-diferents-ambits-mostren-interes-per-la-fira-de-cocentaina\/","url":"https:\/\/www.copealcoy.es\/es\/estudiants-de-diferents-ambits-mostren-interes-per-la-fira-de-cocentaina\/","name":"Estudiants de diferents \u00e0mbits mostren inter\u00e9s per la Fira de Cocentaina - COPE Alcoy","isPartOf":{"@id":"https:\/\/www.copealcoy.es\/es\/#website"},"primaryImageOfPage":{"@id":"https:\/\/www.copealcoy.es\/es\/estudiants-de-diferents-ambits-mostren-interes-per-la-fira-de-cocentaina\/#primaryimage"},"image":{"@id":"https:\/\/www.copealcoy.es\/es\/estudiants-de-diferents-ambits-mostren-interes-per-la-fira-de-cocentaina\/#primaryimage"},"thumbnailUrl":"https:\/\/www.copealcoy.es\/wp-content\/uploads\/2022\/11\/IMEP-5.jpg","datePublished":"2022-11-24T07:30:25+00:00","dateModified":"2022-11-24T12:21:26+00:00","author":{"@id":"https:\/\/www.copealcoy.es\/es\/#\/schema\/person\/e777c87fa024e57d40170af9df39882c"},"description":"Estudiants de diferents \u00e0mbits han passat enguany per la 676 edici\u00f3 de la Fira de Cocentaina per tal de con\u00e9ixer la seua organitzaci\u00f3","breadcrumb":{"@id":"https:\/\/www.copealcoy.es\/es\/estudiants-de-diferents-ambits-mostren-interes-per-la-fira-de-cocentaina\/#breadcrumb"},"inLanguage":"es","potentialAction":[{"@type":"ReadAction","target":["https:\/\/www.copealcoy.es\/es\/estudiants-de-diferents-ambits-mostren-interes-per-la-fira-de-cocentaina\/"]}]},{"@type":"ImageObject","inLanguage":"es","@id":"https:\/\/www.copealcoy.es\/es\/estudiants-de-diferents-ambits-mostren-interes-per-la-fira-de-cocentaina\/#primaryimage","url":"https:\/\/www.copealcoy.es\/wp-content\/uploads\/2022\/11\/IMEP-5.jpg","contentUrl":"https:\/\/www.copealcoy.es\/wp-content\/uploads\/2022\/11\/IMEP-5.jpg","width":1440,"height":1080},{"@type":"BreadcrumbList","@id":"https:\/\/www.copealcoy.es\/es\/estudiants-de-diferents-ambits-mostren-interes-per-la-fira-de-cocentaina\/#breadcrumb","itemListElement":[{"@type":"ListItem","position":1,"name":"Portada","item":"https:\/\/www.copealcoy.es\/es\/"},{"@type":"ListItem","position":2,"name":"Estudiants de diferents \u00e0mbits mostren inter\u00e9s per la Fira de Cocentaina"}]},{"@type":"WebSite","@id":"https:\/\/www.copealcoy.es\/es\/#website","url":"https:\/\/www.copealcoy.es\/es\/","name":"COPE Alcoy","description":"Emisora COPE de radio local con emisi\u00f3n online. Pont de Sant Jordi 8-10 03803 Alcoy","potentialAction":[{"@type":"SearchAction","target":{"@type":"EntryPoint","urlTemplate":"https:\/\/www.copealcoy.es\/es\/?s={search_term_string}"},"query-input":{"@type":"PropertyValueSpecification","valueRequired":true,"valueName":"search_term_string"}}],"inLanguage":"es"},{"@type":"Person","@id":"https:\/\/www.copealcoy.es\/es\/#\/schema\/person\/e777c87fa024e57d40170af9df39882c","name":"Cope Alcoy","image":{"@type":"ImageObject","inLanguage":"es","@id":"https:\/\/secure.gravatar.com\/avatar\/bb65d0283347e303893ba14f0692005417c1e0e690a325a4c5d8bb2b3943ee14?s=96&d=mm&r=g","url":"https:\/\/secure.gravatar.com\/avatar\/bb65d0283347e303893ba14f0692005417c1e0e690a325a4c5d8bb2b3943ee14?s=96&d=mm&r=g","contentUrl":"https:\/\/secure.gravatar.com\/avatar\/bb65d0283347e303893ba14f0692005417c1e0e690a325a4c5d8bb2b3943ee14?s=96&d=mm&r=g","caption":"Cope Alcoy"}}]}},"_links":{"self":[{"href":"https:\/\/www.copealcoy.es\/es\/wp-json\/wp\/v2\/posts\/94548","targetHints":{"allow":["GET"]}}],"collection":[{"href":"https:\/\/www.copealcoy.es\/es\/wp-json\/wp\/v2\/posts"}],"about":[{"href":"https:\/\/www.copealcoy.es\/es\/wp-json\/wp\/v2\/types\/post"}],"author":[{"embeddable":true,"href":"https:\/\/www.copealcoy.es\/es\/wp-json\/wp\/v2\/users\/1"}],"replies":[{"embeddable":true,"href":"https:\/\/www.copealcoy.es\/es\/wp-json\/wp\/v2\/comments?post=94548"}],"version-history":[{"count":0,"href":"https:\/\/www.copealcoy.es\/es\/wp-json\/wp\/v2\/posts\/94548\/revisions"}],"wp:featuredmedia":[{"embeddable":true,"href":"https:\/\/www.copealcoy.es\/es\/wp-json\/wp\/v2\/media\/94549"}],"wp:attachment":[{"href":"https:\/\/www.copealcoy.es\/es\/wp-json\/wp\/v2\/media?parent=94548"}],"wp:term":[{"taxonomy":"category","embeddable":true,"href":"https:\/\/www.copealcoy.es\/es\/wp-json\/wp\/v2\/categories?post=94548"},{"taxonomy":"post_tag","embeddable":true,"href":"https:\/\/www.copealcoy.es\/es\/wp-json\/wp\/v2\/tags?post=94548"}],"curies":[{"name":"wp","href":"https:\/\/api.w.org\/{rel}","templated":true}]}}