{"id":94503,"date":"2022-11-23T10:00:46","date_gmt":"2022-11-23T09:00:46","guid":{"rendered":"https:\/\/www.copealcoy.es\/?p=94503"},"modified":"2022-11-23T12:24:32","modified_gmt":"2022-11-23T11:24:32","slug":"experts-adverteixen-dun-pic-de-grip-abans-de-nadal","status":"publish","type":"post","link":"https:\/\/www.copealcoy.es\/es\/experts-adverteixen-dun-pic-de-grip-abans-de-nadal\/","title":{"rendered":"Experts adverteixen d&#8217;un pic de grip abans de Nadal"},"content":{"rendered":"<p style=\"text-align: justify;\">Els pneum\u00f2legs certifiquen que <strong>ja s&#8217;est\u00e0 registrant un augment de casos de malalties respirat\u00f2ries no habitual en aquesta \u00e8poca de l&#8217;any en <a href=\"https:\/\/www.san.gva.es\/\"><span style=\"color: #0000ff;\">la Comunitat Valenciana<\/span><\/a><\/strong>, at\u00e9s que encara no ha arribat el fred, i auguren que <strong>el pic de la corba de contagis s&#8217;avan\u00e7ar\u00e0 a abans de Nadal<\/strong> &#8211;amb la irrupci\u00f3 de la grip despr\u00e9s de dos anys sense tot just casos per la pand\u00e8mia&#8211; i <strong>es repetir\u00e0 passades les festes<\/strong> quan per les condicions clim\u00e1tologiques que tenim l&#8217;habitual \u00e9s que es done al gener i febrer.<\/p>\n<p style=\"text-align: justify;\">Sobre aquest tema, la presidenta de la Societat Valenciana de Pneumologia (SVN), <strong>Marta Palop<\/strong>, ha explicat, en declaracions a Europa Press recollides per COPE VAL\u00c8NCIA, que &#8220;<em>haver baixat la gu\u00e0rdia<\/em>&#8221; en les mesures de prevenci\u00f3 <strong>est\u00e0 provocant un augment la bronquiolitis<\/strong>, i covid a les quals <strong>ja se suma un avan\u00e7ament de la temporada de grip<\/strong>, com ja ha succe\u00eft a Austr\u00e0lia, que serveix d&#8217;exemple per a veure com es comportar\u00e0 el virus en l&#8217;hemisferi nord.<\/p>\n<p style=\"text-align: justify;\">L&#8217;especialista explica que l&#8217;any passat <strong>no va haver-hi a penes grip<\/strong> per\u00f2, amb l&#8217;eliminaci\u00f3 la m\u00e0scara, aquest virus repuntar\u00e0 i hi ha persones, com els xiquets xicotets, que mai han entrat en contacte amb ell. De fet, <strong>ja s&#8217;estan registrant casos<\/strong>, sobretot de grip A i en adolescents.<\/p>\n<p style=\"text-align: justify;\">A aix\u00f2 cal sumar que &#8220;<em>el virus de la grip registra una major mutaci\u00f3 de manera c\u00edclica, cada quatre o cinc anys, i sembla que ser\u00e0 aquesta temporada i cal esperar a veure com actua la vacuna davant els nous ceps. En qualsevol cas, ha recalcat que davant la grip nom\u00e9s cap una recepta &#8212; &#8220;vacunaci\u00f3, vacunaci\u00f3 i vacunaci\u00f3&#8221;&#8211; i adverteix referent a una caiguda en les taxes perqu\u00e8 &#8220;s&#8217;ha perdut la por<\/em>&#8220;.<\/p>\n<p style=\"text-align: justify;\">L&#8217;especialista assenyala que <strong>el brot de bronquiolitis<\/strong> que s&#8217;est\u00e0 registrant en els xiquets <strong>es traslladar\u00e0 posteriorment a malalties respirat\u00f2ries<\/strong> en els adults que, a m\u00e9s, es veuen agreujades amb la contaminaci\u00f3 ambiental.<\/p>\n<p style=\"text-align: justify;\">&#8220;<em>La m\u00e0scara ha de ser un element que ha vingut per a quedar-se, sobretot en canvis estacionals, per\u00edodes hivernals i en les persones que tenen una patologia pr\u00e8via i en aquestes festes, les primeres de llibertat sense restriccions, cal respectar la ventilaci\u00f3<\/em>&#8220;, ha reclamat.<\/p>\n<p style=\"text-align: justify;\">Asimsimo, recomana davant qualsevol dubte <strong>realitzar-se els test en farm\u00e0cies<\/strong> que s\u00f3n capaces de detectar el SARS-CoV-2, la grip A i grip B amb el mateix is\u00f2top i portar sempre m\u00e0scara si es t\u00e9 algun s\u00edmptoma.<\/p>\n","protected":false},"excerpt":{"rendered":"<p>Els pneum\u00f2legs certifiquen que ja s&#8217;est\u00e0 registrant un augment de casos de malalties respirat\u00f2ries no habitual en aquesta \u00e8poca de&#8230;<\/p>\n","protected":false},"author":1,"featured_media":81263,"comment_status":"open","ping_status":"open","sticky":false,"template":"","format":"standard","meta":{"footnotes":""},"categories":[6909,98,75],"tags":[1768,13503,13340,10373],"class_list":["post-94503","post","type-post","status-publish","format-standard","has-post-thumbnail","hentry","category-actualidad","category-comarcas","category-noticias","tag-comunitat-valenciana","tag-experts","tag-grip","tag-vacuna"],"yoast_head":"<!-- This site is optimized with the Yoast SEO plugin v27.3 - https:\/\/yoast.com\/product\/yoast-seo-wordpress\/ -->\n<title>Experts adverteixen d&#039;un pic de grip abans de Nadal - COPE Alcoy<\/title>\n<meta name=\"description\" content=\"Els pneum\u00f2legs certifiquen que ja s&#039;est\u00e0 registrant un augment de casos de malalties respirat\u00f2ries no habitual en aquesta \u00e8poca de l&#039;any\" \/>\n<meta name=\"robots\" content=\"index, follow, max-snippet:-1, max-image-preview:large, max-video-preview:-1\" \/>\n<link rel=\"canonical\" href=\"https:\/\/www.copealcoy.es\/es\/experts-adverteixen-dun-pic-de-grip-abans-de-nadal\/\" \/>\n<meta property=\"og:locale\" content=\"es_ES\" \/>\n<meta property=\"og:type\" content=\"article\" \/>\n<meta property=\"og:title\" content=\"Experts adverteixen d&#039;un pic de grip abans de Nadal - COPE Alcoy\" \/>\n<meta property=\"og:description\" content=\"Els pneum\u00f2legs certifiquen que ja s&#039;est\u00e0 registrant un augment de casos de malalties respirat\u00f2ries no habitual en aquesta \u00e8poca de l&#039;any\" \/>\n<meta property=\"og:url\" content=\"https:\/\/www.copealcoy.es\/es\/experts-adverteixen-dun-pic-de-grip-abans-de-nadal\/\" \/>\n<meta property=\"og:site_name\" content=\"COPE Alcoy\" \/>\n<meta property=\"article:published_time\" content=\"2022-11-23T09:00:46+00:00\" \/>\n<meta property=\"article:modified_time\" content=\"2022-11-23T11:24:32+00:00\" \/>\n<meta property=\"og:image\" content=\"https:\/\/www.copealcoy.es\/wp-content\/uploads\/2021\/12\/1639570527280.jpg\" \/>\n\t<meta property=\"og:image:width\" content=\"976\" \/>\n\t<meta property=\"og:image:height\" content=\"650\" \/>\n\t<meta property=\"og:image:type\" content=\"image\/jpeg\" \/>\n<meta name=\"author\" content=\"Cope Alcoy\" \/>\n<meta name=\"twitter:label1\" content=\"Escrito por\" \/>\n\t<meta name=\"twitter:data1\" content=\"Cope Alcoy\" \/>\n\t<meta name=\"twitter:label2\" content=\"Tiempo de lectura\" \/>\n\t<meta name=\"twitter:data2\" content=\"2 minutos\" \/>\n<script type=\"application\/ld+json\" class=\"yoast-schema-graph\">{\"@context\":\"https:\\\/\\\/schema.org\",\"@graph\":[{\"@type\":\"Article\",\"@id\":\"https:\\\/\\\/www.copealcoy.es\\\/es\\\/experts-adverteixen-dun-pic-de-grip-abans-de-nadal\\\/#article\",\"isPartOf\":{\"@id\":\"https:\\\/\\\/www.copealcoy.es\\\/es\\\/experts-adverteixen-dun-pic-de-grip-abans-de-nadal\\\/\"},\"author\":{\"name\":\"Cope Alcoy\",\"@id\":\"https:\\\/\\\/www.copealcoy.es\\\/es\\\/#\\\/schema\\\/person\\\/e777c87fa024e57d40170af9df39882c\"},\"headline\":\"Experts adverteixen d&#8217;un pic de grip abans de Nadal\",\"datePublished\":\"2022-11-23T09:00:46+00:00\",\"dateModified\":\"2022-11-23T11:24:32+00:00\",\"mainEntityOfPage\":{\"@id\":\"https:\\\/\\\/www.copealcoy.es\\\/es\\\/experts-adverteixen-dun-pic-de-grip-abans-de-nadal\\\/\"},\"wordCount\":445,\"commentCount\":0,\"image\":{\"@id\":\"https:\\\/\\\/www.copealcoy.es\\\/es\\\/experts-adverteixen-dun-pic-de-grip-abans-de-nadal\\\/#primaryimage\"},\"thumbnailUrl\":\"https:\\\/\\\/www.copealcoy.es\\\/wp-content\\\/uploads\\\/2021\\\/12\\\/1639570527280.jpg\",\"keywords\":[\"Comunitat Valenciana\",\"experts\",\"grip\",\"vacuna\"],\"articleSection\":[\"Actualidad\",\"Comarcas\",\"Noticias\"],\"inLanguage\":\"es\"},{\"@type\":\"WebPage\",\"@id\":\"https:\\\/\\\/www.copealcoy.es\\\/es\\\/experts-adverteixen-dun-pic-de-grip-abans-de-nadal\\\/\",\"url\":\"https:\\\/\\\/www.copealcoy.es\\\/es\\\/experts-adverteixen-dun-pic-de-grip-abans-de-nadal\\\/\",\"name\":\"Experts adverteixen d'un pic de grip abans de Nadal - COPE Alcoy\",\"isPartOf\":{\"@id\":\"https:\\\/\\\/www.copealcoy.es\\\/es\\\/#website\"},\"primaryImageOfPage\":{\"@id\":\"https:\\\/\\\/www.copealcoy.es\\\/es\\\/experts-adverteixen-dun-pic-de-grip-abans-de-nadal\\\/#primaryimage\"},\"image\":{\"@id\":\"https:\\\/\\\/www.copealcoy.es\\\/es\\\/experts-adverteixen-dun-pic-de-grip-abans-de-nadal\\\/#primaryimage\"},\"thumbnailUrl\":\"https:\\\/\\\/www.copealcoy.es\\\/wp-content\\\/uploads\\\/2021\\\/12\\\/1639570527280.jpg\",\"datePublished\":\"2022-11-23T09:00:46+00:00\",\"dateModified\":\"2022-11-23T11:24:32+00:00\",\"author\":{\"@id\":\"https:\\\/\\\/www.copealcoy.es\\\/es\\\/#\\\/schema\\\/person\\\/e777c87fa024e57d40170af9df39882c\"},\"description\":\"Els pneum\u00f2legs certifiquen que ja s'est\u00e0 registrant un augment de casos de malalties respirat\u00f2ries no habitual en aquesta \u00e8poca de l'any\",\"breadcrumb\":{\"@id\":\"https:\\\/\\\/www.copealcoy.es\\\/es\\\/experts-adverteixen-dun-pic-de-grip-abans-de-nadal\\\/#breadcrumb\"},\"inLanguage\":\"es\",\"potentialAction\":[{\"@type\":\"ReadAction\",\"target\":[\"https:\\\/\\\/www.copealcoy.es\\\/es\\\/experts-adverteixen-dun-pic-de-grip-abans-de-nadal\\\/\"]}]},{\"@type\":\"ImageObject\",\"inLanguage\":\"es\",\"@id\":\"https:\\\/\\\/www.copealcoy.es\\\/es\\\/experts-adverteixen-dun-pic-de-grip-abans-de-nadal\\\/#primaryimage\",\"url\":\"https:\\\/\\\/www.copealcoy.es\\\/wp-content\\\/uploads\\\/2021\\\/12\\\/1639570527280.jpg\",\"contentUrl\":\"https:\\\/\\\/www.copealcoy.es\\\/wp-content\\\/uploads\\\/2021\\\/12\\\/1639570527280.jpg\",\"width\":976,\"height\":650},{\"@type\":\"BreadcrumbList\",\"@id\":\"https:\\\/\\\/www.copealcoy.es\\\/es\\\/experts-adverteixen-dun-pic-de-grip-abans-de-nadal\\\/#breadcrumb\",\"itemListElement\":[{\"@type\":\"ListItem\",\"position\":1,\"name\":\"Portada\",\"item\":\"https:\\\/\\\/www.copealcoy.es\\\/es\\\/\"},{\"@type\":\"ListItem\",\"position\":2,\"name\":\"Experts adverteixen d&#8217;un pic de grip abans de Nadal\"}]},{\"@type\":\"WebSite\",\"@id\":\"https:\\\/\\\/www.copealcoy.es\\\/es\\\/#website\",\"url\":\"https:\\\/\\\/www.copealcoy.es\\\/es\\\/\",\"name\":\"COPE Alcoy\",\"description\":\"Emisora COPE de radio local con emisi\u00f3n online. Pont de Sant Jordi 8-10 03803 Alcoy\",\"potentialAction\":[{\"@type\":\"SearchAction\",\"target\":{\"@type\":\"EntryPoint\",\"urlTemplate\":\"https:\\\/\\\/www.copealcoy.es\\\/es\\\/?s={search_term_string}\"},\"query-input\":{\"@type\":\"PropertyValueSpecification\",\"valueRequired\":true,\"valueName\":\"search_term_string\"}}],\"inLanguage\":\"es\"},{\"@type\":\"Person\",\"@id\":\"https:\\\/\\\/www.copealcoy.es\\\/es\\\/#\\\/schema\\\/person\\\/e777c87fa024e57d40170af9df39882c\",\"name\":\"Cope Alcoy\",\"image\":{\"@type\":\"ImageObject\",\"inLanguage\":\"es\",\"@id\":\"https:\\\/\\\/secure.gravatar.com\\\/avatar\\\/bb65d0283347e303893ba14f0692005417c1e0e690a325a4c5d8bb2b3943ee14?s=96&d=mm&r=g\",\"url\":\"https:\\\/\\\/secure.gravatar.com\\\/avatar\\\/bb65d0283347e303893ba14f0692005417c1e0e690a325a4c5d8bb2b3943ee14?s=96&d=mm&r=g\",\"contentUrl\":\"https:\\\/\\\/secure.gravatar.com\\\/avatar\\\/bb65d0283347e303893ba14f0692005417c1e0e690a325a4c5d8bb2b3943ee14?s=96&d=mm&r=g\",\"caption\":\"Cope Alcoy\"}}]}<\/script>\n<!-- \/ Yoast SEO plugin. -->","yoast_head_json":{"title":"Experts adverteixen d'un pic de grip abans de Nadal - COPE Alcoy","description":"Els pneum\u00f2legs certifiquen que ja s'est\u00e0 registrant un augment de casos de malalties respirat\u00f2ries no habitual en aquesta \u00e8poca de l'any","robots":{"index":"index","follow":"follow","max-snippet":"max-snippet:-1","max-image-preview":"max-image-preview:large","max-video-preview":"max-video-preview:-1"},"canonical":"https:\/\/www.copealcoy.es\/es\/experts-adverteixen-dun-pic-de-grip-abans-de-nadal\/","og_locale":"es_ES","og_type":"article","og_title":"Experts adverteixen d'un pic de grip abans de Nadal - COPE Alcoy","og_description":"Els pneum\u00f2legs certifiquen que ja s'est\u00e0 registrant un augment de casos de malalties respirat\u00f2ries no habitual en aquesta \u00e8poca de l'any","og_url":"https:\/\/www.copealcoy.es\/es\/experts-adverteixen-dun-pic-de-grip-abans-de-nadal\/","og_site_name":"COPE Alcoy","article_published_time":"2022-11-23T09:00:46+00:00","article_modified_time":"2022-11-23T11:24:32+00:00","og_image":[{"width":976,"height":650,"url":"https:\/\/www.copealcoy.es\/wp-content\/uploads\/2021\/12\/1639570527280.jpg","type":"image\/jpeg"}],"author":"Cope Alcoy","twitter_misc":{"Escrito por":"Cope Alcoy","Tiempo de lectura":"2 minutos"},"schema":{"@context":"https:\/\/schema.org","@graph":[{"@type":"Article","@id":"https:\/\/www.copealcoy.es\/es\/experts-adverteixen-dun-pic-de-grip-abans-de-nadal\/#article","isPartOf":{"@id":"https:\/\/www.copealcoy.es\/es\/experts-adverteixen-dun-pic-de-grip-abans-de-nadal\/"},"author":{"name":"Cope Alcoy","@id":"https:\/\/www.copealcoy.es\/es\/#\/schema\/person\/e777c87fa024e57d40170af9df39882c"},"headline":"Experts adverteixen d&#8217;un pic de grip abans de Nadal","datePublished":"2022-11-23T09:00:46+00:00","dateModified":"2022-11-23T11:24:32+00:00","mainEntityOfPage":{"@id":"https:\/\/www.copealcoy.es\/es\/experts-adverteixen-dun-pic-de-grip-abans-de-nadal\/"},"wordCount":445,"commentCount":0,"image":{"@id":"https:\/\/www.copealcoy.es\/es\/experts-adverteixen-dun-pic-de-grip-abans-de-nadal\/#primaryimage"},"thumbnailUrl":"https:\/\/www.copealcoy.es\/wp-content\/uploads\/2021\/12\/1639570527280.jpg","keywords":["Comunitat Valenciana","experts","grip","vacuna"],"articleSection":["Actualidad","Comarcas","Noticias"],"inLanguage":"es"},{"@type":"WebPage","@id":"https:\/\/www.copealcoy.es\/es\/experts-adverteixen-dun-pic-de-grip-abans-de-nadal\/","url":"https:\/\/www.copealcoy.es\/es\/experts-adverteixen-dun-pic-de-grip-abans-de-nadal\/","name":"Experts adverteixen d'un pic de grip abans de Nadal - COPE Alcoy","isPartOf":{"@id":"https:\/\/www.copealcoy.es\/es\/#website"},"primaryImageOfPage":{"@id":"https:\/\/www.copealcoy.es\/es\/experts-adverteixen-dun-pic-de-grip-abans-de-nadal\/#primaryimage"},"image":{"@id":"https:\/\/www.copealcoy.es\/es\/experts-adverteixen-dun-pic-de-grip-abans-de-nadal\/#primaryimage"},"thumbnailUrl":"https:\/\/www.copealcoy.es\/wp-content\/uploads\/2021\/12\/1639570527280.jpg","datePublished":"2022-11-23T09:00:46+00:00","dateModified":"2022-11-23T11:24:32+00:00","author":{"@id":"https:\/\/www.copealcoy.es\/es\/#\/schema\/person\/e777c87fa024e57d40170af9df39882c"},"description":"Els pneum\u00f2legs certifiquen que ja s'est\u00e0 registrant un augment de casos de malalties respirat\u00f2ries no habitual en aquesta \u00e8poca de l'any","breadcrumb":{"@id":"https:\/\/www.copealcoy.es\/es\/experts-adverteixen-dun-pic-de-grip-abans-de-nadal\/#breadcrumb"},"inLanguage":"es","potentialAction":[{"@type":"ReadAction","target":["https:\/\/www.copealcoy.es\/es\/experts-adverteixen-dun-pic-de-grip-abans-de-nadal\/"]}]},{"@type":"ImageObject","inLanguage":"es","@id":"https:\/\/www.copealcoy.es\/es\/experts-adverteixen-dun-pic-de-grip-abans-de-nadal\/#primaryimage","url":"https:\/\/www.copealcoy.es\/wp-content\/uploads\/2021\/12\/1639570527280.jpg","contentUrl":"https:\/\/www.copealcoy.es\/wp-content\/uploads\/2021\/12\/1639570527280.jpg","width":976,"height":650},{"@type":"BreadcrumbList","@id":"https:\/\/www.copealcoy.es\/es\/experts-adverteixen-dun-pic-de-grip-abans-de-nadal\/#breadcrumb","itemListElement":[{"@type":"ListItem","position":1,"name":"Portada","item":"https:\/\/www.copealcoy.es\/es\/"},{"@type":"ListItem","position":2,"name":"Experts adverteixen d&#8217;un pic de grip abans de Nadal"}]},{"@type":"WebSite","@id":"https:\/\/www.copealcoy.es\/es\/#website","url":"https:\/\/www.copealcoy.es\/es\/","name":"COPE Alcoy","description":"Emisora COPE de radio local con emisi\u00f3n online. Pont de Sant Jordi 8-10 03803 Alcoy","potentialAction":[{"@type":"SearchAction","target":{"@type":"EntryPoint","urlTemplate":"https:\/\/www.copealcoy.es\/es\/?s={search_term_string}"},"query-input":{"@type":"PropertyValueSpecification","valueRequired":true,"valueName":"search_term_string"}}],"inLanguage":"es"},{"@type":"Person","@id":"https:\/\/www.copealcoy.es\/es\/#\/schema\/person\/e777c87fa024e57d40170af9df39882c","name":"Cope Alcoy","image":{"@type":"ImageObject","inLanguage":"es","@id":"https:\/\/secure.gravatar.com\/avatar\/bb65d0283347e303893ba14f0692005417c1e0e690a325a4c5d8bb2b3943ee14?s=96&d=mm&r=g","url":"https:\/\/secure.gravatar.com\/avatar\/bb65d0283347e303893ba14f0692005417c1e0e690a325a4c5d8bb2b3943ee14?s=96&d=mm&r=g","contentUrl":"https:\/\/secure.gravatar.com\/avatar\/bb65d0283347e303893ba14f0692005417c1e0e690a325a4c5d8bb2b3943ee14?s=96&d=mm&r=g","caption":"Cope Alcoy"}}]}},"_links":{"self":[{"href":"https:\/\/www.copealcoy.es\/es\/wp-json\/wp\/v2\/posts\/94503","targetHints":{"allow":["GET"]}}],"collection":[{"href":"https:\/\/www.copealcoy.es\/es\/wp-json\/wp\/v2\/posts"}],"about":[{"href":"https:\/\/www.copealcoy.es\/es\/wp-json\/wp\/v2\/types\/post"}],"author":[{"embeddable":true,"href":"https:\/\/www.copealcoy.es\/es\/wp-json\/wp\/v2\/users\/1"}],"replies":[{"embeddable":true,"href":"https:\/\/www.copealcoy.es\/es\/wp-json\/wp\/v2\/comments?post=94503"}],"version-history":[{"count":0,"href":"https:\/\/www.copealcoy.es\/es\/wp-json\/wp\/v2\/posts\/94503\/revisions"}],"wp:featuredmedia":[{"embeddable":true,"href":"https:\/\/www.copealcoy.es\/es\/wp-json\/wp\/v2\/media\/81263"}],"wp:attachment":[{"href":"https:\/\/www.copealcoy.es\/es\/wp-json\/wp\/v2\/media?parent=94503"}],"wp:term":[{"taxonomy":"category","embeddable":true,"href":"https:\/\/www.copealcoy.es\/es\/wp-json\/wp\/v2\/categories?post=94503"},{"taxonomy":"post_tag","embeddable":true,"href":"https:\/\/www.copealcoy.es\/es\/wp-json\/wp\/v2\/tags?post=94503"}],"curies":[{"name":"wp","href":"https:\/\/api.w.org\/{rel}","templated":true}]}}