{"id":94381,"date":"2022-11-18T14:41:11","date_gmt":"2022-11-18T13:41:11","guid":{"rendered":"https:\/\/www.copealcoy.es\/?p=94381"},"modified":"2022-11-18T14:48:28","modified_gmt":"2022-11-18T13:48:28","slug":"alcoi-podria-estalviar-mes-de-30-000-euros-en-les-llums-de-nadal-i-planteja-continuar-assumint-la-instal%c2%b7lacio","status":"publish","type":"post","link":"https:\/\/www.copealcoy.es\/es\/alcoi-podria-estalviar-mes-de-30-000-euros-en-les-llums-de-nadal-i-planteja-continuar-assumint-la-instal%c2%b7lacio\/","title":{"rendered":"Alcoi podria estalviar m\u00e9s de 30.000 euros en les llums de Nadal i planteja continuar assumint la instal\u00b7laci\u00f3"},"content":{"rendered":"<p style=\"text-align: justify;\">Despr\u00e9s que el l&#8217;<strong>Ajuntament d&#8217;Alcoi<\/strong> anunciara que enguany assumiria la despesa de la il\u00b7luminaci\u00f3 nadalenca que, fins ara, es licitava a una empresa externa \u2013<span style=\"color: #000080;\"><a style=\"color: #000080;\" href=\"https:\/\/www.copealcoy.es\/lajuntament-dalcoi-assumira-enguany-la-il%c2%b7luminacio-de-nadal\/\" target=\"_blank\" rel=\"noopener\">el concurs p\u00fablic va quedar desert<\/a><\/span>-, sabem ara que podria estalviar <strong>m\u00e9s de 30.000 euros<\/strong> en les llums de la ciutat.<\/p>\n<p style=\"text-align: justify;\">Per a aix\u00f2, s&#8217;han comprat alguns elements i s&#8217;han llogat uns altres. Aix\u00ed ho ha confirmat l&#8217;edil de Festes, <strong>Carol Ortiz<\/strong>. El proc\u00e9s de compra s&#8217;efectua com a contracte menor, per la qual cosa el m\u00e0xim que pot gastar l&#8217;Ajuntament s\u00f3n 18.000 euros. La resta de motius han de ser llogats. Si b\u00e9 encara no es coneix quin pressupost s&#8217;ha destinat a aquest segon tr\u00e0mit, fonts municipals parlen d&#8217;una xifra similar a la de la compra. Estar\u00edem davant una <strong>despesa total d&#8217;uns 36.000 euros<\/strong> aproximadament, 40.000 si arredonim.<\/p>\n<p style=\"text-align: justify;\">Tenint en compte que el pressupost amb el qual l&#8217;Ajuntament pretenia licitar la instal\u00b7laci\u00f3 per als pr\u00f2xims dos anys era de 151.636,13 euros, 75.818,065 per any, parlem d&#8217;una despesa final aproximadament de la meitat. Una reducci\u00f3 que repercutir\u00e0 en el nombre de motius i carrers en les quals s&#8217;instal\u00b7len.<\/p>\n<p style=\"text-align: justify;\">Explica Ortiz que aquesta reducci\u00f3 es deu al context de crisi energ\u00e8tica. \u201cSom els primers que hem de donar exemple i hem de contribuir a l&#8217;estalvi energ\u00e8tic, per\u00f2 no per aix\u00f3 Alcoi quedar\u00e0-es sense llums de Nadal\u201d.<\/p>\n<p style=\"text-align: justify;\">Per a <strong>Jordi Mart\u00ednez<\/strong>, regidor d&#8217;Obres i Serveis, tamb\u00e9 ha contribu\u00eft el fet que l\u2019Ajuntament haja assumit la instal\u00b7laci\u00f3. \u201cNo podrem fer el muntatge que es feia altres anys, ja que l&#8217;empresa que s&#8217;encarregar\u00e0 \u00e9s la mateixa que assumeix tota la il\u00b7luminaci\u00f3 de la ciutat\u201d.<\/p>\n<p style=\"text-align: justify;\"><span style=\"color: #0000ff;\"><strong>Assumir la instal\u00b7laci\u00f3 en els pr\u00f2xims anys<\/strong><\/span><\/p>\n<p style=\"text-align: justify;\">Des del consistori parlen, a m\u00e9s, de la possibilitat de no traure, a partir d&#8217;ara, la instal\u00b7laci\u00f3 de les llums a concurs, i gestionar-ho des del propi Ajuntament.<\/p>\n<p style=\"text-align: justify;\">\u201cAquesta situaci\u00f3 ens porta a plantejar un canvi d&#8217;estrat\u00e8gia de cara als pr\u00f2xims anys. Est\u00e0 la possibilitat de no fer el concurs. Si veiem que queda b\u00e9, la idea \u00e9s que en la pr\u00f2xima licitaci\u00f3 de la il\u00b7luminaci\u00f3 p\u00fablica de la ciutat es puga incloure tamb\u00e9 el muntatge i desmuntatge de les llums nadalenques&#8221;, explica Mart\u00ednez.<\/p>\n<p style=\"text-align: justify;\">I, a m\u00e9s, afig el regidor el prop\u00f2sit que en la pr\u00f2xima legislatura es complete tota la ciutat amb l&#8217;enramada pr\u00f2pia que llueix als carrers del centre.<\/p>\n<p style=\"text-align: justify;\"><strong><span style=\"color: #0000ff;\">Il\u00b7luminaci\u00f3 en tots els barris<\/span><\/strong><\/p>\n<p style=\"text-align: justify;\">A dues setmanes de l&#8217;encesa de les llums de Nadal, el proc\u00e9s pr\u00e0cticament est\u00e0 acabat als carrers del centre de la ciutat, aquells que des de 2017 compten amb enramat propi adquirit per l&#8217;Ajuntament.<\/p>\n<p style=\"text-align: justify;\">\u201cLes llums arribaran a tots els abrris, per\u00f2 no a tots els carrers. No han arribat mai\u201d, sost\u00e9 la regidora de Festes.<br \/>\nEn aquest sentit, explica Ortiz que la <strong>Brigada d&#8217;Obres de l&#8217;Ajuntament<\/strong> s&#8217;encarregar\u00e0 de la col\u00b7locaci\u00f3 de les llums, a m\u00e9s del centre hist\u00f2ric, en la Hispanitat, el carrer Banyeres (Batoi), els Al\u00e7amora i Oliver.<\/p>\n<p style=\"text-align: justify;\">D&#8217;altra banda, l&#8217;empresa encarregada de la il\u00b7luminaci\u00f3 i ornamentaci\u00f3 de la ciutat, ser\u00e0 qui col\u00b7loque les llums d&#8217;Enten\u00e7a, Alameda, Santa Rosa i Juan Gilabert.<\/p>\n<p style=\"text-align: justify;\">L&#8217;encesa est\u00e0 prevista per al dissabte <strong>3 de desembre<\/strong>.<\/p>\n","protected":false},"excerpt":{"rendered":"<p>Despr\u00e9s que el l&#8217;Ajuntament d&#8217;Alcoi anunciara que enguany assumiria la despesa de la il\u00b7luminaci\u00f3 nadalenca que, fins ara, es licitava&#8230;<\/p>\n","protected":false},"author":1,"featured_media":94382,"comment_status":"open","ping_status":"open","sticky":false,"template":"","format":"standard","meta":{"footnotes":""},"categories":[6909,97,78,75,125],"tags":[2700,756,12121,1717],"class_list":["post-94381","post","type-post","status-publish","format-standard","has-post-thumbnail","hentry","category-actualidad","category-alcoy","category-fiestaycultura","category-noticias","category-portada","tag-alcoi-ciutat-del-nadal","tag-enramada","tag-llums-de-nadal","tag-nadal-alcoia"],"yoast_head":"<!-- This site is optimized with the Yoast SEO plugin v27.3 - https:\/\/yoast.com\/product\/yoast-seo-wordpress\/ -->\n<title>Alcoi podria estalviar m\u00e9s de 30.000 euros en les llums de Nadal i planteja continuar assumint la instal\u00b7laci\u00f3 - COPE Alcoy<\/title>\n<meta name=\"description\" content=\"Despr\u00e9s que el consistori anunciara que enguany assumiria la despesa de la il\u00b7luminaci\u00f3 nadalenca que, fins ara, es licitava a una empresa externa \u2013el concurs p\u00fablic va quedar desert-, sabem ara que podria estalviar m\u00e9s de 30.000 euros en les llums de la resta de la ciutat.\" \/>\n<meta name=\"robots\" content=\"index, follow, max-snippet:-1, max-image-preview:large, max-video-preview:-1\" \/>\n<link rel=\"canonical\" href=\"https:\/\/www.copealcoy.es\/es\/alcoi-podria-estalviar-mes-de-30-000-euros-en-les-llums-de-nadal-i-planteja-continuar-assumint-la-instal%c2%b7lacio\/\" \/>\n<meta property=\"og:locale\" content=\"es_ES\" \/>\n<meta property=\"og:type\" content=\"article\" \/>\n<meta property=\"og:title\" content=\"Alcoi podria estalviar m\u00e9s de 30.000 euros en les llums de Nadal i planteja continuar assumint la instal\u00b7laci\u00f3 - COPE Alcoy\" \/>\n<meta property=\"og:description\" content=\"Despr\u00e9s que el consistori anunciara que enguany assumiria la despesa de la il\u00b7luminaci\u00f3 nadalenca que, fins ara, es licitava a una empresa externa \u2013el concurs p\u00fablic va quedar desert-, sabem ara que podria estalviar m\u00e9s de 30.000 euros en les llums de la resta de la ciutat.\" \/>\n<meta property=\"og:url\" content=\"https:\/\/www.copealcoy.es\/es\/alcoi-podria-estalviar-mes-de-30-000-euros-en-les-llums-de-nadal-i-planteja-continuar-assumint-la-instal%c2%b7lacio\/\" \/>\n<meta property=\"og:site_name\" content=\"COPE Alcoy\" \/>\n<meta property=\"article:published_time\" content=\"2022-11-18T13:41:11+00:00\" \/>\n<meta property=\"article:modified_time\" content=\"2022-11-18T13:48:28+00:00\" \/>\n<meta property=\"og:image\" content=\"https:\/\/www.copealcoy.es\/wp-content\/uploads\/2022\/11\/WhatsApp-Image-2022-11-18-at-2.40.27-PM.jpeg\" \/>\n\t<meta property=\"og:image:width\" content=\"1024\" \/>\n\t<meta property=\"og:image:height\" content=\"768\" \/>\n\t<meta property=\"og:image:type\" content=\"image\/jpeg\" \/>\n<meta name=\"author\" content=\"Cope Alcoy\" \/>\n<meta name=\"twitter:label1\" content=\"Escrito por\" \/>\n\t<meta name=\"twitter:data1\" content=\"Cope Alcoy\" \/>\n\t<meta name=\"twitter:label2\" content=\"Tiempo de lectura\" \/>\n\t<meta name=\"twitter:data2\" content=\"3 minutos\" \/>\n<script type=\"application\/ld+json\" class=\"yoast-schema-graph\">{\"@context\":\"https:\\\/\\\/schema.org\",\"@graph\":[{\"@type\":\"Article\",\"@id\":\"https:\\\/\\\/www.copealcoy.es\\\/es\\\/alcoi-podria-estalviar-mes-de-30-000-euros-en-les-llums-de-nadal-i-planteja-continuar-assumint-la-instal%c2%b7lacio\\\/#article\",\"isPartOf\":{\"@id\":\"https:\\\/\\\/www.copealcoy.es\\\/es\\\/alcoi-podria-estalviar-mes-de-30-000-euros-en-les-llums-de-nadal-i-planteja-continuar-assumint-la-instal%c2%b7lacio\\\/\"},\"author\":{\"name\":\"Cope Alcoy\",\"@id\":\"https:\\\/\\\/www.copealcoy.es\\\/es\\\/#\\\/schema\\\/person\\\/e777c87fa024e57d40170af9df39882c\"},\"headline\":\"Alcoi podria estalviar m\u00e9s de 30.000 euros en les llums de Nadal i planteja continuar assumint la instal\u00b7laci\u00f3\",\"datePublished\":\"2022-11-18T13:41:11+00:00\",\"dateModified\":\"2022-11-18T13:48:28+00:00\",\"mainEntityOfPage\":{\"@id\":\"https:\\\/\\\/www.copealcoy.es\\\/es\\\/alcoi-podria-estalviar-mes-de-30-000-euros-en-les-llums-de-nadal-i-planteja-continuar-assumint-la-instal%c2%b7lacio\\\/\"},\"wordCount\":595,\"commentCount\":0,\"image\":{\"@id\":\"https:\\\/\\\/www.copealcoy.es\\\/es\\\/alcoi-podria-estalviar-mes-de-30-000-euros-en-les-llums-de-nadal-i-planteja-continuar-assumint-la-instal%c2%b7lacio\\\/#primaryimage\"},\"thumbnailUrl\":\"https:\\\/\\\/www.copealcoy.es\\\/wp-content\\\/uploads\\\/2022\\\/11\\\/WhatsApp-Image-2022-11-18-at-2.40.27-PM.jpeg\",\"keywords\":[\"Alcoi Ciutat del Nadal\",\"Enramada\",\"llums de Nadal\",\"Nadal Alcoi\u00e0\"],\"articleSection\":[\"Actualidad\",\"Alcoy\",\"Fiesta y Cultura\",\"Noticias\",\"Portada\"],\"inLanguage\":\"es\"},{\"@type\":\"WebPage\",\"@id\":\"https:\\\/\\\/www.copealcoy.es\\\/es\\\/alcoi-podria-estalviar-mes-de-30-000-euros-en-les-llums-de-nadal-i-planteja-continuar-assumint-la-instal%c2%b7lacio\\\/\",\"url\":\"https:\\\/\\\/www.copealcoy.es\\\/es\\\/alcoi-podria-estalviar-mes-de-30-000-euros-en-les-llums-de-nadal-i-planteja-continuar-assumint-la-instal%c2%b7lacio\\\/\",\"name\":\"Alcoi podria estalviar m\u00e9s de 30.000 euros en les llums de Nadal i planteja continuar assumint la instal\u00b7laci\u00f3 - COPE Alcoy\",\"isPartOf\":{\"@id\":\"https:\\\/\\\/www.copealcoy.es\\\/es\\\/#website\"},\"primaryImageOfPage\":{\"@id\":\"https:\\\/\\\/www.copealcoy.es\\\/es\\\/alcoi-podria-estalviar-mes-de-30-000-euros-en-les-llums-de-nadal-i-planteja-continuar-assumint-la-instal%c2%b7lacio\\\/#primaryimage\"},\"image\":{\"@id\":\"https:\\\/\\\/www.copealcoy.es\\\/es\\\/alcoi-podria-estalviar-mes-de-30-000-euros-en-les-llums-de-nadal-i-planteja-continuar-assumint-la-instal%c2%b7lacio\\\/#primaryimage\"},\"thumbnailUrl\":\"https:\\\/\\\/www.copealcoy.es\\\/wp-content\\\/uploads\\\/2022\\\/11\\\/WhatsApp-Image-2022-11-18-at-2.40.27-PM.jpeg\",\"datePublished\":\"2022-11-18T13:41:11+00:00\",\"dateModified\":\"2022-11-18T13:48:28+00:00\",\"author\":{\"@id\":\"https:\\\/\\\/www.copealcoy.es\\\/es\\\/#\\\/schema\\\/person\\\/e777c87fa024e57d40170af9df39882c\"},\"description\":\"Despr\u00e9s que el consistori anunciara que enguany assumiria la despesa de la il\u00b7luminaci\u00f3 nadalenca que, fins ara, es licitava a una empresa externa \u2013el concurs p\u00fablic va quedar desert-, sabem ara que podria estalviar m\u00e9s de 30.000 euros en les llums de la resta de la ciutat.\",\"breadcrumb\":{\"@id\":\"https:\\\/\\\/www.copealcoy.es\\\/es\\\/alcoi-podria-estalviar-mes-de-30-000-euros-en-les-llums-de-nadal-i-planteja-continuar-assumint-la-instal%c2%b7lacio\\\/#breadcrumb\"},\"inLanguage\":\"es\",\"potentialAction\":[{\"@type\":\"ReadAction\",\"target\":[\"https:\\\/\\\/www.copealcoy.es\\\/es\\\/alcoi-podria-estalviar-mes-de-30-000-euros-en-les-llums-de-nadal-i-planteja-continuar-assumint-la-instal%c2%b7lacio\\\/\"]}]},{\"@type\":\"ImageObject\",\"inLanguage\":\"es\",\"@id\":\"https:\\\/\\\/www.copealcoy.es\\\/es\\\/alcoi-podria-estalviar-mes-de-30-000-euros-en-les-llums-de-nadal-i-planteja-continuar-assumint-la-instal%c2%b7lacio\\\/#primaryimage\",\"url\":\"https:\\\/\\\/www.copealcoy.es\\\/wp-content\\\/uploads\\\/2022\\\/11\\\/WhatsApp-Image-2022-11-18-at-2.40.27-PM.jpeg\",\"contentUrl\":\"https:\\\/\\\/www.copealcoy.es\\\/wp-content\\\/uploads\\\/2022\\\/11\\\/WhatsApp-Image-2022-11-18-at-2.40.27-PM.jpeg\",\"width\":1024,\"height\":768},{\"@type\":\"BreadcrumbList\",\"@id\":\"https:\\\/\\\/www.copealcoy.es\\\/es\\\/alcoi-podria-estalviar-mes-de-30-000-euros-en-les-llums-de-nadal-i-planteja-continuar-assumint-la-instal%c2%b7lacio\\\/#breadcrumb\",\"itemListElement\":[{\"@type\":\"ListItem\",\"position\":1,\"name\":\"Portada\",\"item\":\"https:\\\/\\\/www.copealcoy.es\\\/es\\\/\"},{\"@type\":\"ListItem\",\"position\":2,\"name\":\"Alcoi podria estalviar m\u00e9s de 30.000 euros en les llums de Nadal i planteja continuar assumint la instal\u00b7laci\u00f3\"}]},{\"@type\":\"WebSite\",\"@id\":\"https:\\\/\\\/www.copealcoy.es\\\/es\\\/#website\",\"url\":\"https:\\\/\\\/www.copealcoy.es\\\/es\\\/\",\"name\":\"COPE Alcoy\",\"description\":\"Emisora COPE de radio local con emisi\u00f3n online. Pont de Sant Jordi 8-10 03803 Alcoy\",\"potentialAction\":[{\"@type\":\"SearchAction\",\"target\":{\"@type\":\"EntryPoint\",\"urlTemplate\":\"https:\\\/\\\/www.copealcoy.es\\\/es\\\/?s={search_term_string}\"},\"query-input\":{\"@type\":\"PropertyValueSpecification\",\"valueRequired\":true,\"valueName\":\"search_term_string\"}}],\"inLanguage\":\"es\"},{\"@type\":\"Person\",\"@id\":\"https:\\\/\\\/www.copealcoy.es\\\/es\\\/#\\\/schema\\\/person\\\/e777c87fa024e57d40170af9df39882c\",\"name\":\"Cope Alcoy\",\"image\":{\"@type\":\"ImageObject\",\"inLanguage\":\"es\",\"@id\":\"https:\\\/\\\/secure.gravatar.com\\\/avatar\\\/bb65d0283347e303893ba14f0692005417c1e0e690a325a4c5d8bb2b3943ee14?s=96&d=mm&r=g\",\"url\":\"https:\\\/\\\/secure.gravatar.com\\\/avatar\\\/bb65d0283347e303893ba14f0692005417c1e0e690a325a4c5d8bb2b3943ee14?s=96&d=mm&r=g\",\"contentUrl\":\"https:\\\/\\\/secure.gravatar.com\\\/avatar\\\/bb65d0283347e303893ba14f0692005417c1e0e690a325a4c5d8bb2b3943ee14?s=96&d=mm&r=g\",\"caption\":\"Cope Alcoy\"}}]}<\/script>\n<!-- \/ Yoast SEO plugin. -->","yoast_head_json":{"title":"Alcoi podria estalviar m\u00e9s de 30.000 euros en les llums de Nadal i planteja continuar assumint la instal\u00b7laci\u00f3 - COPE Alcoy","description":"Despr\u00e9s que el consistori anunciara que enguany assumiria la despesa de la il\u00b7luminaci\u00f3 nadalenca que, fins ara, es licitava a una empresa externa \u2013el concurs p\u00fablic va quedar desert-, sabem ara que podria estalviar m\u00e9s de 30.000 euros en les llums de la resta de la ciutat.","robots":{"index":"index","follow":"follow","max-snippet":"max-snippet:-1","max-image-preview":"max-image-preview:large","max-video-preview":"max-video-preview:-1"},"canonical":"https:\/\/www.copealcoy.es\/es\/alcoi-podria-estalviar-mes-de-30-000-euros-en-les-llums-de-nadal-i-planteja-continuar-assumint-la-instal%c2%b7lacio\/","og_locale":"es_ES","og_type":"article","og_title":"Alcoi podria estalviar m\u00e9s de 30.000 euros en les llums de Nadal i planteja continuar assumint la instal\u00b7laci\u00f3 - COPE Alcoy","og_description":"Despr\u00e9s que el consistori anunciara que enguany assumiria la despesa de la il\u00b7luminaci\u00f3 nadalenca que, fins ara, es licitava a una empresa externa \u2013el concurs p\u00fablic va quedar desert-, sabem ara que podria estalviar m\u00e9s de 30.000 euros en les llums de la resta de la ciutat.","og_url":"https:\/\/www.copealcoy.es\/es\/alcoi-podria-estalviar-mes-de-30-000-euros-en-les-llums-de-nadal-i-planteja-continuar-assumint-la-instal%c2%b7lacio\/","og_site_name":"COPE Alcoy","article_published_time":"2022-11-18T13:41:11+00:00","article_modified_time":"2022-11-18T13:48:28+00:00","og_image":[{"width":1024,"height":768,"url":"https:\/\/www.copealcoy.es\/wp-content\/uploads\/2022\/11\/WhatsApp-Image-2022-11-18-at-2.40.27-PM.jpeg","type":"image\/jpeg"}],"author":"Cope Alcoy","twitter_misc":{"Escrito por":"Cope Alcoy","Tiempo de lectura":"3 minutos"},"schema":{"@context":"https:\/\/schema.org","@graph":[{"@type":"Article","@id":"https:\/\/www.copealcoy.es\/es\/alcoi-podria-estalviar-mes-de-30-000-euros-en-les-llums-de-nadal-i-planteja-continuar-assumint-la-instal%c2%b7lacio\/#article","isPartOf":{"@id":"https:\/\/www.copealcoy.es\/es\/alcoi-podria-estalviar-mes-de-30-000-euros-en-les-llums-de-nadal-i-planteja-continuar-assumint-la-instal%c2%b7lacio\/"},"author":{"name":"Cope Alcoy","@id":"https:\/\/www.copealcoy.es\/es\/#\/schema\/person\/e777c87fa024e57d40170af9df39882c"},"headline":"Alcoi podria estalviar m\u00e9s de 30.000 euros en les llums de Nadal i planteja continuar assumint la instal\u00b7laci\u00f3","datePublished":"2022-11-18T13:41:11+00:00","dateModified":"2022-11-18T13:48:28+00:00","mainEntityOfPage":{"@id":"https:\/\/www.copealcoy.es\/es\/alcoi-podria-estalviar-mes-de-30-000-euros-en-les-llums-de-nadal-i-planteja-continuar-assumint-la-instal%c2%b7lacio\/"},"wordCount":595,"commentCount":0,"image":{"@id":"https:\/\/www.copealcoy.es\/es\/alcoi-podria-estalviar-mes-de-30-000-euros-en-les-llums-de-nadal-i-planteja-continuar-assumint-la-instal%c2%b7lacio\/#primaryimage"},"thumbnailUrl":"https:\/\/www.copealcoy.es\/wp-content\/uploads\/2022\/11\/WhatsApp-Image-2022-11-18-at-2.40.27-PM.jpeg","keywords":["Alcoi Ciutat del Nadal","Enramada","llums de Nadal","Nadal Alcoi\u00e0"],"articleSection":["Actualidad","Alcoy","Fiesta y Cultura","Noticias","Portada"],"inLanguage":"es"},{"@type":"WebPage","@id":"https:\/\/www.copealcoy.es\/es\/alcoi-podria-estalviar-mes-de-30-000-euros-en-les-llums-de-nadal-i-planteja-continuar-assumint-la-instal%c2%b7lacio\/","url":"https:\/\/www.copealcoy.es\/es\/alcoi-podria-estalviar-mes-de-30-000-euros-en-les-llums-de-nadal-i-planteja-continuar-assumint-la-instal%c2%b7lacio\/","name":"Alcoi podria estalviar m\u00e9s de 30.000 euros en les llums de Nadal i planteja continuar assumint la instal\u00b7laci\u00f3 - COPE Alcoy","isPartOf":{"@id":"https:\/\/www.copealcoy.es\/es\/#website"},"primaryImageOfPage":{"@id":"https:\/\/www.copealcoy.es\/es\/alcoi-podria-estalviar-mes-de-30-000-euros-en-les-llums-de-nadal-i-planteja-continuar-assumint-la-instal%c2%b7lacio\/#primaryimage"},"image":{"@id":"https:\/\/www.copealcoy.es\/es\/alcoi-podria-estalviar-mes-de-30-000-euros-en-les-llums-de-nadal-i-planteja-continuar-assumint-la-instal%c2%b7lacio\/#primaryimage"},"thumbnailUrl":"https:\/\/www.copealcoy.es\/wp-content\/uploads\/2022\/11\/WhatsApp-Image-2022-11-18-at-2.40.27-PM.jpeg","datePublished":"2022-11-18T13:41:11+00:00","dateModified":"2022-11-18T13:48:28+00:00","author":{"@id":"https:\/\/www.copealcoy.es\/es\/#\/schema\/person\/e777c87fa024e57d40170af9df39882c"},"description":"Despr\u00e9s que el consistori anunciara que enguany assumiria la despesa de la il\u00b7luminaci\u00f3 nadalenca que, fins ara, es licitava a una empresa externa \u2013el concurs p\u00fablic va quedar desert-, sabem ara que podria estalviar m\u00e9s de 30.000 euros en les llums de la resta de la ciutat.","breadcrumb":{"@id":"https:\/\/www.copealcoy.es\/es\/alcoi-podria-estalviar-mes-de-30-000-euros-en-les-llums-de-nadal-i-planteja-continuar-assumint-la-instal%c2%b7lacio\/#breadcrumb"},"inLanguage":"es","potentialAction":[{"@type":"ReadAction","target":["https:\/\/www.copealcoy.es\/es\/alcoi-podria-estalviar-mes-de-30-000-euros-en-les-llums-de-nadal-i-planteja-continuar-assumint-la-instal%c2%b7lacio\/"]}]},{"@type":"ImageObject","inLanguage":"es","@id":"https:\/\/www.copealcoy.es\/es\/alcoi-podria-estalviar-mes-de-30-000-euros-en-les-llums-de-nadal-i-planteja-continuar-assumint-la-instal%c2%b7lacio\/#primaryimage","url":"https:\/\/www.copealcoy.es\/wp-content\/uploads\/2022\/11\/WhatsApp-Image-2022-11-18-at-2.40.27-PM.jpeg","contentUrl":"https:\/\/www.copealcoy.es\/wp-content\/uploads\/2022\/11\/WhatsApp-Image-2022-11-18-at-2.40.27-PM.jpeg","width":1024,"height":768},{"@type":"BreadcrumbList","@id":"https:\/\/www.copealcoy.es\/es\/alcoi-podria-estalviar-mes-de-30-000-euros-en-les-llums-de-nadal-i-planteja-continuar-assumint-la-instal%c2%b7lacio\/#breadcrumb","itemListElement":[{"@type":"ListItem","position":1,"name":"Portada","item":"https:\/\/www.copealcoy.es\/es\/"},{"@type":"ListItem","position":2,"name":"Alcoi podria estalviar m\u00e9s de 30.000 euros en les llums de Nadal i planteja continuar assumint la instal\u00b7laci\u00f3"}]},{"@type":"WebSite","@id":"https:\/\/www.copealcoy.es\/es\/#website","url":"https:\/\/www.copealcoy.es\/es\/","name":"COPE Alcoy","description":"Emisora COPE de radio local con emisi\u00f3n online. Pont de Sant Jordi 8-10 03803 Alcoy","potentialAction":[{"@type":"SearchAction","target":{"@type":"EntryPoint","urlTemplate":"https:\/\/www.copealcoy.es\/es\/?s={search_term_string}"},"query-input":{"@type":"PropertyValueSpecification","valueRequired":true,"valueName":"search_term_string"}}],"inLanguage":"es"},{"@type":"Person","@id":"https:\/\/www.copealcoy.es\/es\/#\/schema\/person\/e777c87fa024e57d40170af9df39882c","name":"Cope Alcoy","image":{"@type":"ImageObject","inLanguage":"es","@id":"https:\/\/secure.gravatar.com\/avatar\/bb65d0283347e303893ba14f0692005417c1e0e690a325a4c5d8bb2b3943ee14?s=96&d=mm&r=g","url":"https:\/\/secure.gravatar.com\/avatar\/bb65d0283347e303893ba14f0692005417c1e0e690a325a4c5d8bb2b3943ee14?s=96&d=mm&r=g","contentUrl":"https:\/\/secure.gravatar.com\/avatar\/bb65d0283347e303893ba14f0692005417c1e0e690a325a4c5d8bb2b3943ee14?s=96&d=mm&r=g","caption":"Cope Alcoy"}}]}},"_links":{"self":[{"href":"https:\/\/www.copealcoy.es\/es\/wp-json\/wp\/v2\/posts\/94381","targetHints":{"allow":["GET"]}}],"collection":[{"href":"https:\/\/www.copealcoy.es\/es\/wp-json\/wp\/v2\/posts"}],"about":[{"href":"https:\/\/www.copealcoy.es\/es\/wp-json\/wp\/v2\/types\/post"}],"author":[{"embeddable":true,"href":"https:\/\/www.copealcoy.es\/es\/wp-json\/wp\/v2\/users\/1"}],"replies":[{"embeddable":true,"href":"https:\/\/www.copealcoy.es\/es\/wp-json\/wp\/v2\/comments?post=94381"}],"version-history":[{"count":0,"href":"https:\/\/www.copealcoy.es\/es\/wp-json\/wp\/v2\/posts\/94381\/revisions"}],"wp:featuredmedia":[{"embeddable":true,"href":"https:\/\/www.copealcoy.es\/es\/wp-json\/wp\/v2\/media\/94382"}],"wp:attachment":[{"href":"https:\/\/www.copealcoy.es\/es\/wp-json\/wp\/v2\/media?parent=94381"}],"wp:term":[{"taxonomy":"category","embeddable":true,"href":"https:\/\/www.copealcoy.es\/es\/wp-json\/wp\/v2\/categories?post=94381"},{"taxonomy":"post_tag","embeddable":true,"href":"https:\/\/www.copealcoy.es\/es\/wp-json\/wp\/v2\/tags?post=94381"}],"curies":[{"name":"wp","href":"https:\/\/api.w.org\/{rel}","templated":true}]}}