{"id":94347,"date":"2022-11-18T11:13:32","date_gmt":"2022-11-18T10:13:32","guid":{"rendered":"https:\/\/www.copealcoy.es\/?p=94347"},"modified":"2022-11-18T11:17:54","modified_gmt":"2022-11-18T10:17:54","slug":"la-guia-gratuita-del-mundial-2022-arriba-a-milar-alcoi","status":"publish","type":"post","link":"https:\/\/www.copealcoy.es\/es\/la-guia-gratuita-del-mundial-2022-arriba-a-milar-alcoi\/","title":{"rendered":"La guia gratu\u00efta del Mundial 2022 arriba a Milar Alcoi"},"content":{"rendered":"<p>La <strong>Copa Mundial de Futbol de la FIFA 2022<\/strong> arranca aquest diumenge <strong>20 de novembre<\/strong> a <strong>Catar<\/strong>. I per a seguir la competici\u00f3, <a href=\"https:\/\/www.milar.es\/\"><span style=\"color: #000080;\"><strong>Milar<\/strong><\/span> <\/a>ha elaborat una guia que ja es pot recollir de manera gratu\u00efta a la tenda <span style=\"color: #000080;\"><a style=\"color: #000080;\" href=\"https:\/\/www.milar.es\/tiendas\/milar-alzamora.html\" target=\"_blank\" rel=\"noopener\">Milar Alcoi<\/a><\/span>.<\/p>\n<p>La guia, segons explica la responsable de la tenda, <strong>Carmina Ortiz<\/strong>, compta amb la informaci\u00f3 necess\u00e0ria per a seguir el Mundial. A m\u00e9s de detallar-se els equips que formen cada grup, s&#8217;adjunta un horari amb tots els partits que es disputaran, aix\u00ed com els estadis en els quals es desenvolupar\u00e0 la competici\u00f3.<\/p>\n<p>A m\u00e9s, s&#8217;ha incl\u00f2s un caseller per a poder anar emplenant el resultat de les trobades, tant de la fase de grups com de les posteriors eliminat\u00f2ries.<\/p>\n<p>\u201cEls convidem a vindre a la tenda per a veure aquesta agenda que hem creat amb la que estar al dia d&#8217;un esdeveniment tan important per a l&#8217;esport. A m\u00e9s, \u00e9s una bona oportunitat per a con\u00e9ixer la nostra exposici\u00f3 de televisions, amb la qual veure el Mundial en gran\u201d, ha animat Ortiz.<\/p>\n<p>La tenda roman oberta de dilluns a dissabte de deu del mat\u00ed a deu de la nit.<\/p>\n<p><strong>Mundial Qatar 2022<\/strong><\/p>\n<p>Un total de 32 pa\u00efsos s&#8217;han classificat per a disputar aquest Mundial. Entre ells, <strong>Espanya<\/strong>, que s&#8217;enfrontar\u00e0 en fase de grups (<strong>Grup E<\/strong>) a <strong>Costa Rica<\/strong>, <strong>Alemanya<\/strong> i <strong>el Jap\u00f3<\/strong>.<br \/>\nEl 3 de desembre arrancaran els huitens de final, que disputaran els dos equips millor classificats de cada grup. La final tindr\u00e0 lloc el <strong>18 de desembre<\/strong> a les dues del migdia (hora peninsular espanyola).<\/p>\n<p>Espanya debutar\u00e0 dimecres que ve <strong>23 de novembre<\/strong> a les cinc de la vesprada (hora peninsular espanyola) contra Costa Rica. La trobada tindr\u00e0 lloc en l&#8217;estadi Al Thumama.<\/p>\n<p>\u00c9s la primera vegada que la competici\u00f3 se celebra en la tardor corresponent a l&#8217;hemisferi nord, a causa de la calor al pa\u00eds \u00e0rab dels mesos de juny i juliol.<\/p>\n","protected":false},"excerpt":{"rendered":"<p>La Copa Mundial de Futbol de la FIFA 2022 arranca aquest diumenge 20 de novembre a Catar. I per a&#8230;<\/p>\n","protected":false},"author":1,"featured_media":94351,"comment_status":"open","ping_status":"open","sticky":false,"template":"","format":"standard","meta":{"footnotes":""},"categories":[6909,97,92,75],"tags":[160,9809,156,12624,13492],"class_list":["post-94347","post","type-post","status-publish","format-standard","has-post-thumbnail","hentry","category-actualidad","category-alcoy","category-deportes","category-noticias","tag-alcoi","tag-esports","tag-futbol","tag-milar","tag-mundial-qatar-2022"],"yoast_head":"<!-- This site is optimized with the Yoast SEO plugin v27.3 - https:\/\/yoast.com\/product\/yoast-seo-wordpress\/ -->\n<title>La guia gratu\u00efta del Mundial 2022 arriba a Milar Alcoi - COPE Alcoy<\/title>\n<meta name=\"description\" content=\"La Copa Mundial de Futbol de la FIFA 2022 arranca aquest diumenge 20 de novembre a Catar. I per a seguir la competici\u00f3, Milar ha elaborat una guia que ja es pot recollir de manera gratu\u00efta a la tenda Milar Alcoi.\" \/>\n<meta name=\"robots\" content=\"index, follow, max-snippet:-1, max-image-preview:large, max-video-preview:-1\" \/>\n<link rel=\"canonical\" href=\"https:\/\/www.copealcoy.es\/es\/la-guia-gratuita-del-mundial-2022-arriba-a-milar-alcoi\/\" \/>\n<meta property=\"og:locale\" content=\"es_ES\" \/>\n<meta property=\"og:type\" content=\"article\" \/>\n<meta property=\"og:title\" content=\"La guia gratu\u00efta del Mundial 2022 arriba a Milar Alcoi - COPE Alcoy\" \/>\n<meta property=\"og:description\" content=\"La Copa Mundial de Futbol de la FIFA 2022 arranca aquest diumenge 20 de novembre a Catar. I per a seguir la competici\u00f3, Milar ha elaborat una guia que ja es pot recollir de manera gratu\u00efta a la tenda Milar Alcoi.\" \/>\n<meta property=\"og:url\" content=\"https:\/\/www.copealcoy.es\/es\/la-guia-gratuita-del-mundial-2022-arriba-a-milar-alcoi\/\" \/>\n<meta property=\"og:site_name\" content=\"COPE Alcoy\" \/>\n<meta property=\"article:published_time\" content=\"2022-11-18T10:13:32+00:00\" \/>\n<meta property=\"article:modified_time\" content=\"2022-11-18T10:17:54+00:00\" \/>\n<meta property=\"og:image\" content=\"https:\/\/www.copealcoy.es\/wp-content\/uploads\/2022\/11\/WhatsApp-Image-2022-11-18-at-11.08.34-AM.jpeg\" \/>\n\t<meta property=\"og:image:width\" content=\"1024\" \/>\n\t<meta property=\"og:image:height\" content=\"768\" \/>\n\t<meta property=\"og:image:type\" content=\"image\/jpeg\" \/>\n<meta name=\"author\" content=\"Cope Alcoy\" \/>\n<meta name=\"twitter:label1\" content=\"Escrito por\" \/>\n\t<meta name=\"twitter:data1\" content=\"Cope Alcoy\" \/>\n\t<meta name=\"twitter:label2\" content=\"Tiempo de lectura\" \/>\n\t<meta name=\"twitter:data2\" content=\"2 minutos\" \/>\n<script type=\"application\/ld+json\" class=\"yoast-schema-graph\">{\"@context\":\"https:\\\/\\\/schema.org\",\"@graph\":[{\"@type\":\"Article\",\"@id\":\"https:\\\/\\\/www.copealcoy.es\\\/es\\\/la-guia-gratuita-del-mundial-2022-arriba-a-milar-alcoi\\\/#article\",\"isPartOf\":{\"@id\":\"https:\\\/\\\/www.copealcoy.es\\\/es\\\/la-guia-gratuita-del-mundial-2022-arriba-a-milar-alcoi\\\/\"},\"author\":{\"name\":\"Cope Alcoy\",\"@id\":\"https:\\\/\\\/www.copealcoy.es\\\/es\\\/#\\\/schema\\\/person\\\/e777c87fa024e57d40170af9df39882c\"},\"headline\":\"La guia gratu\u00efta del Mundial 2022 arriba a Milar Alcoi\",\"datePublished\":\"2022-11-18T10:13:32+00:00\",\"dateModified\":\"2022-11-18T10:17:54+00:00\",\"mainEntityOfPage\":{\"@id\":\"https:\\\/\\\/www.copealcoy.es\\\/es\\\/la-guia-gratuita-del-mundial-2022-arriba-a-milar-alcoi\\\/\"},\"wordCount\":337,\"commentCount\":0,\"image\":{\"@id\":\"https:\\\/\\\/www.copealcoy.es\\\/es\\\/la-guia-gratuita-del-mundial-2022-arriba-a-milar-alcoi\\\/#primaryimage\"},\"thumbnailUrl\":\"https:\\\/\\\/www.copealcoy.es\\\/wp-content\\\/uploads\\\/2022\\\/11\\\/WhatsApp-Image-2022-11-18-at-11.08.34-AM.jpeg\",\"keywords\":[\"Alcoi\",\"esports\",\"F\u00fatbol\",\"Milar\",\"Mundial Qatar 2022\"],\"articleSection\":[\"Actualidad\",\"Alcoy\",\"Deportes\",\"Noticias\"],\"inLanguage\":\"es\"},{\"@type\":\"WebPage\",\"@id\":\"https:\\\/\\\/www.copealcoy.es\\\/es\\\/la-guia-gratuita-del-mundial-2022-arriba-a-milar-alcoi\\\/\",\"url\":\"https:\\\/\\\/www.copealcoy.es\\\/es\\\/la-guia-gratuita-del-mundial-2022-arriba-a-milar-alcoi\\\/\",\"name\":\"La guia gratu\u00efta del Mundial 2022 arriba a Milar Alcoi - COPE Alcoy\",\"isPartOf\":{\"@id\":\"https:\\\/\\\/www.copealcoy.es\\\/es\\\/#website\"},\"primaryImageOfPage\":{\"@id\":\"https:\\\/\\\/www.copealcoy.es\\\/es\\\/la-guia-gratuita-del-mundial-2022-arriba-a-milar-alcoi\\\/#primaryimage\"},\"image\":{\"@id\":\"https:\\\/\\\/www.copealcoy.es\\\/es\\\/la-guia-gratuita-del-mundial-2022-arriba-a-milar-alcoi\\\/#primaryimage\"},\"thumbnailUrl\":\"https:\\\/\\\/www.copealcoy.es\\\/wp-content\\\/uploads\\\/2022\\\/11\\\/WhatsApp-Image-2022-11-18-at-11.08.34-AM.jpeg\",\"datePublished\":\"2022-11-18T10:13:32+00:00\",\"dateModified\":\"2022-11-18T10:17:54+00:00\",\"author\":{\"@id\":\"https:\\\/\\\/www.copealcoy.es\\\/es\\\/#\\\/schema\\\/person\\\/e777c87fa024e57d40170af9df39882c\"},\"description\":\"La Copa Mundial de Futbol de la FIFA 2022 arranca aquest diumenge 20 de novembre a Catar. I per a seguir la competici\u00f3, Milar ha elaborat una guia que ja es pot recollir de manera gratu\u00efta a la tenda Milar Alcoi.\",\"breadcrumb\":{\"@id\":\"https:\\\/\\\/www.copealcoy.es\\\/es\\\/la-guia-gratuita-del-mundial-2022-arriba-a-milar-alcoi\\\/#breadcrumb\"},\"inLanguage\":\"es\",\"potentialAction\":[{\"@type\":\"ReadAction\",\"target\":[\"https:\\\/\\\/www.copealcoy.es\\\/es\\\/la-guia-gratuita-del-mundial-2022-arriba-a-milar-alcoi\\\/\"]}]},{\"@type\":\"ImageObject\",\"inLanguage\":\"es\",\"@id\":\"https:\\\/\\\/www.copealcoy.es\\\/es\\\/la-guia-gratuita-del-mundial-2022-arriba-a-milar-alcoi\\\/#primaryimage\",\"url\":\"https:\\\/\\\/www.copealcoy.es\\\/wp-content\\\/uploads\\\/2022\\\/11\\\/WhatsApp-Image-2022-11-18-at-11.08.34-AM.jpeg\",\"contentUrl\":\"https:\\\/\\\/www.copealcoy.es\\\/wp-content\\\/uploads\\\/2022\\\/11\\\/WhatsApp-Image-2022-11-18-at-11.08.34-AM.jpeg\",\"width\":1024,\"height\":768},{\"@type\":\"BreadcrumbList\",\"@id\":\"https:\\\/\\\/www.copealcoy.es\\\/es\\\/la-guia-gratuita-del-mundial-2022-arriba-a-milar-alcoi\\\/#breadcrumb\",\"itemListElement\":[{\"@type\":\"ListItem\",\"position\":1,\"name\":\"Portada\",\"item\":\"https:\\\/\\\/www.copealcoy.es\\\/es\\\/\"},{\"@type\":\"ListItem\",\"position\":2,\"name\":\"La guia gratu\u00efta del Mundial 2022 arriba a Milar Alcoi\"}]},{\"@type\":\"WebSite\",\"@id\":\"https:\\\/\\\/www.copealcoy.es\\\/es\\\/#website\",\"url\":\"https:\\\/\\\/www.copealcoy.es\\\/es\\\/\",\"name\":\"COPE Alcoy\",\"description\":\"Emisora COPE de radio local con emisi\u00f3n online. Pont de Sant Jordi 8-10 03803 Alcoy\",\"potentialAction\":[{\"@type\":\"SearchAction\",\"target\":{\"@type\":\"EntryPoint\",\"urlTemplate\":\"https:\\\/\\\/www.copealcoy.es\\\/es\\\/?s={search_term_string}\"},\"query-input\":{\"@type\":\"PropertyValueSpecification\",\"valueRequired\":true,\"valueName\":\"search_term_string\"}}],\"inLanguage\":\"es\"},{\"@type\":\"Person\",\"@id\":\"https:\\\/\\\/www.copealcoy.es\\\/es\\\/#\\\/schema\\\/person\\\/e777c87fa024e57d40170af9df39882c\",\"name\":\"Cope Alcoy\",\"image\":{\"@type\":\"ImageObject\",\"inLanguage\":\"es\",\"@id\":\"https:\\\/\\\/secure.gravatar.com\\\/avatar\\\/bb65d0283347e303893ba14f0692005417c1e0e690a325a4c5d8bb2b3943ee14?s=96&d=mm&r=g\",\"url\":\"https:\\\/\\\/secure.gravatar.com\\\/avatar\\\/bb65d0283347e303893ba14f0692005417c1e0e690a325a4c5d8bb2b3943ee14?s=96&d=mm&r=g\",\"contentUrl\":\"https:\\\/\\\/secure.gravatar.com\\\/avatar\\\/bb65d0283347e303893ba14f0692005417c1e0e690a325a4c5d8bb2b3943ee14?s=96&d=mm&r=g\",\"caption\":\"Cope Alcoy\"}}]}<\/script>\n<!-- \/ Yoast SEO plugin. -->","yoast_head_json":{"title":"La guia gratu\u00efta del Mundial 2022 arriba a Milar Alcoi - COPE Alcoy","description":"La Copa Mundial de Futbol de la FIFA 2022 arranca aquest diumenge 20 de novembre a Catar. I per a seguir la competici\u00f3, Milar ha elaborat una guia que ja es pot recollir de manera gratu\u00efta a la tenda Milar Alcoi.","robots":{"index":"index","follow":"follow","max-snippet":"max-snippet:-1","max-image-preview":"max-image-preview:large","max-video-preview":"max-video-preview:-1"},"canonical":"https:\/\/www.copealcoy.es\/es\/la-guia-gratuita-del-mundial-2022-arriba-a-milar-alcoi\/","og_locale":"es_ES","og_type":"article","og_title":"La guia gratu\u00efta del Mundial 2022 arriba a Milar Alcoi - COPE Alcoy","og_description":"La Copa Mundial de Futbol de la FIFA 2022 arranca aquest diumenge 20 de novembre a Catar. I per a seguir la competici\u00f3, Milar ha elaborat una guia que ja es pot recollir de manera gratu\u00efta a la tenda Milar Alcoi.","og_url":"https:\/\/www.copealcoy.es\/es\/la-guia-gratuita-del-mundial-2022-arriba-a-milar-alcoi\/","og_site_name":"COPE Alcoy","article_published_time":"2022-11-18T10:13:32+00:00","article_modified_time":"2022-11-18T10:17:54+00:00","og_image":[{"width":1024,"height":768,"url":"https:\/\/www.copealcoy.es\/wp-content\/uploads\/2022\/11\/WhatsApp-Image-2022-11-18-at-11.08.34-AM.jpeg","type":"image\/jpeg"}],"author":"Cope Alcoy","twitter_misc":{"Escrito por":"Cope Alcoy","Tiempo de lectura":"2 minutos"},"schema":{"@context":"https:\/\/schema.org","@graph":[{"@type":"Article","@id":"https:\/\/www.copealcoy.es\/es\/la-guia-gratuita-del-mundial-2022-arriba-a-milar-alcoi\/#article","isPartOf":{"@id":"https:\/\/www.copealcoy.es\/es\/la-guia-gratuita-del-mundial-2022-arriba-a-milar-alcoi\/"},"author":{"name":"Cope Alcoy","@id":"https:\/\/www.copealcoy.es\/es\/#\/schema\/person\/e777c87fa024e57d40170af9df39882c"},"headline":"La guia gratu\u00efta del Mundial 2022 arriba a Milar Alcoi","datePublished":"2022-11-18T10:13:32+00:00","dateModified":"2022-11-18T10:17:54+00:00","mainEntityOfPage":{"@id":"https:\/\/www.copealcoy.es\/es\/la-guia-gratuita-del-mundial-2022-arriba-a-milar-alcoi\/"},"wordCount":337,"commentCount":0,"image":{"@id":"https:\/\/www.copealcoy.es\/es\/la-guia-gratuita-del-mundial-2022-arriba-a-milar-alcoi\/#primaryimage"},"thumbnailUrl":"https:\/\/www.copealcoy.es\/wp-content\/uploads\/2022\/11\/WhatsApp-Image-2022-11-18-at-11.08.34-AM.jpeg","keywords":["Alcoi","esports","F\u00fatbol","Milar","Mundial Qatar 2022"],"articleSection":["Actualidad","Alcoy","Deportes","Noticias"],"inLanguage":"es"},{"@type":"WebPage","@id":"https:\/\/www.copealcoy.es\/es\/la-guia-gratuita-del-mundial-2022-arriba-a-milar-alcoi\/","url":"https:\/\/www.copealcoy.es\/es\/la-guia-gratuita-del-mundial-2022-arriba-a-milar-alcoi\/","name":"La guia gratu\u00efta del Mundial 2022 arriba a Milar Alcoi - COPE Alcoy","isPartOf":{"@id":"https:\/\/www.copealcoy.es\/es\/#website"},"primaryImageOfPage":{"@id":"https:\/\/www.copealcoy.es\/es\/la-guia-gratuita-del-mundial-2022-arriba-a-milar-alcoi\/#primaryimage"},"image":{"@id":"https:\/\/www.copealcoy.es\/es\/la-guia-gratuita-del-mundial-2022-arriba-a-milar-alcoi\/#primaryimage"},"thumbnailUrl":"https:\/\/www.copealcoy.es\/wp-content\/uploads\/2022\/11\/WhatsApp-Image-2022-11-18-at-11.08.34-AM.jpeg","datePublished":"2022-11-18T10:13:32+00:00","dateModified":"2022-11-18T10:17:54+00:00","author":{"@id":"https:\/\/www.copealcoy.es\/es\/#\/schema\/person\/e777c87fa024e57d40170af9df39882c"},"description":"La Copa Mundial de Futbol de la FIFA 2022 arranca aquest diumenge 20 de novembre a Catar. I per a seguir la competici\u00f3, Milar ha elaborat una guia que ja es pot recollir de manera gratu\u00efta a la tenda Milar Alcoi.","breadcrumb":{"@id":"https:\/\/www.copealcoy.es\/es\/la-guia-gratuita-del-mundial-2022-arriba-a-milar-alcoi\/#breadcrumb"},"inLanguage":"es","potentialAction":[{"@type":"ReadAction","target":["https:\/\/www.copealcoy.es\/es\/la-guia-gratuita-del-mundial-2022-arriba-a-milar-alcoi\/"]}]},{"@type":"ImageObject","inLanguage":"es","@id":"https:\/\/www.copealcoy.es\/es\/la-guia-gratuita-del-mundial-2022-arriba-a-milar-alcoi\/#primaryimage","url":"https:\/\/www.copealcoy.es\/wp-content\/uploads\/2022\/11\/WhatsApp-Image-2022-11-18-at-11.08.34-AM.jpeg","contentUrl":"https:\/\/www.copealcoy.es\/wp-content\/uploads\/2022\/11\/WhatsApp-Image-2022-11-18-at-11.08.34-AM.jpeg","width":1024,"height":768},{"@type":"BreadcrumbList","@id":"https:\/\/www.copealcoy.es\/es\/la-guia-gratuita-del-mundial-2022-arriba-a-milar-alcoi\/#breadcrumb","itemListElement":[{"@type":"ListItem","position":1,"name":"Portada","item":"https:\/\/www.copealcoy.es\/es\/"},{"@type":"ListItem","position":2,"name":"La guia gratu\u00efta del Mundial 2022 arriba a Milar Alcoi"}]},{"@type":"WebSite","@id":"https:\/\/www.copealcoy.es\/es\/#website","url":"https:\/\/www.copealcoy.es\/es\/","name":"COPE Alcoy","description":"Emisora COPE de radio local con emisi\u00f3n online. Pont de Sant Jordi 8-10 03803 Alcoy","potentialAction":[{"@type":"SearchAction","target":{"@type":"EntryPoint","urlTemplate":"https:\/\/www.copealcoy.es\/es\/?s={search_term_string}"},"query-input":{"@type":"PropertyValueSpecification","valueRequired":true,"valueName":"search_term_string"}}],"inLanguage":"es"},{"@type":"Person","@id":"https:\/\/www.copealcoy.es\/es\/#\/schema\/person\/e777c87fa024e57d40170af9df39882c","name":"Cope Alcoy","image":{"@type":"ImageObject","inLanguage":"es","@id":"https:\/\/secure.gravatar.com\/avatar\/bb65d0283347e303893ba14f0692005417c1e0e690a325a4c5d8bb2b3943ee14?s=96&d=mm&r=g","url":"https:\/\/secure.gravatar.com\/avatar\/bb65d0283347e303893ba14f0692005417c1e0e690a325a4c5d8bb2b3943ee14?s=96&d=mm&r=g","contentUrl":"https:\/\/secure.gravatar.com\/avatar\/bb65d0283347e303893ba14f0692005417c1e0e690a325a4c5d8bb2b3943ee14?s=96&d=mm&r=g","caption":"Cope Alcoy"}}]}},"_links":{"self":[{"href":"https:\/\/www.copealcoy.es\/es\/wp-json\/wp\/v2\/posts\/94347","targetHints":{"allow":["GET"]}}],"collection":[{"href":"https:\/\/www.copealcoy.es\/es\/wp-json\/wp\/v2\/posts"}],"about":[{"href":"https:\/\/www.copealcoy.es\/es\/wp-json\/wp\/v2\/types\/post"}],"author":[{"embeddable":true,"href":"https:\/\/www.copealcoy.es\/es\/wp-json\/wp\/v2\/users\/1"}],"replies":[{"embeddable":true,"href":"https:\/\/www.copealcoy.es\/es\/wp-json\/wp\/v2\/comments?post=94347"}],"version-history":[{"count":0,"href":"https:\/\/www.copealcoy.es\/es\/wp-json\/wp\/v2\/posts\/94347\/revisions"}],"wp:featuredmedia":[{"embeddable":true,"href":"https:\/\/www.copealcoy.es\/es\/wp-json\/wp\/v2\/media\/94351"}],"wp:attachment":[{"href":"https:\/\/www.copealcoy.es\/es\/wp-json\/wp\/v2\/media?parent=94347"}],"wp:term":[{"taxonomy":"category","embeddable":true,"href":"https:\/\/www.copealcoy.es\/es\/wp-json\/wp\/v2\/categories?post=94347"},{"taxonomy":"post_tag","embeddable":true,"href":"https:\/\/www.copealcoy.es\/es\/wp-json\/wp\/v2\/tags?post=94347"}],"curies":[{"name":"wp","href":"https:\/\/api.w.org\/{rel}","templated":true}]}}