{"id":94326,"date":"2022-11-17T14:51:52","date_gmt":"2022-11-17T13:51:52","guid":{"rendered":"https:\/\/www.copealcoy.es\/?p=94326"},"modified":"2022-11-17T15:16:03","modified_gmt":"2022-11-17T14:16:03","slug":"designades-les-entitats-que-acompanyaran-a-ses-majestats-pels-carrers-dalcoi","status":"publish","type":"post","link":"https:\/\/www.copealcoy.es\/es\/designades-les-entitats-que-acompanyaran-a-ses-majestats-pels-carrers-dalcoi\/","title":{"rendered":"Designades les entitats que acompanyaran a Ses Majestats pels carrers d&#8217;Alcoi"},"content":{"rendered":"<p style=\"text-align: justify;\">L&#8217;<a href=\"https:\/\/www.alcoi.org\/ca\/portal\/index.html\"><span style=\"color: #0000ff;\"><strong>Ajuntament d&#8217;Alcoi<\/strong><\/span><\/a> ha comunicat en aquest dijous <strong>les tres entitats que acompanyaran a Melcior, Gaspar i Baltasar durant la seua arribada a la ciutat<\/strong> el pr\u00f2xim 5 de gener de 2023. Es tracta de <strong>la Cambra de Comer\u00e7, la Fil\u00e0 Muntanyesos i la Creu Roja<\/strong>.<\/p>\n<p style=\"text-align: justify;\">Cal assenyalar que la <strong>Cambra de Comer\u00e7<\/strong> fa cent trenta-sis anys que est\u00e0 prestant servei a les empreses i comer\u00e7os de la ciutat, serveis aquests \u00faltims que treballen bra\u00e7 a bra\u00e7 amb els Reis de l&#8217;Orient per fer realitat els nostres somnis en cada Nadal. Per a ells, segons asseguren, &#8220;<em>\u00e9s un grand\u00edssim honor, per a l&#8217;entitat, acompanyar a Sa Majestat el Rei Melcior en la seua visita a Alcoi<\/em>&#8220;. Per la seua banda, <strong>la fil\u00e0 Muntanyesos <\/strong>celebrava cent anys el passat 2021 i participant activament en la Cavalcada volen arrodonir una efem\u00e8ride que ha sigut tan especial per als integrants d&#8217;aquesta formaci\u00f3 festera. Finalment, cal ressaltar que durant l&#8217;any vinent 2023, <strong>l&#8217;Assemblea Local de Creu Roja a Alcoi<\/strong> compleix cent cinquanta anys des de la seua fundaci\u00f3 a la nostra ciutat i amb l&#8217;acompanyament dels Monarques iniciaran aquesta commemoraci\u00f3 &#8220;<em>ser\u00e0 un emotiu acte que permetr\u00e0 que tot el voluntariat de Creu Roja puga participar i gaudir de tan benvolguda representaci\u00f3, acte que donaria inici a la resta de la programaci\u00f3 de celebracions que tenim previstes<\/em>&#8220;, han destacat.<\/p>\n<p style=\"text-align: justify;\">Des de l&#8217;Ajuntament d&#8217;Alcoi han agra\u00eft <strong>la implicaci\u00f3 dels tres col\u00b7lectius<\/strong> i recorden que la feina dels mateixos <strong>\u00e9s fonamental per tal de tirar endavant la comitiva reial<\/strong>. A m\u00e9s apunten que <strong>l\u2019acompanyament dels tres Reis d\u2019Orient<\/strong> a Alcoi &#8220;<em>\u00e9s la m\u00e9s clara representaci\u00f3 de la important participaci\u00f3 social que el Nadal alcoi\u00e0 t\u00e9 a la nostra societat. Una representaci\u00f3 on participen desenes d\u2019entitats alcoianes de l\u2019ampli i ric teixit associatiu que tenim a la ciutat. M\u00e9s de mil de persones, que s\u2019impliquen, treballen i es deixen la pell, i tots ells s\u00f3n important\u00edssim perqu\u00e8 la m\u00e0gia <span class=\"hiddenGreenError\">del Nadal<\/span>\u00a0Alcoi\u00e0, \u00fanic al m\u00f3n, ens fa\u00e7a somiar i il\u00b7lusionar-nos any rere any, fent realitat els somnis infantils<\/em>&#8220;, ha apuntat al respecte la regidora de Festes; <strong>Carol Ortiz<\/strong>.<\/p>\n<p style=\"text-align: justify;\">La Cavalcada enguany <strong>transcorrer\u00e0 amb normalitat i sense cap mena de restricci\u00f3<\/strong> a causa de la pand\u00e8mia de la Covid-19. Aquest any tornaran tamb\u00e9 les besades dels\u00a0m\u00e9s menuts als Reis.<\/p>\n","protected":false},"excerpt":{"rendered":"<p>L&#8217;Ajuntament d&#8217;Alcoi ha comunicat en aquest dijous les tres entitats que acompanyaran a Melcior, Gaspar i Baltasar durant la seua&#8230;<\/p>\n","protected":false},"author":1,"featured_media":82253,"comment_status":"open","ping_status":"open","sticky":false,"template":"","format":"standard","meta":{"footnotes":""},"categories":[6909,97,78,75,125],"tags":[160,13490,13433,13488,3504,13489],"class_list":["post-94326","post","type-post","status-publish","format-standard","has-post-thumbnail","hentry","category-actualidad","category-alcoy","category-fiestaycultura","category-noticias","category-portada","tag-alcoi","tag-baltassar","tag-cavalcada-de-reis","tag-entitats","tag-gaspar","tag-melcior"],"yoast_head":"<!-- This site is optimized with the Yoast SEO plugin v27.3 - https:\/\/yoast.com\/product\/yoast-seo-wordpress\/ -->\n<title>Designades les entitats que acompanyaran a Ses Majestats pels carrers d&#039;Alcoi - COPE Alcoy<\/title>\n<meta name=\"robots\" content=\"index, follow, max-snippet:-1, max-image-preview:large, max-video-preview:-1\" \/>\n<link rel=\"canonical\" href=\"https:\/\/www.copealcoy.es\/es\/designades-les-entitats-que-acompanyaran-a-ses-majestats-pels-carrers-dalcoi\/\" \/>\n<meta property=\"og:locale\" content=\"es_ES\" \/>\n<meta property=\"og:type\" content=\"article\" \/>\n<meta property=\"og:title\" content=\"Designades les entitats que acompanyaran a Ses Majestats pels carrers d&#039;Alcoi - COPE Alcoy\" \/>\n<meta property=\"og:description\" content=\"L&#8217;Ajuntament d&#8217;Alcoi ha comunicat en aquest dijous les tres entitats que acompanyaran a Melcior, Gaspar i Baltasar durant la seua...\" \/>\n<meta property=\"og:url\" content=\"https:\/\/www.copealcoy.es\/es\/designades-les-entitats-que-acompanyaran-a-ses-majestats-pels-carrers-dalcoi\/\" \/>\n<meta property=\"og:site_name\" content=\"COPE Alcoy\" \/>\n<meta property=\"article:published_time\" content=\"2022-11-17T13:51:52+00:00\" \/>\n<meta property=\"article:modified_time\" content=\"2022-11-17T14:16:03+00:00\" \/>\n<meta property=\"og:image\" content=\"https:\/\/www.copealcoy.es\/wp-content\/uploads\/2022\/01\/271390730_7475544292471690_3626224457023669625_n.jpg\" \/>\n\t<meta property=\"og:image:width\" content=\"2048\" \/>\n\t<meta property=\"og:image:height\" content=\"1365\" \/>\n\t<meta property=\"og:image:type\" content=\"image\/jpeg\" \/>\n<meta name=\"author\" content=\"Cope Alcoy\" \/>\n<meta name=\"twitter:label1\" content=\"Escrito por\" \/>\n\t<meta name=\"twitter:data1\" content=\"Cope Alcoy\" \/>\n\t<meta name=\"twitter:label2\" content=\"Tiempo de lectura\" \/>\n\t<meta name=\"twitter:data2\" content=\"2 minutos\" \/>\n<script type=\"application\/ld+json\" class=\"yoast-schema-graph\">{\"@context\":\"https:\\\/\\\/schema.org\",\"@graph\":[{\"@type\":\"Article\",\"@id\":\"https:\\\/\\\/www.copealcoy.es\\\/es\\\/designades-les-entitats-que-acompanyaran-a-ses-majestats-pels-carrers-dalcoi\\\/#article\",\"isPartOf\":{\"@id\":\"https:\\\/\\\/www.copealcoy.es\\\/es\\\/designades-les-entitats-que-acompanyaran-a-ses-majestats-pels-carrers-dalcoi\\\/\"},\"author\":{\"name\":\"Cope Alcoy\",\"@id\":\"https:\\\/\\\/www.copealcoy.es\\\/es\\\/#\\\/schema\\\/person\\\/e777c87fa024e57d40170af9df39882c\"},\"headline\":\"Designades les entitats que acompanyaran a Ses Majestats pels carrers d&#8217;Alcoi\",\"datePublished\":\"2022-11-17T13:51:52+00:00\",\"dateModified\":\"2022-11-17T14:16:03+00:00\",\"mainEntityOfPage\":{\"@id\":\"https:\\\/\\\/www.copealcoy.es\\\/es\\\/designades-les-entitats-que-acompanyaran-a-ses-majestats-pels-carrers-dalcoi\\\/\"},\"wordCount\":420,\"commentCount\":0,\"image\":{\"@id\":\"https:\\\/\\\/www.copealcoy.es\\\/es\\\/designades-les-entitats-que-acompanyaran-a-ses-majestats-pels-carrers-dalcoi\\\/#primaryimage\"},\"thumbnailUrl\":\"https:\\\/\\\/www.copealcoy.es\\\/wp-content\\\/uploads\\\/2022\\\/01\\\/271390730_7475544292471690_3626224457023669625_n.jpg\",\"keywords\":[\"Alcoi\",\"Baltassar\",\"Cavalcada de Reis\",\"entitats\",\"Gaspar\",\"Melcior\"],\"articleSection\":[\"Actualidad\",\"Alcoy\",\"Fiesta y Cultura\",\"Noticias\",\"Portada\"],\"inLanguage\":\"es\"},{\"@type\":\"WebPage\",\"@id\":\"https:\\\/\\\/www.copealcoy.es\\\/es\\\/designades-les-entitats-que-acompanyaran-a-ses-majestats-pels-carrers-dalcoi\\\/\",\"url\":\"https:\\\/\\\/www.copealcoy.es\\\/es\\\/designades-les-entitats-que-acompanyaran-a-ses-majestats-pels-carrers-dalcoi\\\/\",\"name\":\"Designades les entitats que acompanyaran a Ses Majestats pels carrers d'Alcoi - COPE Alcoy\",\"isPartOf\":{\"@id\":\"https:\\\/\\\/www.copealcoy.es\\\/es\\\/#website\"},\"primaryImageOfPage\":{\"@id\":\"https:\\\/\\\/www.copealcoy.es\\\/es\\\/designades-les-entitats-que-acompanyaran-a-ses-majestats-pels-carrers-dalcoi\\\/#primaryimage\"},\"image\":{\"@id\":\"https:\\\/\\\/www.copealcoy.es\\\/es\\\/designades-les-entitats-que-acompanyaran-a-ses-majestats-pels-carrers-dalcoi\\\/#primaryimage\"},\"thumbnailUrl\":\"https:\\\/\\\/www.copealcoy.es\\\/wp-content\\\/uploads\\\/2022\\\/01\\\/271390730_7475544292471690_3626224457023669625_n.jpg\",\"datePublished\":\"2022-11-17T13:51:52+00:00\",\"dateModified\":\"2022-11-17T14:16:03+00:00\",\"author\":{\"@id\":\"https:\\\/\\\/www.copealcoy.es\\\/es\\\/#\\\/schema\\\/person\\\/e777c87fa024e57d40170af9df39882c\"},\"breadcrumb\":{\"@id\":\"https:\\\/\\\/www.copealcoy.es\\\/es\\\/designades-les-entitats-que-acompanyaran-a-ses-majestats-pels-carrers-dalcoi\\\/#breadcrumb\"},\"inLanguage\":\"es\",\"potentialAction\":[{\"@type\":\"ReadAction\",\"target\":[\"https:\\\/\\\/www.copealcoy.es\\\/es\\\/designades-les-entitats-que-acompanyaran-a-ses-majestats-pels-carrers-dalcoi\\\/\"]}]},{\"@type\":\"ImageObject\",\"inLanguage\":\"es\",\"@id\":\"https:\\\/\\\/www.copealcoy.es\\\/es\\\/designades-les-entitats-que-acompanyaran-a-ses-majestats-pels-carrers-dalcoi\\\/#primaryimage\",\"url\":\"https:\\\/\\\/www.copealcoy.es\\\/wp-content\\\/uploads\\\/2022\\\/01\\\/271390730_7475544292471690_3626224457023669625_n.jpg\",\"contentUrl\":\"https:\\\/\\\/www.copealcoy.es\\\/wp-content\\\/uploads\\\/2022\\\/01\\\/271390730_7475544292471690_3626224457023669625_n.jpg\",\"width\":2048,\"height\":1365},{\"@type\":\"BreadcrumbList\",\"@id\":\"https:\\\/\\\/www.copealcoy.es\\\/es\\\/designades-les-entitats-que-acompanyaran-a-ses-majestats-pels-carrers-dalcoi\\\/#breadcrumb\",\"itemListElement\":[{\"@type\":\"ListItem\",\"position\":1,\"name\":\"Portada\",\"item\":\"https:\\\/\\\/www.copealcoy.es\\\/es\\\/\"},{\"@type\":\"ListItem\",\"position\":2,\"name\":\"Designades les entitats que acompanyaran a Ses Majestats pels carrers d&#8217;Alcoi\"}]},{\"@type\":\"WebSite\",\"@id\":\"https:\\\/\\\/www.copealcoy.es\\\/es\\\/#website\",\"url\":\"https:\\\/\\\/www.copealcoy.es\\\/es\\\/\",\"name\":\"COPE Alcoy\",\"description\":\"Emisora COPE de radio local con emisi\u00f3n online. Pont de Sant Jordi 8-10 03803 Alcoy\",\"potentialAction\":[{\"@type\":\"SearchAction\",\"target\":{\"@type\":\"EntryPoint\",\"urlTemplate\":\"https:\\\/\\\/www.copealcoy.es\\\/es\\\/?s={search_term_string}\"},\"query-input\":{\"@type\":\"PropertyValueSpecification\",\"valueRequired\":true,\"valueName\":\"search_term_string\"}}],\"inLanguage\":\"es\"},{\"@type\":\"Person\",\"@id\":\"https:\\\/\\\/www.copealcoy.es\\\/es\\\/#\\\/schema\\\/person\\\/e777c87fa024e57d40170af9df39882c\",\"name\":\"Cope Alcoy\",\"image\":{\"@type\":\"ImageObject\",\"inLanguage\":\"es\",\"@id\":\"https:\\\/\\\/secure.gravatar.com\\\/avatar\\\/bb65d0283347e303893ba14f0692005417c1e0e690a325a4c5d8bb2b3943ee14?s=96&d=mm&r=g\",\"url\":\"https:\\\/\\\/secure.gravatar.com\\\/avatar\\\/bb65d0283347e303893ba14f0692005417c1e0e690a325a4c5d8bb2b3943ee14?s=96&d=mm&r=g\",\"contentUrl\":\"https:\\\/\\\/secure.gravatar.com\\\/avatar\\\/bb65d0283347e303893ba14f0692005417c1e0e690a325a4c5d8bb2b3943ee14?s=96&d=mm&r=g\",\"caption\":\"Cope Alcoy\"}}]}<\/script>\n<!-- \/ Yoast SEO plugin. -->","yoast_head_json":{"title":"Designades les entitats que acompanyaran a Ses Majestats pels carrers d'Alcoi - COPE Alcoy","robots":{"index":"index","follow":"follow","max-snippet":"max-snippet:-1","max-image-preview":"max-image-preview:large","max-video-preview":"max-video-preview:-1"},"canonical":"https:\/\/www.copealcoy.es\/es\/designades-les-entitats-que-acompanyaran-a-ses-majestats-pels-carrers-dalcoi\/","og_locale":"es_ES","og_type":"article","og_title":"Designades les entitats que acompanyaran a Ses Majestats pels carrers d'Alcoi - COPE Alcoy","og_description":"L&#8217;Ajuntament d&#8217;Alcoi ha comunicat en aquest dijous les tres entitats que acompanyaran a Melcior, Gaspar i Baltasar durant la seua...","og_url":"https:\/\/www.copealcoy.es\/es\/designades-les-entitats-que-acompanyaran-a-ses-majestats-pels-carrers-dalcoi\/","og_site_name":"COPE Alcoy","article_published_time":"2022-11-17T13:51:52+00:00","article_modified_time":"2022-11-17T14:16:03+00:00","og_image":[{"width":2048,"height":1365,"url":"https:\/\/www.copealcoy.es\/wp-content\/uploads\/2022\/01\/271390730_7475544292471690_3626224457023669625_n.jpg","type":"image\/jpeg"}],"author":"Cope Alcoy","twitter_misc":{"Escrito por":"Cope Alcoy","Tiempo de lectura":"2 minutos"},"schema":{"@context":"https:\/\/schema.org","@graph":[{"@type":"Article","@id":"https:\/\/www.copealcoy.es\/es\/designades-les-entitats-que-acompanyaran-a-ses-majestats-pels-carrers-dalcoi\/#article","isPartOf":{"@id":"https:\/\/www.copealcoy.es\/es\/designades-les-entitats-que-acompanyaran-a-ses-majestats-pels-carrers-dalcoi\/"},"author":{"name":"Cope Alcoy","@id":"https:\/\/www.copealcoy.es\/es\/#\/schema\/person\/e777c87fa024e57d40170af9df39882c"},"headline":"Designades les entitats que acompanyaran a Ses Majestats pels carrers d&#8217;Alcoi","datePublished":"2022-11-17T13:51:52+00:00","dateModified":"2022-11-17T14:16:03+00:00","mainEntityOfPage":{"@id":"https:\/\/www.copealcoy.es\/es\/designades-les-entitats-que-acompanyaran-a-ses-majestats-pels-carrers-dalcoi\/"},"wordCount":420,"commentCount":0,"image":{"@id":"https:\/\/www.copealcoy.es\/es\/designades-les-entitats-que-acompanyaran-a-ses-majestats-pels-carrers-dalcoi\/#primaryimage"},"thumbnailUrl":"https:\/\/www.copealcoy.es\/wp-content\/uploads\/2022\/01\/271390730_7475544292471690_3626224457023669625_n.jpg","keywords":["Alcoi","Baltassar","Cavalcada de Reis","entitats","Gaspar","Melcior"],"articleSection":["Actualidad","Alcoy","Fiesta y Cultura","Noticias","Portada"],"inLanguage":"es"},{"@type":"WebPage","@id":"https:\/\/www.copealcoy.es\/es\/designades-les-entitats-que-acompanyaran-a-ses-majestats-pels-carrers-dalcoi\/","url":"https:\/\/www.copealcoy.es\/es\/designades-les-entitats-que-acompanyaran-a-ses-majestats-pels-carrers-dalcoi\/","name":"Designades les entitats que acompanyaran a Ses Majestats pels carrers d'Alcoi - COPE Alcoy","isPartOf":{"@id":"https:\/\/www.copealcoy.es\/es\/#website"},"primaryImageOfPage":{"@id":"https:\/\/www.copealcoy.es\/es\/designades-les-entitats-que-acompanyaran-a-ses-majestats-pels-carrers-dalcoi\/#primaryimage"},"image":{"@id":"https:\/\/www.copealcoy.es\/es\/designades-les-entitats-que-acompanyaran-a-ses-majestats-pels-carrers-dalcoi\/#primaryimage"},"thumbnailUrl":"https:\/\/www.copealcoy.es\/wp-content\/uploads\/2022\/01\/271390730_7475544292471690_3626224457023669625_n.jpg","datePublished":"2022-11-17T13:51:52+00:00","dateModified":"2022-11-17T14:16:03+00:00","author":{"@id":"https:\/\/www.copealcoy.es\/es\/#\/schema\/person\/e777c87fa024e57d40170af9df39882c"},"breadcrumb":{"@id":"https:\/\/www.copealcoy.es\/es\/designades-les-entitats-que-acompanyaran-a-ses-majestats-pels-carrers-dalcoi\/#breadcrumb"},"inLanguage":"es","potentialAction":[{"@type":"ReadAction","target":["https:\/\/www.copealcoy.es\/es\/designades-les-entitats-que-acompanyaran-a-ses-majestats-pels-carrers-dalcoi\/"]}]},{"@type":"ImageObject","inLanguage":"es","@id":"https:\/\/www.copealcoy.es\/es\/designades-les-entitats-que-acompanyaran-a-ses-majestats-pels-carrers-dalcoi\/#primaryimage","url":"https:\/\/www.copealcoy.es\/wp-content\/uploads\/2022\/01\/271390730_7475544292471690_3626224457023669625_n.jpg","contentUrl":"https:\/\/www.copealcoy.es\/wp-content\/uploads\/2022\/01\/271390730_7475544292471690_3626224457023669625_n.jpg","width":2048,"height":1365},{"@type":"BreadcrumbList","@id":"https:\/\/www.copealcoy.es\/es\/designades-les-entitats-que-acompanyaran-a-ses-majestats-pels-carrers-dalcoi\/#breadcrumb","itemListElement":[{"@type":"ListItem","position":1,"name":"Portada","item":"https:\/\/www.copealcoy.es\/es\/"},{"@type":"ListItem","position":2,"name":"Designades les entitats que acompanyaran a Ses Majestats pels carrers d&#8217;Alcoi"}]},{"@type":"WebSite","@id":"https:\/\/www.copealcoy.es\/es\/#website","url":"https:\/\/www.copealcoy.es\/es\/","name":"COPE Alcoy","description":"Emisora COPE de radio local con emisi\u00f3n online. Pont de Sant Jordi 8-10 03803 Alcoy","potentialAction":[{"@type":"SearchAction","target":{"@type":"EntryPoint","urlTemplate":"https:\/\/www.copealcoy.es\/es\/?s={search_term_string}"},"query-input":{"@type":"PropertyValueSpecification","valueRequired":true,"valueName":"search_term_string"}}],"inLanguage":"es"},{"@type":"Person","@id":"https:\/\/www.copealcoy.es\/es\/#\/schema\/person\/e777c87fa024e57d40170af9df39882c","name":"Cope Alcoy","image":{"@type":"ImageObject","inLanguage":"es","@id":"https:\/\/secure.gravatar.com\/avatar\/bb65d0283347e303893ba14f0692005417c1e0e690a325a4c5d8bb2b3943ee14?s=96&d=mm&r=g","url":"https:\/\/secure.gravatar.com\/avatar\/bb65d0283347e303893ba14f0692005417c1e0e690a325a4c5d8bb2b3943ee14?s=96&d=mm&r=g","contentUrl":"https:\/\/secure.gravatar.com\/avatar\/bb65d0283347e303893ba14f0692005417c1e0e690a325a4c5d8bb2b3943ee14?s=96&d=mm&r=g","caption":"Cope Alcoy"}}]}},"_links":{"self":[{"href":"https:\/\/www.copealcoy.es\/es\/wp-json\/wp\/v2\/posts\/94326","targetHints":{"allow":["GET"]}}],"collection":[{"href":"https:\/\/www.copealcoy.es\/es\/wp-json\/wp\/v2\/posts"}],"about":[{"href":"https:\/\/www.copealcoy.es\/es\/wp-json\/wp\/v2\/types\/post"}],"author":[{"embeddable":true,"href":"https:\/\/www.copealcoy.es\/es\/wp-json\/wp\/v2\/users\/1"}],"replies":[{"embeddable":true,"href":"https:\/\/www.copealcoy.es\/es\/wp-json\/wp\/v2\/comments?post=94326"}],"version-history":[{"count":0,"href":"https:\/\/www.copealcoy.es\/es\/wp-json\/wp\/v2\/posts\/94326\/revisions"}],"wp:featuredmedia":[{"embeddable":true,"href":"https:\/\/www.copealcoy.es\/es\/wp-json\/wp\/v2\/media\/82253"}],"wp:attachment":[{"href":"https:\/\/www.copealcoy.es\/es\/wp-json\/wp\/v2\/media?parent=94326"}],"wp:term":[{"taxonomy":"category","embeddable":true,"href":"https:\/\/www.copealcoy.es\/es\/wp-json\/wp\/v2\/categories?post=94326"},{"taxonomy":"post_tag","embeddable":true,"href":"https:\/\/www.copealcoy.es\/es\/wp-json\/wp\/v2\/tags?post=94326"}],"curies":[{"name":"wp","href":"https:\/\/api.w.org\/{rel}","templated":true}]}}