{"id":94308,"date":"2022-11-17T12:08:26","date_gmt":"2022-11-17T11:08:26","guid":{"rendered":"https:\/\/www.copealcoy.es\/?p=94308"},"modified":"2022-11-17T14:14:07","modified_gmt":"2022-11-17T13:14:07","slug":"pepe-serna-nou-president-del-consell-intertextil-espanyol","status":"publish","type":"post","link":"https:\/\/www.copealcoy.es\/es\/pepe-serna-nou-president-del-consell-intertextil-espanyol\/","title":{"rendered":"Pepe Serna, nou president del Consell Intert\u00e8xtil Espanyol"},"content":{"rendered":"<p style=\"text-align: justify;\">El <strong>Comit\u00e9 Executiu del Consell\u00a0<span class=\"hiddenSpellError\">Intert\u00e8xtil<\/span>\u00a0Espanyol (CIE)<\/strong>, reunit aquesta setmana a la ciutat de Barcelona, ha aprovat per unanimitat l&#8217;elecci\u00f3 com a president de\u00a0<strong><span class=\"hiddenSpellError\">Pepe<\/span>\u00a0<span class=\"hiddenSpellError\">Serna<\/span>\u00a0<span class=\"hiddenSpellError\">Revert<\/span><\/strong>. Aquest \u00faltim assumeix <a href=\"http:\/\/consejointertextil.com\/\"><span style=\"color: #0000ff;\"><strong>la m\u00e0xima representativitat de l&#8217;entitat<\/strong><\/span><\/a> per als pr\u00f2xims dos anys segons la informaci\u00f3 facilitada.<\/p>\n<p style=\"text-align: justify;\">Cal assenyalar que el nou president<strong> ha desenvolupat la seua carrera professional lligat a la ind\u00fastria t\u00e8xtil<\/strong> des de 1982 en diferents empreses del sector t\u00e8xtil, tant a M\u00e8xic, com a Espanya. El mar\u00e7 de 1996 <strong>fou elegit secretari general d&#8217;<span class=\"hiddenSpellError\">ATEVAL<\/span><\/strong>, Associaci\u00f3 d&#8217;Empresaris T\u00e8xtils de la Comunitat Valenciana, nomenat despr\u00e9s com a president de la mateixa entitat el juliol de 2020. Aquest c\u00e0rrec continua desenvolupant-lo en l&#8217;actualitat.<\/p>\n<p style=\"text-align: justify;\"><span class=\"hiddenSpellError\">Serna<\/span>\u00a0<strong>ha participat des de 1996 ininterrompudament com a membre del Consell\u00a0<span class=\"hiddenSpellError\">Intert\u00e8xtil<\/span>\u00a0Espanyol<\/strong>, del qual successivament, en els \u00faltims anys. Tamb\u00e9 ha sigut Gerent, Secretari General i, fins ahir mateix, Vicepresident\u00a0en l&#8217;\u00faltim mandat de\u00a0<span class=\"hiddenSpellError\">Manu<\/span>\u00a0D\u00edaz (2020-2022).<\/p>\n<p style=\"text-align: justify;\">El recentment elegit president del Comit\u00e9 Executiu del Consell\u00a0<span class=\"hiddenSpellError\">Intert\u00e8xtil<\/span>\u00a0Espanyol (CIE),\u00a0<span class=\"hiddenSpellError\">Pepe<\/span>\u00a0<span class=\"hiddenSpellError\">Serna<\/span>, <strong>ha manifestat el seu desig<\/strong> de\u00a0<span class=\"hiddenGrammarError\">&#8220;<\/span><em>projectar al Consell\u00a0<span class=\"hiddenSpellError\">Intert\u00e8xtil<\/span>\u00a0Espanyol al nivell que li correspon com a m\u00e0xim exponent de la representaci\u00f3 empresarial de la ind\u00fastria t\u00e8xtil espanyola, mantenint el full de ruta que s&#8217;ha seguit fins ara i afegint, si cap, un refor\u00e7at comprom\u00eds amb el CIE, sempre en defensa i per a la promoci\u00f3 de les empreses t\u00e8xtils espanyoles<\/em><span class=\"hiddenGrammarError\">\u201d<\/span>.\u00a0<span class=\"hiddenSpellError\">Serna<\/span>\u00a0ha volgut agrair a\u00a0<span class=\"hiddenSpellError\">Manu<\/span>\u00a0D\u00edaz <strong>l&#8217;excel\u00b7lent labor realitzada en el seu mandat<\/strong> amb el suport de la seua Secret\u00e0ria General, Marta Castells. Finalment s&#8217;ha mostrat molt il\u00b7lusionat davant aquesta funci\u00f3 que assumeix en un sector t\u00e8xtil que coneix b\u00e9 i que ara afronta nous reptes despr\u00e9s de la pand\u00e8mia de la Covid-19.<\/p>\n<p style=\"text-align: justify;\">El Comit\u00e9 Executiu del CIE tamb\u00e9 ha nomenat a <strong>Jos\u00e9\u00a0<span class=\"hiddenSpellError\">Maria<\/span>\u00a0Mestres<\/strong> (president de\u00a0<span class=\"hiddenSpellError\">Texfor<\/span>) com a vicepresident i a <strong>Salom\u00e9\u00a0<span class=\"hiddenSpellError\">Beneyto<\/span>\u00a0<\/strong>com a secret\u00e0ria general.<\/p>\n","protected":false},"excerpt":{"rendered":"<p>El Comit\u00e9 Executiu del Consell\u00a0Intert\u00e8xtil\u00a0Espanyol (CIE), reunit aquesta setmana a la ciutat de Barcelona, ha aprovat per unanimitat l&#8217;elecci\u00f3 com&#8230;<\/p>\n","protected":false},"author":1,"featured_media":63506,"comment_status":"open","ping_status":"open","sticky":false,"template":"","format":"standard","meta":{"footnotes":""},"categories":[6909,98,75],"tags":[4965,13486,11011,1479],"class_list":["post-94308","post","type-post","status-publish","format-standard","has-post-thumbnail","hentry","category-actualidad","category-comarcas","category-noticias","tag-ateval","tag-intertextil","tag-pepe-serna","tag-president"],"yoast_head":"<!-- This site is optimized with the Yoast SEO plugin v27.3 - https:\/\/yoast.com\/product\/yoast-seo-wordpress\/ -->\n<title>Pepe Serna, nou president del Consell Intert\u00e8xtil Espanyol - COPE Alcoy<\/title>\n<meta name=\"robots\" content=\"index, follow, max-snippet:-1, max-image-preview:large, max-video-preview:-1\" \/>\n<link rel=\"canonical\" href=\"https:\/\/www.copealcoy.es\/es\/pepe-serna-nou-president-del-consell-intertextil-espanyol\/\" \/>\n<meta property=\"og:locale\" content=\"es_ES\" \/>\n<meta property=\"og:type\" content=\"article\" \/>\n<meta property=\"og:title\" content=\"Pepe Serna, nou president del Consell Intert\u00e8xtil Espanyol - COPE Alcoy\" \/>\n<meta property=\"og:description\" content=\"El Comit\u00e9 Executiu del Consell\u00a0Intert\u00e8xtil\u00a0Espanyol (CIE), reunit aquesta setmana a la ciutat de Barcelona, ha aprovat per unanimitat l&#8217;elecci\u00f3 com...\" \/>\n<meta property=\"og:url\" content=\"https:\/\/www.copealcoy.es\/es\/pepe-serna-nou-president-del-consell-intertextil-espanyol\/\" \/>\n<meta property=\"og:site_name\" content=\"COPE Alcoy\" \/>\n<meta property=\"article:published_time\" content=\"2022-11-17T11:08:26+00:00\" \/>\n<meta property=\"article:modified_time\" content=\"2022-11-17T13:14:07+00:00\" \/>\n<meta property=\"og:image\" content=\"https:\/\/www.copealcoy.es\/wp-content\/uploads\/2020\/07\/ateval-presidente-728.jpg\" \/>\n\t<meta property=\"og:image:width\" content=\"728\" \/>\n\t<meta property=\"og:image:height\" content=\"345\" \/>\n\t<meta property=\"og:image:type\" content=\"image\/jpeg\" \/>\n<meta name=\"author\" content=\"Cope Alcoy\" \/>\n<meta name=\"twitter:label1\" content=\"Escrito por\" \/>\n\t<meta name=\"twitter:data1\" content=\"Cope Alcoy\" \/>\n\t<meta name=\"twitter:label2\" content=\"Tiempo de lectura\" \/>\n\t<meta name=\"twitter:data2\" content=\"2 minutos\" \/>\n<script type=\"application\/ld+json\" class=\"yoast-schema-graph\">{\"@context\":\"https:\\\/\\\/schema.org\",\"@graph\":[{\"@type\":\"Article\",\"@id\":\"https:\\\/\\\/www.copealcoy.es\\\/es\\\/pepe-serna-nou-president-del-consell-intertextil-espanyol\\\/#article\",\"isPartOf\":{\"@id\":\"https:\\\/\\\/www.copealcoy.es\\\/es\\\/pepe-serna-nou-president-del-consell-intertextil-espanyol\\\/\"},\"author\":{\"name\":\"Cope Alcoy\",\"@id\":\"https:\\\/\\\/www.copealcoy.es\\\/es\\\/#\\\/schema\\\/person\\\/e777c87fa024e57d40170af9df39882c\"},\"headline\":\"Pepe Serna, nou president del Consell Intert\u00e8xtil Espanyol\",\"datePublished\":\"2022-11-17T11:08:26+00:00\",\"dateModified\":\"2022-11-17T13:14:07+00:00\",\"mainEntityOfPage\":{\"@id\":\"https:\\\/\\\/www.copealcoy.es\\\/es\\\/pepe-serna-nou-president-del-consell-intertextil-espanyol\\\/\"},\"wordCount\":349,\"commentCount\":0,\"image\":{\"@id\":\"https:\\\/\\\/www.copealcoy.es\\\/es\\\/pepe-serna-nou-president-del-consell-intertextil-espanyol\\\/#primaryimage\"},\"thumbnailUrl\":\"https:\\\/\\\/www.copealcoy.es\\\/wp-content\\\/uploads\\\/2020\\\/07\\\/ateval-presidente-728.jpg\",\"keywords\":[\"ATEVAL\",\"Intert\u00e8xtil\",\"Pepe Serna\",\"President\"],\"articleSection\":[\"Actualidad\",\"Comarcas\",\"Noticias\"],\"inLanguage\":\"es\"},{\"@type\":\"WebPage\",\"@id\":\"https:\\\/\\\/www.copealcoy.es\\\/es\\\/pepe-serna-nou-president-del-consell-intertextil-espanyol\\\/\",\"url\":\"https:\\\/\\\/www.copealcoy.es\\\/es\\\/pepe-serna-nou-president-del-consell-intertextil-espanyol\\\/\",\"name\":\"Pepe Serna, nou president del Consell Intert\u00e8xtil Espanyol - COPE Alcoy\",\"isPartOf\":{\"@id\":\"https:\\\/\\\/www.copealcoy.es\\\/es\\\/#website\"},\"primaryImageOfPage\":{\"@id\":\"https:\\\/\\\/www.copealcoy.es\\\/es\\\/pepe-serna-nou-president-del-consell-intertextil-espanyol\\\/#primaryimage\"},\"image\":{\"@id\":\"https:\\\/\\\/www.copealcoy.es\\\/es\\\/pepe-serna-nou-president-del-consell-intertextil-espanyol\\\/#primaryimage\"},\"thumbnailUrl\":\"https:\\\/\\\/www.copealcoy.es\\\/wp-content\\\/uploads\\\/2020\\\/07\\\/ateval-presidente-728.jpg\",\"datePublished\":\"2022-11-17T11:08:26+00:00\",\"dateModified\":\"2022-11-17T13:14:07+00:00\",\"author\":{\"@id\":\"https:\\\/\\\/www.copealcoy.es\\\/es\\\/#\\\/schema\\\/person\\\/e777c87fa024e57d40170af9df39882c\"},\"breadcrumb\":{\"@id\":\"https:\\\/\\\/www.copealcoy.es\\\/es\\\/pepe-serna-nou-president-del-consell-intertextil-espanyol\\\/#breadcrumb\"},\"inLanguage\":\"es\",\"potentialAction\":[{\"@type\":\"ReadAction\",\"target\":[\"https:\\\/\\\/www.copealcoy.es\\\/es\\\/pepe-serna-nou-president-del-consell-intertextil-espanyol\\\/\"]}]},{\"@type\":\"ImageObject\",\"inLanguage\":\"es\",\"@id\":\"https:\\\/\\\/www.copealcoy.es\\\/es\\\/pepe-serna-nou-president-del-consell-intertextil-espanyol\\\/#primaryimage\",\"url\":\"https:\\\/\\\/www.copealcoy.es\\\/wp-content\\\/uploads\\\/2020\\\/07\\\/ateval-presidente-728.jpg\",\"contentUrl\":\"https:\\\/\\\/www.copealcoy.es\\\/wp-content\\\/uploads\\\/2020\\\/07\\\/ateval-presidente-728.jpg\",\"width\":728,\"height\":345,\"caption\":\"Pepe Serna ser\u00e0 el nou President d'ATEVAL\"},{\"@type\":\"BreadcrumbList\",\"@id\":\"https:\\\/\\\/www.copealcoy.es\\\/es\\\/pepe-serna-nou-president-del-consell-intertextil-espanyol\\\/#breadcrumb\",\"itemListElement\":[{\"@type\":\"ListItem\",\"position\":1,\"name\":\"Portada\",\"item\":\"https:\\\/\\\/www.copealcoy.es\\\/es\\\/\"},{\"@type\":\"ListItem\",\"position\":2,\"name\":\"Pepe Serna, nou president del Consell Intert\u00e8xtil Espanyol\"}]},{\"@type\":\"WebSite\",\"@id\":\"https:\\\/\\\/www.copealcoy.es\\\/es\\\/#website\",\"url\":\"https:\\\/\\\/www.copealcoy.es\\\/es\\\/\",\"name\":\"COPE Alcoy\",\"description\":\"Emisora COPE de radio local con emisi\u00f3n online. Pont de Sant Jordi 8-10 03803 Alcoy\",\"potentialAction\":[{\"@type\":\"SearchAction\",\"target\":{\"@type\":\"EntryPoint\",\"urlTemplate\":\"https:\\\/\\\/www.copealcoy.es\\\/es\\\/?s={search_term_string}\"},\"query-input\":{\"@type\":\"PropertyValueSpecification\",\"valueRequired\":true,\"valueName\":\"search_term_string\"}}],\"inLanguage\":\"es\"},{\"@type\":\"Person\",\"@id\":\"https:\\\/\\\/www.copealcoy.es\\\/es\\\/#\\\/schema\\\/person\\\/e777c87fa024e57d40170af9df39882c\",\"name\":\"Cope Alcoy\",\"image\":{\"@type\":\"ImageObject\",\"inLanguage\":\"es\",\"@id\":\"https:\\\/\\\/secure.gravatar.com\\\/avatar\\\/bb65d0283347e303893ba14f0692005417c1e0e690a325a4c5d8bb2b3943ee14?s=96&d=mm&r=g\",\"url\":\"https:\\\/\\\/secure.gravatar.com\\\/avatar\\\/bb65d0283347e303893ba14f0692005417c1e0e690a325a4c5d8bb2b3943ee14?s=96&d=mm&r=g\",\"contentUrl\":\"https:\\\/\\\/secure.gravatar.com\\\/avatar\\\/bb65d0283347e303893ba14f0692005417c1e0e690a325a4c5d8bb2b3943ee14?s=96&d=mm&r=g\",\"caption\":\"Cope Alcoy\"}}]}<\/script>\n<!-- \/ Yoast SEO plugin. -->","yoast_head_json":{"title":"Pepe Serna, nou president del Consell Intert\u00e8xtil Espanyol - COPE Alcoy","robots":{"index":"index","follow":"follow","max-snippet":"max-snippet:-1","max-image-preview":"max-image-preview:large","max-video-preview":"max-video-preview:-1"},"canonical":"https:\/\/www.copealcoy.es\/es\/pepe-serna-nou-president-del-consell-intertextil-espanyol\/","og_locale":"es_ES","og_type":"article","og_title":"Pepe Serna, nou president del Consell Intert\u00e8xtil Espanyol - COPE Alcoy","og_description":"El Comit\u00e9 Executiu del Consell\u00a0Intert\u00e8xtil\u00a0Espanyol (CIE), reunit aquesta setmana a la ciutat de Barcelona, ha aprovat per unanimitat l&#8217;elecci\u00f3 com...","og_url":"https:\/\/www.copealcoy.es\/es\/pepe-serna-nou-president-del-consell-intertextil-espanyol\/","og_site_name":"COPE Alcoy","article_published_time":"2022-11-17T11:08:26+00:00","article_modified_time":"2022-11-17T13:14:07+00:00","og_image":[{"width":728,"height":345,"url":"https:\/\/www.copealcoy.es\/wp-content\/uploads\/2020\/07\/ateval-presidente-728.jpg","type":"image\/jpeg"}],"author":"Cope Alcoy","twitter_misc":{"Escrito por":"Cope Alcoy","Tiempo de lectura":"2 minutos"},"schema":{"@context":"https:\/\/schema.org","@graph":[{"@type":"Article","@id":"https:\/\/www.copealcoy.es\/es\/pepe-serna-nou-president-del-consell-intertextil-espanyol\/#article","isPartOf":{"@id":"https:\/\/www.copealcoy.es\/es\/pepe-serna-nou-president-del-consell-intertextil-espanyol\/"},"author":{"name":"Cope Alcoy","@id":"https:\/\/www.copealcoy.es\/es\/#\/schema\/person\/e777c87fa024e57d40170af9df39882c"},"headline":"Pepe Serna, nou president del Consell Intert\u00e8xtil Espanyol","datePublished":"2022-11-17T11:08:26+00:00","dateModified":"2022-11-17T13:14:07+00:00","mainEntityOfPage":{"@id":"https:\/\/www.copealcoy.es\/es\/pepe-serna-nou-president-del-consell-intertextil-espanyol\/"},"wordCount":349,"commentCount":0,"image":{"@id":"https:\/\/www.copealcoy.es\/es\/pepe-serna-nou-president-del-consell-intertextil-espanyol\/#primaryimage"},"thumbnailUrl":"https:\/\/www.copealcoy.es\/wp-content\/uploads\/2020\/07\/ateval-presidente-728.jpg","keywords":["ATEVAL","Intert\u00e8xtil","Pepe Serna","President"],"articleSection":["Actualidad","Comarcas","Noticias"],"inLanguage":"es"},{"@type":"WebPage","@id":"https:\/\/www.copealcoy.es\/es\/pepe-serna-nou-president-del-consell-intertextil-espanyol\/","url":"https:\/\/www.copealcoy.es\/es\/pepe-serna-nou-president-del-consell-intertextil-espanyol\/","name":"Pepe Serna, nou president del Consell Intert\u00e8xtil Espanyol - COPE Alcoy","isPartOf":{"@id":"https:\/\/www.copealcoy.es\/es\/#website"},"primaryImageOfPage":{"@id":"https:\/\/www.copealcoy.es\/es\/pepe-serna-nou-president-del-consell-intertextil-espanyol\/#primaryimage"},"image":{"@id":"https:\/\/www.copealcoy.es\/es\/pepe-serna-nou-president-del-consell-intertextil-espanyol\/#primaryimage"},"thumbnailUrl":"https:\/\/www.copealcoy.es\/wp-content\/uploads\/2020\/07\/ateval-presidente-728.jpg","datePublished":"2022-11-17T11:08:26+00:00","dateModified":"2022-11-17T13:14:07+00:00","author":{"@id":"https:\/\/www.copealcoy.es\/es\/#\/schema\/person\/e777c87fa024e57d40170af9df39882c"},"breadcrumb":{"@id":"https:\/\/www.copealcoy.es\/es\/pepe-serna-nou-president-del-consell-intertextil-espanyol\/#breadcrumb"},"inLanguage":"es","potentialAction":[{"@type":"ReadAction","target":["https:\/\/www.copealcoy.es\/es\/pepe-serna-nou-president-del-consell-intertextil-espanyol\/"]}]},{"@type":"ImageObject","inLanguage":"es","@id":"https:\/\/www.copealcoy.es\/es\/pepe-serna-nou-president-del-consell-intertextil-espanyol\/#primaryimage","url":"https:\/\/www.copealcoy.es\/wp-content\/uploads\/2020\/07\/ateval-presidente-728.jpg","contentUrl":"https:\/\/www.copealcoy.es\/wp-content\/uploads\/2020\/07\/ateval-presidente-728.jpg","width":728,"height":345,"caption":"Pepe Serna ser\u00e0 el nou President d'ATEVAL"},{"@type":"BreadcrumbList","@id":"https:\/\/www.copealcoy.es\/es\/pepe-serna-nou-president-del-consell-intertextil-espanyol\/#breadcrumb","itemListElement":[{"@type":"ListItem","position":1,"name":"Portada","item":"https:\/\/www.copealcoy.es\/es\/"},{"@type":"ListItem","position":2,"name":"Pepe Serna, nou president del Consell Intert\u00e8xtil Espanyol"}]},{"@type":"WebSite","@id":"https:\/\/www.copealcoy.es\/es\/#website","url":"https:\/\/www.copealcoy.es\/es\/","name":"COPE Alcoy","description":"Emisora COPE de radio local con emisi\u00f3n online. Pont de Sant Jordi 8-10 03803 Alcoy","potentialAction":[{"@type":"SearchAction","target":{"@type":"EntryPoint","urlTemplate":"https:\/\/www.copealcoy.es\/es\/?s={search_term_string}"},"query-input":{"@type":"PropertyValueSpecification","valueRequired":true,"valueName":"search_term_string"}}],"inLanguage":"es"},{"@type":"Person","@id":"https:\/\/www.copealcoy.es\/es\/#\/schema\/person\/e777c87fa024e57d40170af9df39882c","name":"Cope Alcoy","image":{"@type":"ImageObject","inLanguage":"es","@id":"https:\/\/secure.gravatar.com\/avatar\/bb65d0283347e303893ba14f0692005417c1e0e690a325a4c5d8bb2b3943ee14?s=96&d=mm&r=g","url":"https:\/\/secure.gravatar.com\/avatar\/bb65d0283347e303893ba14f0692005417c1e0e690a325a4c5d8bb2b3943ee14?s=96&d=mm&r=g","contentUrl":"https:\/\/secure.gravatar.com\/avatar\/bb65d0283347e303893ba14f0692005417c1e0e690a325a4c5d8bb2b3943ee14?s=96&d=mm&r=g","caption":"Cope Alcoy"}}]}},"_links":{"self":[{"href":"https:\/\/www.copealcoy.es\/es\/wp-json\/wp\/v2\/posts\/94308","targetHints":{"allow":["GET"]}}],"collection":[{"href":"https:\/\/www.copealcoy.es\/es\/wp-json\/wp\/v2\/posts"}],"about":[{"href":"https:\/\/www.copealcoy.es\/es\/wp-json\/wp\/v2\/types\/post"}],"author":[{"embeddable":true,"href":"https:\/\/www.copealcoy.es\/es\/wp-json\/wp\/v2\/users\/1"}],"replies":[{"embeddable":true,"href":"https:\/\/www.copealcoy.es\/es\/wp-json\/wp\/v2\/comments?post=94308"}],"version-history":[{"count":0,"href":"https:\/\/www.copealcoy.es\/es\/wp-json\/wp\/v2\/posts\/94308\/revisions"}],"wp:featuredmedia":[{"embeddable":true,"href":"https:\/\/www.copealcoy.es\/es\/wp-json\/wp\/v2\/media\/63506"}],"wp:attachment":[{"href":"https:\/\/www.copealcoy.es\/es\/wp-json\/wp\/v2\/media?parent=94308"}],"wp:term":[{"taxonomy":"category","embeddable":true,"href":"https:\/\/www.copealcoy.es\/es\/wp-json\/wp\/v2\/categories?post=94308"},{"taxonomy":"post_tag","embeddable":true,"href":"https:\/\/www.copealcoy.es\/es\/wp-json\/wp\/v2\/tags?post=94308"}],"curies":[{"name":"wp","href":"https:\/\/api.w.org\/{rel}","templated":true}]}}