{"id":94283,"date":"2022-11-16T14:41:04","date_gmt":"2022-11-16T13:41:04","guid":{"rendered":"https:\/\/www.copealcoy.es\/?p=94283"},"modified":"2022-11-16T14:41:04","modified_gmt":"2022-11-16T13:41:04","slug":"cau-la-inversio-real-per-habitant-a-alcoi-pero-augmenta-el-pressupost","status":"publish","type":"post","link":"https:\/\/www.copealcoy.es\/es\/cau-la-inversio-real-per-habitant-a-alcoi-pero-augmenta-el-pressupost\/","title":{"rendered":"Cau la inversi\u00f3 real per habitant a Alcoi per\u00f2 augmenta el pressupost"},"content":{"rendered":"<p>Al <span style=\"color: #000080;\"><a style=\"color: #000080;\" href=\"https:\/\/www.ppalcoy.com\/\" target=\"_blank\" rel=\"noopener\"><strong>Partit Popular<\/strong><\/a><\/span> li preocupa la situaci\u00f3 de les inversions reals per habitant a Alcoi. <strong>Amalia Pay\u00e1<\/strong>, edil de la formaci\u00f3, criticava aquest dimarts que la xifra d&#8217;inversions caiguera a m\u00ednims en 2021. Parlem de 81,27 euros per habitant aquest \u00faltim any, enfront dels 144,65 euros de 2019. Aix\u00ed es despr\u00e9n de l&#8217;<strong>informe de la Intervenci\u00f3 Municipal<\/strong> que figura en la liquidaci\u00f3 del pressupost de 2021.<\/p>\n<p>\u201cAquestes xifres evidencien la par\u00e0lisi a la qual el Partit Socialista sotmet a Alcoi i la prec\u00e0ria situaci\u00f3 econ\u00f2mica de l&#8217;Ajuntament\u201d, sost\u00e9 Pay\u00e1. I \u00e9s que si en 2019 es van executar el 26,1% de les inversions, en 2021 aquesta xifra va disminuir al 14,44%. Per als populars aquesta situaci\u00f3 posa en risc les inversions futures al \u2018no haver-hi recursos disponibles\u2019.<\/p>\n<p>No obstant aix\u00f2, des de l&#8217;<span style=\"color: #000080;\"><a style=\"color: #000080;\" href=\"https:\/\/www.alcoi.org\/ca\/portal\/index.html\" target=\"_blank\" rel=\"noopener\"><strong>Ajuntament d&#8217;Alcoi<\/strong><\/a><\/span> mantenen que no falta diners per a executar les inversions. La regidora d&#8217;Hisenda, <strong>Vanessa Molt\u00f3<\/strong>, ha adm\u00e9s a <strong>Cope Alcoi<\/strong> que les inversions s&#8217;han alentit en l&#8217;\u00faltims anys a causa de la pand\u00e8mia per coronavirus, per\u00f2 que la quantitat pressupostada ha augmentat en un 150% respecte a 2019.<\/p>\n<p>\u201cParlem de projectes importants que s&#8217;executaran en els pr\u00f2xims anys i el Partit Popular nom\u00e9s parla de les factures que s&#8217;han pagat a final d&#8217;any. No s&#8217;han mirat totes les obres que es troben en proc\u00e9s d&#8217;execuci\u00f3, com Rodes, que compta amb al voltant de set milions d&#8217;euros\u201d, matisa Molt\u00f3.<\/p>\n<p>I, a aquestes inversions, l&#8217;edil suma les subvencions aconseguides en els \u00faltims anys d&#8217;altres Administracions, com les ajudes procedents dels <strong>Fons Europeus Next Generation<\/strong>.<\/p>\n<p><strong>Despesa per habitant<\/strong><\/p>\n<p>En el punt de mira dels populars est\u00e0 tamb\u00e9 la despesa per habitant, que en 2019 aconseguia els 1.012,53 euros i en 2021 va ser de 989,17 euros.<\/p>\n<p>Ac\u00ed Molt\u00f3 es mostra m\u00e9s contundent: \u201cAlcoi \u00e9s una de les ciutats que m\u00e9s gasta per habitant en serveis per a les persones\u201d. I recrimina als populars que s&#8217;hagen limitat a dividir la xifra total de despeses entre el nombre de ciutadans. \u201cCal tindre en compte les despeses que van en benefici de les persones. De fet, Alcoi gasta un 160.8% del que paguen els habitants en serveis, mentre que la mitjana auton\u00f2mica \u00e9s del 142,76%\u201d.<\/p>\n","protected":false},"excerpt":{"rendered":"<p>Al Partit Popular li preocupa la situaci\u00f3 de les inversions reals per habitant a Alcoi. Amalia Pay\u00e1, edil de la&#8230;<\/p>\n","protected":false},"author":1,"featured_media":76821,"comment_status":"open","ping_status":"open","sticky":false,"template":"","format":"standard","meta":{"footnotes":""},"categories":[6909,97,75,79],"tags":[7634,9728,7856],"class_list":["post-94283","post","type-post","status-publish","format-standard","has-post-thumbnail","hentry","category-actualidad","category-alcoy","category-noticias","category-politicayeconomia","tag-ajuntament-alcoi","tag-inversions","tag-partit-popular"],"yoast_head":"<!-- This site is optimized with the Yoast SEO plugin v27.3 - https:\/\/yoast.com\/product\/yoast-seo-wordpress\/ -->\n<title>Cau la inversi\u00f3 real per habitant a Alcoi per\u00f2 augmenta el pressupost - COPE Alcoy<\/title>\n<meta name=\"description\" content=\"Al Partit Popular li preocupa la situaci\u00f3 de les inversions reals per habitant a Alcoi. Amalia Pay\u00e1, edil de la formaci\u00f3, criticava aquest dimarts que la xifra d&#039;inversions caiguera a m\u00ednims en 2021. Parlem de 81,27 euros per habitant aquest \u00faltim any, enfront dels 144,65 euros de 2019. Aix\u00ed es despr\u00e9n de l&#039;informe de la Intervenci\u00f3 Municipal que figura en la liquidaci\u00f3 del pressupost de 2021.\" \/>\n<meta name=\"robots\" content=\"index, follow, max-snippet:-1, max-image-preview:large, max-video-preview:-1\" \/>\n<link rel=\"canonical\" href=\"https:\/\/www.copealcoy.es\/es\/cau-la-inversio-real-per-habitant-a-alcoi-pero-augmenta-el-pressupost\/\" \/>\n<meta property=\"og:locale\" content=\"es_ES\" \/>\n<meta property=\"og:type\" content=\"article\" \/>\n<meta property=\"og:title\" content=\"Cau la inversi\u00f3 real per habitant a Alcoi per\u00f2 augmenta el pressupost - COPE Alcoy\" \/>\n<meta property=\"og:description\" content=\"Al Partit Popular li preocupa la situaci\u00f3 de les inversions reals per habitant a Alcoi. Amalia Pay\u00e1, edil de la formaci\u00f3, criticava aquest dimarts que la xifra d&#039;inversions caiguera a m\u00ednims en 2021. Parlem de 81,27 euros per habitant aquest \u00faltim any, enfront dels 144,65 euros de 2019. Aix\u00ed es despr\u00e9n de l&#039;informe de la Intervenci\u00f3 Municipal que figura en la liquidaci\u00f3 del pressupost de 2021.\" \/>\n<meta property=\"og:url\" content=\"https:\/\/www.copealcoy.es\/es\/cau-la-inversio-real-per-habitant-a-alcoi-pero-augmenta-el-pressupost\/\" \/>\n<meta property=\"og:site_name\" content=\"COPE Alcoy\" \/>\n<meta property=\"article:published_time\" content=\"2022-11-16T13:41:04+00:00\" \/>\n<meta property=\"og:image\" content=\"https:\/\/www.copealcoy.es\/wp-content\/uploads\/2021\/08\/ajuntament-2-e1629909036832.jpg\" \/>\n\t<meta property=\"og:image:width\" content=\"960\" \/>\n\t<meta property=\"og:image:height\" content=\"532\" \/>\n\t<meta property=\"og:image:type\" content=\"image\/jpeg\" \/>\n<meta name=\"author\" content=\"Cope Alcoy\" \/>\n<meta name=\"twitter:label1\" content=\"Escrito por\" \/>\n\t<meta name=\"twitter:data1\" content=\"Cope Alcoy\" \/>\n\t<meta name=\"twitter:label2\" content=\"Tiempo de lectura\" \/>\n\t<meta name=\"twitter:data2\" content=\"2 minutos\" \/>\n<script type=\"application\/ld+json\" class=\"yoast-schema-graph\">{\"@context\":\"https:\\\/\\\/schema.org\",\"@graph\":[{\"@type\":\"Article\",\"@id\":\"https:\\\/\\\/www.copealcoy.es\\\/es\\\/cau-la-inversio-real-per-habitant-a-alcoi-pero-augmenta-el-pressupost\\\/#article\",\"isPartOf\":{\"@id\":\"https:\\\/\\\/www.copealcoy.es\\\/es\\\/cau-la-inversio-real-per-habitant-a-alcoi-pero-augmenta-el-pressupost\\\/\"},\"author\":{\"name\":\"Cope Alcoy\",\"@id\":\"https:\\\/\\\/www.copealcoy.es\\\/es\\\/#\\\/schema\\\/person\\\/e777c87fa024e57d40170af9df39882c\"},\"headline\":\"Cau la inversi\u00f3 real per habitant a Alcoi per\u00f2 augmenta el pressupost\",\"datePublished\":\"2022-11-16T13:41:04+00:00\",\"mainEntityOfPage\":{\"@id\":\"https:\\\/\\\/www.copealcoy.es\\\/es\\\/cau-la-inversio-real-per-habitant-a-alcoi-pero-augmenta-el-pressupost\\\/\"},\"wordCount\":388,\"commentCount\":0,\"image\":{\"@id\":\"https:\\\/\\\/www.copealcoy.es\\\/es\\\/cau-la-inversio-real-per-habitant-a-alcoi-pero-augmenta-el-pressupost\\\/#primaryimage\"},\"thumbnailUrl\":\"https:\\\/\\\/www.copealcoy.es\\\/wp-content\\\/uploads\\\/2021\\\/08\\\/ajuntament-2-e1629909036832.jpg\",\"keywords\":[\"Ajuntament Alcoi\",\"inversions\",\"Partit Popular\"],\"articleSection\":[\"Actualidad\",\"Alcoy\",\"Noticias\",\"Pol\u00edtica y Econom\u00eda\"],\"inLanguage\":\"es\"},{\"@type\":\"WebPage\",\"@id\":\"https:\\\/\\\/www.copealcoy.es\\\/es\\\/cau-la-inversio-real-per-habitant-a-alcoi-pero-augmenta-el-pressupost\\\/\",\"url\":\"https:\\\/\\\/www.copealcoy.es\\\/es\\\/cau-la-inversio-real-per-habitant-a-alcoi-pero-augmenta-el-pressupost\\\/\",\"name\":\"Cau la inversi\u00f3 real per habitant a Alcoi per\u00f2 augmenta el pressupost - COPE Alcoy\",\"isPartOf\":{\"@id\":\"https:\\\/\\\/www.copealcoy.es\\\/es\\\/#website\"},\"primaryImageOfPage\":{\"@id\":\"https:\\\/\\\/www.copealcoy.es\\\/es\\\/cau-la-inversio-real-per-habitant-a-alcoi-pero-augmenta-el-pressupost\\\/#primaryimage\"},\"image\":{\"@id\":\"https:\\\/\\\/www.copealcoy.es\\\/es\\\/cau-la-inversio-real-per-habitant-a-alcoi-pero-augmenta-el-pressupost\\\/#primaryimage\"},\"thumbnailUrl\":\"https:\\\/\\\/www.copealcoy.es\\\/wp-content\\\/uploads\\\/2021\\\/08\\\/ajuntament-2-e1629909036832.jpg\",\"datePublished\":\"2022-11-16T13:41:04+00:00\",\"author\":{\"@id\":\"https:\\\/\\\/www.copealcoy.es\\\/es\\\/#\\\/schema\\\/person\\\/e777c87fa024e57d40170af9df39882c\"},\"description\":\"Al Partit Popular li preocupa la situaci\u00f3 de les inversions reals per habitant a Alcoi. Amalia Pay\u00e1, edil de la formaci\u00f3, criticava aquest dimarts que la xifra d'inversions caiguera a m\u00ednims en 2021. Parlem de 81,27 euros per habitant aquest \u00faltim any, enfront dels 144,65 euros de 2019. Aix\u00ed es despr\u00e9n de l'informe de la Intervenci\u00f3 Municipal que figura en la liquidaci\u00f3 del pressupost de 2021.\",\"breadcrumb\":{\"@id\":\"https:\\\/\\\/www.copealcoy.es\\\/es\\\/cau-la-inversio-real-per-habitant-a-alcoi-pero-augmenta-el-pressupost\\\/#breadcrumb\"},\"inLanguage\":\"es\",\"potentialAction\":[{\"@type\":\"ReadAction\",\"target\":[\"https:\\\/\\\/www.copealcoy.es\\\/es\\\/cau-la-inversio-real-per-habitant-a-alcoi-pero-augmenta-el-pressupost\\\/\"]}]},{\"@type\":\"ImageObject\",\"inLanguage\":\"es\",\"@id\":\"https:\\\/\\\/www.copealcoy.es\\\/es\\\/cau-la-inversio-real-per-habitant-a-alcoi-pero-augmenta-el-pressupost\\\/#primaryimage\",\"url\":\"https:\\\/\\\/www.copealcoy.es\\\/wp-content\\\/uploads\\\/2021\\\/08\\\/ajuntament-2-e1629909036832.jpg\",\"contentUrl\":\"https:\\\/\\\/www.copealcoy.es\\\/wp-content\\\/uploads\\\/2021\\\/08\\\/ajuntament-2-e1629909036832.jpg\",\"width\":960,\"height\":532},{\"@type\":\"BreadcrumbList\",\"@id\":\"https:\\\/\\\/www.copealcoy.es\\\/es\\\/cau-la-inversio-real-per-habitant-a-alcoi-pero-augmenta-el-pressupost\\\/#breadcrumb\",\"itemListElement\":[{\"@type\":\"ListItem\",\"position\":1,\"name\":\"Portada\",\"item\":\"https:\\\/\\\/www.copealcoy.es\\\/es\\\/\"},{\"@type\":\"ListItem\",\"position\":2,\"name\":\"Cau la inversi\u00f3 real per habitant a Alcoi per\u00f2 augmenta el pressupost\"}]},{\"@type\":\"WebSite\",\"@id\":\"https:\\\/\\\/www.copealcoy.es\\\/es\\\/#website\",\"url\":\"https:\\\/\\\/www.copealcoy.es\\\/es\\\/\",\"name\":\"COPE Alcoy\",\"description\":\"Emisora COPE de radio local con emisi\u00f3n online. Pont de Sant Jordi 8-10 03803 Alcoy\",\"potentialAction\":[{\"@type\":\"SearchAction\",\"target\":{\"@type\":\"EntryPoint\",\"urlTemplate\":\"https:\\\/\\\/www.copealcoy.es\\\/es\\\/?s={search_term_string}\"},\"query-input\":{\"@type\":\"PropertyValueSpecification\",\"valueRequired\":true,\"valueName\":\"search_term_string\"}}],\"inLanguage\":\"es\"},{\"@type\":\"Person\",\"@id\":\"https:\\\/\\\/www.copealcoy.es\\\/es\\\/#\\\/schema\\\/person\\\/e777c87fa024e57d40170af9df39882c\",\"name\":\"Cope Alcoy\",\"image\":{\"@type\":\"ImageObject\",\"inLanguage\":\"es\",\"@id\":\"https:\\\/\\\/secure.gravatar.com\\\/avatar\\\/bb65d0283347e303893ba14f0692005417c1e0e690a325a4c5d8bb2b3943ee14?s=96&d=mm&r=g\",\"url\":\"https:\\\/\\\/secure.gravatar.com\\\/avatar\\\/bb65d0283347e303893ba14f0692005417c1e0e690a325a4c5d8bb2b3943ee14?s=96&d=mm&r=g\",\"contentUrl\":\"https:\\\/\\\/secure.gravatar.com\\\/avatar\\\/bb65d0283347e303893ba14f0692005417c1e0e690a325a4c5d8bb2b3943ee14?s=96&d=mm&r=g\",\"caption\":\"Cope Alcoy\"}}]}<\/script>\n<!-- \/ Yoast SEO plugin. -->","yoast_head_json":{"title":"Cau la inversi\u00f3 real per habitant a Alcoi per\u00f2 augmenta el pressupost - COPE Alcoy","description":"Al Partit Popular li preocupa la situaci\u00f3 de les inversions reals per habitant a Alcoi. Amalia Pay\u00e1, edil de la formaci\u00f3, criticava aquest dimarts que la xifra d'inversions caiguera a m\u00ednims en 2021. Parlem de 81,27 euros per habitant aquest \u00faltim any, enfront dels 144,65 euros de 2019. Aix\u00ed es despr\u00e9n de l'informe de la Intervenci\u00f3 Municipal que figura en la liquidaci\u00f3 del pressupost de 2021.","robots":{"index":"index","follow":"follow","max-snippet":"max-snippet:-1","max-image-preview":"max-image-preview:large","max-video-preview":"max-video-preview:-1"},"canonical":"https:\/\/www.copealcoy.es\/es\/cau-la-inversio-real-per-habitant-a-alcoi-pero-augmenta-el-pressupost\/","og_locale":"es_ES","og_type":"article","og_title":"Cau la inversi\u00f3 real per habitant a Alcoi per\u00f2 augmenta el pressupost - COPE Alcoy","og_description":"Al Partit Popular li preocupa la situaci\u00f3 de les inversions reals per habitant a Alcoi. Amalia Pay\u00e1, edil de la formaci\u00f3, criticava aquest dimarts que la xifra d'inversions caiguera a m\u00ednims en 2021. Parlem de 81,27 euros per habitant aquest \u00faltim any, enfront dels 144,65 euros de 2019. Aix\u00ed es despr\u00e9n de l'informe de la Intervenci\u00f3 Municipal que figura en la liquidaci\u00f3 del pressupost de 2021.","og_url":"https:\/\/www.copealcoy.es\/es\/cau-la-inversio-real-per-habitant-a-alcoi-pero-augmenta-el-pressupost\/","og_site_name":"COPE Alcoy","article_published_time":"2022-11-16T13:41:04+00:00","og_image":[{"width":960,"height":532,"url":"https:\/\/www.copealcoy.es\/wp-content\/uploads\/2021\/08\/ajuntament-2-e1629909036832.jpg","type":"image\/jpeg"}],"author":"Cope Alcoy","twitter_misc":{"Escrito por":"Cope Alcoy","Tiempo de lectura":"2 minutos"},"schema":{"@context":"https:\/\/schema.org","@graph":[{"@type":"Article","@id":"https:\/\/www.copealcoy.es\/es\/cau-la-inversio-real-per-habitant-a-alcoi-pero-augmenta-el-pressupost\/#article","isPartOf":{"@id":"https:\/\/www.copealcoy.es\/es\/cau-la-inversio-real-per-habitant-a-alcoi-pero-augmenta-el-pressupost\/"},"author":{"name":"Cope Alcoy","@id":"https:\/\/www.copealcoy.es\/es\/#\/schema\/person\/e777c87fa024e57d40170af9df39882c"},"headline":"Cau la inversi\u00f3 real per habitant a Alcoi per\u00f2 augmenta el pressupost","datePublished":"2022-11-16T13:41:04+00:00","mainEntityOfPage":{"@id":"https:\/\/www.copealcoy.es\/es\/cau-la-inversio-real-per-habitant-a-alcoi-pero-augmenta-el-pressupost\/"},"wordCount":388,"commentCount":0,"image":{"@id":"https:\/\/www.copealcoy.es\/es\/cau-la-inversio-real-per-habitant-a-alcoi-pero-augmenta-el-pressupost\/#primaryimage"},"thumbnailUrl":"https:\/\/www.copealcoy.es\/wp-content\/uploads\/2021\/08\/ajuntament-2-e1629909036832.jpg","keywords":["Ajuntament Alcoi","inversions","Partit Popular"],"articleSection":["Actualidad","Alcoy","Noticias","Pol\u00edtica y Econom\u00eda"],"inLanguage":"es"},{"@type":"WebPage","@id":"https:\/\/www.copealcoy.es\/es\/cau-la-inversio-real-per-habitant-a-alcoi-pero-augmenta-el-pressupost\/","url":"https:\/\/www.copealcoy.es\/es\/cau-la-inversio-real-per-habitant-a-alcoi-pero-augmenta-el-pressupost\/","name":"Cau la inversi\u00f3 real per habitant a Alcoi per\u00f2 augmenta el pressupost - COPE Alcoy","isPartOf":{"@id":"https:\/\/www.copealcoy.es\/es\/#website"},"primaryImageOfPage":{"@id":"https:\/\/www.copealcoy.es\/es\/cau-la-inversio-real-per-habitant-a-alcoi-pero-augmenta-el-pressupost\/#primaryimage"},"image":{"@id":"https:\/\/www.copealcoy.es\/es\/cau-la-inversio-real-per-habitant-a-alcoi-pero-augmenta-el-pressupost\/#primaryimage"},"thumbnailUrl":"https:\/\/www.copealcoy.es\/wp-content\/uploads\/2021\/08\/ajuntament-2-e1629909036832.jpg","datePublished":"2022-11-16T13:41:04+00:00","author":{"@id":"https:\/\/www.copealcoy.es\/es\/#\/schema\/person\/e777c87fa024e57d40170af9df39882c"},"description":"Al Partit Popular li preocupa la situaci\u00f3 de les inversions reals per habitant a Alcoi. Amalia Pay\u00e1, edil de la formaci\u00f3, criticava aquest dimarts que la xifra d'inversions caiguera a m\u00ednims en 2021. Parlem de 81,27 euros per habitant aquest \u00faltim any, enfront dels 144,65 euros de 2019. Aix\u00ed es despr\u00e9n de l'informe de la Intervenci\u00f3 Municipal que figura en la liquidaci\u00f3 del pressupost de 2021.","breadcrumb":{"@id":"https:\/\/www.copealcoy.es\/es\/cau-la-inversio-real-per-habitant-a-alcoi-pero-augmenta-el-pressupost\/#breadcrumb"},"inLanguage":"es","potentialAction":[{"@type":"ReadAction","target":["https:\/\/www.copealcoy.es\/es\/cau-la-inversio-real-per-habitant-a-alcoi-pero-augmenta-el-pressupost\/"]}]},{"@type":"ImageObject","inLanguage":"es","@id":"https:\/\/www.copealcoy.es\/es\/cau-la-inversio-real-per-habitant-a-alcoi-pero-augmenta-el-pressupost\/#primaryimage","url":"https:\/\/www.copealcoy.es\/wp-content\/uploads\/2021\/08\/ajuntament-2-e1629909036832.jpg","contentUrl":"https:\/\/www.copealcoy.es\/wp-content\/uploads\/2021\/08\/ajuntament-2-e1629909036832.jpg","width":960,"height":532},{"@type":"BreadcrumbList","@id":"https:\/\/www.copealcoy.es\/es\/cau-la-inversio-real-per-habitant-a-alcoi-pero-augmenta-el-pressupost\/#breadcrumb","itemListElement":[{"@type":"ListItem","position":1,"name":"Portada","item":"https:\/\/www.copealcoy.es\/es\/"},{"@type":"ListItem","position":2,"name":"Cau la inversi\u00f3 real per habitant a Alcoi per\u00f2 augmenta el pressupost"}]},{"@type":"WebSite","@id":"https:\/\/www.copealcoy.es\/es\/#website","url":"https:\/\/www.copealcoy.es\/es\/","name":"COPE Alcoy","description":"Emisora COPE de radio local con emisi\u00f3n online. Pont de Sant Jordi 8-10 03803 Alcoy","potentialAction":[{"@type":"SearchAction","target":{"@type":"EntryPoint","urlTemplate":"https:\/\/www.copealcoy.es\/es\/?s={search_term_string}"},"query-input":{"@type":"PropertyValueSpecification","valueRequired":true,"valueName":"search_term_string"}}],"inLanguage":"es"},{"@type":"Person","@id":"https:\/\/www.copealcoy.es\/es\/#\/schema\/person\/e777c87fa024e57d40170af9df39882c","name":"Cope Alcoy","image":{"@type":"ImageObject","inLanguage":"es","@id":"https:\/\/secure.gravatar.com\/avatar\/bb65d0283347e303893ba14f0692005417c1e0e690a325a4c5d8bb2b3943ee14?s=96&d=mm&r=g","url":"https:\/\/secure.gravatar.com\/avatar\/bb65d0283347e303893ba14f0692005417c1e0e690a325a4c5d8bb2b3943ee14?s=96&d=mm&r=g","contentUrl":"https:\/\/secure.gravatar.com\/avatar\/bb65d0283347e303893ba14f0692005417c1e0e690a325a4c5d8bb2b3943ee14?s=96&d=mm&r=g","caption":"Cope Alcoy"}}]}},"_links":{"self":[{"href":"https:\/\/www.copealcoy.es\/es\/wp-json\/wp\/v2\/posts\/94283","targetHints":{"allow":["GET"]}}],"collection":[{"href":"https:\/\/www.copealcoy.es\/es\/wp-json\/wp\/v2\/posts"}],"about":[{"href":"https:\/\/www.copealcoy.es\/es\/wp-json\/wp\/v2\/types\/post"}],"author":[{"embeddable":true,"href":"https:\/\/www.copealcoy.es\/es\/wp-json\/wp\/v2\/users\/1"}],"replies":[{"embeddable":true,"href":"https:\/\/www.copealcoy.es\/es\/wp-json\/wp\/v2\/comments?post=94283"}],"version-history":[{"count":0,"href":"https:\/\/www.copealcoy.es\/es\/wp-json\/wp\/v2\/posts\/94283\/revisions"}],"wp:featuredmedia":[{"embeddable":true,"href":"https:\/\/www.copealcoy.es\/es\/wp-json\/wp\/v2\/media\/76821"}],"wp:attachment":[{"href":"https:\/\/www.copealcoy.es\/es\/wp-json\/wp\/v2\/media?parent=94283"}],"wp:term":[{"taxonomy":"category","embeddable":true,"href":"https:\/\/www.copealcoy.es\/es\/wp-json\/wp\/v2\/categories?post=94283"},{"taxonomy":"post_tag","embeddable":true,"href":"https:\/\/www.copealcoy.es\/es\/wp-json\/wp\/v2\/tags?post=94283"}],"curies":[{"name":"wp","href":"https:\/\/api.w.org\/{rel}","templated":true}]}}