{"id":94260,"date":"2022-11-16T11:42:27","date_gmt":"2022-11-16T10:42:27","guid":{"rendered":"https:\/\/www.copealcoy.es\/?p=94260"},"modified":"2022-11-16T12:02:31","modified_gmt":"2022-11-16T11:02:31","slug":"benimantell-tornara-a-degustar-la-millor-olleta-de-blat","status":"publish","type":"post","link":"https:\/\/www.copealcoy.es\/es\/benimantell-tornara-a-degustar-la-millor-olleta-de-blat\/","title":{"rendered":"Benimantell tornar\u00e0 a degustar la millor Olleta de Blat"},"content":{"rendered":"<p style=\"text-align: justify;\"><a href=\"https:\/\/www.benimantell.es\/es\"><span style=\"color: #0000ff;\"><strong>Benimantell<\/strong><\/span> <\/a>es prepara per a iniciar <strong>les seues tradicionals Jornades de l&#8217;Olleta de Blat<\/strong>, una cita que arriba al poble en cada tardor i que <strong>s&#8217;ha convertit en tot un atractiu tant culinari com tur\u00edstic<\/strong> despr\u00e9s de quasi deu edicions. Aquesta setmana gastron\u00f2mica <strong>arranca el pr\u00f2xim dissabte 19 de novembre<\/strong> i estar\u00e0 en marxa durant els seg\u00fcents dies amb <strong>un ample ventall de propostes<\/strong>.<\/p>\n<p style=\"text-align: justify;\">Habitualment el dissabte, primer dia de l&#8217;esmentada setmana,<strong> t\u00e9 lloc a la pla\u00e7a major del poble la &#8220;Festa de l&#8217;Olleta de Blat&#8221;<\/strong> en la qual moltes persones acudeixen al lloc portant olles plenes d&#8217;aquest plat tan singular. A partir d&#8217;ac\u00ed <strong>tenim oportunitat de gaudir de men\u00fas especials en els restaurants del municipi<\/strong> on, entre altres viandes, el producte\u00a0estel\u00b7lar \u00e9s aquest riqu\u00edssim guisat replet d&#8217;aromes d\u2019antany.<\/p>\n<p style=\"text-align: justify;\">Des de l&#8217;Ajuntament de Benimantell expliquen que l\u2019\u00e8xit d\u2019aquesta festa <strong>radica en el seu car\u00e0cter eminentment popular i entranyable<\/strong> aix\u00ed com en <strong>la implicaci\u00f3 de la gent<\/strong>. A m\u00e9s recorden que les esmentades jornades busquen <strong>posar en valor un plat propi de la Vall de Guadalest<\/strong> &#8220;<em>l&#8217;elaboraci\u00f3 del qual suposava un treball ardu, ja que a la sembra i recol\u00b7lecci\u00f3 del blat li seguia l\u2019ancestral trillat, separar el gra de blat de la corfa i ventat, llan\u00e7ar a l\u2019aire la mescla en una zona amb brisa perqu\u00e8 l\u2019aire despla\u00e7ara la corfa i quedara solament el gra. Una vegada aconseguida la mat\u00e8ria primera del plat, s\u2019afegien altres productes locals com a fesols, penques, bledes, carn de porc, esclata-sangs i el nostre benvolgut oli d\u2019oliva<\/em>&#8220;, assenyalava en COPE ALCOI la regidora de Turisme del poble;\u00a0<strong><span class=\"hiddenSpellError\">Carmen<\/span>\u00a0<span class=\"hiddenSpellError\">Solbes<\/span><\/strong><span class=\"hiddenSpellError\">.\u00a0<\/span><\/p>\n<p style=\"text-align: justify;\">Cal assenyalar que la Vall de Guadalest <strong>\u00e9s una zona agr\u00edcola<\/strong> i entre les seues sembres ha comptat sempre amb un <strong>cereal ancestral<\/strong>, el blat, ingredient principal de l\u2019Olleta. La setmana gastron\u00f2mica <strong>acabar\u00e0 el pr\u00f2xim 27 de novembre<\/strong>.<\/p>\n","protected":false},"excerpt":{"rendered":"<p>Benimantell es prepara per a iniciar les seues tradicionals Jornades de l&#8217;Olleta de Blat, una cita que arriba al poble&#8230;<\/p>\n","protected":false},"author":1,"featured_media":94261,"comment_status":"open","ping_status":"open","sticky":false,"template":"","format":"standard","meta":{"footnotes":""},"categories":[97,98,75],"tags":[13480,13481,716,9855,13482],"class_list":["post-94260","post","type-post","status-publish","format-standard","has-post-thumbnail","hentry","category-alcoy","category-comarcas","category-noticias","tag-benimantell","tag-degustacio","tag-gastronomia","tag-jornades","tag-olleta-de-blat"],"yoast_head":"<!-- This site is optimized with the Yoast SEO plugin v27.3 - https:\/\/yoast.com\/product\/yoast-seo-wordpress\/ -->\n<title>Benimantell tornar\u00e0 a degustar la millor Olleta de Blat - COPE Alcoy<\/title>\n<meta name=\"description\" content=\"Benimantell es prepara per a iniciar les seues tradicionals Jornades de l&#039;Olleta de Blat, una cita que arriba al poble en cada tardor\" \/>\n<meta name=\"robots\" content=\"index, follow, max-snippet:-1, max-image-preview:large, max-video-preview:-1\" \/>\n<link rel=\"canonical\" href=\"https:\/\/www.copealcoy.es\/es\/benimantell-tornara-a-degustar-la-millor-olleta-de-blat\/\" \/>\n<meta property=\"og:locale\" content=\"es_ES\" \/>\n<meta property=\"og:type\" content=\"article\" \/>\n<meta property=\"og:title\" content=\"Benimantell tornar\u00e0 a degustar la millor Olleta de Blat - COPE Alcoy\" \/>\n<meta property=\"og:description\" content=\"Benimantell es prepara per a iniciar les seues tradicionals Jornades de l&#039;Olleta de Blat, una cita que arriba al poble en cada tardor\" \/>\n<meta property=\"og:url\" content=\"https:\/\/www.copealcoy.es\/es\/benimantell-tornara-a-degustar-la-millor-olleta-de-blat\/\" \/>\n<meta property=\"og:site_name\" content=\"COPE Alcoy\" \/>\n<meta property=\"article:published_time\" content=\"2022-11-16T10:42:27+00:00\" \/>\n<meta property=\"article:modified_time\" content=\"2022-11-16T11:02:31+00:00\" \/>\n<meta property=\"og:image\" content=\"https:\/\/www.copealcoy.es\/wp-content\/uploads\/2022\/11\/olleta-benimantell1.jpeg\" \/>\n\t<meta property=\"og:image:width\" content=\"1200\" \/>\n\t<meta property=\"og:image:height\" content=\"700\" \/>\n\t<meta property=\"og:image:type\" content=\"image\/jpeg\" \/>\n<meta name=\"author\" content=\"Cope Alcoy\" \/>\n<meta name=\"twitter:label1\" content=\"Escrito por\" \/>\n\t<meta name=\"twitter:data1\" content=\"Cope Alcoy\" \/>\n\t<meta name=\"twitter:label2\" content=\"Tiempo de lectura\" \/>\n\t<meta name=\"twitter:data2\" content=\"2 minutos\" \/>\n<script type=\"application\/ld+json\" class=\"yoast-schema-graph\">{\"@context\":\"https:\\\/\\\/schema.org\",\"@graph\":[{\"@type\":\"Article\",\"@id\":\"https:\\\/\\\/www.copealcoy.es\\\/es\\\/benimantell-tornara-a-degustar-la-millor-olleta-de-blat\\\/#article\",\"isPartOf\":{\"@id\":\"https:\\\/\\\/www.copealcoy.es\\\/es\\\/benimantell-tornara-a-degustar-la-millor-olleta-de-blat\\\/\"},\"author\":{\"name\":\"Cope Alcoy\",\"@id\":\"https:\\\/\\\/www.copealcoy.es\\\/es\\\/#\\\/schema\\\/person\\\/e777c87fa024e57d40170af9df39882c\"},\"headline\":\"Benimantell tornar\u00e0 a degustar la millor Olleta de Blat\",\"datePublished\":\"2022-11-16T10:42:27+00:00\",\"dateModified\":\"2022-11-16T11:02:31+00:00\",\"mainEntityOfPage\":{\"@id\":\"https:\\\/\\\/www.copealcoy.es\\\/es\\\/benimantell-tornara-a-degustar-la-millor-olleta-de-blat\\\/\"},\"wordCount\":346,\"commentCount\":0,\"image\":{\"@id\":\"https:\\\/\\\/www.copealcoy.es\\\/es\\\/benimantell-tornara-a-degustar-la-millor-olleta-de-blat\\\/#primaryimage\"},\"thumbnailUrl\":\"https:\\\/\\\/www.copealcoy.es\\\/wp-content\\\/uploads\\\/2022\\\/11\\\/olleta-benimantell1.jpeg\",\"keywords\":[\"Benimantell\",\"degustaci\u00f3\",\"Gastronom\u00eda\",\"jornades\",\"Olleta de Blat\"],\"articleSection\":[\"Alcoy\",\"Comarcas\",\"Noticias\"],\"inLanguage\":\"es\"},{\"@type\":\"WebPage\",\"@id\":\"https:\\\/\\\/www.copealcoy.es\\\/es\\\/benimantell-tornara-a-degustar-la-millor-olleta-de-blat\\\/\",\"url\":\"https:\\\/\\\/www.copealcoy.es\\\/es\\\/benimantell-tornara-a-degustar-la-millor-olleta-de-blat\\\/\",\"name\":\"Benimantell tornar\u00e0 a degustar la millor Olleta de Blat - COPE Alcoy\",\"isPartOf\":{\"@id\":\"https:\\\/\\\/www.copealcoy.es\\\/es\\\/#website\"},\"primaryImageOfPage\":{\"@id\":\"https:\\\/\\\/www.copealcoy.es\\\/es\\\/benimantell-tornara-a-degustar-la-millor-olleta-de-blat\\\/#primaryimage\"},\"image\":{\"@id\":\"https:\\\/\\\/www.copealcoy.es\\\/es\\\/benimantell-tornara-a-degustar-la-millor-olleta-de-blat\\\/#primaryimage\"},\"thumbnailUrl\":\"https:\\\/\\\/www.copealcoy.es\\\/wp-content\\\/uploads\\\/2022\\\/11\\\/olleta-benimantell1.jpeg\",\"datePublished\":\"2022-11-16T10:42:27+00:00\",\"dateModified\":\"2022-11-16T11:02:31+00:00\",\"author\":{\"@id\":\"https:\\\/\\\/www.copealcoy.es\\\/es\\\/#\\\/schema\\\/person\\\/e777c87fa024e57d40170af9df39882c\"},\"description\":\"Benimantell es prepara per a iniciar les seues tradicionals Jornades de l'Olleta de Blat, una cita que arriba al poble en cada tardor\",\"breadcrumb\":{\"@id\":\"https:\\\/\\\/www.copealcoy.es\\\/es\\\/benimantell-tornara-a-degustar-la-millor-olleta-de-blat\\\/#breadcrumb\"},\"inLanguage\":\"es\",\"potentialAction\":[{\"@type\":\"ReadAction\",\"target\":[\"https:\\\/\\\/www.copealcoy.es\\\/es\\\/benimantell-tornara-a-degustar-la-millor-olleta-de-blat\\\/\"]}]},{\"@type\":\"ImageObject\",\"inLanguage\":\"es\",\"@id\":\"https:\\\/\\\/www.copealcoy.es\\\/es\\\/benimantell-tornara-a-degustar-la-millor-olleta-de-blat\\\/#primaryimage\",\"url\":\"https:\\\/\\\/www.copealcoy.es\\\/wp-content\\\/uploads\\\/2022\\\/11\\\/olleta-benimantell1.jpeg\",\"contentUrl\":\"https:\\\/\\\/www.copealcoy.es\\\/wp-content\\\/uploads\\\/2022\\\/11\\\/olleta-benimantell1.jpeg\",\"width\":1200,\"height\":700},{\"@type\":\"BreadcrumbList\",\"@id\":\"https:\\\/\\\/www.copealcoy.es\\\/es\\\/benimantell-tornara-a-degustar-la-millor-olleta-de-blat\\\/#breadcrumb\",\"itemListElement\":[{\"@type\":\"ListItem\",\"position\":1,\"name\":\"Portada\",\"item\":\"https:\\\/\\\/www.copealcoy.es\\\/es\\\/\"},{\"@type\":\"ListItem\",\"position\":2,\"name\":\"Benimantell tornar\u00e0 a degustar la millor Olleta de Blat\"}]},{\"@type\":\"WebSite\",\"@id\":\"https:\\\/\\\/www.copealcoy.es\\\/es\\\/#website\",\"url\":\"https:\\\/\\\/www.copealcoy.es\\\/es\\\/\",\"name\":\"COPE Alcoy\",\"description\":\"Emisora COPE de radio local con emisi\u00f3n online. Pont de Sant Jordi 8-10 03803 Alcoy\",\"potentialAction\":[{\"@type\":\"SearchAction\",\"target\":{\"@type\":\"EntryPoint\",\"urlTemplate\":\"https:\\\/\\\/www.copealcoy.es\\\/es\\\/?s={search_term_string}\"},\"query-input\":{\"@type\":\"PropertyValueSpecification\",\"valueRequired\":true,\"valueName\":\"search_term_string\"}}],\"inLanguage\":\"es\"},{\"@type\":\"Person\",\"@id\":\"https:\\\/\\\/www.copealcoy.es\\\/es\\\/#\\\/schema\\\/person\\\/e777c87fa024e57d40170af9df39882c\",\"name\":\"Cope Alcoy\",\"image\":{\"@type\":\"ImageObject\",\"inLanguage\":\"es\",\"@id\":\"https:\\\/\\\/secure.gravatar.com\\\/avatar\\\/bb65d0283347e303893ba14f0692005417c1e0e690a325a4c5d8bb2b3943ee14?s=96&d=mm&r=g\",\"url\":\"https:\\\/\\\/secure.gravatar.com\\\/avatar\\\/bb65d0283347e303893ba14f0692005417c1e0e690a325a4c5d8bb2b3943ee14?s=96&d=mm&r=g\",\"contentUrl\":\"https:\\\/\\\/secure.gravatar.com\\\/avatar\\\/bb65d0283347e303893ba14f0692005417c1e0e690a325a4c5d8bb2b3943ee14?s=96&d=mm&r=g\",\"caption\":\"Cope Alcoy\"}}]}<\/script>\n<!-- \/ Yoast SEO plugin. -->","yoast_head_json":{"title":"Benimantell tornar\u00e0 a degustar la millor Olleta de Blat - COPE Alcoy","description":"Benimantell es prepara per a iniciar les seues tradicionals Jornades de l'Olleta de Blat, una cita que arriba al poble en cada tardor","robots":{"index":"index","follow":"follow","max-snippet":"max-snippet:-1","max-image-preview":"max-image-preview:large","max-video-preview":"max-video-preview:-1"},"canonical":"https:\/\/www.copealcoy.es\/es\/benimantell-tornara-a-degustar-la-millor-olleta-de-blat\/","og_locale":"es_ES","og_type":"article","og_title":"Benimantell tornar\u00e0 a degustar la millor Olleta de Blat - COPE Alcoy","og_description":"Benimantell es prepara per a iniciar les seues tradicionals Jornades de l'Olleta de Blat, una cita que arriba al poble en cada tardor","og_url":"https:\/\/www.copealcoy.es\/es\/benimantell-tornara-a-degustar-la-millor-olleta-de-blat\/","og_site_name":"COPE Alcoy","article_published_time":"2022-11-16T10:42:27+00:00","article_modified_time":"2022-11-16T11:02:31+00:00","og_image":[{"width":1200,"height":700,"url":"https:\/\/www.copealcoy.es\/wp-content\/uploads\/2022\/11\/olleta-benimantell1.jpeg","type":"image\/jpeg"}],"author":"Cope Alcoy","twitter_misc":{"Escrito por":"Cope Alcoy","Tiempo de lectura":"2 minutos"},"schema":{"@context":"https:\/\/schema.org","@graph":[{"@type":"Article","@id":"https:\/\/www.copealcoy.es\/es\/benimantell-tornara-a-degustar-la-millor-olleta-de-blat\/#article","isPartOf":{"@id":"https:\/\/www.copealcoy.es\/es\/benimantell-tornara-a-degustar-la-millor-olleta-de-blat\/"},"author":{"name":"Cope Alcoy","@id":"https:\/\/www.copealcoy.es\/es\/#\/schema\/person\/e777c87fa024e57d40170af9df39882c"},"headline":"Benimantell tornar\u00e0 a degustar la millor Olleta de Blat","datePublished":"2022-11-16T10:42:27+00:00","dateModified":"2022-11-16T11:02:31+00:00","mainEntityOfPage":{"@id":"https:\/\/www.copealcoy.es\/es\/benimantell-tornara-a-degustar-la-millor-olleta-de-blat\/"},"wordCount":346,"commentCount":0,"image":{"@id":"https:\/\/www.copealcoy.es\/es\/benimantell-tornara-a-degustar-la-millor-olleta-de-blat\/#primaryimage"},"thumbnailUrl":"https:\/\/www.copealcoy.es\/wp-content\/uploads\/2022\/11\/olleta-benimantell1.jpeg","keywords":["Benimantell","degustaci\u00f3","Gastronom\u00eda","jornades","Olleta de Blat"],"articleSection":["Alcoy","Comarcas","Noticias"],"inLanguage":"es"},{"@type":"WebPage","@id":"https:\/\/www.copealcoy.es\/es\/benimantell-tornara-a-degustar-la-millor-olleta-de-blat\/","url":"https:\/\/www.copealcoy.es\/es\/benimantell-tornara-a-degustar-la-millor-olleta-de-blat\/","name":"Benimantell tornar\u00e0 a degustar la millor Olleta de Blat - COPE Alcoy","isPartOf":{"@id":"https:\/\/www.copealcoy.es\/es\/#website"},"primaryImageOfPage":{"@id":"https:\/\/www.copealcoy.es\/es\/benimantell-tornara-a-degustar-la-millor-olleta-de-blat\/#primaryimage"},"image":{"@id":"https:\/\/www.copealcoy.es\/es\/benimantell-tornara-a-degustar-la-millor-olleta-de-blat\/#primaryimage"},"thumbnailUrl":"https:\/\/www.copealcoy.es\/wp-content\/uploads\/2022\/11\/olleta-benimantell1.jpeg","datePublished":"2022-11-16T10:42:27+00:00","dateModified":"2022-11-16T11:02:31+00:00","author":{"@id":"https:\/\/www.copealcoy.es\/es\/#\/schema\/person\/e777c87fa024e57d40170af9df39882c"},"description":"Benimantell es prepara per a iniciar les seues tradicionals Jornades de l'Olleta de Blat, una cita que arriba al poble en cada tardor","breadcrumb":{"@id":"https:\/\/www.copealcoy.es\/es\/benimantell-tornara-a-degustar-la-millor-olleta-de-blat\/#breadcrumb"},"inLanguage":"es","potentialAction":[{"@type":"ReadAction","target":["https:\/\/www.copealcoy.es\/es\/benimantell-tornara-a-degustar-la-millor-olleta-de-blat\/"]}]},{"@type":"ImageObject","inLanguage":"es","@id":"https:\/\/www.copealcoy.es\/es\/benimantell-tornara-a-degustar-la-millor-olleta-de-blat\/#primaryimage","url":"https:\/\/www.copealcoy.es\/wp-content\/uploads\/2022\/11\/olleta-benimantell1.jpeg","contentUrl":"https:\/\/www.copealcoy.es\/wp-content\/uploads\/2022\/11\/olleta-benimantell1.jpeg","width":1200,"height":700},{"@type":"BreadcrumbList","@id":"https:\/\/www.copealcoy.es\/es\/benimantell-tornara-a-degustar-la-millor-olleta-de-blat\/#breadcrumb","itemListElement":[{"@type":"ListItem","position":1,"name":"Portada","item":"https:\/\/www.copealcoy.es\/es\/"},{"@type":"ListItem","position":2,"name":"Benimantell tornar\u00e0 a degustar la millor Olleta de Blat"}]},{"@type":"WebSite","@id":"https:\/\/www.copealcoy.es\/es\/#website","url":"https:\/\/www.copealcoy.es\/es\/","name":"COPE Alcoy","description":"Emisora COPE de radio local con emisi\u00f3n online. Pont de Sant Jordi 8-10 03803 Alcoy","potentialAction":[{"@type":"SearchAction","target":{"@type":"EntryPoint","urlTemplate":"https:\/\/www.copealcoy.es\/es\/?s={search_term_string}"},"query-input":{"@type":"PropertyValueSpecification","valueRequired":true,"valueName":"search_term_string"}}],"inLanguage":"es"},{"@type":"Person","@id":"https:\/\/www.copealcoy.es\/es\/#\/schema\/person\/e777c87fa024e57d40170af9df39882c","name":"Cope Alcoy","image":{"@type":"ImageObject","inLanguage":"es","@id":"https:\/\/secure.gravatar.com\/avatar\/bb65d0283347e303893ba14f0692005417c1e0e690a325a4c5d8bb2b3943ee14?s=96&d=mm&r=g","url":"https:\/\/secure.gravatar.com\/avatar\/bb65d0283347e303893ba14f0692005417c1e0e690a325a4c5d8bb2b3943ee14?s=96&d=mm&r=g","contentUrl":"https:\/\/secure.gravatar.com\/avatar\/bb65d0283347e303893ba14f0692005417c1e0e690a325a4c5d8bb2b3943ee14?s=96&d=mm&r=g","caption":"Cope Alcoy"}}]}},"_links":{"self":[{"href":"https:\/\/www.copealcoy.es\/es\/wp-json\/wp\/v2\/posts\/94260","targetHints":{"allow":["GET"]}}],"collection":[{"href":"https:\/\/www.copealcoy.es\/es\/wp-json\/wp\/v2\/posts"}],"about":[{"href":"https:\/\/www.copealcoy.es\/es\/wp-json\/wp\/v2\/types\/post"}],"author":[{"embeddable":true,"href":"https:\/\/www.copealcoy.es\/es\/wp-json\/wp\/v2\/users\/1"}],"replies":[{"embeddable":true,"href":"https:\/\/www.copealcoy.es\/es\/wp-json\/wp\/v2\/comments?post=94260"}],"version-history":[{"count":0,"href":"https:\/\/www.copealcoy.es\/es\/wp-json\/wp\/v2\/posts\/94260\/revisions"}],"wp:featuredmedia":[{"embeddable":true,"href":"https:\/\/www.copealcoy.es\/es\/wp-json\/wp\/v2\/media\/94261"}],"wp:attachment":[{"href":"https:\/\/www.copealcoy.es\/es\/wp-json\/wp\/v2\/media?parent=94260"}],"wp:term":[{"taxonomy":"category","embeddable":true,"href":"https:\/\/www.copealcoy.es\/es\/wp-json\/wp\/v2\/categories?post=94260"},{"taxonomy":"post_tag","embeddable":true,"href":"https:\/\/www.copealcoy.es\/es\/wp-json\/wp\/v2\/tags?post=94260"}],"curies":[{"name":"wp","href":"https:\/\/api.w.org\/{rel}","templated":true}]}}