{"id":94256,"date":"2022-11-16T11:35:43","date_gmt":"2022-11-16T10:35:43","guid":{"rendered":"https:\/\/www.copealcoy.es\/?p=94256"},"modified":"2022-11-16T11:38:57","modified_gmt":"2022-11-16T10:38:57","slug":"el-consell-prorrogara-a-2023-la-baixada-de-taxes-autonomiques","status":"publish","type":"post","link":"https:\/\/www.copealcoy.es\/es\/el-consell-prorrogara-a-2023-la-baixada-de-taxes-autonomiques\/","title":{"rendered":"El Consell prorrogar\u00e0 a 2023 la baixada de taxes auton\u00f2miques"},"content":{"rendered":"<p style=\"text-align: justify;\">La <a href=\"https:\/\/www.gva.es\/va\/inicio\/presentacion\"><strong><span style=\"color: #0000ff;\">Generalitat Valenciana<\/span><\/strong><\/a> prorrogar\u00e0 entre gener i agost de 2023 <strong>la rebaixa de les taxes i preus p\u00fablics auton\u00f2mics<\/strong> establida fa uns mesos.<\/p>\n<p style=\"text-align: justify;\">Aix\u00ed ho ha anunciat el &#8216;president&#8217;, <strong>Ximo Puig<\/strong>, en la clausura de la inauguraci\u00f3 de la climera de <strong>l&#8217;Alian\u00e7a Valenciana contra la Inflaci\u00f3<\/strong>, que ha reunit patronal i sindicats, alcaldes i presidents de diputacions provincials.<\/p>\n<p style=\"text-align: justify;\">Aquesta mesura <strong>s&#8217;aprovar\u00e0 en les pr\u00f2ximes setmanes<\/strong> i <strong>entrar\u00e0 en vigor l&#8217;1 de gener fins al mes d&#8217;agost<\/strong>, quan s&#8217;avaluar\u00e0 la situaci\u00f3 de la inflaci\u00f3.<\/p>\n<p style=\"text-align: justify;\">En clau europea, <strong>Puig ha demanat<\/strong> la &#8220;<em>m\u00e0xima sensibilitat<\/em>&#8221; del Banc Central Europeu (BCE) i de la Comissi\u00f3 Europea <strong>respecte als tipus d&#8217;inter\u00e9s i les regles fiscals<\/strong>, en lloc de donar &#8220;respostes semblants&#8221; a la crisi financera de 2008.<\/p>\n<p style=\"text-align: justify;\">Generalment, ha advertit que la inflaci\u00f3 \u00e9s &#8220;<em>un virus que contagia el populisme i afecta directament als quals tenen menys oportunitats<\/em>&#8220;, per la qual cosa ha anomenat a <strong>la unitat i al di\u00e0leg social i institucional<\/strong> per a combatre&#8217;l de manera &#8220;<em>contundent<\/em>&#8221; amb &#8220;<em>tota l&#8217;acci\u00f3 p\u00fablica que fa\u00e7a falta<\/em>&#8220;.<\/p>\n<p style=\"text-align: justify;\">&#8220;<em>Per raons \u00e8tiques, econ\u00f2miques i de just\u00edcia, la lluita contra la inflaci\u00f3 ens ha d&#8217;unir a tots<\/em>&#8220;, ha reivindicat, remarcant que <strong>cada administraci\u00f3 \u00e9s conscient<\/strong> de les seues &#8220;<em>limitacions<\/em>&#8221; i que <strong>la resposta ha de ser la mateixa que en la pand\u00e8mia. <\/strong>\u00a0A m\u00e9s, ha ressaltat que <strong>les perspectives s\u00f3n cada vegada m\u00e9s positives<\/strong> en aquesta &#8220;<em>mar de dificultats<\/em>&#8220;.<\/p>\n<p style=\"text-align: justify;\"><strong><span style=\"color: #0000ff;\">Crida a un clima pol\u00edtic &#8220;no t\u00f2xic&#8221;<\/span><\/strong><\/p>\n<p style=\"text-align: justify;\">El tamb\u00e9 l\u00edder del PSPV ha reivindicat que &#8220;<em>el partidisme no t\u00e9 cabuda<\/em>&#8221; per a donar resposta a la inflaci\u00f3 i ha anomenat a &#8220;<em>un clima social i pol\u00edtic no t\u00f2xic<\/em>&#8220;.<\/p>\n<p style=\"text-align: justify;\">De cara al futur <strong>s&#8217;ha comprom\u00e9s a potenciar<\/strong> <strong>l'&#8221;alian\u00e7a&#8221; iniciada en 2015<\/strong> amb els ajuntaments, gr\u00e0cies als fons municipalistes posats en marxa per la Generalitat: el de cooperaci\u00f3 &#8220;<em>amb l&#8217;ajuda de les diputacions de Castell\u00f3 i Val\u00e8ncia&#8221; &#8211;la d&#8217;Alacant va rebutjar sumar-se&#8211;, el de municipis tur\u00edstics, el de despoblaci\u00f3 i el nou per a prevenir incendis. &#8220;El municipalisme \u00e9s creatiu i podem replicar el que funciona<\/em>&#8220;, ha dit.<\/p>\n<p style=\"text-align: justify;\">I com a balan\u00e7 ha reiterat que el Consell va adoptar mesures &#8220;<em>des del primer moment<\/em>&#8221; per a donar resposta a la inflaci\u00f3, com la rebaixa de les taxes universit\u00e0ries, les ajudes directes a aut\u00f2noms, la reforma fiscal i &#8220;<em>el transport p\u00fablic m\u00e9s barat d&#8217;Espanya i gratis per als joves<\/em>&#8220;.<\/p>\n","protected":false},"excerpt":{"rendered":"<p>La Generalitat Valenciana prorrogar\u00e0 entre gener i agost de 2023 la rebaixa de les taxes i preus p\u00fablics auton\u00f2mics establida&#8230;<\/p>\n","protected":false},"author":1,"featured_media":70029,"comment_status":"open","ping_status":"open","sticky":false,"template":"","format":"standard","meta":{"footnotes":""},"categories":[6909,98,75],"tags":[9670,994,12822,13479],"class_list":["post-94256","post","type-post","status-publish","format-standard","has-post-thumbnail","hentry","category-actualidad","category-comarcas","category-noticias","tag-baixada","tag-generalitat-valenciana","tag-preus","tag-taxes-autonomiques"],"yoast_head":"<!-- This site is optimized with the Yoast SEO plugin v27.3 - https:\/\/yoast.com\/product\/yoast-seo-wordpress\/ -->\n<title>El Consell prorrogar\u00e0 a 2023 la baixada de taxes auton\u00f2miques - COPE Alcoy<\/title>\n<meta name=\"robots\" content=\"index, follow, max-snippet:-1, max-image-preview:large, max-video-preview:-1\" \/>\n<link rel=\"canonical\" href=\"https:\/\/www.copealcoy.es\/es\/el-consell-prorrogara-a-2023-la-baixada-de-taxes-autonomiques\/\" \/>\n<meta property=\"og:locale\" content=\"es_ES\" \/>\n<meta property=\"og:type\" content=\"article\" \/>\n<meta property=\"og:title\" content=\"El Consell prorrogar\u00e0 a 2023 la baixada de taxes auton\u00f2miques - COPE Alcoy\" \/>\n<meta property=\"og:description\" content=\"La Generalitat Valenciana prorrogar\u00e0 entre gener i agost de 2023 la rebaixa de les taxes i preus p\u00fablics auton\u00f2mics establida...\" \/>\n<meta property=\"og:url\" content=\"https:\/\/www.copealcoy.es\/es\/el-consell-prorrogara-a-2023-la-baixada-de-taxes-autonomiques\/\" \/>\n<meta property=\"og:site_name\" content=\"COPE Alcoy\" \/>\n<meta property=\"article:published_time\" content=\"2022-11-16T10:35:43+00:00\" \/>\n<meta property=\"article:modified_time\" content=\"2022-11-16T10:38:57+00:00\" \/>\n<meta property=\"og:image\" content=\"https:\/\/www.copealcoy.es\/wp-content\/uploads\/2021\/01\/palaugeneralitat-k80G-624x385@Las-Provincias.jpg\" \/>\n\t<meta property=\"og:image:width\" content=\"623\" \/>\n\t<meta property=\"og:image:height\" content=\"385\" \/>\n\t<meta property=\"og:image:type\" content=\"image\/jpeg\" \/>\n<meta name=\"author\" content=\"Cope Alcoy\" \/>\n<meta name=\"twitter:label1\" content=\"Escrito por\" \/>\n\t<meta name=\"twitter:data1\" content=\"Cope Alcoy\" \/>\n\t<meta name=\"twitter:label2\" content=\"Tiempo de lectura\" \/>\n\t<meta name=\"twitter:data2\" content=\"2 minutos\" \/>\n<script type=\"application\/ld+json\" class=\"yoast-schema-graph\">{\"@context\":\"https:\\\/\\\/schema.org\",\"@graph\":[{\"@type\":\"Article\",\"@id\":\"https:\\\/\\\/www.copealcoy.es\\\/es\\\/el-consell-prorrogara-a-2023-la-baixada-de-taxes-autonomiques\\\/#article\",\"isPartOf\":{\"@id\":\"https:\\\/\\\/www.copealcoy.es\\\/es\\\/el-consell-prorrogara-a-2023-la-baixada-de-taxes-autonomiques\\\/\"},\"author\":{\"name\":\"Cope Alcoy\",\"@id\":\"https:\\\/\\\/www.copealcoy.es\\\/es\\\/#\\\/schema\\\/person\\\/e777c87fa024e57d40170af9df39882c\"},\"headline\":\"El Consell prorrogar\u00e0 a 2023 la baixada de taxes auton\u00f2miques\",\"datePublished\":\"2022-11-16T10:35:43+00:00\",\"dateModified\":\"2022-11-16T10:38:57+00:00\",\"mainEntityOfPage\":{\"@id\":\"https:\\\/\\\/www.copealcoy.es\\\/es\\\/el-consell-prorrogara-a-2023-la-baixada-de-taxes-autonomiques\\\/\"},\"wordCount\":435,\"commentCount\":0,\"image\":{\"@id\":\"https:\\\/\\\/www.copealcoy.es\\\/es\\\/el-consell-prorrogara-a-2023-la-baixada-de-taxes-autonomiques\\\/#primaryimage\"},\"thumbnailUrl\":\"https:\\\/\\\/www.copealcoy.es\\\/wp-content\\\/uploads\\\/2021\\\/01\\\/palaugeneralitat-k80G-624x385@Las-Provincias.jpg\",\"keywords\":[\"baixada\",\"Generalitat Valenciana\",\"preus\",\"taxes auton\u00f2miques\"],\"articleSection\":[\"Actualidad\",\"Comarcas\",\"Noticias\"],\"inLanguage\":\"es\"},{\"@type\":\"WebPage\",\"@id\":\"https:\\\/\\\/www.copealcoy.es\\\/es\\\/el-consell-prorrogara-a-2023-la-baixada-de-taxes-autonomiques\\\/\",\"url\":\"https:\\\/\\\/www.copealcoy.es\\\/es\\\/el-consell-prorrogara-a-2023-la-baixada-de-taxes-autonomiques\\\/\",\"name\":\"El Consell prorrogar\u00e0 a 2023 la baixada de taxes auton\u00f2miques - COPE Alcoy\",\"isPartOf\":{\"@id\":\"https:\\\/\\\/www.copealcoy.es\\\/es\\\/#website\"},\"primaryImageOfPage\":{\"@id\":\"https:\\\/\\\/www.copealcoy.es\\\/es\\\/el-consell-prorrogara-a-2023-la-baixada-de-taxes-autonomiques\\\/#primaryimage\"},\"image\":{\"@id\":\"https:\\\/\\\/www.copealcoy.es\\\/es\\\/el-consell-prorrogara-a-2023-la-baixada-de-taxes-autonomiques\\\/#primaryimage\"},\"thumbnailUrl\":\"https:\\\/\\\/www.copealcoy.es\\\/wp-content\\\/uploads\\\/2021\\\/01\\\/palaugeneralitat-k80G-624x385@Las-Provincias.jpg\",\"datePublished\":\"2022-11-16T10:35:43+00:00\",\"dateModified\":\"2022-11-16T10:38:57+00:00\",\"author\":{\"@id\":\"https:\\\/\\\/www.copealcoy.es\\\/es\\\/#\\\/schema\\\/person\\\/e777c87fa024e57d40170af9df39882c\"},\"breadcrumb\":{\"@id\":\"https:\\\/\\\/www.copealcoy.es\\\/es\\\/el-consell-prorrogara-a-2023-la-baixada-de-taxes-autonomiques\\\/#breadcrumb\"},\"inLanguage\":\"es\",\"potentialAction\":[{\"@type\":\"ReadAction\",\"target\":[\"https:\\\/\\\/www.copealcoy.es\\\/es\\\/el-consell-prorrogara-a-2023-la-baixada-de-taxes-autonomiques\\\/\"]}]},{\"@type\":\"ImageObject\",\"inLanguage\":\"es\",\"@id\":\"https:\\\/\\\/www.copealcoy.es\\\/es\\\/el-consell-prorrogara-a-2023-la-baixada-de-taxes-autonomiques\\\/#primaryimage\",\"url\":\"https:\\\/\\\/www.copealcoy.es\\\/wp-content\\\/uploads\\\/2021\\\/01\\\/palaugeneralitat-k80G-624x385@Las-Provincias.jpg\",\"contentUrl\":\"https:\\\/\\\/www.copealcoy.es\\\/wp-content\\\/uploads\\\/2021\\\/01\\\/palaugeneralitat-k80G-624x385@Las-Provincias.jpg\",\"width\":623,\"height\":385},{\"@type\":\"BreadcrumbList\",\"@id\":\"https:\\\/\\\/www.copealcoy.es\\\/es\\\/el-consell-prorrogara-a-2023-la-baixada-de-taxes-autonomiques\\\/#breadcrumb\",\"itemListElement\":[{\"@type\":\"ListItem\",\"position\":1,\"name\":\"Portada\",\"item\":\"https:\\\/\\\/www.copealcoy.es\\\/es\\\/\"},{\"@type\":\"ListItem\",\"position\":2,\"name\":\"El Consell prorrogar\u00e0 a 2023 la baixada de taxes auton\u00f2miques\"}]},{\"@type\":\"WebSite\",\"@id\":\"https:\\\/\\\/www.copealcoy.es\\\/es\\\/#website\",\"url\":\"https:\\\/\\\/www.copealcoy.es\\\/es\\\/\",\"name\":\"COPE Alcoy\",\"description\":\"Emisora COPE de radio local con emisi\u00f3n online. Pont de Sant Jordi 8-10 03803 Alcoy\",\"potentialAction\":[{\"@type\":\"SearchAction\",\"target\":{\"@type\":\"EntryPoint\",\"urlTemplate\":\"https:\\\/\\\/www.copealcoy.es\\\/es\\\/?s={search_term_string}\"},\"query-input\":{\"@type\":\"PropertyValueSpecification\",\"valueRequired\":true,\"valueName\":\"search_term_string\"}}],\"inLanguage\":\"es\"},{\"@type\":\"Person\",\"@id\":\"https:\\\/\\\/www.copealcoy.es\\\/es\\\/#\\\/schema\\\/person\\\/e777c87fa024e57d40170af9df39882c\",\"name\":\"Cope Alcoy\",\"image\":{\"@type\":\"ImageObject\",\"inLanguage\":\"es\",\"@id\":\"https:\\\/\\\/secure.gravatar.com\\\/avatar\\\/bb65d0283347e303893ba14f0692005417c1e0e690a325a4c5d8bb2b3943ee14?s=96&d=mm&r=g\",\"url\":\"https:\\\/\\\/secure.gravatar.com\\\/avatar\\\/bb65d0283347e303893ba14f0692005417c1e0e690a325a4c5d8bb2b3943ee14?s=96&d=mm&r=g\",\"contentUrl\":\"https:\\\/\\\/secure.gravatar.com\\\/avatar\\\/bb65d0283347e303893ba14f0692005417c1e0e690a325a4c5d8bb2b3943ee14?s=96&d=mm&r=g\",\"caption\":\"Cope Alcoy\"}}]}<\/script>\n<!-- \/ Yoast SEO plugin. -->","yoast_head_json":{"title":"El Consell prorrogar\u00e0 a 2023 la baixada de taxes auton\u00f2miques - COPE Alcoy","robots":{"index":"index","follow":"follow","max-snippet":"max-snippet:-1","max-image-preview":"max-image-preview:large","max-video-preview":"max-video-preview:-1"},"canonical":"https:\/\/www.copealcoy.es\/es\/el-consell-prorrogara-a-2023-la-baixada-de-taxes-autonomiques\/","og_locale":"es_ES","og_type":"article","og_title":"El Consell prorrogar\u00e0 a 2023 la baixada de taxes auton\u00f2miques - COPE Alcoy","og_description":"La Generalitat Valenciana prorrogar\u00e0 entre gener i agost de 2023 la rebaixa de les taxes i preus p\u00fablics auton\u00f2mics establida...","og_url":"https:\/\/www.copealcoy.es\/es\/el-consell-prorrogara-a-2023-la-baixada-de-taxes-autonomiques\/","og_site_name":"COPE Alcoy","article_published_time":"2022-11-16T10:35:43+00:00","article_modified_time":"2022-11-16T10:38:57+00:00","og_image":[{"width":623,"height":385,"url":"https:\/\/www.copealcoy.es\/wp-content\/uploads\/2021\/01\/palaugeneralitat-k80G-624x385@Las-Provincias.jpg","type":"image\/jpeg"}],"author":"Cope Alcoy","twitter_misc":{"Escrito por":"Cope Alcoy","Tiempo de lectura":"2 minutos"},"schema":{"@context":"https:\/\/schema.org","@graph":[{"@type":"Article","@id":"https:\/\/www.copealcoy.es\/es\/el-consell-prorrogara-a-2023-la-baixada-de-taxes-autonomiques\/#article","isPartOf":{"@id":"https:\/\/www.copealcoy.es\/es\/el-consell-prorrogara-a-2023-la-baixada-de-taxes-autonomiques\/"},"author":{"name":"Cope Alcoy","@id":"https:\/\/www.copealcoy.es\/es\/#\/schema\/person\/e777c87fa024e57d40170af9df39882c"},"headline":"El Consell prorrogar\u00e0 a 2023 la baixada de taxes auton\u00f2miques","datePublished":"2022-11-16T10:35:43+00:00","dateModified":"2022-11-16T10:38:57+00:00","mainEntityOfPage":{"@id":"https:\/\/www.copealcoy.es\/es\/el-consell-prorrogara-a-2023-la-baixada-de-taxes-autonomiques\/"},"wordCount":435,"commentCount":0,"image":{"@id":"https:\/\/www.copealcoy.es\/es\/el-consell-prorrogara-a-2023-la-baixada-de-taxes-autonomiques\/#primaryimage"},"thumbnailUrl":"https:\/\/www.copealcoy.es\/wp-content\/uploads\/2021\/01\/palaugeneralitat-k80G-624x385@Las-Provincias.jpg","keywords":["baixada","Generalitat Valenciana","preus","taxes auton\u00f2miques"],"articleSection":["Actualidad","Comarcas","Noticias"],"inLanguage":"es"},{"@type":"WebPage","@id":"https:\/\/www.copealcoy.es\/es\/el-consell-prorrogara-a-2023-la-baixada-de-taxes-autonomiques\/","url":"https:\/\/www.copealcoy.es\/es\/el-consell-prorrogara-a-2023-la-baixada-de-taxes-autonomiques\/","name":"El Consell prorrogar\u00e0 a 2023 la baixada de taxes auton\u00f2miques - COPE Alcoy","isPartOf":{"@id":"https:\/\/www.copealcoy.es\/es\/#website"},"primaryImageOfPage":{"@id":"https:\/\/www.copealcoy.es\/es\/el-consell-prorrogara-a-2023-la-baixada-de-taxes-autonomiques\/#primaryimage"},"image":{"@id":"https:\/\/www.copealcoy.es\/es\/el-consell-prorrogara-a-2023-la-baixada-de-taxes-autonomiques\/#primaryimage"},"thumbnailUrl":"https:\/\/www.copealcoy.es\/wp-content\/uploads\/2021\/01\/palaugeneralitat-k80G-624x385@Las-Provincias.jpg","datePublished":"2022-11-16T10:35:43+00:00","dateModified":"2022-11-16T10:38:57+00:00","author":{"@id":"https:\/\/www.copealcoy.es\/es\/#\/schema\/person\/e777c87fa024e57d40170af9df39882c"},"breadcrumb":{"@id":"https:\/\/www.copealcoy.es\/es\/el-consell-prorrogara-a-2023-la-baixada-de-taxes-autonomiques\/#breadcrumb"},"inLanguage":"es","potentialAction":[{"@type":"ReadAction","target":["https:\/\/www.copealcoy.es\/es\/el-consell-prorrogara-a-2023-la-baixada-de-taxes-autonomiques\/"]}]},{"@type":"ImageObject","inLanguage":"es","@id":"https:\/\/www.copealcoy.es\/es\/el-consell-prorrogara-a-2023-la-baixada-de-taxes-autonomiques\/#primaryimage","url":"https:\/\/www.copealcoy.es\/wp-content\/uploads\/2021\/01\/palaugeneralitat-k80G-624x385@Las-Provincias.jpg","contentUrl":"https:\/\/www.copealcoy.es\/wp-content\/uploads\/2021\/01\/palaugeneralitat-k80G-624x385@Las-Provincias.jpg","width":623,"height":385},{"@type":"BreadcrumbList","@id":"https:\/\/www.copealcoy.es\/es\/el-consell-prorrogara-a-2023-la-baixada-de-taxes-autonomiques\/#breadcrumb","itemListElement":[{"@type":"ListItem","position":1,"name":"Portada","item":"https:\/\/www.copealcoy.es\/es\/"},{"@type":"ListItem","position":2,"name":"El Consell prorrogar\u00e0 a 2023 la baixada de taxes auton\u00f2miques"}]},{"@type":"WebSite","@id":"https:\/\/www.copealcoy.es\/es\/#website","url":"https:\/\/www.copealcoy.es\/es\/","name":"COPE Alcoy","description":"Emisora COPE de radio local con emisi\u00f3n online. Pont de Sant Jordi 8-10 03803 Alcoy","potentialAction":[{"@type":"SearchAction","target":{"@type":"EntryPoint","urlTemplate":"https:\/\/www.copealcoy.es\/es\/?s={search_term_string}"},"query-input":{"@type":"PropertyValueSpecification","valueRequired":true,"valueName":"search_term_string"}}],"inLanguage":"es"},{"@type":"Person","@id":"https:\/\/www.copealcoy.es\/es\/#\/schema\/person\/e777c87fa024e57d40170af9df39882c","name":"Cope Alcoy","image":{"@type":"ImageObject","inLanguage":"es","@id":"https:\/\/secure.gravatar.com\/avatar\/bb65d0283347e303893ba14f0692005417c1e0e690a325a4c5d8bb2b3943ee14?s=96&d=mm&r=g","url":"https:\/\/secure.gravatar.com\/avatar\/bb65d0283347e303893ba14f0692005417c1e0e690a325a4c5d8bb2b3943ee14?s=96&d=mm&r=g","contentUrl":"https:\/\/secure.gravatar.com\/avatar\/bb65d0283347e303893ba14f0692005417c1e0e690a325a4c5d8bb2b3943ee14?s=96&d=mm&r=g","caption":"Cope Alcoy"}}]}},"_links":{"self":[{"href":"https:\/\/www.copealcoy.es\/es\/wp-json\/wp\/v2\/posts\/94256","targetHints":{"allow":["GET"]}}],"collection":[{"href":"https:\/\/www.copealcoy.es\/es\/wp-json\/wp\/v2\/posts"}],"about":[{"href":"https:\/\/www.copealcoy.es\/es\/wp-json\/wp\/v2\/types\/post"}],"author":[{"embeddable":true,"href":"https:\/\/www.copealcoy.es\/es\/wp-json\/wp\/v2\/users\/1"}],"replies":[{"embeddable":true,"href":"https:\/\/www.copealcoy.es\/es\/wp-json\/wp\/v2\/comments?post=94256"}],"version-history":[{"count":0,"href":"https:\/\/www.copealcoy.es\/es\/wp-json\/wp\/v2\/posts\/94256\/revisions"}],"wp:featuredmedia":[{"embeddable":true,"href":"https:\/\/www.copealcoy.es\/es\/wp-json\/wp\/v2\/media\/70029"}],"wp:attachment":[{"href":"https:\/\/www.copealcoy.es\/es\/wp-json\/wp\/v2\/media?parent=94256"}],"wp:term":[{"taxonomy":"category","embeddable":true,"href":"https:\/\/www.copealcoy.es\/es\/wp-json\/wp\/v2\/categories?post=94256"},{"taxonomy":"post_tag","embeddable":true,"href":"https:\/\/www.copealcoy.es\/es\/wp-json\/wp\/v2\/tags?post=94256"}],"curies":[{"name":"wp","href":"https:\/\/api.w.org\/{rel}","templated":true}]}}