{"id":94214,"date":"2022-11-15T11:10:15","date_gmt":"2022-11-15T10:10:15","guid":{"rendered":"https:\/\/www.copealcoy.es\/?p=94214"},"modified":"2022-11-15T11:33:50","modified_gmt":"2022-11-15T10:33:50","slug":"compromis-presenta-a-cesar-palmer-com-a-candidat-a-lalcaldia-de-lalqueria-dasnar","status":"publish","type":"post","link":"https:\/\/www.copealcoy.es\/es\/compromis-presenta-a-cesar-palmer-com-a-candidat-a-lalcaldia-de-lalqueria-dasnar\/","title":{"rendered":"Comprom\u00eds presenta a C\u00e8sar Palmer com a candidat a l&#8217;alcaldia de l&#8217;Alqueria d&#8217;Asnar"},"content":{"rendered":"<p style=\"text-align: justify;\">Comprom\u00eds refor\u00e7a la seua pres\u00e8ncia a <strong>les nostres comarques<\/strong> i concorrer\u00e0 a <strong>les Eleccions Municipals<\/strong> en la localitat de <a href=\"https:\/\/www.facebook.com\/lalqueriadasnar\"><strong><span style=\"color: #0000ff;\">l&#8217;Alqueria d&#8217;Asnar<\/span><\/strong><\/a>. El candidat a l&#8217;alcaldia ser\u00e0 <strong>C\u00e8sar Palmer<\/strong> i la seua presentaci\u00f3 <strong>va tindre lloc la passada setmana<\/strong>, amb la pres\u00e8ncia del diputat <strong>Joan Baldov\u00ed<\/strong>, la portaveu de Comprom\u00eds <strong>\u00c0gueda Mic\u00f3<\/strong>, i la secret\u00e0ria de comunicaci\u00f3\u00a0<strong><span class=\"hiddenSpellError\">Saray<\/span>\u00a0<span class=\"hiddenSpellError\">Gonz\u00e0lez<\/span><\/strong>. A l\u2019acte van assistir vora <strong>150 ve\u00efnes i ve\u00efns<\/strong>.<\/p>\n<p style=\"text-align: justify;\">El diputat Joan Baldov\u00ed i futur candidat a la presid\u00e8ncia de la Generalitat va destacar<strong> la necessitat d\u2019una for\u00e7a com Comprom\u00eds en la defensa dels interessos de les valencianes i valencians<\/strong>; &#8220;<em>nosaltres sols \u00e9s devem a la gent del Pa\u00eds valenci\u00e0, som persones que treballem per dur els problemes de la gent dels pobles all\u00e0 on estem representant-los, siga el Congr\u00e9s, a Madrid, la Generalitat, o els Ajuntaments m\u00e9s menuts&#8221;, va comentar en aquest sentit el mateix Baldov\u00ed. Per altra banda la portaveu \u00c0gueda Mic\u00f3 va fer refer\u00e8ncia al fet que el municipalisme era part fonamental de l\u2019ADN del partit, i que especialment tots dos &#8220;havien comen\u00e7at en pobles menuts lluitant per les necessitats dels seus ve\u00efns i de les seues ve\u00efnes<\/em>&#8220;, va concloure.<\/p>\n<p style=\"text-align: justify;\">L&#8217;alcaldable va agrair el suport rebut pel seu entorn m\u00e9s pr\u00f2xim, i tamb\u00e9 pel partit, <strong>de cara a fer el pas de ser candidat en els comicis de maig<\/strong>. Tamb\u00e9 va manifestar quins seran <strong>els seus principals objectius<\/strong> &#8220;<em>el projecte de Comprom\u00eds a l\u2019Alqueria d\u2019Asnar \u2013 comenta el candidat C\u00e8sar Palmer- t\u00e9 com a eix principal la transpar\u00e8ncia i la participaci\u00f3 de totes les ve\u00efnes i ve\u00efns, volem aportar una visi\u00f3 m\u00e9s transparent dels comptes p\u00fablics, d&#8217;on van els diners. Igualment volem que l\u2019Alqueria d\u2019Asnar tinga unes connexions adequades a les seues necessitats, sempre des d\u2019una perspectiva de la transici\u00f3 ecol\u00f2gica cap a un transport menys contaminant. Anirem en les nostres demandes on siga necessari, tant a la Mancomunitat, a la Diputaci\u00f3 i a la Conselleria<\/em>&#8220;, afirmava <strong>C\u00e8sar Palmer<\/strong>.<\/p>\n<p style=\"text-align: justify;\">L&#8217;acte va finalitzar amb les paraules de\u00a0<strong><span class=\"hiddenSpellError\">Saray<\/span>\u00a0<span class=\"hiddenSpellError\">Gonz\u00e0lez<\/span><\/strong>. Aquesta \u00faltima va donar unes pinzellades del <strong>projecte social i cultural de Comprom\u00eds<\/strong> per a l\u2019Alqueria &#8220;<em>volem que les associacions formen part important de les activitats del poble, no podem girar l\u2019esquena a la cultura i les tradicions tan arrelades a l\u2019Alqueria, l\u2019administraci\u00f3 local ha d\u2019ajudar-los, no posar entrebancs. Igualment la lluita contra la bretxa digital en les persones majors, i el foment de les relacions intergeneracionals, part fonamental del nostre poble<\/em>&#8220;, va concloure.<\/p>\n","protected":false},"excerpt":{"rendered":"<p>Comprom\u00eds refor\u00e7a la seua pres\u00e8ncia a les nostres comarques i concorrer\u00e0 a les Eleccions Municipals en la localitat de l&#8217;Alqueria&#8230;<\/p>\n","protected":false},"author":1,"featured_media":94215,"comment_status":"open","ping_status":"open","sticky":false,"template":"","format":"standard","meta":{"footnotes":""},"categories":[6909,98,75],"tags":[804,4681,13224,13471,13229],"class_list":["post-94214","post","type-post","status-publish","format-standard","has-post-thumbnail","hentry","category-actualidad","category-comarcas","category-noticias","tag-alcaldia","tag-alqueria-dasnar","tag-candidat","tag-cesar-palmer","tag-eleccions-municipals"],"yoast_head":"<!-- This site is optimized with the Yoast SEO plugin v27.3 - https:\/\/yoast.com\/product\/yoast-seo-wordpress\/ -->\n<title>Comprom\u00eds presenta a C\u00e8sar Palmer com a candidat a l&#039;alcaldia de l&#039;Alqueria d&#039;Asnar - COPE Alcoy<\/title>\n<meta name=\"description\" content=\"C\u00e8sar Palmer ha fet el pas i ha sigut escollit com a candidat a l&#039;alcaldia de l&#039;Alqueria d&#039;Asnar en les Eleccions Municipals\" \/>\n<meta name=\"robots\" content=\"index, follow, max-snippet:-1, max-image-preview:large, max-video-preview:-1\" \/>\n<link rel=\"canonical\" href=\"https:\/\/www.copealcoy.es\/es\/compromis-presenta-a-cesar-palmer-com-a-candidat-a-lalcaldia-de-lalqueria-dasnar\/\" \/>\n<meta property=\"og:locale\" content=\"es_ES\" \/>\n<meta property=\"og:type\" content=\"article\" \/>\n<meta property=\"og:title\" content=\"Comprom\u00eds presenta a C\u00e8sar Palmer com a candidat a l&#039;alcaldia de l&#039;Alqueria d&#039;Asnar - COPE Alcoy\" \/>\n<meta property=\"og:description\" content=\"C\u00e8sar Palmer ha fet el pas i ha sigut escollit com a candidat a l&#039;alcaldia de l&#039;Alqueria d&#039;Asnar en les Eleccions Municipals\" \/>\n<meta property=\"og:url\" content=\"https:\/\/www.copealcoy.es\/es\/compromis-presenta-a-cesar-palmer-com-a-candidat-a-lalcaldia-de-lalqueria-dasnar\/\" \/>\n<meta property=\"og:site_name\" content=\"COPE Alcoy\" \/>\n<meta property=\"article:published_time\" content=\"2022-11-15T10:10:15+00:00\" \/>\n<meta property=\"article:modified_time\" content=\"2022-11-15T10:33:50+00:00\" \/>\n<meta property=\"og:image\" content=\"https:\/\/www.copealcoy.es\/wp-content\/uploads\/2022\/11\/314410582_187729767085792_3023300667922187889_n-e1668507640465.jpg\" \/>\n\t<meta property=\"og:image:width\" content=\"640\" \/>\n\t<meta property=\"og:image:height\" content=\"295\" \/>\n\t<meta property=\"og:image:type\" content=\"image\/jpeg\" \/>\n<meta name=\"author\" content=\"Cope Alcoy\" \/>\n<meta name=\"twitter:label1\" content=\"Escrito por\" \/>\n\t<meta name=\"twitter:data1\" content=\"Cope Alcoy\" \/>\n\t<meta name=\"twitter:label2\" content=\"Tiempo de lectura\" \/>\n\t<meta name=\"twitter:data2\" content=\"2 minutos\" \/>\n<script type=\"application\/ld+json\" class=\"yoast-schema-graph\">{\"@context\":\"https:\\\/\\\/schema.org\",\"@graph\":[{\"@type\":\"Article\",\"@id\":\"https:\\\/\\\/www.copealcoy.es\\\/es\\\/compromis-presenta-a-cesar-palmer-com-a-candidat-a-lalcaldia-de-lalqueria-dasnar\\\/#article\",\"isPartOf\":{\"@id\":\"https:\\\/\\\/www.copealcoy.es\\\/es\\\/compromis-presenta-a-cesar-palmer-com-a-candidat-a-lalcaldia-de-lalqueria-dasnar\\\/\"},\"author\":{\"name\":\"Cope Alcoy\",\"@id\":\"https:\\\/\\\/www.copealcoy.es\\\/es\\\/#\\\/schema\\\/person\\\/e777c87fa024e57d40170af9df39882c\"},\"headline\":\"Comprom\u00eds presenta a C\u00e8sar Palmer com a candidat a l&#8217;alcaldia de l&#8217;Alqueria d&#8217;Asnar\",\"datePublished\":\"2022-11-15T10:10:15+00:00\",\"dateModified\":\"2022-11-15T10:33:50+00:00\",\"mainEntityOfPage\":{\"@id\":\"https:\\\/\\\/www.copealcoy.es\\\/es\\\/compromis-presenta-a-cesar-palmer-com-a-candidat-a-lalcaldia-de-lalqueria-dasnar\\\/\"},\"wordCount\":471,\"commentCount\":0,\"image\":{\"@id\":\"https:\\\/\\\/www.copealcoy.es\\\/es\\\/compromis-presenta-a-cesar-palmer-com-a-candidat-a-lalcaldia-de-lalqueria-dasnar\\\/#primaryimage\"},\"thumbnailUrl\":\"https:\\\/\\\/www.copealcoy.es\\\/wp-content\\\/uploads\\\/2022\\\/11\\\/314410582_187729767085792_3023300667922187889_n-e1668507640465.jpg\",\"keywords\":[\"alcald\u00eda\",\"Alquer\u00eda d\u00b4Asnar\",\"candidat\",\"C\u00e9sar Palmer\",\"Eleccions Municipals\"],\"articleSection\":[\"Actualidad\",\"Comarcas\",\"Noticias\"],\"inLanguage\":\"es\"},{\"@type\":\"WebPage\",\"@id\":\"https:\\\/\\\/www.copealcoy.es\\\/es\\\/compromis-presenta-a-cesar-palmer-com-a-candidat-a-lalcaldia-de-lalqueria-dasnar\\\/\",\"url\":\"https:\\\/\\\/www.copealcoy.es\\\/es\\\/compromis-presenta-a-cesar-palmer-com-a-candidat-a-lalcaldia-de-lalqueria-dasnar\\\/\",\"name\":\"Comprom\u00eds presenta a C\u00e8sar Palmer com a candidat a l'alcaldia de l'Alqueria d'Asnar - COPE Alcoy\",\"isPartOf\":{\"@id\":\"https:\\\/\\\/www.copealcoy.es\\\/es\\\/#website\"},\"primaryImageOfPage\":{\"@id\":\"https:\\\/\\\/www.copealcoy.es\\\/es\\\/compromis-presenta-a-cesar-palmer-com-a-candidat-a-lalcaldia-de-lalqueria-dasnar\\\/#primaryimage\"},\"image\":{\"@id\":\"https:\\\/\\\/www.copealcoy.es\\\/es\\\/compromis-presenta-a-cesar-palmer-com-a-candidat-a-lalcaldia-de-lalqueria-dasnar\\\/#primaryimage\"},\"thumbnailUrl\":\"https:\\\/\\\/www.copealcoy.es\\\/wp-content\\\/uploads\\\/2022\\\/11\\\/314410582_187729767085792_3023300667922187889_n-e1668507640465.jpg\",\"datePublished\":\"2022-11-15T10:10:15+00:00\",\"dateModified\":\"2022-11-15T10:33:50+00:00\",\"author\":{\"@id\":\"https:\\\/\\\/www.copealcoy.es\\\/es\\\/#\\\/schema\\\/person\\\/e777c87fa024e57d40170af9df39882c\"},\"description\":\"C\u00e8sar Palmer ha fet el pas i ha sigut escollit com a candidat a l'alcaldia de l'Alqueria d'Asnar en les Eleccions Municipals\",\"breadcrumb\":{\"@id\":\"https:\\\/\\\/www.copealcoy.es\\\/es\\\/compromis-presenta-a-cesar-palmer-com-a-candidat-a-lalcaldia-de-lalqueria-dasnar\\\/#breadcrumb\"},\"inLanguage\":\"es\",\"potentialAction\":[{\"@type\":\"ReadAction\",\"target\":[\"https:\\\/\\\/www.copealcoy.es\\\/es\\\/compromis-presenta-a-cesar-palmer-com-a-candidat-a-lalcaldia-de-lalqueria-dasnar\\\/\"]}]},{\"@type\":\"ImageObject\",\"inLanguage\":\"es\",\"@id\":\"https:\\\/\\\/www.copealcoy.es\\\/es\\\/compromis-presenta-a-cesar-palmer-com-a-candidat-a-lalcaldia-de-lalqueria-dasnar\\\/#primaryimage\",\"url\":\"https:\\\/\\\/www.copealcoy.es\\\/wp-content\\\/uploads\\\/2022\\\/11\\\/314410582_187729767085792_3023300667922187889_n-e1668507640465.jpg\",\"contentUrl\":\"https:\\\/\\\/www.copealcoy.es\\\/wp-content\\\/uploads\\\/2022\\\/11\\\/314410582_187729767085792_3023300667922187889_n-e1668507640465.jpg\",\"width\":640,\"height\":295},{\"@type\":\"BreadcrumbList\",\"@id\":\"https:\\\/\\\/www.copealcoy.es\\\/es\\\/compromis-presenta-a-cesar-palmer-com-a-candidat-a-lalcaldia-de-lalqueria-dasnar\\\/#breadcrumb\",\"itemListElement\":[{\"@type\":\"ListItem\",\"position\":1,\"name\":\"Portada\",\"item\":\"https:\\\/\\\/www.copealcoy.es\\\/es\\\/\"},{\"@type\":\"ListItem\",\"position\":2,\"name\":\"Comprom\u00eds presenta a C\u00e8sar Palmer com a candidat a l&#8217;alcaldia de l&#8217;Alqueria d&#8217;Asnar\"}]},{\"@type\":\"WebSite\",\"@id\":\"https:\\\/\\\/www.copealcoy.es\\\/es\\\/#website\",\"url\":\"https:\\\/\\\/www.copealcoy.es\\\/es\\\/\",\"name\":\"COPE Alcoy\",\"description\":\"Emisora COPE de radio local con emisi\u00f3n online. Pont de Sant Jordi 8-10 03803 Alcoy\",\"potentialAction\":[{\"@type\":\"SearchAction\",\"target\":{\"@type\":\"EntryPoint\",\"urlTemplate\":\"https:\\\/\\\/www.copealcoy.es\\\/es\\\/?s={search_term_string}\"},\"query-input\":{\"@type\":\"PropertyValueSpecification\",\"valueRequired\":true,\"valueName\":\"search_term_string\"}}],\"inLanguage\":\"es\"},{\"@type\":\"Person\",\"@id\":\"https:\\\/\\\/www.copealcoy.es\\\/es\\\/#\\\/schema\\\/person\\\/e777c87fa024e57d40170af9df39882c\",\"name\":\"Cope Alcoy\",\"image\":{\"@type\":\"ImageObject\",\"inLanguage\":\"es\",\"@id\":\"https:\\\/\\\/secure.gravatar.com\\\/avatar\\\/bb65d0283347e303893ba14f0692005417c1e0e690a325a4c5d8bb2b3943ee14?s=96&d=mm&r=g\",\"url\":\"https:\\\/\\\/secure.gravatar.com\\\/avatar\\\/bb65d0283347e303893ba14f0692005417c1e0e690a325a4c5d8bb2b3943ee14?s=96&d=mm&r=g\",\"contentUrl\":\"https:\\\/\\\/secure.gravatar.com\\\/avatar\\\/bb65d0283347e303893ba14f0692005417c1e0e690a325a4c5d8bb2b3943ee14?s=96&d=mm&r=g\",\"caption\":\"Cope Alcoy\"}}]}<\/script>\n<!-- \/ Yoast SEO plugin. -->","yoast_head_json":{"title":"Comprom\u00eds presenta a C\u00e8sar Palmer com a candidat a l'alcaldia de l'Alqueria d'Asnar - COPE Alcoy","description":"C\u00e8sar Palmer ha fet el pas i ha sigut escollit com a candidat a l'alcaldia de l'Alqueria d'Asnar en les Eleccions Municipals","robots":{"index":"index","follow":"follow","max-snippet":"max-snippet:-1","max-image-preview":"max-image-preview:large","max-video-preview":"max-video-preview:-1"},"canonical":"https:\/\/www.copealcoy.es\/es\/compromis-presenta-a-cesar-palmer-com-a-candidat-a-lalcaldia-de-lalqueria-dasnar\/","og_locale":"es_ES","og_type":"article","og_title":"Comprom\u00eds presenta a C\u00e8sar Palmer com a candidat a l'alcaldia de l'Alqueria d'Asnar - COPE Alcoy","og_description":"C\u00e8sar Palmer ha fet el pas i ha sigut escollit com a candidat a l'alcaldia de l'Alqueria d'Asnar en les Eleccions Municipals","og_url":"https:\/\/www.copealcoy.es\/es\/compromis-presenta-a-cesar-palmer-com-a-candidat-a-lalcaldia-de-lalqueria-dasnar\/","og_site_name":"COPE Alcoy","article_published_time":"2022-11-15T10:10:15+00:00","article_modified_time":"2022-11-15T10:33:50+00:00","og_image":[{"width":640,"height":295,"url":"https:\/\/www.copealcoy.es\/wp-content\/uploads\/2022\/11\/314410582_187729767085792_3023300667922187889_n-e1668507640465.jpg","type":"image\/jpeg"}],"author":"Cope Alcoy","twitter_misc":{"Escrito por":"Cope Alcoy","Tiempo de lectura":"2 minutos"},"schema":{"@context":"https:\/\/schema.org","@graph":[{"@type":"Article","@id":"https:\/\/www.copealcoy.es\/es\/compromis-presenta-a-cesar-palmer-com-a-candidat-a-lalcaldia-de-lalqueria-dasnar\/#article","isPartOf":{"@id":"https:\/\/www.copealcoy.es\/es\/compromis-presenta-a-cesar-palmer-com-a-candidat-a-lalcaldia-de-lalqueria-dasnar\/"},"author":{"name":"Cope Alcoy","@id":"https:\/\/www.copealcoy.es\/es\/#\/schema\/person\/e777c87fa024e57d40170af9df39882c"},"headline":"Comprom\u00eds presenta a C\u00e8sar Palmer com a candidat a l&#8217;alcaldia de l&#8217;Alqueria d&#8217;Asnar","datePublished":"2022-11-15T10:10:15+00:00","dateModified":"2022-11-15T10:33:50+00:00","mainEntityOfPage":{"@id":"https:\/\/www.copealcoy.es\/es\/compromis-presenta-a-cesar-palmer-com-a-candidat-a-lalcaldia-de-lalqueria-dasnar\/"},"wordCount":471,"commentCount":0,"image":{"@id":"https:\/\/www.copealcoy.es\/es\/compromis-presenta-a-cesar-palmer-com-a-candidat-a-lalcaldia-de-lalqueria-dasnar\/#primaryimage"},"thumbnailUrl":"https:\/\/www.copealcoy.es\/wp-content\/uploads\/2022\/11\/314410582_187729767085792_3023300667922187889_n-e1668507640465.jpg","keywords":["alcald\u00eda","Alquer\u00eda d\u00b4Asnar","candidat","C\u00e9sar Palmer","Eleccions Municipals"],"articleSection":["Actualidad","Comarcas","Noticias"],"inLanguage":"es"},{"@type":"WebPage","@id":"https:\/\/www.copealcoy.es\/es\/compromis-presenta-a-cesar-palmer-com-a-candidat-a-lalcaldia-de-lalqueria-dasnar\/","url":"https:\/\/www.copealcoy.es\/es\/compromis-presenta-a-cesar-palmer-com-a-candidat-a-lalcaldia-de-lalqueria-dasnar\/","name":"Comprom\u00eds presenta a C\u00e8sar Palmer com a candidat a l'alcaldia de l'Alqueria d'Asnar - COPE Alcoy","isPartOf":{"@id":"https:\/\/www.copealcoy.es\/es\/#website"},"primaryImageOfPage":{"@id":"https:\/\/www.copealcoy.es\/es\/compromis-presenta-a-cesar-palmer-com-a-candidat-a-lalcaldia-de-lalqueria-dasnar\/#primaryimage"},"image":{"@id":"https:\/\/www.copealcoy.es\/es\/compromis-presenta-a-cesar-palmer-com-a-candidat-a-lalcaldia-de-lalqueria-dasnar\/#primaryimage"},"thumbnailUrl":"https:\/\/www.copealcoy.es\/wp-content\/uploads\/2022\/11\/314410582_187729767085792_3023300667922187889_n-e1668507640465.jpg","datePublished":"2022-11-15T10:10:15+00:00","dateModified":"2022-11-15T10:33:50+00:00","author":{"@id":"https:\/\/www.copealcoy.es\/es\/#\/schema\/person\/e777c87fa024e57d40170af9df39882c"},"description":"C\u00e8sar Palmer ha fet el pas i ha sigut escollit com a candidat a l'alcaldia de l'Alqueria d'Asnar en les Eleccions Municipals","breadcrumb":{"@id":"https:\/\/www.copealcoy.es\/es\/compromis-presenta-a-cesar-palmer-com-a-candidat-a-lalcaldia-de-lalqueria-dasnar\/#breadcrumb"},"inLanguage":"es","potentialAction":[{"@type":"ReadAction","target":["https:\/\/www.copealcoy.es\/es\/compromis-presenta-a-cesar-palmer-com-a-candidat-a-lalcaldia-de-lalqueria-dasnar\/"]}]},{"@type":"ImageObject","inLanguage":"es","@id":"https:\/\/www.copealcoy.es\/es\/compromis-presenta-a-cesar-palmer-com-a-candidat-a-lalcaldia-de-lalqueria-dasnar\/#primaryimage","url":"https:\/\/www.copealcoy.es\/wp-content\/uploads\/2022\/11\/314410582_187729767085792_3023300667922187889_n-e1668507640465.jpg","contentUrl":"https:\/\/www.copealcoy.es\/wp-content\/uploads\/2022\/11\/314410582_187729767085792_3023300667922187889_n-e1668507640465.jpg","width":640,"height":295},{"@type":"BreadcrumbList","@id":"https:\/\/www.copealcoy.es\/es\/compromis-presenta-a-cesar-palmer-com-a-candidat-a-lalcaldia-de-lalqueria-dasnar\/#breadcrumb","itemListElement":[{"@type":"ListItem","position":1,"name":"Portada","item":"https:\/\/www.copealcoy.es\/es\/"},{"@type":"ListItem","position":2,"name":"Comprom\u00eds presenta a C\u00e8sar Palmer com a candidat a l&#8217;alcaldia de l&#8217;Alqueria d&#8217;Asnar"}]},{"@type":"WebSite","@id":"https:\/\/www.copealcoy.es\/es\/#website","url":"https:\/\/www.copealcoy.es\/es\/","name":"COPE Alcoy","description":"Emisora COPE de radio local con emisi\u00f3n online. Pont de Sant Jordi 8-10 03803 Alcoy","potentialAction":[{"@type":"SearchAction","target":{"@type":"EntryPoint","urlTemplate":"https:\/\/www.copealcoy.es\/es\/?s={search_term_string}"},"query-input":{"@type":"PropertyValueSpecification","valueRequired":true,"valueName":"search_term_string"}}],"inLanguage":"es"},{"@type":"Person","@id":"https:\/\/www.copealcoy.es\/es\/#\/schema\/person\/e777c87fa024e57d40170af9df39882c","name":"Cope Alcoy","image":{"@type":"ImageObject","inLanguage":"es","@id":"https:\/\/secure.gravatar.com\/avatar\/bb65d0283347e303893ba14f0692005417c1e0e690a325a4c5d8bb2b3943ee14?s=96&d=mm&r=g","url":"https:\/\/secure.gravatar.com\/avatar\/bb65d0283347e303893ba14f0692005417c1e0e690a325a4c5d8bb2b3943ee14?s=96&d=mm&r=g","contentUrl":"https:\/\/secure.gravatar.com\/avatar\/bb65d0283347e303893ba14f0692005417c1e0e690a325a4c5d8bb2b3943ee14?s=96&d=mm&r=g","caption":"Cope Alcoy"}}]}},"_links":{"self":[{"href":"https:\/\/www.copealcoy.es\/es\/wp-json\/wp\/v2\/posts\/94214","targetHints":{"allow":["GET"]}}],"collection":[{"href":"https:\/\/www.copealcoy.es\/es\/wp-json\/wp\/v2\/posts"}],"about":[{"href":"https:\/\/www.copealcoy.es\/es\/wp-json\/wp\/v2\/types\/post"}],"author":[{"embeddable":true,"href":"https:\/\/www.copealcoy.es\/es\/wp-json\/wp\/v2\/users\/1"}],"replies":[{"embeddable":true,"href":"https:\/\/www.copealcoy.es\/es\/wp-json\/wp\/v2\/comments?post=94214"}],"version-history":[{"count":0,"href":"https:\/\/www.copealcoy.es\/es\/wp-json\/wp\/v2\/posts\/94214\/revisions"}],"wp:featuredmedia":[{"embeddable":true,"href":"https:\/\/www.copealcoy.es\/es\/wp-json\/wp\/v2\/media\/94215"}],"wp:attachment":[{"href":"https:\/\/www.copealcoy.es\/es\/wp-json\/wp\/v2\/media?parent=94214"}],"wp:term":[{"taxonomy":"category","embeddable":true,"href":"https:\/\/www.copealcoy.es\/es\/wp-json\/wp\/v2\/categories?post=94214"},{"taxonomy":"post_tag","embeddable":true,"href":"https:\/\/www.copealcoy.es\/es\/wp-json\/wp\/v2\/tags?post=94214"}],"curies":[{"name":"wp","href":"https:\/\/api.w.org\/{rel}","templated":true}]}}