{"id":94162,"date":"2022-11-14T11:00:10","date_gmt":"2022-11-14T10:00:10","guid":{"rendered":"https:\/\/www.copealcoy.es\/?p=94162"},"modified":"2022-11-14T18:52:13","modified_gmt":"2022-11-14T17:52:13","slug":"repunten-els-ingressos-hospitalaris-per-covid-en-la-comunitat-valenciana","status":"publish","type":"post","link":"https:\/\/www.copealcoy.es\/es\/repunten-els-ingressos-hospitalaris-per-covid-en-la-comunitat-valenciana\/","title":{"rendered":"Repunten els ingressos hospitalaris per covid en la Comunitat Valenciana"},"content":{"rendered":"<p style=\"text-align: justify;\">La Comunitat Valenciana ha registrat un total de <strong>2.139 nous casos de Coronavirus<\/strong> confirmats i <strong>huit morts des de l&#8217;\u00faltima actualitzaci\u00f3<\/strong> del passat divendres, segons dades de la Conselleria de Sanitat Universal.<\/p>\n<p style=\"text-align: justify;\">Dels nous casos, 301 s\u00f3n a la prov\u00edncia de Castell\u00f3 (193.076 en total), <strong>500 a Alacant (530.420 en total)<\/strong> i 1.338 a Val\u00e8ncia (842.038 en total). Per edats, <strong>1.239 s\u00f3n de persones majors de 60 anys<\/strong>. Per prov\u00edncies: 191 de Castell\u00f3,<strong> 313 d&#8217;Alacant<\/strong> i 735 de Val\u00e8ncia.<\/p>\n<p style=\"text-align: justify;\">Els <strong>hospitals valencians<\/strong> tenen actualment 284 persones ingressades &#8211;11 m\u00e9s que fa una setmana&#8211;, 16 d&#8217;elles en l&#8217;UCI &#8211;quatre menys&#8211;: 43 a la prov\u00edncia de Castell\u00f3, 5 en UCI; <strong>73 a la prov\u00edncia d&#8217;Alacant<\/strong>, 3 d&#8217;elles en l&#8217;UCI, i 168 a la prov\u00edncia de Val\u00e8ncia, 8 en UCI.<\/p>\n<p style=\"text-align: justify;\">Aix\u00ed mateix,<strong> s&#8217;han notificat huit defuncions per Coronavirus<\/strong> des de l&#8217;\u00faltima actualitzaci\u00f3, tots amb data de defunci\u00f3 en els \u00faltims 7 dies excepte un cas de setembre. Es tracta de cinc dones d&#8217;entre 51 i 88 anys i tres homes d&#8217;entre 66 i 90. El total de decessos des de l&#8217;inici de la pand\u00e8mia ascendeix a 10.143: 1.206 a la prov\u00edncia de Castell\u00f3, 3.868 en la d&#8217;Alacant i 5.069 en la de Val\u00e8ncia.<\/p>\n<p><strong><span style=\"color: #0000ff;\">Continua la vacunaci\u00f3 contra la grip<\/span><\/strong><\/p>\n<p style=\"text-align: justify;\">La\u00a0<strong>campanya antigripal d\u2019enguany<\/strong>\u00a0va arrancar el passat 17 d\u2019octubre i, com en l\u2019anterior,\u00a0<strong>s\u2019est\u00e0 simultanejant amb l\u2019administraci\u00f3 de la vacuna del Coronavirus<\/strong>\u00a0per als qui tenen indicada la doble immunitzaci\u00f3 -ara s\u2019est\u00e0 posant la segona dosi de record contra la Covid 19-. D\u2019aquesta manera, quan la persona t\u00e9 prescrita les dues vacunes, s\u2019inoculen alhora (una en cada bra\u00e7).<\/p>\n<p style=\"text-align: justify;\">Els col\u00b7lectius\u00a0<strong>per als quals est\u00e0 pautada<\/strong>\u00a0la vacuna antigripal no han variat. Es tracta de\u00a0<strong>majors de 65 anys<\/strong>\u00a0(74.603 dosis administrades),\u00a0<strong>dones embarassades<\/strong>\u00a0o que\u00a0<strong>acaben de donar a llum<\/strong>\u00a0(1.389) o\u00a0<strong>persones que tenen risc de patir complicacions<\/strong>\u00a0si es contagien, aix\u00ed com els seus convivents.<\/p>\n<p style=\"text-align: justify;\">En aquest \u00faltim grup es troben\u00a0<strong>els menors i adults amb malalties cr\u00f2niques cardiovasculars, neurol\u00f2giques o respirat\u00f2ries, aix\u00ed com persones amb diabetis mellitus, obesitat m\u00f2rbida, neopl\u00e0sies, implant coclear, malaltia cel\u00edaca o malaltia inflamat\u00f2ria cr\u00f2nica<\/strong>, entre altres, ha indicat la\u00a0<span style=\"color: #0000ff;\"><a style=\"color: #0000ff;\" href=\"http:\/\/www.san.gva.es\/\"><strong>Generalitat Valenciana<\/strong><\/a>\u00a0<\/span>en un comunicat.<\/p>\n<p style=\"text-align: justify;\">La vacuna de la grip\u00a0<strong>tamb\u00e9 est\u00e0 indicada per al personal sanitari i sociosanitari<\/strong>.<\/p>\n","protected":false},"excerpt":{"rendered":"<p>La Comunitat Valenciana ha registrat un total de 2.139 nous casos de Coronavirus confirmats i huit morts des de l&#8217;\u00faltima&#8230;<\/p>\n","protected":false},"author":1,"featured_media":83773,"comment_status":"open","ping_status":"open","sticky":false,"template":"","format":"standard","meta":{"footnotes":""},"categories":[6909,75,79],"tags":[9624,7281,7397,7477],"class_list":["post-94162","post","type-post","status-publish","format-standard","has-post-thumbnail","hentry","category-actualidad","category-noticias","category-politicayeconomia","tag-contagis","tag-coronavirus","tag-covid-19","tag-pandemia"],"yoast_head":"<!-- This site is optimized with the Yoast SEO plugin v27.3 - https:\/\/yoast.com\/product\/yoast-seo-wordpress\/ -->\n<title>Repunten els ingressos hospitalaris per covid en la Comunitat Valenciana - COPE Alcoy<\/title>\n<meta name=\"description\" content=\"La Comunitat Valenciana ha registrat un total de 2.139 nous casos de Coronavirus confirmats i huit morts des de l&#039;\u00faltima actualitzaci\u00f3\" \/>\n<meta name=\"robots\" content=\"index, follow, max-snippet:-1, max-image-preview:large, max-video-preview:-1\" \/>\n<link rel=\"canonical\" href=\"https:\/\/www.copealcoy.es\/es\/repunten-els-ingressos-hospitalaris-per-covid-en-la-comunitat-valenciana\/\" \/>\n<meta property=\"og:locale\" content=\"es_ES\" \/>\n<meta property=\"og:type\" content=\"article\" \/>\n<meta property=\"og:title\" content=\"Repunten els ingressos hospitalaris per covid en la Comunitat Valenciana - COPE Alcoy\" \/>\n<meta property=\"og:description\" content=\"La Comunitat Valenciana ha registrat un total de 2.139 nous casos de Coronavirus confirmats i huit morts des de l&#039;\u00faltima actualitzaci\u00f3\" \/>\n<meta property=\"og:url\" content=\"https:\/\/www.copealcoy.es\/es\/repunten-els-ingressos-hospitalaris-per-covid-en-la-comunitat-valenciana\/\" \/>\n<meta property=\"og:site_name\" content=\"COPE Alcoy\" \/>\n<meta property=\"article:published_time\" content=\"2022-11-14T10:00:10+00:00\" \/>\n<meta property=\"article:modified_time\" content=\"2022-11-14T17:52:13+00:00\" \/>\n<meta property=\"og:image\" content=\"https:\/\/www.copealcoy.es\/wp-content\/uploads\/2022\/02\/1630671244402.jpg\" \/>\n\t<meta property=\"og:image:width\" content=\"976\" \/>\n\t<meta property=\"og:image:height\" content=\"546\" \/>\n\t<meta property=\"og:image:type\" content=\"image\/jpeg\" \/>\n<meta name=\"author\" content=\"Cope Alcoy\" \/>\n<meta name=\"twitter:label1\" content=\"Escrito por\" \/>\n\t<meta name=\"twitter:data1\" content=\"Cope Alcoy\" \/>\n\t<meta name=\"twitter:label2\" content=\"Tiempo de lectura\" \/>\n\t<meta name=\"twitter:data2\" content=\"2 minutos\" \/>\n<script type=\"application\/ld+json\" class=\"yoast-schema-graph\">{\"@context\":\"https:\\\/\\\/schema.org\",\"@graph\":[{\"@type\":\"Article\",\"@id\":\"https:\\\/\\\/www.copealcoy.es\\\/es\\\/repunten-els-ingressos-hospitalaris-per-covid-en-la-comunitat-valenciana\\\/#article\",\"isPartOf\":{\"@id\":\"https:\\\/\\\/www.copealcoy.es\\\/es\\\/repunten-els-ingressos-hospitalaris-per-covid-en-la-comunitat-valenciana\\\/\"},\"author\":{\"name\":\"Cope Alcoy\",\"@id\":\"https:\\\/\\\/www.copealcoy.es\\\/es\\\/#\\\/schema\\\/person\\\/e777c87fa024e57d40170af9df39882c\"},\"headline\":\"Repunten els ingressos hospitalaris per covid en la Comunitat Valenciana\",\"datePublished\":\"2022-11-14T10:00:10+00:00\",\"dateModified\":\"2022-11-14T17:52:13+00:00\",\"mainEntityOfPage\":{\"@id\":\"https:\\\/\\\/www.copealcoy.es\\\/es\\\/repunten-els-ingressos-hospitalaris-per-covid-en-la-comunitat-valenciana\\\/\"},\"wordCount\":393,\"commentCount\":0,\"image\":{\"@id\":\"https:\\\/\\\/www.copealcoy.es\\\/es\\\/repunten-els-ingressos-hospitalaris-per-covid-en-la-comunitat-valenciana\\\/#primaryimage\"},\"thumbnailUrl\":\"https:\\\/\\\/www.copealcoy.es\\\/wp-content\\\/uploads\\\/2022\\\/02\\\/1630671244402.jpg\",\"keywords\":[\"contagis\",\"Coronavirus\",\"Covid-19\",\"pandemia\"],\"articleSection\":[\"Actualidad\",\"Noticias\",\"Pol\u00edtica y Econom\u00eda\"],\"inLanguage\":\"es\"},{\"@type\":\"WebPage\",\"@id\":\"https:\\\/\\\/www.copealcoy.es\\\/es\\\/repunten-els-ingressos-hospitalaris-per-covid-en-la-comunitat-valenciana\\\/\",\"url\":\"https:\\\/\\\/www.copealcoy.es\\\/es\\\/repunten-els-ingressos-hospitalaris-per-covid-en-la-comunitat-valenciana\\\/\",\"name\":\"Repunten els ingressos hospitalaris per covid en la Comunitat Valenciana - COPE Alcoy\",\"isPartOf\":{\"@id\":\"https:\\\/\\\/www.copealcoy.es\\\/es\\\/#website\"},\"primaryImageOfPage\":{\"@id\":\"https:\\\/\\\/www.copealcoy.es\\\/es\\\/repunten-els-ingressos-hospitalaris-per-covid-en-la-comunitat-valenciana\\\/#primaryimage\"},\"image\":{\"@id\":\"https:\\\/\\\/www.copealcoy.es\\\/es\\\/repunten-els-ingressos-hospitalaris-per-covid-en-la-comunitat-valenciana\\\/#primaryimage\"},\"thumbnailUrl\":\"https:\\\/\\\/www.copealcoy.es\\\/wp-content\\\/uploads\\\/2022\\\/02\\\/1630671244402.jpg\",\"datePublished\":\"2022-11-14T10:00:10+00:00\",\"dateModified\":\"2022-11-14T17:52:13+00:00\",\"author\":{\"@id\":\"https:\\\/\\\/www.copealcoy.es\\\/es\\\/#\\\/schema\\\/person\\\/e777c87fa024e57d40170af9df39882c\"},\"description\":\"La Comunitat Valenciana ha registrat un total de 2.139 nous casos de Coronavirus confirmats i huit morts des de l'\u00faltima actualitzaci\u00f3\",\"breadcrumb\":{\"@id\":\"https:\\\/\\\/www.copealcoy.es\\\/es\\\/repunten-els-ingressos-hospitalaris-per-covid-en-la-comunitat-valenciana\\\/#breadcrumb\"},\"inLanguage\":\"es\",\"potentialAction\":[{\"@type\":\"ReadAction\",\"target\":[\"https:\\\/\\\/www.copealcoy.es\\\/es\\\/repunten-els-ingressos-hospitalaris-per-covid-en-la-comunitat-valenciana\\\/\"]}]},{\"@type\":\"ImageObject\",\"inLanguage\":\"es\",\"@id\":\"https:\\\/\\\/www.copealcoy.es\\\/es\\\/repunten-els-ingressos-hospitalaris-per-covid-en-la-comunitat-valenciana\\\/#primaryimage\",\"url\":\"https:\\\/\\\/www.copealcoy.es\\\/wp-content\\\/uploads\\\/2022\\\/02\\\/1630671244402.jpg\",\"contentUrl\":\"https:\\\/\\\/www.copealcoy.es\\\/wp-content\\\/uploads\\\/2022\\\/02\\\/1630671244402.jpg\",\"width\":976,\"height\":546},{\"@type\":\"BreadcrumbList\",\"@id\":\"https:\\\/\\\/www.copealcoy.es\\\/es\\\/repunten-els-ingressos-hospitalaris-per-covid-en-la-comunitat-valenciana\\\/#breadcrumb\",\"itemListElement\":[{\"@type\":\"ListItem\",\"position\":1,\"name\":\"Portada\",\"item\":\"https:\\\/\\\/www.copealcoy.es\\\/es\\\/\"},{\"@type\":\"ListItem\",\"position\":2,\"name\":\"Repunten els ingressos hospitalaris per covid en la Comunitat Valenciana\"}]},{\"@type\":\"WebSite\",\"@id\":\"https:\\\/\\\/www.copealcoy.es\\\/es\\\/#website\",\"url\":\"https:\\\/\\\/www.copealcoy.es\\\/es\\\/\",\"name\":\"COPE Alcoy\",\"description\":\"Emisora COPE de radio local con emisi\u00f3n online. Pont de Sant Jordi 8-10 03803 Alcoy\",\"potentialAction\":[{\"@type\":\"SearchAction\",\"target\":{\"@type\":\"EntryPoint\",\"urlTemplate\":\"https:\\\/\\\/www.copealcoy.es\\\/es\\\/?s={search_term_string}\"},\"query-input\":{\"@type\":\"PropertyValueSpecification\",\"valueRequired\":true,\"valueName\":\"search_term_string\"}}],\"inLanguage\":\"es\"},{\"@type\":\"Person\",\"@id\":\"https:\\\/\\\/www.copealcoy.es\\\/es\\\/#\\\/schema\\\/person\\\/e777c87fa024e57d40170af9df39882c\",\"name\":\"Cope Alcoy\",\"image\":{\"@type\":\"ImageObject\",\"inLanguage\":\"es\",\"@id\":\"https:\\\/\\\/secure.gravatar.com\\\/avatar\\\/bb65d0283347e303893ba14f0692005417c1e0e690a325a4c5d8bb2b3943ee14?s=96&d=mm&r=g\",\"url\":\"https:\\\/\\\/secure.gravatar.com\\\/avatar\\\/bb65d0283347e303893ba14f0692005417c1e0e690a325a4c5d8bb2b3943ee14?s=96&d=mm&r=g\",\"contentUrl\":\"https:\\\/\\\/secure.gravatar.com\\\/avatar\\\/bb65d0283347e303893ba14f0692005417c1e0e690a325a4c5d8bb2b3943ee14?s=96&d=mm&r=g\",\"caption\":\"Cope Alcoy\"}}]}<\/script>\n<!-- \/ Yoast SEO plugin. -->","yoast_head_json":{"title":"Repunten els ingressos hospitalaris per covid en la Comunitat Valenciana - COPE Alcoy","description":"La Comunitat Valenciana ha registrat un total de 2.139 nous casos de Coronavirus confirmats i huit morts des de l'\u00faltima actualitzaci\u00f3","robots":{"index":"index","follow":"follow","max-snippet":"max-snippet:-1","max-image-preview":"max-image-preview:large","max-video-preview":"max-video-preview:-1"},"canonical":"https:\/\/www.copealcoy.es\/es\/repunten-els-ingressos-hospitalaris-per-covid-en-la-comunitat-valenciana\/","og_locale":"es_ES","og_type":"article","og_title":"Repunten els ingressos hospitalaris per covid en la Comunitat Valenciana - COPE Alcoy","og_description":"La Comunitat Valenciana ha registrat un total de 2.139 nous casos de Coronavirus confirmats i huit morts des de l'\u00faltima actualitzaci\u00f3","og_url":"https:\/\/www.copealcoy.es\/es\/repunten-els-ingressos-hospitalaris-per-covid-en-la-comunitat-valenciana\/","og_site_name":"COPE Alcoy","article_published_time":"2022-11-14T10:00:10+00:00","article_modified_time":"2022-11-14T17:52:13+00:00","og_image":[{"width":976,"height":546,"url":"https:\/\/www.copealcoy.es\/wp-content\/uploads\/2022\/02\/1630671244402.jpg","type":"image\/jpeg"}],"author":"Cope Alcoy","twitter_misc":{"Escrito por":"Cope Alcoy","Tiempo de lectura":"2 minutos"},"schema":{"@context":"https:\/\/schema.org","@graph":[{"@type":"Article","@id":"https:\/\/www.copealcoy.es\/es\/repunten-els-ingressos-hospitalaris-per-covid-en-la-comunitat-valenciana\/#article","isPartOf":{"@id":"https:\/\/www.copealcoy.es\/es\/repunten-els-ingressos-hospitalaris-per-covid-en-la-comunitat-valenciana\/"},"author":{"name":"Cope Alcoy","@id":"https:\/\/www.copealcoy.es\/es\/#\/schema\/person\/e777c87fa024e57d40170af9df39882c"},"headline":"Repunten els ingressos hospitalaris per covid en la Comunitat Valenciana","datePublished":"2022-11-14T10:00:10+00:00","dateModified":"2022-11-14T17:52:13+00:00","mainEntityOfPage":{"@id":"https:\/\/www.copealcoy.es\/es\/repunten-els-ingressos-hospitalaris-per-covid-en-la-comunitat-valenciana\/"},"wordCount":393,"commentCount":0,"image":{"@id":"https:\/\/www.copealcoy.es\/es\/repunten-els-ingressos-hospitalaris-per-covid-en-la-comunitat-valenciana\/#primaryimage"},"thumbnailUrl":"https:\/\/www.copealcoy.es\/wp-content\/uploads\/2022\/02\/1630671244402.jpg","keywords":["contagis","Coronavirus","Covid-19","pandemia"],"articleSection":["Actualidad","Noticias","Pol\u00edtica y Econom\u00eda"],"inLanguage":"es"},{"@type":"WebPage","@id":"https:\/\/www.copealcoy.es\/es\/repunten-els-ingressos-hospitalaris-per-covid-en-la-comunitat-valenciana\/","url":"https:\/\/www.copealcoy.es\/es\/repunten-els-ingressos-hospitalaris-per-covid-en-la-comunitat-valenciana\/","name":"Repunten els ingressos hospitalaris per covid en la Comunitat Valenciana - COPE Alcoy","isPartOf":{"@id":"https:\/\/www.copealcoy.es\/es\/#website"},"primaryImageOfPage":{"@id":"https:\/\/www.copealcoy.es\/es\/repunten-els-ingressos-hospitalaris-per-covid-en-la-comunitat-valenciana\/#primaryimage"},"image":{"@id":"https:\/\/www.copealcoy.es\/es\/repunten-els-ingressos-hospitalaris-per-covid-en-la-comunitat-valenciana\/#primaryimage"},"thumbnailUrl":"https:\/\/www.copealcoy.es\/wp-content\/uploads\/2022\/02\/1630671244402.jpg","datePublished":"2022-11-14T10:00:10+00:00","dateModified":"2022-11-14T17:52:13+00:00","author":{"@id":"https:\/\/www.copealcoy.es\/es\/#\/schema\/person\/e777c87fa024e57d40170af9df39882c"},"description":"La Comunitat Valenciana ha registrat un total de 2.139 nous casos de Coronavirus confirmats i huit morts des de l'\u00faltima actualitzaci\u00f3","breadcrumb":{"@id":"https:\/\/www.copealcoy.es\/es\/repunten-els-ingressos-hospitalaris-per-covid-en-la-comunitat-valenciana\/#breadcrumb"},"inLanguage":"es","potentialAction":[{"@type":"ReadAction","target":["https:\/\/www.copealcoy.es\/es\/repunten-els-ingressos-hospitalaris-per-covid-en-la-comunitat-valenciana\/"]}]},{"@type":"ImageObject","inLanguage":"es","@id":"https:\/\/www.copealcoy.es\/es\/repunten-els-ingressos-hospitalaris-per-covid-en-la-comunitat-valenciana\/#primaryimage","url":"https:\/\/www.copealcoy.es\/wp-content\/uploads\/2022\/02\/1630671244402.jpg","contentUrl":"https:\/\/www.copealcoy.es\/wp-content\/uploads\/2022\/02\/1630671244402.jpg","width":976,"height":546},{"@type":"BreadcrumbList","@id":"https:\/\/www.copealcoy.es\/es\/repunten-els-ingressos-hospitalaris-per-covid-en-la-comunitat-valenciana\/#breadcrumb","itemListElement":[{"@type":"ListItem","position":1,"name":"Portada","item":"https:\/\/www.copealcoy.es\/es\/"},{"@type":"ListItem","position":2,"name":"Repunten els ingressos hospitalaris per covid en la Comunitat Valenciana"}]},{"@type":"WebSite","@id":"https:\/\/www.copealcoy.es\/es\/#website","url":"https:\/\/www.copealcoy.es\/es\/","name":"COPE Alcoy","description":"Emisora COPE de radio local con emisi\u00f3n online. Pont de Sant Jordi 8-10 03803 Alcoy","potentialAction":[{"@type":"SearchAction","target":{"@type":"EntryPoint","urlTemplate":"https:\/\/www.copealcoy.es\/es\/?s={search_term_string}"},"query-input":{"@type":"PropertyValueSpecification","valueRequired":true,"valueName":"search_term_string"}}],"inLanguage":"es"},{"@type":"Person","@id":"https:\/\/www.copealcoy.es\/es\/#\/schema\/person\/e777c87fa024e57d40170af9df39882c","name":"Cope Alcoy","image":{"@type":"ImageObject","inLanguage":"es","@id":"https:\/\/secure.gravatar.com\/avatar\/bb65d0283347e303893ba14f0692005417c1e0e690a325a4c5d8bb2b3943ee14?s=96&d=mm&r=g","url":"https:\/\/secure.gravatar.com\/avatar\/bb65d0283347e303893ba14f0692005417c1e0e690a325a4c5d8bb2b3943ee14?s=96&d=mm&r=g","contentUrl":"https:\/\/secure.gravatar.com\/avatar\/bb65d0283347e303893ba14f0692005417c1e0e690a325a4c5d8bb2b3943ee14?s=96&d=mm&r=g","caption":"Cope Alcoy"}}]}},"_links":{"self":[{"href":"https:\/\/www.copealcoy.es\/es\/wp-json\/wp\/v2\/posts\/94162","targetHints":{"allow":["GET"]}}],"collection":[{"href":"https:\/\/www.copealcoy.es\/es\/wp-json\/wp\/v2\/posts"}],"about":[{"href":"https:\/\/www.copealcoy.es\/es\/wp-json\/wp\/v2\/types\/post"}],"author":[{"embeddable":true,"href":"https:\/\/www.copealcoy.es\/es\/wp-json\/wp\/v2\/users\/1"}],"replies":[{"embeddable":true,"href":"https:\/\/www.copealcoy.es\/es\/wp-json\/wp\/v2\/comments?post=94162"}],"version-history":[{"count":0,"href":"https:\/\/www.copealcoy.es\/es\/wp-json\/wp\/v2\/posts\/94162\/revisions"}],"wp:featuredmedia":[{"embeddable":true,"href":"https:\/\/www.copealcoy.es\/es\/wp-json\/wp\/v2\/media\/83773"}],"wp:attachment":[{"href":"https:\/\/www.copealcoy.es\/es\/wp-json\/wp\/v2\/media?parent=94162"}],"wp:term":[{"taxonomy":"category","embeddable":true,"href":"https:\/\/www.copealcoy.es\/es\/wp-json\/wp\/v2\/categories?post=94162"},{"taxonomy":"post_tag","embeddable":true,"href":"https:\/\/www.copealcoy.es\/es\/wp-json\/wp\/v2\/tags?post=94162"}],"curies":[{"name":"wp","href":"https:\/\/api.w.org\/{rel}","templated":true}]}}