{"id":94146,"date":"2022-11-12T08:59:34","date_gmt":"2022-11-12T07:59:34","guid":{"rendered":"https:\/\/www.copealcoy.es\/?p=94146"},"modified":"2022-11-12T09:14:24","modified_gmt":"2022-11-12T08:14:24","slug":"un-pp-unit-i-il%c2%b7lusionat-acompanya-a-carlos-pastor-en-la-seua-presentacio-com-a-candidat-a-lalcaldia-dalcoi","status":"publish","type":"post","link":"https:\/\/www.copealcoy.es\/es\/un-pp-unit-i-il%c2%b7lusionat-acompanya-a-carlos-pastor-en-la-seua-presentacio-com-a-candidat-a-lalcaldia-dalcoi\/","title":{"rendered":"Un PP unit i il\u00b7lusionat acompanya a Carlos Pastor en la seua presentaci\u00f3 com a candidat a l&#8217;alcaldia d&#8217;Alcoi"},"content":{"rendered":"<p style=\"text-align: justify;\">Comen\u00e7a una nova etapa. Aix\u00ed de contundent s&#8217;expressava anit <strong>el president del Partit Popular de la Comunitat Valenciana<\/strong>, <strong><span class=\"hiddenSpellError\">Carlos<\/span>\u00a0<span class=\"hiddenSpellError\">Maz\u00f3n<\/span><\/strong>, durant l&#8217;acte de <strong>presentaci\u00f3 de\u00a0<span class=\"hiddenSpellError\">Carlos<\/span>\u00a0Pastor<\/strong> com a <strong>candidat a l&#8217;alcaldia d&#8217;Alcoi<\/strong> en les pr\u00f2ximes eleccions municipals previstes per a finals de maig de 2023.<\/p>\n<p style=\"text-align: justify;\">Vora 300 persones van acompanyar a l&#8217;alcaldable en un acte on <strong>es van poder veure cares d&#8217;il\u00b7lusi\u00f3 entre la milit\u00e0ncia<\/strong> i que va estar marcat tamb\u00e9 pel <strong>reencontre<\/strong>. Vam poder veure a <strong>molta gent que havia estat en les files populars anys enrere<\/strong>, i que ara torna entusiasmada al partit\u00a0amb el nou projecte popular, i fins i tot van estar presents en l&#8217;acte l&#8217;exalcalde <strong>Jorge\u00a0<span class=\"hiddenSpellError\">Sedano<\/span>\u00a0<\/strong>o regidors de l&#8217;anterior govern municipal del PP com <strong>Mario Santacreu o Rafa\u00a0<span class=\"hiddenSpellError\">Sanus<\/span><\/strong>\u00a0que havien estat en\u00a0<span class=\"hiddenSpellError\">Ciudadanos<\/span>\u00a0en els \u00faltims anys.\u00a0<span class=\"hiddenSpellError\">Carlos<\/span>\u00a0Pastor, un home tranquil i amb les idees ben clares, insistia en el fet que <strong>l&#8217;objectiu principal implica unir el vot entorn del Partit Popular per fer possible\u00a0<span class=\"hiddenGrammarError\">ens<\/span>\u00a0els comicis de maig el canvi de govern que necessita ara mateix Alcoi<\/strong>. Pastor va deixar clar que el PP \u00e9<strong>s la millor alternativa davant d&#8217;un executiu municipal del PSOE<\/strong> &#8220;<em>esgotat, sense projecte de ciutat per al futur i que ha sumit a Alcoi en una situaci\u00f3 de gran par\u00e0lisi<\/em>&#8220;, va dir assenyalant que afronta amb moltes ganes el repte de ser alcaldable. Per la seua banda\u00a0<strong><span class=\"hiddenSpellError\">Carlos<\/span>\u00a0<span class=\"hiddenSpellError\">Maz\u00f3n<\/span>\u00a0va elogiar a Pastor<\/strong> per haver fet el pas endavant i va destacar que el PP ix a guanyar per a resoldre amb car\u00e0cter d&#8217;urg\u00e8ncia els principals problemes que ara mateix pateix Alcoi &#8220;<em>necessitem s\u00f2l industrial de qualitat per a atraure a noves empreses, millorar la l\u00ednia de tren Alcoi-X\u00e0tiva, fer efectiva l&#8217;ampliaci\u00f3 de l&#8217;Hospital Verge\u00a0<span class=\"hiddenGrammarError\">dels Lliris<\/span>\u00a0o remodelar l&#8217;institut Andreu Sempere. S\u00f3n projectes necessaris dels quals el PSOE s&#8217;ha oblidat<\/em>&#8220;, va sentenciar.<\/p>\n<p style=\"text-align: justify;\">En la presentaci\u00f3 de\u00a0<span class=\"hiddenSpellError\">Carlos<\/span>\u00a0Pastor van estar presents <strong>militants, simpatitzants, alcaldes de la comarca<\/strong> com el de Benillup (<span class=\"hiddenSpellError\">Javier<\/span>\u00a0Navarro) o el d&#8217;Ibi (Rafa Serralta), <strong>regidors populars<\/strong> com \u00c0ngel Moll\u00e0 de Muro, <strong>la candidata del PP a l&#8217;alcaldia de Cocentaina<\/strong> (Paula Agull\u00f3), el diputat auton\u00f2mic<strong> Fernando Pastor<\/strong> i el <strong>president ocal del partit<\/strong> (Rafa Mir\u00f3). El gran absent de la nit fou\u00a0<strong><span class=\"hiddenSpellError\">Quique<\/span>\u00a0Ruiz<\/strong>, encara portaveu del PP a l&#8217;Ajuntament d&#8217;Alcoi, i amb qui el PP va posar totes les\u00a0<span class=\"hiddenSpellError\">esprances<\/span>\u00a0fa quatre anys.<\/p>\n","protected":false},"excerpt":{"rendered":"<p>Comen\u00e7a una nova etapa. Aix\u00ed de contundent s&#8217;expressava anit el president del Partit Popular de la Comunitat Valenciana, Carlos\u00a0Maz\u00f3n, durant&#8230;<\/p>\n","protected":false},"author":1,"featured_media":94147,"comment_status":"open","ping_status":"open","sticky":false,"template":"","format":"standard","meta":{"footnotes":""},"categories":[6909,97,75,125],"tags":[804,160,13224,13235,9625],"class_list":["post-94146","post","type-post","status-publish","format-standard","has-post-thumbnail","hentry","category-actualidad","category-alcoy","category-noticias","category-portada","tag-alcaldia","tag-alcoi","tag-candidat","tag-carlos-pastor","tag-presentacio"],"yoast_head":"<!-- This site is optimized with the Yoast SEO plugin v27.3 - https:\/\/yoast.com\/product\/yoast-seo-wordpress\/ -->\n<title>Un PP unit i il\u00b7lusionat acompanya a Carlos Pastor en la seua presentaci\u00f3 com a candidat a l&#039;alcaldia d&#039;Alcoi - COPE Alcoy<\/title>\n<meta name=\"description\" content=\"Vora 300 persones van acompanyar anit a Carlos Pastor en la seua presentaci\u00f3 oficial com a candidat a l&#039;alcaldia d&#039;Alcoi\" \/>\n<meta name=\"robots\" content=\"index, follow, max-snippet:-1, max-image-preview:large, max-video-preview:-1\" \/>\n<link rel=\"canonical\" href=\"https:\/\/www.copealcoy.es\/es\/un-pp-unit-i-il%c2%b7lusionat-acompanya-a-carlos-pastor-en-la-seua-presentacio-com-a-candidat-a-lalcaldia-dalcoi\/\" \/>\n<meta property=\"og:locale\" content=\"es_ES\" \/>\n<meta property=\"og:type\" content=\"article\" \/>\n<meta property=\"og:title\" content=\"Un PP unit i il\u00b7lusionat acompanya a Carlos Pastor en la seua presentaci\u00f3 com a candidat a l&#039;alcaldia d&#039;Alcoi - COPE Alcoy\" \/>\n<meta property=\"og:description\" content=\"Vora 300 persones van acompanyar anit a Carlos Pastor en la seua presentaci\u00f3 oficial com a candidat a l&#039;alcaldia d&#039;Alcoi\" \/>\n<meta property=\"og:url\" content=\"https:\/\/www.copealcoy.es\/es\/un-pp-unit-i-il%c2%b7lusionat-acompanya-a-carlos-pastor-en-la-seua-presentacio-com-a-candidat-a-lalcaldia-dalcoi\/\" \/>\n<meta property=\"og:site_name\" content=\"COPE Alcoy\" \/>\n<meta property=\"article:published_time\" content=\"2022-11-12T07:59:34+00:00\" \/>\n<meta property=\"article:modified_time\" content=\"2022-11-12T08:14:24+00:00\" \/>\n<meta property=\"og:image\" content=\"https:\/\/www.copealcoy.es\/wp-content\/uploads\/2022\/11\/unnamed-1-1-e1668239934805.jpg\" \/>\n\t<meta property=\"og:image:width\" content=\"640\" \/>\n\t<meta property=\"og:image:height\" content=\"480\" \/>\n\t<meta property=\"og:image:type\" content=\"image\/jpeg\" \/>\n<meta name=\"author\" content=\"Cope Alcoy\" \/>\n<meta name=\"twitter:label1\" content=\"Escrito por\" \/>\n\t<meta name=\"twitter:data1\" content=\"Cope Alcoy\" \/>\n\t<meta name=\"twitter:label2\" content=\"Tiempo de lectura\" \/>\n\t<meta name=\"twitter:data2\" content=\"2 minutos\" \/>\n<script type=\"application\/ld+json\" class=\"yoast-schema-graph\">{\"@context\":\"https:\\\/\\\/schema.org\",\"@graph\":[{\"@type\":\"Article\",\"@id\":\"https:\\\/\\\/www.copealcoy.es\\\/es\\\/un-pp-unit-i-il%c2%b7lusionat-acompanya-a-carlos-pastor-en-la-seua-presentacio-com-a-candidat-a-lalcaldia-dalcoi\\\/#article\",\"isPartOf\":{\"@id\":\"https:\\\/\\\/www.copealcoy.es\\\/es\\\/un-pp-unit-i-il%c2%b7lusionat-acompanya-a-carlos-pastor-en-la-seua-presentacio-com-a-candidat-a-lalcaldia-dalcoi\\\/\"},\"author\":{\"name\":\"Cope Alcoy\",\"@id\":\"https:\\\/\\\/www.copealcoy.es\\\/es\\\/#\\\/schema\\\/person\\\/e777c87fa024e57d40170af9df39882c\"},\"headline\":\"Un PP unit i il\u00b7lusionat acompanya a Carlos Pastor en la seua presentaci\u00f3 com a candidat a l&#8217;alcaldia d&#8217;Alcoi\",\"datePublished\":\"2022-11-12T07:59:34+00:00\",\"dateModified\":\"2022-11-12T08:14:24+00:00\",\"mainEntityOfPage\":{\"@id\":\"https:\\\/\\\/www.copealcoy.es\\\/es\\\/un-pp-unit-i-il%c2%b7lusionat-acompanya-a-carlos-pastor-en-la-seua-presentacio-com-a-candidat-a-lalcaldia-dalcoi\\\/\"},\"wordCount\":448,\"commentCount\":0,\"image\":{\"@id\":\"https:\\\/\\\/www.copealcoy.es\\\/es\\\/un-pp-unit-i-il%c2%b7lusionat-acompanya-a-carlos-pastor-en-la-seua-presentacio-com-a-candidat-a-lalcaldia-dalcoi\\\/#primaryimage\"},\"thumbnailUrl\":\"https:\\\/\\\/www.copealcoy.es\\\/wp-content\\\/uploads\\\/2022\\\/11\\\/unnamed-1-1-e1668239934805.jpg\",\"keywords\":[\"alcald\u00eda\",\"Alcoi\",\"candidat\",\"Carlos Pastor\",\"Presentaci\u00f3\"],\"articleSection\":[\"Actualidad\",\"Alcoy\",\"Noticias\",\"Portada\"],\"inLanguage\":\"es\"},{\"@type\":\"WebPage\",\"@id\":\"https:\\\/\\\/www.copealcoy.es\\\/es\\\/un-pp-unit-i-il%c2%b7lusionat-acompanya-a-carlos-pastor-en-la-seua-presentacio-com-a-candidat-a-lalcaldia-dalcoi\\\/\",\"url\":\"https:\\\/\\\/www.copealcoy.es\\\/es\\\/un-pp-unit-i-il%c2%b7lusionat-acompanya-a-carlos-pastor-en-la-seua-presentacio-com-a-candidat-a-lalcaldia-dalcoi\\\/\",\"name\":\"Un PP unit i il\u00b7lusionat acompanya a Carlos Pastor en la seua presentaci\u00f3 com a candidat a l'alcaldia d'Alcoi - COPE Alcoy\",\"isPartOf\":{\"@id\":\"https:\\\/\\\/www.copealcoy.es\\\/es\\\/#website\"},\"primaryImageOfPage\":{\"@id\":\"https:\\\/\\\/www.copealcoy.es\\\/es\\\/un-pp-unit-i-il%c2%b7lusionat-acompanya-a-carlos-pastor-en-la-seua-presentacio-com-a-candidat-a-lalcaldia-dalcoi\\\/#primaryimage\"},\"image\":{\"@id\":\"https:\\\/\\\/www.copealcoy.es\\\/es\\\/un-pp-unit-i-il%c2%b7lusionat-acompanya-a-carlos-pastor-en-la-seua-presentacio-com-a-candidat-a-lalcaldia-dalcoi\\\/#primaryimage\"},\"thumbnailUrl\":\"https:\\\/\\\/www.copealcoy.es\\\/wp-content\\\/uploads\\\/2022\\\/11\\\/unnamed-1-1-e1668239934805.jpg\",\"datePublished\":\"2022-11-12T07:59:34+00:00\",\"dateModified\":\"2022-11-12T08:14:24+00:00\",\"author\":{\"@id\":\"https:\\\/\\\/www.copealcoy.es\\\/es\\\/#\\\/schema\\\/person\\\/e777c87fa024e57d40170af9df39882c\"},\"description\":\"Vora 300 persones van acompanyar anit a Carlos Pastor en la seua presentaci\u00f3 oficial com a candidat a l'alcaldia d'Alcoi\",\"breadcrumb\":{\"@id\":\"https:\\\/\\\/www.copealcoy.es\\\/es\\\/un-pp-unit-i-il%c2%b7lusionat-acompanya-a-carlos-pastor-en-la-seua-presentacio-com-a-candidat-a-lalcaldia-dalcoi\\\/#breadcrumb\"},\"inLanguage\":\"es\",\"potentialAction\":[{\"@type\":\"ReadAction\",\"target\":[\"https:\\\/\\\/www.copealcoy.es\\\/es\\\/un-pp-unit-i-il%c2%b7lusionat-acompanya-a-carlos-pastor-en-la-seua-presentacio-com-a-candidat-a-lalcaldia-dalcoi\\\/\"]}]},{\"@type\":\"ImageObject\",\"inLanguage\":\"es\",\"@id\":\"https:\\\/\\\/www.copealcoy.es\\\/es\\\/un-pp-unit-i-il%c2%b7lusionat-acompanya-a-carlos-pastor-en-la-seua-presentacio-com-a-candidat-a-lalcaldia-dalcoi\\\/#primaryimage\",\"url\":\"https:\\\/\\\/www.copealcoy.es\\\/wp-content\\\/uploads\\\/2022\\\/11\\\/unnamed-1-1-e1668239934805.jpg\",\"contentUrl\":\"https:\\\/\\\/www.copealcoy.es\\\/wp-content\\\/uploads\\\/2022\\\/11\\\/unnamed-1-1-e1668239934805.jpg\",\"width\":640,\"height\":480},{\"@type\":\"BreadcrumbList\",\"@id\":\"https:\\\/\\\/www.copealcoy.es\\\/es\\\/un-pp-unit-i-il%c2%b7lusionat-acompanya-a-carlos-pastor-en-la-seua-presentacio-com-a-candidat-a-lalcaldia-dalcoi\\\/#breadcrumb\",\"itemListElement\":[{\"@type\":\"ListItem\",\"position\":1,\"name\":\"Portada\",\"item\":\"https:\\\/\\\/www.copealcoy.es\\\/es\\\/\"},{\"@type\":\"ListItem\",\"position\":2,\"name\":\"Un PP unit i il\u00b7lusionat acompanya a Carlos Pastor en la seua presentaci\u00f3 com a candidat a l&#8217;alcaldia d&#8217;Alcoi\"}]},{\"@type\":\"WebSite\",\"@id\":\"https:\\\/\\\/www.copealcoy.es\\\/es\\\/#website\",\"url\":\"https:\\\/\\\/www.copealcoy.es\\\/es\\\/\",\"name\":\"COPE Alcoy\",\"description\":\"Emisora COPE de radio local con emisi\u00f3n online. Pont de Sant Jordi 8-10 03803 Alcoy\",\"potentialAction\":[{\"@type\":\"SearchAction\",\"target\":{\"@type\":\"EntryPoint\",\"urlTemplate\":\"https:\\\/\\\/www.copealcoy.es\\\/es\\\/?s={search_term_string}\"},\"query-input\":{\"@type\":\"PropertyValueSpecification\",\"valueRequired\":true,\"valueName\":\"search_term_string\"}}],\"inLanguage\":\"es\"},{\"@type\":\"Person\",\"@id\":\"https:\\\/\\\/www.copealcoy.es\\\/es\\\/#\\\/schema\\\/person\\\/e777c87fa024e57d40170af9df39882c\",\"name\":\"Cope Alcoy\",\"image\":{\"@type\":\"ImageObject\",\"inLanguage\":\"es\",\"@id\":\"https:\\\/\\\/secure.gravatar.com\\\/avatar\\\/bb65d0283347e303893ba14f0692005417c1e0e690a325a4c5d8bb2b3943ee14?s=96&d=mm&r=g\",\"url\":\"https:\\\/\\\/secure.gravatar.com\\\/avatar\\\/bb65d0283347e303893ba14f0692005417c1e0e690a325a4c5d8bb2b3943ee14?s=96&d=mm&r=g\",\"contentUrl\":\"https:\\\/\\\/secure.gravatar.com\\\/avatar\\\/bb65d0283347e303893ba14f0692005417c1e0e690a325a4c5d8bb2b3943ee14?s=96&d=mm&r=g\",\"caption\":\"Cope Alcoy\"}}]}<\/script>\n<!-- \/ Yoast SEO plugin. -->","yoast_head_json":{"title":"Un PP unit i il\u00b7lusionat acompanya a Carlos Pastor en la seua presentaci\u00f3 com a candidat a l'alcaldia d'Alcoi - COPE Alcoy","description":"Vora 300 persones van acompanyar anit a Carlos Pastor en la seua presentaci\u00f3 oficial com a candidat a l'alcaldia d'Alcoi","robots":{"index":"index","follow":"follow","max-snippet":"max-snippet:-1","max-image-preview":"max-image-preview:large","max-video-preview":"max-video-preview:-1"},"canonical":"https:\/\/www.copealcoy.es\/es\/un-pp-unit-i-il%c2%b7lusionat-acompanya-a-carlos-pastor-en-la-seua-presentacio-com-a-candidat-a-lalcaldia-dalcoi\/","og_locale":"es_ES","og_type":"article","og_title":"Un PP unit i il\u00b7lusionat acompanya a Carlos Pastor en la seua presentaci\u00f3 com a candidat a l'alcaldia d'Alcoi - COPE Alcoy","og_description":"Vora 300 persones van acompanyar anit a Carlos Pastor en la seua presentaci\u00f3 oficial com a candidat a l'alcaldia d'Alcoi","og_url":"https:\/\/www.copealcoy.es\/es\/un-pp-unit-i-il%c2%b7lusionat-acompanya-a-carlos-pastor-en-la-seua-presentacio-com-a-candidat-a-lalcaldia-dalcoi\/","og_site_name":"COPE Alcoy","article_published_time":"2022-11-12T07:59:34+00:00","article_modified_time":"2022-11-12T08:14:24+00:00","og_image":[{"width":640,"height":480,"url":"https:\/\/www.copealcoy.es\/wp-content\/uploads\/2022\/11\/unnamed-1-1-e1668239934805.jpg","type":"image\/jpeg"}],"author":"Cope Alcoy","twitter_misc":{"Escrito por":"Cope Alcoy","Tiempo de lectura":"2 minutos"},"schema":{"@context":"https:\/\/schema.org","@graph":[{"@type":"Article","@id":"https:\/\/www.copealcoy.es\/es\/un-pp-unit-i-il%c2%b7lusionat-acompanya-a-carlos-pastor-en-la-seua-presentacio-com-a-candidat-a-lalcaldia-dalcoi\/#article","isPartOf":{"@id":"https:\/\/www.copealcoy.es\/es\/un-pp-unit-i-il%c2%b7lusionat-acompanya-a-carlos-pastor-en-la-seua-presentacio-com-a-candidat-a-lalcaldia-dalcoi\/"},"author":{"name":"Cope Alcoy","@id":"https:\/\/www.copealcoy.es\/es\/#\/schema\/person\/e777c87fa024e57d40170af9df39882c"},"headline":"Un PP unit i il\u00b7lusionat acompanya a Carlos Pastor en la seua presentaci\u00f3 com a candidat a l&#8217;alcaldia d&#8217;Alcoi","datePublished":"2022-11-12T07:59:34+00:00","dateModified":"2022-11-12T08:14:24+00:00","mainEntityOfPage":{"@id":"https:\/\/www.copealcoy.es\/es\/un-pp-unit-i-il%c2%b7lusionat-acompanya-a-carlos-pastor-en-la-seua-presentacio-com-a-candidat-a-lalcaldia-dalcoi\/"},"wordCount":448,"commentCount":0,"image":{"@id":"https:\/\/www.copealcoy.es\/es\/un-pp-unit-i-il%c2%b7lusionat-acompanya-a-carlos-pastor-en-la-seua-presentacio-com-a-candidat-a-lalcaldia-dalcoi\/#primaryimage"},"thumbnailUrl":"https:\/\/www.copealcoy.es\/wp-content\/uploads\/2022\/11\/unnamed-1-1-e1668239934805.jpg","keywords":["alcald\u00eda","Alcoi","candidat","Carlos Pastor","Presentaci\u00f3"],"articleSection":["Actualidad","Alcoy","Noticias","Portada"],"inLanguage":"es"},{"@type":"WebPage","@id":"https:\/\/www.copealcoy.es\/es\/un-pp-unit-i-il%c2%b7lusionat-acompanya-a-carlos-pastor-en-la-seua-presentacio-com-a-candidat-a-lalcaldia-dalcoi\/","url":"https:\/\/www.copealcoy.es\/es\/un-pp-unit-i-il%c2%b7lusionat-acompanya-a-carlos-pastor-en-la-seua-presentacio-com-a-candidat-a-lalcaldia-dalcoi\/","name":"Un PP unit i il\u00b7lusionat acompanya a Carlos Pastor en la seua presentaci\u00f3 com a candidat a l'alcaldia d'Alcoi - COPE Alcoy","isPartOf":{"@id":"https:\/\/www.copealcoy.es\/es\/#website"},"primaryImageOfPage":{"@id":"https:\/\/www.copealcoy.es\/es\/un-pp-unit-i-il%c2%b7lusionat-acompanya-a-carlos-pastor-en-la-seua-presentacio-com-a-candidat-a-lalcaldia-dalcoi\/#primaryimage"},"image":{"@id":"https:\/\/www.copealcoy.es\/es\/un-pp-unit-i-il%c2%b7lusionat-acompanya-a-carlos-pastor-en-la-seua-presentacio-com-a-candidat-a-lalcaldia-dalcoi\/#primaryimage"},"thumbnailUrl":"https:\/\/www.copealcoy.es\/wp-content\/uploads\/2022\/11\/unnamed-1-1-e1668239934805.jpg","datePublished":"2022-11-12T07:59:34+00:00","dateModified":"2022-11-12T08:14:24+00:00","author":{"@id":"https:\/\/www.copealcoy.es\/es\/#\/schema\/person\/e777c87fa024e57d40170af9df39882c"},"description":"Vora 300 persones van acompanyar anit a Carlos Pastor en la seua presentaci\u00f3 oficial com a candidat a l'alcaldia d'Alcoi","breadcrumb":{"@id":"https:\/\/www.copealcoy.es\/es\/un-pp-unit-i-il%c2%b7lusionat-acompanya-a-carlos-pastor-en-la-seua-presentacio-com-a-candidat-a-lalcaldia-dalcoi\/#breadcrumb"},"inLanguage":"es","potentialAction":[{"@type":"ReadAction","target":["https:\/\/www.copealcoy.es\/es\/un-pp-unit-i-il%c2%b7lusionat-acompanya-a-carlos-pastor-en-la-seua-presentacio-com-a-candidat-a-lalcaldia-dalcoi\/"]}]},{"@type":"ImageObject","inLanguage":"es","@id":"https:\/\/www.copealcoy.es\/es\/un-pp-unit-i-il%c2%b7lusionat-acompanya-a-carlos-pastor-en-la-seua-presentacio-com-a-candidat-a-lalcaldia-dalcoi\/#primaryimage","url":"https:\/\/www.copealcoy.es\/wp-content\/uploads\/2022\/11\/unnamed-1-1-e1668239934805.jpg","contentUrl":"https:\/\/www.copealcoy.es\/wp-content\/uploads\/2022\/11\/unnamed-1-1-e1668239934805.jpg","width":640,"height":480},{"@type":"BreadcrumbList","@id":"https:\/\/www.copealcoy.es\/es\/un-pp-unit-i-il%c2%b7lusionat-acompanya-a-carlos-pastor-en-la-seua-presentacio-com-a-candidat-a-lalcaldia-dalcoi\/#breadcrumb","itemListElement":[{"@type":"ListItem","position":1,"name":"Portada","item":"https:\/\/www.copealcoy.es\/es\/"},{"@type":"ListItem","position":2,"name":"Un PP unit i il\u00b7lusionat acompanya a Carlos Pastor en la seua presentaci\u00f3 com a candidat a l&#8217;alcaldia d&#8217;Alcoi"}]},{"@type":"WebSite","@id":"https:\/\/www.copealcoy.es\/es\/#website","url":"https:\/\/www.copealcoy.es\/es\/","name":"COPE Alcoy","description":"Emisora COPE de radio local con emisi\u00f3n online. Pont de Sant Jordi 8-10 03803 Alcoy","potentialAction":[{"@type":"SearchAction","target":{"@type":"EntryPoint","urlTemplate":"https:\/\/www.copealcoy.es\/es\/?s={search_term_string}"},"query-input":{"@type":"PropertyValueSpecification","valueRequired":true,"valueName":"search_term_string"}}],"inLanguage":"es"},{"@type":"Person","@id":"https:\/\/www.copealcoy.es\/es\/#\/schema\/person\/e777c87fa024e57d40170af9df39882c","name":"Cope Alcoy","image":{"@type":"ImageObject","inLanguage":"es","@id":"https:\/\/secure.gravatar.com\/avatar\/bb65d0283347e303893ba14f0692005417c1e0e690a325a4c5d8bb2b3943ee14?s=96&d=mm&r=g","url":"https:\/\/secure.gravatar.com\/avatar\/bb65d0283347e303893ba14f0692005417c1e0e690a325a4c5d8bb2b3943ee14?s=96&d=mm&r=g","contentUrl":"https:\/\/secure.gravatar.com\/avatar\/bb65d0283347e303893ba14f0692005417c1e0e690a325a4c5d8bb2b3943ee14?s=96&d=mm&r=g","caption":"Cope Alcoy"}}]}},"_links":{"self":[{"href":"https:\/\/www.copealcoy.es\/es\/wp-json\/wp\/v2\/posts\/94146","targetHints":{"allow":["GET"]}}],"collection":[{"href":"https:\/\/www.copealcoy.es\/es\/wp-json\/wp\/v2\/posts"}],"about":[{"href":"https:\/\/www.copealcoy.es\/es\/wp-json\/wp\/v2\/types\/post"}],"author":[{"embeddable":true,"href":"https:\/\/www.copealcoy.es\/es\/wp-json\/wp\/v2\/users\/1"}],"replies":[{"embeddable":true,"href":"https:\/\/www.copealcoy.es\/es\/wp-json\/wp\/v2\/comments?post=94146"}],"version-history":[{"count":0,"href":"https:\/\/www.copealcoy.es\/es\/wp-json\/wp\/v2\/posts\/94146\/revisions"}],"wp:featuredmedia":[{"embeddable":true,"href":"https:\/\/www.copealcoy.es\/es\/wp-json\/wp\/v2\/media\/94147"}],"wp:attachment":[{"href":"https:\/\/www.copealcoy.es\/es\/wp-json\/wp\/v2\/media?parent=94146"}],"wp:term":[{"taxonomy":"category","embeddable":true,"href":"https:\/\/www.copealcoy.es\/es\/wp-json\/wp\/v2\/categories?post=94146"},{"taxonomy":"post_tag","embeddable":true,"href":"https:\/\/www.copealcoy.es\/es\/wp-json\/wp\/v2\/tags?post=94146"}],"curies":[{"name":"wp","href":"https:\/\/api.w.org\/{rel}","templated":true}]}}