{"id":94104,"date":"2022-11-09T10:14:25","date_gmt":"2022-11-09T09:14:25","guid":{"rendered":"https:\/\/www.copealcoy.es\/?p=94104"},"modified":"2022-11-11T10:49:25","modified_gmt":"2022-11-11T09:49:25","slug":"record-de-visites-al-refugi-de-la-guerra-civil-durant-la-fira-de-cocentaina","status":"publish","type":"post","link":"https:\/\/www.copealcoy.es\/es\/record-de-visites-al-refugi-de-la-guerra-civil-durant-la-fira-de-cocentaina\/","title":{"rendered":"R\u00e8cord de visites al Refugi de la Guerra Civil durant la Fira de Cocentaina"},"content":{"rendered":"<p style=\"text-align: justify;\">L\u2019<a href=\"https:\/\/www.cocentaina.es\/\"><span style=\"color: #0000ff;\"><strong>Ajuntament de Cocentaina<\/strong> <\/span><\/a>va decidir obrir <strong>el Refugi Antiaeri de la Guerra Civil<\/strong>, ubicat baix del Palau Comtal, durant els dies de <strong>la passada Fira de Tots Sants<\/strong> i la iniciativa fou tot un \u00e8xit. Aix\u00ed ho confirmen <strong>les xifres de visitants<\/strong> que van decidir accedir al recinte complementant aix\u00ed el seu pas per l&#8217;extensa oferta de la 676 edici\u00f3 del certamen.<\/p>\n<p style=\"text-align: justify;\">En concret, segons la informaci\u00f3 facilitada,\u00a0<strong>hi va haver 5.652 visites des de l\u2019inici de la 676 edici\u00f3 de la Fira de Tots Sants<\/strong> que es va inaugurar el passat 29 d\u2019octubre i que va durar fins al dimarts 1 de novembre, amb un horari d\u2019obertura de 10:00 a 14:00 h i de 16:00 a 20:00 h. En aquest interval de temps, aquest B\u00e9 de Rellev\u00e0ncia Local <strong>ha estat freq\u00fcentat per una mitjana de 35 persones cada 12 minuts<\/strong>. La recuperaci\u00f3 en 2020 d\u2019aquest edifici, projectat l\u2019any 1937 mitjan\u00e7ant la construcci\u00f3 de <strong>tres grans corredors<\/strong> que ocupen una extensi\u00f3 de vora 400\u00a0m\u00b2, el converteixen en un dels m\u00e9s grans de tota la prov\u00edncia d\u2019Alacant.<\/p>\n<p style=\"text-align: justify;\">El regidor de Turisme, <strong>Ivan Jover<\/strong>, ha assenyalat al respecte que <em>&#8220;aquestes xifres evidencien el gran inter\u00e9s que desperta entre tots els visitants con\u00e9ixer el refugi, un espai del qual podem dir que s\u2019ha consolidat com un dels principals atractius tur\u00edstics de la nostra localitat<\/em>&#8220;, destaca. Aix\u00ed mateix, el regidor ha volgut recordar tamb\u00e9 que durant els \u00faltims mesos s\u2019ha treballat, mitjan\u00e7ant un taller d\u2019ocupaci\u00f3, un &#8216;Escape <span class=\"hiddenSpellError\">Room&#8217;<\/span>\u00a0on han pogut participar diferents centres educatius per a\u00a0con\u00e9ixer\u00a0de primera m\u00e0 aquest b\u00e9 patrimonial.<\/p>\n<p style=\"text-align: justify;\">Despr\u00e9s de la Fira de Tots Sants, <strong>la visita al Refugi Antiaeri<\/strong> continuar\u00e0 sent gratu\u00efta en horari de divendres, de 18:00 a 19:30 hores, i els dissabtes d\u201911:00 a 12:30 h, tot i que s\u2019est\u00e0 estudiant la possibilitat d\u2019ampliar aquest horari. Per a obtenir m\u00e9s informaci\u00f3 cal adre\u00e7ar-se a l\u2019Oficina de Turisme (tel\u00e8fon 96559059), per correu a cocentaina@touristinfo.com.<\/p>\n","protected":false},"excerpt":{"rendered":"<p>L\u2019Ajuntament de Cocentaina va decidir obrir el Refugi Antiaeri de la Guerra Civil, ubicat baix del Palau Comtal, durant els&#8230;<\/p>\n","protected":false},"author":1,"featured_media":94105,"comment_status":"open","ping_status":"open","sticky":false,"template":"","format":"standard","meta":{"footnotes":""},"categories":[6909,98,75],"tags":[132,635,6792,9843,13456,11462],"class_list":["post-94104","post","type-post","status-publish","format-standard","has-post-thumbnail","hentry","category-actualidad","category-comarcas","category-noticias","tag-cocentaina","tag-fira-de-tots-sants","tag-guerra-civil","tag-record","tag-refugi","tag-visites"],"yoast_head":"<!-- This site is optimized with the Yoast SEO plugin v27.3 - https:\/\/yoast.com\/product\/yoast-seo-wordpress\/ -->\n<title>R\u00e8cord de visites al Refugi de la Guerra Civil durant la Fira de Cocentaina - COPE Alcoy<\/title>\n<meta name=\"description\" content=\"El refugi de la Guerra Civil de Cocentaina va superar les 5.600 visites durant la passada Fira de Tots Sants\" \/>\n<meta name=\"robots\" content=\"index, follow, max-snippet:-1, max-image-preview:large, max-video-preview:-1\" \/>\n<link rel=\"canonical\" href=\"https:\/\/www.copealcoy.es\/es\/record-de-visites-al-refugi-de-la-guerra-civil-durant-la-fira-de-cocentaina\/\" \/>\n<meta property=\"og:locale\" content=\"es_ES\" \/>\n<meta property=\"og:type\" content=\"article\" \/>\n<meta property=\"og:title\" content=\"R\u00e8cord de visites al Refugi de la Guerra Civil durant la Fira de Cocentaina - COPE Alcoy\" \/>\n<meta property=\"og:description\" content=\"El refugi de la Guerra Civil de Cocentaina va superar les 5.600 visites durant la passada Fira de Tots Sants\" \/>\n<meta property=\"og:url\" content=\"https:\/\/www.copealcoy.es\/es\/record-de-visites-al-refugi-de-la-guerra-civil-durant-la-fira-de-cocentaina\/\" \/>\n<meta property=\"og:site_name\" content=\"COPE Alcoy\" \/>\n<meta property=\"article:published_time\" content=\"2022-11-09T09:14:25+00:00\" \/>\n<meta property=\"article:modified_time\" content=\"2022-11-11T09:49:25+00:00\" \/>\n<meta property=\"og:image\" content=\"https:\/\/www.copealcoy.es\/wp-content\/uploads\/2022\/11\/WhatsApp-Image-2022-11-03-at-12.43.40-960x720-1-e1668158102802.jpg\" \/>\n\t<meta property=\"og:image:width\" content=\"640\" \/>\n\t<meta property=\"og:image:height\" content=\"480\" \/>\n\t<meta property=\"og:image:type\" content=\"image\/jpeg\" \/>\n<meta name=\"author\" content=\"Cope Alcoy\" \/>\n<meta name=\"twitter:label1\" content=\"Escrito por\" \/>\n\t<meta name=\"twitter:data1\" content=\"Cope Alcoy\" \/>\n\t<meta name=\"twitter:label2\" content=\"Tiempo de lectura\" \/>\n\t<meta name=\"twitter:data2\" content=\"2 minutos\" \/>\n<script type=\"application\/ld+json\" class=\"yoast-schema-graph\">{\"@context\":\"https:\\\/\\\/schema.org\",\"@graph\":[{\"@type\":\"Article\",\"@id\":\"https:\\\/\\\/www.copealcoy.es\\\/es\\\/record-de-visites-al-refugi-de-la-guerra-civil-durant-la-fira-de-cocentaina\\\/#article\",\"isPartOf\":{\"@id\":\"https:\\\/\\\/www.copealcoy.es\\\/es\\\/record-de-visites-al-refugi-de-la-guerra-civil-durant-la-fira-de-cocentaina\\\/\"},\"author\":{\"name\":\"Cope Alcoy\",\"@id\":\"https:\\\/\\\/www.copealcoy.es\\\/es\\\/#\\\/schema\\\/person\\\/e777c87fa024e57d40170af9df39882c\"},\"headline\":\"R\u00e8cord de visites al Refugi de la Guerra Civil durant la Fira de Cocentaina\",\"datePublished\":\"2022-11-09T09:14:25+00:00\",\"dateModified\":\"2022-11-11T09:49:25+00:00\",\"mainEntityOfPage\":{\"@id\":\"https:\\\/\\\/www.copealcoy.es\\\/es\\\/record-de-visites-al-refugi-de-la-guerra-civil-durant-la-fira-de-cocentaina\\\/\"},\"wordCount\":347,\"commentCount\":0,\"image\":{\"@id\":\"https:\\\/\\\/www.copealcoy.es\\\/es\\\/record-de-visites-al-refugi-de-la-guerra-civil-durant-la-fira-de-cocentaina\\\/#primaryimage\"},\"thumbnailUrl\":\"https:\\\/\\\/www.copealcoy.es\\\/wp-content\\\/uploads\\\/2022\\\/11\\\/WhatsApp-Image-2022-11-03-at-12.43.40-960x720-1-e1668158102802.jpg\",\"keywords\":[\"Cocentaina\",\"Fira de Tots Sants\",\"Guerra Civil\",\"record\",\"Refugi\",\"visites\"],\"articleSection\":[\"Actualidad\",\"Comarcas\",\"Noticias\"],\"inLanguage\":\"es\"},{\"@type\":\"WebPage\",\"@id\":\"https:\\\/\\\/www.copealcoy.es\\\/es\\\/record-de-visites-al-refugi-de-la-guerra-civil-durant-la-fira-de-cocentaina\\\/\",\"url\":\"https:\\\/\\\/www.copealcoy.es\\\/es\\\/record-de-visites-al-refugi-de-la-guerra-civil-durant-la-fira-de-cocentaina\\\/\",\"name\":\"R\u00e8cord de visites al Refugi de la Guerra Civil durant la Fira de Cocentaina - COPE Alcoy\",\"isPartOf\":{\"@id\":\"https:\\\/\\\/www.copealcoy.es\\\/es\\\/#website\"},\"primaryImageOfPage\":{\"@id\":\"https:\\\/\\\/www.copealcoy.es\\\/es\\\/record-de-visites-al-refugi-de-la-guerra-civil-durant-la-fira-de-cocentaina\\\/#primaryimage\"},\"image\":{\"@id\":\"https:\\\/\\\/www.copealcoy.es\\\/es\\\/record-de-visites-al-refugi-de-la-guerra-civil-durant-la-fira-de-cocentaina\\\/#primaryimage\"},\"thumbnailUrl\":\"https:\\\/\\\/www.copealcoy.es\\\/wp-content\\\/uploads\\\/2022\\\/11\\\/WhatsApp-Image-2022-11-03-at-12.43.40-960x720-1-e1668158102802.jpg\",\"datePublished\":\"2022-11-09T09:14:25+00:00\",\"dateModified\":\"2022-11-11T09:49:25+00:00\",\"author\":{\"@id\":\"https:\\\/\\\/www.copealcoy.es\\\/es\\\/#\\\/schema\\\/person\\\/e777c87fa024e57d40170af9df39882c\"},\"description\":\"El refugi de la Guerra Civil de Cocentaina va superar les 5.600 visites durant la passada Fira de Tots Sants\",\"breadcrumb\":{\"@id\":\"https:\\\/\\\/www.copealcoy.es\\\/es\\\/record-de-visites-al-refugi-de-la-guerra-civil-durant-la-fira-de-cocentaina\\\/#breadcrumb\"},\"inLanguage\":\"es\",\"potentialAction\":[{\"@type\":\"ReadAction\",\"target\":[\"https:\\\/\\\/www.copealcoy.es\\\/es\\\/record-de-visites-al-refugi-de-la-guerra-civil-durant-la-fira-de-cocentaina\\\/\"]}]},{\"@type\":\"ImageObject\",\"inLanguage\":\"es\",\"@id\":\"https:\\\/\\\/www.copealcoy.es\\\/es\\\/record-de-visites-al-refugi-de-la-guerra-civil-durant-la-fira-de-cocentaina\\\/#primaryimage\",\"url\":\"https:\\\/\\\/www.copealcoy.es\\\/wp-content\\\/uploads\\\/2022\\\/11\\\/WhatsApp-Image-2022-11-03-at-12.43.40-960x720-1-e1668158102802.jpg\",\"contentUrl\":\"https:\\\/\\\/www.copealcoy.es\\\/wp-content\\\/uploads\\\/2022\\\/11\\\/WhatsApp-Image-2022-11-03-at-12.43.40-960x720-1-e1668158102802.jpg\",\"width\":640,\"height\":480},{\"@type\":\"BreadcrumbList\",\"@id\":\"https:\\\/\\\/www.copealcoy.es\\\/es\\\/record-de-visites-al-refugi-de-la-guerra-civil-durant-la-fira-de-cocentaina\\\/#breadcrumb\",\"itemListElement\":[{\"@type\":\"ListItem\",\"position\":1,\"name\":\"Portada\",\"item\":\"https:\\\/\\\/www.copealcoy.es\\\/es\\\/\"},{\"@type\":\"ListItem\",\"position\":2,\"name\":\"R\u00e8cord de visites al Refugi de la Guerra Civil durant la Fira de Cocentaina\"}]},{\"@type\":\"WebSite\",\"@id\":\"https:\\\/\\\/www.copealcoy.es\\\/es\\\/#website\",\"url\":\"https:\\\/\\\/www.copealcoy.es\\\/es\\\/\",\"name\":\"COPE Alcoy\",\"description\":\"Emisora COPE de radio local con emisi\u00f3n online. Pont de Sant Jordi 8-10 03803 Alcoy\",\"potentialAction\":[{\"@type\":\"SearchAction\",\"target\":{\"@type\":\"EntryPoint\",\"urlTemplate\":\"https:\\\/\\\/www.copealcoy.es\\\/es\\\/?s={search_term_string}\"},\"query-input\":{\"@type\":\"PropertyValueSpecification\",\"valueRequired\":true,\"valueName\":\"search_term_string\"}}],\"inLanguage\":\"es\"},{\"@type\":\"Person\",\"@id\":\"https:\\\/\\\/www.copealcoy.es\\\/es\\\/#\\\/schema\\\/person\\\/e777c87fa024e57d40170af9df39882c\",\"name\":\"Cope Alcoy\",\"image\":{\"@type\":\"ImageObject\",\"inLanguage\":\"es\",\"@id\":\"https:\\\/\\\/secure.gravatar.com\\\/avatar\\\/bb65d0283347e303893ba14f0692005417c1e0e690a325a4c5d8bb2b3943ee14?s=96&d=mm&r=g\",\"url\":\"https:\\\/\\\/secure.gravatar.com\\\/avatar\\\/bb65d0283347e303893ba14f0692005417c1e0e690a325a4c5d8bb2b3943ee14?s=96&d=mm&r=g\",\"contentUrl\":\"https:\\\/\\\/secure.gravatar.com\\\/avatar\\\/bb65d0283347e303893ba14f0692005417c1e0e690a325a4c5d8bb2b3943ee14?s=96&d=mm&r=g\",\"caption\":\"Cope Alcoy\"}}]}<\/script>\n<!-- \/ Yoast SEO plugin. -->","yoast_head_json":{"title":"R\u00e8cord de visites al Refugi de la Guerra Civil durant la Fira de Cocentaina - COPE Alcoy","description":"El refugi de la Guerra Civil de Cocentaina va superar les 5.600 visites durant la passada Fira de Tots Sants","robots":{"index":"index","follow":"follow","max-snippet":"max-snippet:-1","max-image-preview":"max-image-preview:large","max-video-preview":"max-video-preview:-1"},"canonical":"https:\/\/www.copealcoy.es\/es\/record-de-visites-al-refugi-de-la-guerra-civil-durant-la-fira-de-cocentaina\/","og_locale":"es_ES","og_type":"article","og_title":"R\u00e8cord de visites al Refugi de la Guerra Civil durant la Fira de Cocentaina - COPE Alcoy","og_description":"El refugi de la Guerra Civil de Cocentaina va superar les 5.600 visites durant la passada Fira de Tots Sants","og_url":"https:\/\/www.copealcoy.es\/es\/record-de-visites-al-refugi-de-la-guerra-civil-durant-la-fira-de-cocentaina\/","og_site_name":"COPE Alcoy","article_published_time":"2022-11-09T09:14:25+00:00","article_modified_time":"2022-11-11T09:49:25+00:00","og_image":[{"width":640,"height":480,"url":"https:\/\/www.copealcoy.es\/wp-content\/uploads\/2022\/11\/WhatsApp-Image-2022-11-03-at-12.43.40-960x720-1-e1668158102802.jpg","type":"image\/jpeg"}],"author":"Cope Alcoy","twitter_misc":{"Escrito por":"Cope Alcoy","Tiempo de lectura":"2 minutos"},"schema":{"@context":"https:\/\/schema.org","@graph":[{"@type":"Article","@id":"https:\/\/www.copealcoy.es\/es\/record-de-visites-al-refugi-de-la-guerra-civil-durant-la-fira-de-cocentaina\/#article","isPartOf":{"@id":"https:\/\/www.copealcoy.es\/es\/record-de-visites-al-refugi-de-la-guerra-civil-durant-la-fira-de-cocentaina\/"},"author":{"name":"Cope Alcoy","@id":"https:\/\/www.copealcoy.es\/es\/#\/schema\/person\/e777c87fa024e57d40170af9df39882c"},"headline":"R\u00e8cord de visites al Refugi de la Guerra Civil durant la Fira de Cocentaina","datePublished":"2022-11-09T09:14:25+00:00","dateModified":"2022-11-11T09:49:25+00:00","mainEntityOfPage":{"@id":"https:\/\/www.copealcoy.es\/es\/record-de-visites-al-refugi-de-la-guerra-civil-durant-la-fira-de-cocentaina\/"},"wordCount":347,"commentCount":0,"image":{"@id":"https:\/\/www.copealcoy.es\/es\/record-de-visites-al-refugi-de-la-guerra-civil-durant-la-fira-de-cocentaina\/#primaryimage"},"thumbnailUrl":"https:\/\/www.copealcoy.es\/wp-content\/uploads\/2022\/11\/WhatsApp-Image-2022-11-03-at-12.43.40-960x720-1-e1668158102802.jpg","keywords":["Cocentaina","Fira de Tots Sants","Guerra Civil","record","Refugi","visites"],"articleSection":["Actualidad","Comarcas","Noticias"],"inLanguage":"es"},{"@type":"WebPage","@id":"https:\/\/www.copealcoy.es\/es\/record-de-visites-al-refugi-de-la-guerra-civil-durant-la-fira-de-cocentaina\/","url":"https:\/\/www.copealcoy.es\/es\/record-de-visites-al-refugi-de-la-guerra-civil-durant-la-fira-de-cocentaina\/","name":"R\u00e8cord de visites al Refugi de la Guerra Civil durant la Fira de Cocentaina - COPE Alcoy","isPartOf":{"@id":"https:\/\/www.copealcoy.es\/es\/#website"},"primaryImageOfPage":{"@id":"https:\/\/www.copealcoy.es\/es\/record-de-visites-al-refugi-de-la-guerra-civil-durant-la-fira-de-cocentaina\/#primaryimage"},"image":{"@id":"https:\/\/www.copealcoy.es\/es\/record-de-visites-al-refugi-de-la-guerra-civil-durant-la-fira-de-cocentaina\/#primaryimage"},"thumbnailUrl":"https:\/\/www.copealcoy.es\/wp-content\/uploads\/2022\/11\/WhatsApp-Image-2022-11-03-at-12.43.40-960x720-1-e1668158102802.jpg","datePublished":"2022-11-09T09:14:25+00:00","dateModified":"2022-11-11T09:49:25+00:00","author":{"@id":"https:\/\/www.copealcoy.es\/es\/#\/schema\/person\/e777c87fa024e57d40170af9df39882c"},"description":"El refugi de la Guerra Civil de Cocentaina va superar les 5.600 visites durant la passada Fira de Tots Sants","breadcrumb":{"@id":"https:\/\/www.copealcoy.es\/es\/record-de-visites-al-refugi-de-la-guerra-civil-durant-la-fira-de-cocentaina\/#breadcrumb"},"inLanguage":"es","potentialAction":[{"@type":"ReadAction","target":["https:\/\/www.copealcoy.es\/es\/record-de-visites-al-refugi-de-la-guerra-civil-durant-la-fira-de-cocentaina\/"]}]},{"@type":"ImageObject","inLanguage":"es","@id":"https:\/\/www.copealcoy.es\/es\/record-de-visites-al-refugi-de-la-guerra-civil-durant-la-fira-de-cocentaina\/#primaryimage","url":"https:\/\/www.copealcoy.es\/wp-content\/uploads\/2022\/11\/WhatsApp-Image-2022-11-03-at-12.43.40-960x720-1-e1668158102802.jpg","contentUrl":"https:\/\/www.copealcoy.es\/wp-content\/uploads\/2022\/11\/WhatsApp-Image-2022-11-03-at-12.43.40-960x720-1-e1668158102802.jpg","width":640,"height":480},{"@type":"BreadcrumbList","@id":"https:\/\/www.copealcoy.es\/es\/record-de-visites-al-refugi-de-la-guerra-civil-durant-la-fira-de-cocentaina\/#breadcrumb","itemListElement":[{"@type":"ListItem","position":1,"name":"Portada","item":"https:\/\/www.copealcoy.es\/es\/"},{"@type":"ListItem","position":2,"name":"R\u00e8cord de visites al Refugi de la Guerra Civil durant la Fira de Cocentaina"}]},{"@type":"WebSite","@id":"https:\/\/www.copealcoy.es\/es\/#website","url":"https:\/\/www.copealcoy.es\/es\/","name":"COPE Alcoy","description":"Emisora COPE de radio local con emisi\u00f3n online. Pont de Sant Jordi 8-10 03803 Alcoy","potentialAction":[{"@type":"SearchAction","target":{"@type":"EntryPoint","urlTemplate":"https:\/\/www.copealcoy.es\/es\/?s={search_term_string}"},"query-input":{"@type":"PropertyValueSpecification","valueRequired":true,"valueName":"search_term_string"}}],"inLanguage":"es"},{"@type":"Person","@id":"https:\/\/www.copealcoy.es\/es\/#\/schema\/person\/e777c87fa024e57d40170af9df39882c","name":"Cope Alcoy","image":{"@type":"ImageObject","inLanguage":"es","@id":"https:\/\/secure.gravatar.com\/avatar\/bb65d0283347e303893ba14f0692005417c1e0e690a325a4c5d8bb2b3943ee14?s=96&d=mm&r=g","url":"https:\/\/secure.gravatar.com\/avatar\/bb65d0283347e303893ba14f0692005417c1e0e690a325a4c5d8bb2b3943ee14?s=96&d=mm&r=g","contentUrl":"https:\/\/secure.gravatar.com\/avatar\/bb65d0283347e303893ba14f0692005417c1e0e690a325a4c5d8bb2b3943ee14?s=96&d=mm&r=g","caption":"Cope Alcoy"}}]}},"_links":{"self":[{"href":"https:\/\/www.copealcoy.es\/es\/wp-json\/wp\/v2\/posts\/94104","targetHints":{"allow":["GET"]}}],"collection":[{"href":"https:\/\/www.copealcoy.es\/es\/wp-json\/wp\/v2\/posts"}],"about":[{"href":"https:\/\/www.copealcoy.es\/es\/wp-json\/wp\/v2\/types\/post"}],"author":[{"embeddable":true,"href":"https:\/\/www.copealcoy.es\/es\/wp-json\/wp\/v2\/users\/1"}],"replies":[{"embeddable":true,"href":"https:\/\/www.copealcoy.es\/es\/wp-json\/wp\/v2\/comments?post=94104"}],"version-history":[{"count":0,"href":"https:\/\/www.copealcoy.es\/es\/wp-json\/wp\/v2\/posts\/94104\/revisions"}],"wp:featuredmedia":[{"embeddable":true,"href":"https:\/\/www.copealcoy.es\/es\/wp-json\/wp\/v2\/media\/94105"}],"wp:attachment":[{"href":"https:\/\/www.copealcoy.es\/es\/wp-json\/wp\/v2\/media?parent=94104"}],"wp:term":[{"taxonomy":"category","embeddable":true,"href":"https:\/\/www.copealcoy.es\/es\/wp-json\/wp\/v2\/categories?post=94104"},{"taxonomy":"post_tag","embeddable":true,"href":"https:\/\/www.copealcoy.es\/es\/wp-json\/wp\/v2\/tags?post=94104"}],"curies":[{"name":"wp","href":"https:\/\/api.w.org\/{rel}","templated":true}]}}