{"id":94091,"date":"2022-11-11T06:00:00","date_gmt":"2022-11-11T05:00:00","guid":{"rendered":"https:\/\/www.copealcoy.es\/?p=94091"},"modified":"2022-11-11T08:17:42","modified_gmt":"2022-11-11T07:17:42","slug":"focus-pime-ha-tornat-a-alcoi-centrat-en-la-robotica-i-la-digitalitzacio","status":"publish","type":"post","link":"https:\/\/www.copealcoy.es\/es\/focus-pime-ha-tornat-a-alcoi-centrat-en-la-robotica-i-la-digitalitzacio\/","title":{"rendered":"Focus Pime ha tornat a Alcoi centrat en la rob\u00f2tica i la digitalitzaci\u00f3"},"content":{"rendered":"<p style=\"text-align: justify;\">El Campus d&#8217;Alcoi de la Universitat Polit\u00e8cnica de Val\u00e8ncia va acollir el dijous 10 de novembre una nova edici\u00f3 de l&#8217;esdeveniment <a href=\"https:\/\/focuspyme.emprenemjunts.es\/\" target=\"_blank\" rel=\"noopener\"><span style=\"color: #0000ff;\"><strong>Focus\u00a0<span class=\"hiddenSpellError\">Pyme<\/span>\u00a0i Emprenedoria<\/strong><\/span><\/a>. L&#8217;<span class=\"hiddenSpellError\">IVACE<\/span>, la mateixa Universitat Polit\u00e8cnica de Val\u00e8ncia, el <span class=\"hiddenSpellError\">CEEI<\/span> Alcoi-Val\u00e8ncia i l&#8217;Ajuntament d&#8217;Alcoi han fet possible <strong>una cita centrada enguany<\/strong> en la rob\u00f2tica aix\u00ed com en la digitalitzaci\u00f3.<\/p>\n<p style=\"text-align: justify;\">En aquesta ocasi\u00f3 han tornat a participar destacar ponents que han parlat durant la jornada de <strong>l&#8217;aplicaci\u00f3 de la tecnologia a sectors com el t\u00e8xtil o l&#8217;agricultura<\/strong>; entre molts altres presents al teixit productiu de les nostres comarques. Tampoc ha faltat <strong>una mostra de robots<\/strong> i des del Campus de la UPV <strong>han presentat diferents solucions tecnol\u00f2giques d&#8217;aplicaci\u00f3 empresarial<\/strong>. Per \u00faltim ha destacat <strong>una representaci\u00f3 d&#8217;empreses de la Comunitat Valenciana<\/strong> centrades en la rob\u00f2tica i la digitalitzaci\u00f3 &#8220;<em>\u00e9s una jornada on parlem de temes de futur, conceptes molt importants que ja estan presents en el nostre dia a dia<\/em>&#8220;, ha dit <strong><span class=\"hiddenSpellError\">Javier<\/span>\u00a0Silvestre<\/strong>, subdirector d&#8217; <span class=\"hiddenGrammarError\">I+D<\/span>\u00a0de l&#8217;esmentat Campus d\u2019Alcoi de la UPV.<\/p>\n<p style=\"text-align: justify;\">Des del\u00a0<span class=\"hiddenSpellError\">CEEI<\/span> Alcoi -Val\u00e8ncia han recordat tamb\u00e9 hui que Focus <span class=\"hiddenSpellError\">Pyme i Emprenedoria<\/span>\u00a0&#8220;<em>\u00e9s una bona manera de difondre el coneixement o l&#8217;experi\u00e8ncia sense deixar de costat la relaci\u00f3 entre agents, empreses i emprenedors<\/em>&#8220;, ha comentat el seu director; <strong>Ramon Ferrandis<\/strong>. Cal destacar que l&#8217;alcalde d&#8217;Alcoi tamb\u00e9 ha visitat Focus\u00a0<span class=\"hiddenSpellError\">Pyme<\/span>\u00a0i ha elogiat la tasca que est\u00e0 fent el Campus en temes com la rob\u00f2tica o la digitalitzaci\u00f3 &#8220;<em>estem veient una rellevant transformaci\u00f3 en les empreses que no seria possible sense la feina que es fa des de la Universitat<\/em>&#8220;, ha concl\u00f2s <strong>Toni Franc\u00e9s<\/strong>.<\/p>\n<p style=\"text-align: justify;\">Cal recordar que Focus Pime i Emprenedoria <strong>\u00e9s una iniciativa de\u00a0<span class=\"hiddenSpellError\">CEEI<\/span>\u00a0Alcoi-Val\u00e8ncia, promoguda i finan\u00e7ada per la Generalitat Valenciana, a trav\u00e9s de l&#8217;Institut Valenci\u00e0 de Competitivitat Empresarial (<span class=\"hiddenSpellError\">IVACE<\/span>)<\/strong>, dins de la seua pol\u00edtica de suport a l&#8217;emprenedoria innovadora.<\/p>\n","protected":false},"excerpt":{"rendered":"<p>El Campus d&#8217;Alcoi de la Universitat Polit\u00e8cnica de Val\u00e8ncia va acollir el dijous 10 de novembre una nova edici\u00f3 de&#8230;<\/p>\n","protected":false},"author":1,"featured_media":94092,"comment_status":"open","ping_status":"open","sticky":false,"template":"","format":"standard","meta":{"footnotes":""},"categories":[6909,97,75,79,125],"tags":[5738,13454,938,674],"class_list":["post-94091","post","type-post","status-publish","format-standard","has-post-thumbnail","hentry","category-actualidad","category-alcoy","category-noticias","category-politicayeconomia","category-portada","tag-campus-alcoi","tag-digitalitzacio","tag-robotica","tag-upv"],"yoast_head":"<!-- This site is optimized with the Yoast SEO plugin v27.3 - https:\/\/yoast.com\/product\/yoast-seo-wordpress\/ -->\n<title>Focus Pime ha tornat a Alcoi centrat en la rob\u00f2tica i la digitalitzaci\u00f3 - COPE Alcoy<\/title>\n<meta name=\"robots\" content=\"index, follow, max-snippet:-1, max-image-preview:large, max-video-preview:-1\" \/>\n<link rel=\"canonical\" href=\"https:\/\/www.copealcoy.es\/es\/focus-pime-ha-tornat-a-alcoi-centrat-en-la-robotica-i-la-digitalitzacio\/\" \/>\n<meta property=\"og:locale\" content=\"es_ES\" \/>\n<meta property=\"og:type\" content=\"article\" \/>\n<meta property=\"og:title\" content=\"Focus Pime ha tornat a Alcoi centrat en la rob\u00f2tica i la digitalitzaci\u00f3 - COPE Alcoy\" \/>\n<meta property=\"og:description\" content=\"El Campus d&#8217;Alcoi de la Universitat Polit\u00e8cnica de Val\u00e8ncia va acollir el dijous 10 de novembre una nova edici\u00f3 de...\" \/>\n<meta property=\"og:url\" content=\"https:\/\/www.copealcoy.es\/es\/focus-pime-ha-tornat-a-alcoi-centrat-en-la-robotica-i-la-digitalitzacio\/\" \/>\n<meta property=\"og:site_name\" content=\"COPE Alcoy\" \/>\n<meta property=\"article:published_time\" content=\"2022-11-11T05:00:00+00:00\" \/>\n<meta property=\"article:modified_time\" content=\"2022-11-11T07:17:42+00:00\" \/>\n<meta property=\"og:image\" content=\"https:\/\/www.copealcoy.es\/wp-content\/uploads\/2022\/11\/314372592_494928929334304_4173396077205879638_n-e1668103472439.jpg\" \/>\n\t<meta property=\"og:image:width\" content=\"640\" \/>\n\t<meta property=\"og:image:height\" content=\"480\" \/>\n\t<meta property=\"og:image:type\" content=\"image\/jpeg\" \/>\n<meta name=\"author\" content=\"Cope Alcoy\" \/>\n<meta name=\"twitter:label1\" content=\"Escrito por\" \/>\n\t<meta name=\"twitter:data1\" content=\"Cope Alcoy\" \/>\n\t<meta name=\"twitter:label2\" content=\"Tiempo de lectura\" \/>\n\t<meta name=\"twitter:data2\" content=\"2 minutos\" \/>\n<script type=\"application\/ld+json\" class=\"yoast-schema-graph\">{\"@context\":\"https:\\\/\\\/schema.org\",\"@graph\":[{\"@type\":\"Article\",\"@id\":\"https:\\\/\\\/www.copealcoy.es\\\/es\\\/focus-pime-ha-tornat-a-alcoi-centrat-en-la-robotica-i-la-digitalitzacio\\\/#article\",\"isPartOf\":{\"@id\":\"https:\\\/\\\/www.copealcoy.es\\\/es\\\/focus-pime-ha-tornat-a-alcoi-centrat-en-la-robotica-i-la-digitalitzacio\\\/\"},\"author\":{\"name\":\"Cope Alcoy\",\"@id\":\"https:\\\/\\\/www.copealcoy.es\\\/es\\\/#\\\/schema\\\/person\\\/e777c87fa024e57d40170af9df39882c\"},\"headline\":\"Focus Pime ha tornat a Alcoi centrat en la rob\u00f2tica i la digitalitzaci\u00f3\",\"datePublished\":\"2022-11-11T05:00:00+00:00\",\"dateModified\":\"2022-11-11T07:17:42+00:00\",\"mainEntityOfPage\":{\"@id\":\"https:\\\/\\\/www.copealcoy.es\\\/es\\\/focus-pime-ha-tornat-a-alcoi-centrat-en-la-robotica-i-la-digitalitzacio\\\/\"},\"wordCount\":349,\"commentCount\":0,\"image\":{\"@id\":\"https:\\\/\\\/www.copealcoy.es\\\/es\\\/focus-pime-ha-tornat-a-alcoi-centrat-en-la-robotica-i-la-digitalitzacio\\\/#primaryimage\"},\"thumbnailUrl\":\"https:\\\/\\\/www.copealcoy.es\\\/wp-content\\\/uploads\\\/2022\\\/11\\\/314372592_494928929334304_4173396077205879638_n-e1668103472439.jpg\",\"keywords\":[\"Campus Alcoi\",\"digitalitzaci\u00f3\",\"Rob\u00f3tica\",\"UPV\"],\"articleSection\":[\"Actualidad\",\"Alcoy\",\"Noticias\",\"Pol\u00edtica y Econom\u00eda\",\"Portada\"],\"inLanguage\":\"es\"},{\"@type\":\"WebPage\",\"@id\":\"https:\\\/\\\/www.copealcoy.es\\\/es\\\/focus-pime-ha-tornat-a-alcoi-centrat-en-la-robotica-i-la-digitalitzacio\\\/\",\"url\":\"https:\\\/\\\/www.copealcoy.es\\\/es\\\/focus-pime-ha-tornat-a-alcoi-centrat-en-la-robotica-i-la-digitalitzacio\\\/\",\"name\":\"Focus Pime ha tornat a Alcoi centrat en la rob\u00f2tica i la digitalitzaci\u00f3 - COPE Alcoy\",\"isPartOf\":{\"@id\":\"https:\\\/\\\/www.copealcoy.es\\\/es\\\/#website\"},\"primaryImageOfPage\":{\"@id\":\"https:\\\/\\\/www.copealcoy.es\\\/es\\\/focus-pime-ha-tornat-a-alcoi-centrat-en-la-robotica-i-la-digitalitzacio\\\/#primaryimage\"},\"image\":{\"@id\":\"https:\\\/\\\/www.copealcoy.es\\\/es\\\/focus-pime-ha-tornat-a-alcoi-centrat-en-la-robotica-i-la-digitalitzacio\\\/#primaryimage\"},\"thumbnailUrl\":\"https:\\\/\\\/www.copealcoy.es\\\/wp-content\\\/uploads\\\/2022\\\/11\\\/314372592_494928929334304_4173396077205879638_n-e1668103472439.jpg\",\"datePublished\":\"2022-11-11T05:00:00+00:00\",\"dateModified\":\"2022-11-11T07:17:42+00:00\",\"author\":{\"@id\":\"https:\\\/\\\/www.copealcoy.es\\\/es\\\/#\\\/schema\\\/person\\\/e777c87fa024e57d40170af9df39882c\"},\"breadcrumb\":{\"@id\":\"https:\\\/\\\/www.copealcoy.es\\\/es\\\/focus-pime-ha-tornat-a-alcoi-centrat-en-la-robotica-i-la-digitalitzacio\\\/#breadcrumb\"},\"inLanguage\":\"es\",\"potentialAction\":[{\"@type\":\"ReadAction\",\"target\":[\"https:\\\/\\\/www.copealcoy.es\\\/es\\\/focus-pime-ha-tornat-a-alcoi-centrat-en-la-robotica-i-la-digitalitzacio\\\/\"]}]},{\"@type\":\"ImageObject\",\"inLanguage\":\"es\",\"@id\":\"https:\\\/\\\/www.copealcoy.es\\\/es\\\/focus-pime-ha-tornat-a-alcoi-centrat-en-la-robotica-i-la-digitalitzacio\\\/#primaryimage\",\"url\":\"https:\\\/\\\/www.copealcoy.es\\\/wp-content\\\/uploads\\\/2022\\\/11\\\/314372592_494928929334304_4173396077205879638_n-e1668103472439.jpg\",\"contentUrl\":\"https:\\\/\\\/www.copealcoy.es\\\/wp-content\\\/uploads\\\/2022\\\/11\\\/314372592_494928929334304_4173396077205879638_n-e1668103472439.jpg\",\"width\":640,\"height\":480},{\"@type\":\"BreadcrumbList\",\"@id\":\"https:\\\/\\\/www.copealcoy.es\\\/es\\\/focus-pime-ha-tornat-a-alcoi-centrat-en-la-robotica-i-la-digitalitzacio\\\/#breadcrumb\",\"itemListElement\":[{\"@type\":\"ListItem\",\"position\":1,\"name\":\"Portada\",\"item\":\"https:\\\/\\\/www.copealcoy.es\\\/es\\\/\"},{\"@type\":\"ListItem\",\"position\":2,\"name\":\"Focus Pime ha tornat a Alcoi centrat en la rob\u00f2tica i la digitalitzaci\u00f3\"}]},{\"@type\":\"WebSite\",\"@id\":\"https:\\\/\\\/www.copealcoy.es\\\/es\\\/#website\",\"url\":\"https:\\\/\\\/www.copealcoy.es\\\/es\\\/\",\"name\":\"COPE Alcoy\",\"description\":\"Emisora COPE de radio local con emisi\u00f3n online. Pont de Sant Jordi 8-10 03803 Alcoy\",\"potentialAction\":[{\"@type\":\"SearchAction\",\"target\":{\"@type\":\"EntryPoint\",\"urlTemplate\":\"https:\\\/\\\/www.copealcoy.es\\\/es\\\/?s={search_term_string}\"},\"query-input\":{\"@type\":\"PropertyValueSpecification\",\"valueRequired\":true,\"valueName\":\"search_term_string\"}}],\"inLanguage\":\"es\"},{\"@type\":\"Person\",\"@id\":\"https:\\\/\\\/www.copealcoy.es\\\/es\\\/#\\\/schema\\\/person\\\/e777c87fa024e57d40170af9df39882c\",\"name\":\"Cope Alcoy\",\"image\":{\"@type\":\"ImageObject\",\"inLanguage\":\"es\",\"@id\":\"https:\\\/\\\/secure.gravatar.com\\\/avatar\\\/bb65d0283347e303893ba14f0692005417c1e0e690a325a4c5d8bb2b3943ee14?s=96&d=mm&r=g\",\"url\":\"https:\\\/\\\/secure.gravatar.com\\\/avatar\\\/bb65d0283347e303893ba14f0692005417c1e0e690a325a4c5d8bb2b3943ee14?s=96&d=mm&r=g\",\"contentUrl\":\"https:\\\/\\\/secure.gravatar.com\\\/avatar\\\/bb65d0283347e303893ba14f0692005417c1e0e690a325a4c5d8bb2b3943ee14?s=96&d=mm&r=g\",\"caption\":\"Cope Alcoy\"}}]}<\/script>\n<!-- \/ Yoast SEO plugin. -->","yoast_head_json":{"title":"Focus Pime ha tornat a Alcoi centrat en la rob\u00f2tica i la digitalitzaci\u00f3 - COPE Alcoy","robots":{"index":"index","follow":"follow","max-snippet":"max-snippet:-1","max-image-preview":"max-image-preview:large","max-video-preview":"max-video-preview:-1"},"canonical":"https:\/\/www.copealcoy.es\/es\/focus-pime-ha-tornat-a-alcoi-centrat-en-la-robotica-i-la-digitalitzacio\/","og_locale":"es_ES","og_type":"article","og_title":"Focus Pime ha tornat a Alcoi centrat en la rob\u00f2tica i la digitalitzaci\u00f3 - COPE Alcoy","og_description":"El Campus d&#8217;Alcoi de la Universitat Polit\u00e8cnica de Val\u00e8ncia va acollir el dijous 10 de novembre una nova edici\u00f3 de...","og_url":"https:\/\/www.copealcoy.es\/es\/focus-pime-ha-tornat-a-alcoi-centrat-en-la-robotica-i-la-digitalitzacio\/","og_site_name":"COPE Alcoy","article_published_time":"2022-11-11T05:00:00+00:00","article_modified_time":"2022-11-11T07:17:42+00:00","og_image":[{"width":640,"height":480,"url":"https:\/\/www.copealcoy.es\/wp-content\/uploads\/2022\/11\/314372592_494928929334304_4173396077205879638_n-e1668103472439.jpg","type":"image\/jpeg"}],"author":"Cope Alcoy","twitter_misc":{"Escrito por":"Cope Alcoy","Tiempo de lectura":"2 minutos"},"schema":{"@context":"https:\/\/schema.org","@graph":[{"@type":"Article","@id":"https:\/\/www.copealcoy.es\/es\/focus-pime-ha-tornat-a-alcoi-centrat-en-la-robotica-i-la-digitalitzacio\/#article","isPartOf":{"@id":"https:\/\/www.copealcoy.es\/es\/focus-pime-ha-tornat-a-alcoi-centrat-en-la-robotica-i-la-digitalitzacio\/"},"author":{"name":"Cope Alcoy","@id":"https:\/\/www.copealcoy.es\/es\/#\/schema\/person\/e777c87fa024e57d40170af9df39882c"},"headline":"Focus Pime ha tornat a Alcoi centrat en la rob\u00f2tica i la digitalitzaci\u00f3","datePublished":"2022-11-11T05:00:00+00:00","dateModified":"2022-11-11T07:17:42+00:00","mainEntityOfPage":{"@id":"https:\/\/www.copealcoy.es\/es\/focus-pime-ha-tornat-a-alcoi-centrat-en-la-robotica-i-la-digitalitzacio\/"},"wordCount":349,"commentCount":0,"image":{"@id":"https:\/\/www.copealcoy.es\/es\/focus-pime-ha-tornat-a-alcoi-centrat-en-la-robotica-i-la-digitalitzacio\/#primaryimage"},"thumbnailUrl":"https:\/\/www.copealcoy.es\/wp-content\/uploads\/2022\/11\/314372592_494928929334304_4173396077205879638_n-e1668103472439.jpg","keywords":["Campus Alcoi","digitalitzaci\u00f3","Rob\u00f3tica","UPV"],"articleSection":["Actualidad","Alcoy","Noticias","Pol\u00edtica y Econom\u00eda","Portada"],"inLanguage":"es"},{"@type":"WebPage","@id":"https:\/\/www.copealcoy.es\/es\/focus-pime-ha-tornat-a-alcoi-centrat-en-la-robotica-i-la-digitalitzacio\/","url":"https:\/\/www.copealcoy.es\/es\/focus-pime-ha-tornat-a-alcoi-centrat-en-la-robotica-i-la-digitalitzacio\/","name":"Focus Pime ha tornat a Alcoi centrat en la rob\u00f2tica i la digitalitzaci\u00f3 - COPE Alcoy","isPartOf":{"@id":"https:\/\/www.copealcoy.es\/es\/#website"},"primaryImageOfPage":{"@id":"https:\/\/www.copealcoy.es\/es\/focus-pime-ha-tornat-a-alcoi-centrat-en-la-robotica-i-la-digitalitzacio\/#primaryimage"},"image":{"@id":"https:\/\/www.copealcoy.es\/es\/focus-pime-ha-tornat-a-alcoi-centrat-en-la-robotica-i-la-digitalitzacio\/#primaryimage"},"thumbnailUrl":"https:\/\/www.copealcoy.es\/wp-content\/uploads\/2022\/11\/314372592_494928929334304_4173396077205879638_n-e1668103472439.jpg","datePublished":"2022-11-11T05:00:00+00:00","dateModified":"2022-11-11T07:17:42+00:00","author":{"@id":"https:\/\/www.copealcoy.es\/es\/#\/schema\/person\/e777c87fa024e57d40170af9df39882c"},"breadcrumb":{"@id":"https:\/\/www.copealcoy.es\/es\/focus-pime-ha-tornat-a-alcoi-centrat-en-la-robotica-i-la-digitalitzacio\/#breadcrumb"},"inLanguage":"es","potentialAction":[{"@type":"ReadAction","target":["https:\/\/www.copealcoy.es\/es\/focus-pime-ha-tornat-a-alcoi-centrat-en-la-robotica-i-la-digitalitzacio\/"]}]},{"@type":"ImageObject","inLanguage":"es","@id":"https:\/\/www.copealcoy.es\/es\/focus-pime-ha-tornat-a-alcoi-centrat-en-la-robotica-i-la-digitalitzacio\/#primaryimage","url":"https:\/\/www.copealcoy.es\/wp-content\/uploads\/2022\/11\/314372592_494928929334304_4173396077205879638_n-e1668103472439.jpg","contentUrl":"https:\/\/www.copealcoy.es\/wp-content\/uploads\/2022\/11\/314372592_494928929334304_4173396077205879638_n-e1668103472439.jpg","width":640,"height":480},{"@type":"BreadcrumbList","@id":"https:\/\/www.copealcoy.es\/es\/focus-pime-ha-tornat-a-alcoi-centrat-en-la-robotica-i-la-digitalitzacio\/#breadcrumb","itemListElement":[{"@type":"ListItem","position":1,"name":"Portada","item":"https:\/\/www.copealcoy.es\/es\/"},{"@type":"ListItem","position":2,"name":"Focus Pime ha tornat a Alcoi centrat en la rob\u00f2tica i la digitalitzaci\u00f3"}]},{"@type":"WebSite","@id":"https:\/\/www.copealcoy.es\/es\/#website","url":"https:\/\/www.copealcoy.es\/es\/","name":"COPE Alcoy","description":"Emisora COPE de radio local con emisi\u00f3n online. Pont de Sant Jordi 8-10 03803 Alcoy","potentialAction":[{"@type":"SearchAction","target":{"@type":"EntryPoint","urlTemplate":"https:\/\/www.copealcoy.es\/es\/?s={search_term_string}"},"query-input":{"@type":"PropertyValueSpecification","valueRequired":true,"valueName":"search_term_string"}}],"inLanguage":"es"},{"@type":"Person","@id":"https:\/\/www.copealcoy.es\/es\/#\/schema\/person\/e777c87fa024e57d40170af9df39882c","name":"Cope Alcoy","image":{"@type":"ImageObject","inLanguage":"es","@id":"https:\/\/secure.gravatar.com\/avatar\/bb65d0283347e303893ba14f0692005417c1e0e690a325a4c5d8bb2b3943ee14?s=96&d=mm&r=g","url":"https:\/\/secure.gravatar.com\/avatar\/bb65d0283347e303893ba14f0692005417c1e0e690a325a4c5d8bb2b3943ee14?s=96&d=mm&r=g","contentUrl":"https:\/\/secure.gravatar.com\/avatar\/bb65d0283347e303893ba14f0692005417c1e0e690a325a4c5d8bb2b3943ee14?s=96&d=mm&r=g","caption":"Cope Alcoy"}}]}},"_links":{"self":[{"href":"https:\/\/www.copealcoy.es\/es\/wp-json\/wp\/v2\/posts\/94091","targetHints":{"allow":["GET"]}}],"collection":[{"href":"https:\/\/www.copealcoy.es\/es\/wp-json\/wp\/v2\/posts"}],"about":[{"href":"https:\/\/www.copealcoy.es\/es\/wp-json\/wp\/v2\/types\/post"}],"author":[{"embeddable":true,"href":"https:\/\/www.copealcoy.es\/es\/wp-json\/wp\/v2\/users\/1"}],"replies":[{"embeddable":true,"href":"https:\/\/www.copealcoy.es\/es\/wp-json\/wp\/v2\/comments?post=94091"}],"version-history":[{"count":0,"href":"https:\/\/www.copealcoy.es\/es\/wp-json\/wp\/v2\/posts\/94091\/revisions"}],"wp:featuredmedia":[{"embeddable":true,"href":"https:\/\/www.copealcoy.es\/es\/wp-json\/wp\/v2\/media\/94092"}],"wp:attachment":[{"href":"https:\/\/www.copealcoy.es\/es\/wp-json\/wp\/v2\/media?parent=94091"}],"wp:term":[{"taxonomy":"category","embeddable":true,"href":"https:\/\/www.copealcoy.es\/es\/wp-json\/wp\/v2\/categories?post=94091"},{"taxonomy":"post_tag","embeddable":true,"href":"https:\/\/www.copealcoy.es\/es\/wp-json\/wp\/v2\/tags?post=94091"}],"curies":[{"name":"wp","href":"https:\/\/api.w.org\/{rel}","templated":true}]}}