{"id":93995,"date":"2022-11-09T07:35:19","date_gmt":"2022-11-09T06:35:19","guid":{"rendered":"https:\/\/www.copealcoy.es\/?p=93995"},"modified":"2022-11-23T09:56:59","modified_gmt":"2022-11-23T08:56:59","slug":"agres-un-municipio-con-encanto-a-los-pies-de-la-serra-de-mariola","status":"publish","type":"post","link":"https:\/\/www.copealcoy.es\/es\/agres-un-municipio-con-encanto-a-los-pies-de-la-serra-de-mariola\/","title":{"rendered":"Agres, un municipio con encanto a los pies de la Serra de Mariola"},"content":{"rendered":"<p style=\"text-align: justify;\">Estamos en <strong>un peque\u00f1o y encantador pueblo<\/strong> situado al norte de la Serra de Mariola y de la provincia de Alicante. Para muchos calificado como <strong>una joya para los turistas<\/strong> que se encuentra ubicado en la comarca de <strong>El Comtat.\u00a0<\/strong>Su t\u00e9rmino <strong>limita con las poblaciones de Bocairent, Alfafara, Ontinyent, Agullent, Muro y Cocentaina<\/strong>.<\/p>\n<p style=\"text-align: justify;\">Agres se encuentra a una altura sobre el nivel del mar de 722 metros y <strong>su poblaci\u00f3n es de unos 650 habitantes<\/strong> dedicado tradicionalmente al cultivo y desde hace unos a\u00f1os especialmente al turismo, sobre todo a la hosteler\u00eda.<\/p>\n<p style=\"text-align: justify;\">Su <strong>etimolog\u00eda<\/strong> puede venir del lat\u00edn \u201c\u00c0ger\u201d campo o de \u201cagger\u201d, que quiere decir altura o elevaci\u00f3n.<\/p>\n<p style=\"text-align: justify;\">Habitado por el hombre desde los tiempo m\u00e1s remotos y donde <strong>se han descubiertos restos del hombre paleol\u00edtico<\/strong>, 40.000 a 30.000 a\u00f1os antes de Cristo y del Neol\u00edtico, 500 a\u00f1os antes de Cristo,\u00a0 cuenta con los yacimientos arqueol\u00f3gicos de la Cueva Beneito, la Solana, Carbonell, la Covacha El emparet\u00e0, la cueva del Moro, la cueva los Pilares, la Muela de Agres, el Pico de la \u00c1guila, el Cabe\u00e7o de Mariola y la Covalta,<\/p>\n<p style=\"text-align: justify;\">En el a\u00f1o 76 antes de Cristo, coincidiendo con la \u00e9poca del Emperador romano Cesar Augusto, <strong>se constata la presencia de los romanos<\/strong> por estas tierras, ejemplo de la romanizaci\u00f3n de la Valleta de Agres es el yacimiento arqueol\u00f3gico del Cabe\u00e7o de Mariola, en el que se han encontrado diversas cer\u00e1micas rom\u00e1nicas, as\u00ed como monedas del siglo I.<\/p>\n<p style=\"text-align: justify;\">Fue una de las <strong>45 villas de se\u00f1or\u00edo del reino de Valencia<\/strong>, y <strong>perteneci\u00f3 durante todo el siglo XVIII al Conde Cirat<\/strong>.<\/p>\n<p style=\"text-align: justify;\">Una parada obligada dentro de las rutas por los municipios de la <strong>Serra Mariola<\/strong> por sus <em>empinadas calles y las oportunidades que ofrece a los amantes del senderismo<\/em>, y cuenta con una <strong>gran variedad de patrimonio hist\u00f3rico<\/strong> digno de ser visitado con lugares c\u00f3mo el\u00a0 <strong>lavadero municipal<\/strong>, del siglo XIX, y uno de los m\u00e1s grandes que se conservan en la provincia de Alicante.<\/p>\n<p style=\"text-align: justify;\"><a href=\"https:\/\/www.copealcoy.es\/wp-content\/uploads\/2022\/11\/Imagen-1-1.png\"><img loading=\"lazy\" decoding=\"async\" class=\"size-full wp-image-93997 aligncenter\" src=\"https:\/\/www.copealcoy.es\/wp-content\/uploads\/2022\/11\/Imagen-1-1.png\" alt=\"\" width=\"602\" height=\"402\" srcset=\"https:\/\/www.copealcoy.es\/wp-content\/uploads\/2022\/11\/Imagen-1-1.png 602w, https:\/\/www.copealcoy.es\/wp-content\/uploads\/2022\/11\/Imagen-1-1-300x200.png 300w, https:\/\/www.copealcoy.es\/wp-content\/uploads\/2022\/11\/Imagen-1-1-600x400.png 600w\" sizes=\"auto, (max-width: 602px) 100vw, 602px\" \/><\/a><\/p>\n<p style=\"text-align: justify;\">Un rinc\u00f3n especial donde hacer una parada dej\u00e1ndonos relajar por el ruido del agua y\u00a0 retomar fuerzas para la subida que nos espera<em> al Santuario de la Virgen Mar\u00eda del Castillo<\/em>, la Torre Talaia, o <strong>la ruta de senderismo que llega hasta las cavas<\/strong>, antiguos pozos de nieve que se utilizaban para hacer hielo hace ya m\u00e1s de cinco siglos y que encontraremos diseminadas por la zona.<\/p>\n<p style=\"text-align: justify;\">Un pueblo de monta\u00f1a de tradici\u00f3n en <strong>gastronom\u00eda que <\/strong>invita a reconfortar el cuerpo en los d\u00edas de invierno, con <em>platos calientes de cuchara<\/em> como el arroz caldoso, la olla con pelota, los gazpachos o la borreta y como entrante unas buenas patatas rellenas y una pericana a la que acompa\u00f1ar con un buen pan de pueblo.<\/p>\n<p style=\"text-align: justify;\">Agres, no puedes perd\u00e9rtelo si eres <strong>amante del senderismo y la buena comida.\u00a0<\/strong><\/p>\n<p style=\"text-align: justify;\">Para visitar mediante <a href=\"https:\/\/www.agres.es\/tours-virtuals\/\"><strong><span style=\"color: #0000ff;\">un tour virtual en<\/span><\/strong><span style=\"color: #0000ff;\"><strong> 360\u00ba el municipio<\/strong><\/span><\/a>, pod\u00e9is pinchas en los siguientes enlaces:<\/p>\n<p style=\"text-align: justify;\">1- Las <a href=\"https:\/\/www.artvisualproducciones.com\/agres2021\/fonts\/fonts_agres.html\" target=\"_blank\" rel=\"noopener\"><strong><span style=\"color: #0000ff;\">Fuentes de Agres<\/span><\/strong><\/a> (recorrido por las diversas fuentes del municipio).<\/p>\n<p style=\"text-align: justify;\">https:\/\/www.artvisualproducciones.com\/agres2021\/fonts\/fonts_agres.html<\/p>\n<p style=\"text-align: justify;\">2- La <strong><a href=\"https:\/\/www.artvisualproducciones.com\/agres2021\/santmiquel\/sant_miquel.html\" target=\"_blank\" rel=\"noopener\"><span style=\"color: #0000ff;\">Iglesia de Sant Miquel<\/span><\/a><\/strong><\/p>\n<p style=\"text-align: justify;\">https:\/\/www.artvisualproducciones.com\/agres2021\/santmiquel\/sant_miquel.html<\/p>\n<p style=\"text-align: justify;\">3- <a href=\"https:\/\/www.artvisualproducciones.com\/agres2021\/santuari\/santuari.html\"><strong><span style=\"color: #0000ff;\">Santuario de La Virgen de Agres<\/span><\/strong><\/a><\/p>\n<p style=\"text-align: justify;\">\n","protected":false},"excerpt":{"rendered":"<p>Estamos en un peque\u00f1o y encantador pueblo situado al norte de la Serra de Mariola y de la provincia de&#8230;<\/p>\n","protected":false},"author":1,"featured_media":93996,"comment_status":"open","ping_status":"open","sticky":false,"template":"","format":"standard","meta":{"footnotes":""},"categories":[98,75,12731],"tags":[293,716,176,514,2041],"class_list":["post-93995","post","type-post","status-publish","format-standard","has-post-thumbnail","hentry","category-comarcas","category-noticias","category-turiscope","tag-agres","tag-gastronomia","tag-patrimonio","tag-turismo","tag-visitas"],"yoast_head":"<!-- This site is optimized with the Yoast SEO plugin v27.3 - https:\/\/yoast.com\/product\/yoast-seo-wordpress\/ -->\n<title>Agres, un municipio con encanto a los pies de la Serra de Mariola - COPE Alcoy<\/title>\n<meta name=\"description\" content=\"Agres, un peque\u00f1o y encantador pueblo situado al norte de la Serra de Mariola y de la provincia de Alicante\" \/>\n<meta name=\"robots\" content=\"index, follow, max-snippet:-1, max-image-preview:large, max-video-preview:-1\" \/>\n<link rel=\"canonical\" href=\"https:\/\/www.copealcoy.es\/es\/agres-un-municipio-con-encanto-a-los-pies-de-la-serra-de-mariola\/\" \/>\n<meta property=\"og:locale\" content=\"es_ES\" \/>\n<meta property=\"og:type\" content=\"article\" \/>\n<meta property=\"og:title\" content=\"Agres, un municipio con encanto a los pies de la Serra de Mariola - COPE Alcoy\" \/>\n<meta property=\"og:description\" content=\"Agres, un peque\u00f1o y encantador pueblo situado al norte de la Serra de Mariola y de la provincia de Alicante\" \/>\n<meta property=\"og:url\" content=\"https:\/\/www.copealcoy.es\/es\/agres-un-municipio-con-encanto-a-los-pies-de-la-serra-de-mariola\/\" \/>\n<meta property=\"og:site_name\" content=\"COPE Alcoy\" \/>\n<meta property=\"article:published_time\" content=\"2022-11-09T06:35:19+00:00\" \/>\n<meta property=\"article:modified_time\" content=\"2022-11-23T08:56:59+00:00\" \/>\n<meta property=\"og:image\" content=\"https:\/\/www.copealcoy.es\/wp-content\/uploads\/2022\/11\/Imagen-1.png\" \/>\n\t<meta property=\"og:image:width\" content=\"739\" \/>\n\t<meta property=\"og:image:height\" content=\"397\" \/>\n\t<meta property=\"og:image:type\" content=\"image\/png\" \/>\n<meta name=\"author\" content=\"Cope Alcoy\" \/>\n<meta name=\"twitter:label1\" content=\"Escrito por\" \/>\n\t<meta name=\"twitter:data1\" content=\"Cope Alcoy\" \/>\n\t<meta name=\"twitter:label2\" content=\"Tiempo de lectura\" \/>\n\t<meta name=\"twitter:data2\" content=\"3 minutos\" \/>\n<script type=\"application\/ld+json\" class=\"yoast-schema-graph\">{\"@context\":\"https:\\\/\\\/schema.org\",\"@graph\":[{\"@type\":\"Article\",\"@id\":\"https:\\\/\\\/www.copealcoy.es\\\/es\\\/agres-un-municipio-con-encanto-a-los-pies-de-la-serra-de-mariola\\\/#article\",\"isPartOf\":{\"@id\":\"https:\\\/\\\/www.copealcoy.es\\\/es\\\/agres-un-municipio-con-encanto-a-los-pies-de-la-serra-de-mariola\\\/\"},\"author\":{\"name\":\"Cope Alcoy\",\"@id\":\"https:\\\/\\\/www.copealcoy.es\\\/es\\\/#\\\/schema\\\/person\\\/e777c87fa024e57d40170af9df39882c\"},\"headline\":\"Agres, un municipio con encanto a los pies de la Serra de Mariola\",\"datePublished\":\"2022-11-09T06:35:19+00:00\",\"dateModified\":\"2022-11-23T08:56:59+00:00\",\"mainEntityOfPage\":{\"@id\":\"https:\\\/\\\/www.copealcoy.es\\\/es\\\/agres-un-municipio-con-encanto-a-los-pies-de-la-serra-de-mariola\\\/\"},\"wordCount\":565,\"commentCount\":0,\"image\":{\"@id\":\"https:\\\/\\\/www.copealcoy.es\\\/es\\\/agres-un-municipio-con-encanto-a-los-pies-de-la-serra-de-mariola\\\/#primaryimage\"},\"thumbnailUrl\":\"https:\\\/\\\/www.copealcoy.es\\\/wp-content\\\/uploads\\\/2022\\\/11\\\/Imagen-1.png\",\"keywords\":[\"Agres\",\"Gastronom\u00eda\",\"Patrimonio\",\"Turismo\",\"visitas\"],\"articleSection\":[\"Comarcas\",\"Noticias\",\"TurisCOPE\"],\"inLanguage\":\"es\"},{\"@type\":\"WebPage\",\"@id\":\"https:\\\/\\\/www.copealcoy.es\\\/es\\\/agres-un-municipio-con-encanto-a-los-pies-de-la-serra-de-mariola\\\/\",\"url\":\"https:\\\/\\\/www.copealcoy.es\\\/es\\\/agres-un-municipio-con-encanto-a-los-pies-de-la-serra-de-mariola\\\/\",\"name\":\"Agres, un municipio con encanto a los pies de la Serra de Mariola - COPE Alcoy\",\"isPartOf\":{\"@id\":\"https:\\\/\\\/www.copealcoy.es\\\/es\\\/#website\"},\"primaryImageOfPage\":{\"@id\":\"https:\\\/\\\/www.copealcoy.es\\\/es\\\/agres-un-municipio-con-encanto-a-los-pies-de-la-serra-de-mariola\\\/#primaryimage\"},\"image\":{\"@id\":\"https:\\\/\\\/www.copealcoy.es\\\/es\\\/agres-un-municipio-con-encanto-a-los-pies-de-la-serra-de-mariola\\\/#primaryimage\"},\"thumbnailUrl\":\"https:\\\/\\\/www.copealcoy.es\\\/wp-content\\\/uploads\\\/2022\\\/11\\\/Imagen-1.png\",\"datePublished\":\"2022-11-09T06:35:19+00:00\",\"dateModified\":\"2022-11-23T08:56:59+00:00\",\"author\":{\"@id\":\"https:\\\/\\\/www.copealcoy.es\\\/es\\\/#\\\/schema\\\/person\\\/e777c87fa024e57d40170af9df39882c\"},\"description\":\"Agres, un peque\u00f1o y encantador pueblo situado al norte de la Serra de Mariola y de la provincia de Alicante\",\"breadcrumb\":{\"@id\":\"https:\\\/\\\/www.copealcoy.es\\\/es\\\/agres-un-municipio-con-encanto-a-los-pies-de-la-serra-de-mariola\\\/#breadcrumb\"},\"inLanguage\":\"es\",\"potentialAction\":[{\"@type\":\"ReadAction\",\"target\":[\"https:\\\/\\\/www.copealcoy.es\\\/es\\\/agres-un-municipio-con-encanto-a-los-pies-de-la-serra-de-mariola\\\/\"]}]},{\"@type\":\"ImageObject\",\"inLanguage\":\"es\",\"@id\":\"https:\\\/\\\/www.copealcoy.es\\\/es\\\/agres-un-municipio-con-encanto-a-los-pies-de-la-serra-de-mariola\\\/#primaryimage\",\"url\":\"https:\\\/\\\/www.copealcoy.es\\\/wp-content\\\/uploads\\\/2022\\\/11\\\/Imagen-1.png\",\"contentUrl\":\"https:\\\/\\\/www.copealcoy.es\\\/wp-content\\\/uploads\\\/2022\\\/11\\\/Imagen-1.png\",\"width\":739,\"height\":397},{\"@type\":\"BreadcrumbList\",\"@id\":\"https:\\\/\\\/www.copealcoy.es\\\/es\\\/agres-un-municipio-con-encanto-a-los-pies-de-la-serra-de-mariola\\\/#breadcrumb\",\"itemListElement\":[{\"@type\":\"ListItem\",\"position\":1,\"name\":\"Portada\",\"item\":\"https:\\\/\\\/www.copealcoy.es\\\/es\\\/\"},{\"@type\":\"ListItem\",\"position\":2,\"name\":\"Agres, un municipio con encanto a los pies de la Serra de Mariola\"}]},{\"@type\":\"WebSite\",\"@id\":\"https:\\\/\\\/www.copealcoy.es\\\/es\\\/#website\",\"url\":\"https:\\\/\\\/www.copealcoy.es\\\/es\\\/\",\"name\":\"COPE Alcoy\",\"description\":\"Emisora COPE de radio local con emisi\u00f3n online. Pont de Sant Jordi 8-10 03803 Alcoy\",\"potentialAction\":[{\"@type\":\"SearchAction\",\"target\":{\"@type\":\"EntryPoint\",\"urlTemplate\":\"https:\\\/\\\/www.copealcoy.es\\\/es\\\/?s={search_term_string}\"},\"query-input\":{\"@type\":\"PropertyValueSpecification\",\"valueRequired\":true,\"valueName\":\"search_term_string\"}}],\"inLanguage\":\"es\"},{\"@type\":\"Person\",\"@id\":\"https:\\\/\\\/www.copealcoy.es\\\/es\\\/#\\\/schema\\\/person\\\/e777c87fa024e57d40170af9df39882c\",\"name\":\"Cope Alcoy\",\"image\":{\"@type\":\"ImageObject\",\"inLanguage\":\"es\",\"@id\":\"https:\\\/\\\/secure.gravatar.com\\\/avatar\\\/bb65d0283347e303893ba14f0692005417c1e0e690a325a4c5d8bb2b3943ee14?s=96&d=mm&r=g\",\"url\":\"https:\\\/\\\/secure.gravatar.com\\\/avatar\\\/bb65d0283347e303893ba14f0692005417c1e0e690a325a4c5d8bb2b3943ee14?s=96&d=mm&r=g\",\"contentUrl\":\"https:\\\/\\\/secure.gravatar.com\\\/avatar\\\/bb65d0283347e303893ba14f0692005417c1e0e690a325a4c5d8bb2b3943ee14?s=96&d=mm&r=g\",\"caption\":\"Cope Alcoy\"}}]}<\/script>\n<!-- \/ Yoast SEO plugin. -->","yoast_head_json":{"title":"Agres, un municipio con encanto a los pies de la Serra de Mariola - COPE Alcoy","description":"Agres, un peque\u00f1o y encantador pueblo situado al norte de la Serra de Mariola y de la provincia de Alicante","robots":{"index":"index","follow":"follow","max-snippet":"max-snippet:-1","max-image-preview":"max-image-preview:large","max-video-preview":"max-video-preview:-1"},"canonical":"https:\/\/www.copealcoy.es\/es\/agres-un-municipio-con-encanto-a-los-pies-de-la-serra-de-mariola\/","og_locale":"es_ES","og_type":"article","og_title":"Agres, un municipio con encanto a los pies de la Serra de Mariola - COPE Alcoy","og_description":"Agres, un peque\u00f1o y encantador pueblo situado al norte de la Serra de Mariola y de la provincia de Alicante","og_url":"https:\/\/www.copealcoy.es\/es\/agres-un-municipio-con-encanto-a-los-pies-de-la-serra-de-mariola\/","og_site_name":"COPE Alcoy","article_published_time":"2022-11-09T06:35:19+00:00","article_modified_time":"2022-11-23T08:56:59+00:00","og_image":[{"width":739,"height":397,"url":"https:\/\/www.copealcoy.es\/wp-content\/uploads\/2022\/11\/Imagen-1.png","type":"image\/png"}],"author":"Cope Alcoy","twitter_misc":{"Escrito por":"Cope Alcoy","Tiempo de lectura":"3 minutos"},"schema":{"@context":"https:\/\/schema.org","@graph":[{"@type":"Article","@id":"https:\/\/www.copealcoy.es\/es\/agres-un-municipio-con-encanto-a-los-pies-de-la-serra-de-mariola\/#article","isPartOf":{"@id":"https:\/\/www.copealcoy.es\/es\/agres-un-municipio-con-encanto-a-los-pies-de-la-serra-de-mariola\/"},"author":{"name":"Cope Alcoy","@id":"https:\/\/www.copealcoy.es\/es\/#\/schema\/person\/e777c87fa024e57d40170af9df39882c"},"headline":"Agres, un municipio con encanto a los pies de la Serra de Mariola","datePublished":"2022-11-09T06:35:19+00:00","dateModified":"2022-11-23T08:56:59+00:00","mainEntityOfPage":{"@id":"https:\/\/www.copealcoy.es\/es\/agres-un-municipio-con-encanto-a-los-pies-de-la-serra-de-mariola\/"},"wordCount":565,"commentCount":0,"image":{"@id":"https:\/\/www.copealcoy.es\/es\/agres-un-municipio-con-encanto-a-los-pies-de-la-serra-de-mariola\/#primaryimage"},"thumbnailUrl":"https:\/\/www.copealcoy.es\/wp-content\/uploads\/2022\/11\/Imagen-1.png","keywords":["Agres","Gastronom\u00eda","Patrimonio","Turismo","visitas"],"articleSection":["Comarcas","Noticias","TurisCOPE"],"inLanguage":"es"},{"@type":"WebPage","@id":"https:\/\/www.copealcoy.es\/es\/agres-un-municipio-con-encanto-a-los-pies-de-la-serra-de-mariola\/","url":"https:\/\/www.copealcoy.es\/es\/agres-un-municipio-con-encanto-a-los-pies-de-la-serra-de-mariola\/","name":"Agres, un municipio con encanto a los pies de la Serra de Mariola - COPE Alcoy","isPartOf":{"@id":"https:\/\/www.copealcoy.es\/es\/#website"},"primaryImageOfPage":{"@id":"https:\/\/www.copealcoy.es\/es\/agres-un-municipio-con-encanto-a-los-pies-de-la-serra-de-mariola\/#primaryimage"},"image":{"@id":"https:\/\/www.copealcoy.es\/es\/agres-un-municipio-con-encanto-a-los-pies-de-la-serra-de-mariola\/#primaryimage"},"thumbnailUrl":"https:\/\/www.copealcoy.es\/wp-content\/uploads\/2022\/11\/Imagen-1.png","datePublished":"2022-11-09T06:35:19+00:00","dateModified":"2022-11-23T08:56:59+00:00","author":{"@id":"https:\/\/www.copealcoy.es\/es\/#\/schema\/person\/e777c87fa024e57d40170af9df39882c"},"description":"Agres, un peque\u00f1o y encantador pueblo situado al norte de la Serra de Mariola y de la provincia de Alicante","breadcrumb":{"@id":"https:\/\/www.copealcoy.es\/es\/agres-un-municipio-con-encanto-a-los-pies-de-la-serra-de-mariola\/#breadcrumb"},"inLanguage":"es","potentialAction":[{"@type":"ReadAction","target":["https:\/\/www.copealcoy.es\/es\/agres-un-municipio-con-encanto-a-los-pies-de-la-serra-de-mariola\/"]}]},{"@type":"ImageObject","inLanguage":"es","@id":"https:\/\/www.copealcoy.es\/es\/agres-un-municipio-con-encanto-a-los-pies-de-la-serra-de-mariola\/#primaryimage","url":"https:\/\/www.copealcoy.es\/wp-content\/uploads\/2022\/11\/Imagen-1.png","contentUrl":"https:\/\/www.copealcoy.es\/wp-content\/uploads\/2022\/11\/Imagen-1.png","width":739,"height":397},{"@type":"BreadcrumbList","@id":"https:\/\/www.copealcoy.es\/es\/agres-un-municipio-con-encanto-a-los-pies-de-la-serra-de-mariola\/#breadcrumb","itemListElement":[{"@type":"ListItem","position":1,"name":"Portada","item":"https:\/\/www.copealcoy.es\/es\/"},{"@type":"ListItem","position":2,"name":"Agres, un municipio con encanto a los pies de la Serra de Mariola"}]},{"@type":"WebSite","@id":"https:\/\/www.copealcoy.es\/es\/#website","url":"https:\/\/www.copealcoy.es\/es\/","name":"COPE Alcoy","description":"Emisora COPE de radio local con emisi\u00f3n online. Pont de Sant Jordi 8-10 03803 Alcoy","potentialAction":[{"@type":"SearchAction","target":{"@type":"EntryPoint","urlTemplate":"https:\/\/www.copealcoy.es\/es\/?s={search_term_string}"},"query-input":{"@type":"PropertyValueSpecification","valueRequired":true,"valueName":"search_term_string"}}],"inLanguage":"es"},{"@type":"Person","@id":"https:\/\/www.copealcoy.es\/es\/#\/schema\/person\/e777c87fa024e57d40170af9df39882c","name":"Cope Alcoy","image":{"@type":"ImageObject","inLanguage":"es","@id":"https:\/\/secure.gravatar.com\/avatar\/bb65d0283347e303893ba14f0692005417c1e0e690a325a4c5d8bb2b3943ee14?s=96&d=mm&r=g","url":"https:\/\/secure.gravatar.com\/avatar\/bb65d0283347e303893ba14f0692005417c1e0e690a325a4c5d8bb2b3943ee14?s=96&d=mm&r=g","contentUrl":"https:\/\/secure.gravatar.com\/avatar\/bb65d0283347e303893ba14f0692005417c1e0e690a325a4c5d8bb2b3943ee14?s=96&d=mm&r=g","caption":"Cope Alcoy"}}]}},"_links":{"self":[{"href":"https:\/\/www.copealcoy.es\/es\/wp-json\/wp\/v2\/posts\/93995","targetHints":{"allow":["GET"]}}],"collection":[{"href":"https:\/\/www.copealcoy.es\/es\/wp-json\/wp\/v2\/posts"}],"about":[{"href":"https:\/\/www.copealcoy.es\/es\/wp-json\/wp\/v2\/types\/post"}],"author":[{"embeddable":true,"href":"https:\/\/www.copealcoy.es\/es\/wp-json\/wp\/v2\/users\/1"}],"replies":[{"embeddable":true,"href":"https:\/\/www.copealcoy.es\/es\/wp-json\/wp\/v2\/comments?post=93995"}],"version-history":[{"count":0,"href":"https:\/\/www.copealcoy.es\/es\/wp-json\/wp\/v2\/posts\/93995\/revisions"}],"wp:featuredmedia":[{"embeddable":true,"href":"https:\/\/www.copealcoy.es\/es\/wp-json\/wp\/v2\/media\/93996"}],"wp:attachment":[{"href":"https:\/\/www.copealcoy.es\/es\/wp-json\/wp\/v2\/media?parent=93995"}],"wp:term":[{"taxonomy":"category","embeddable":true,"href":"https:\/\/www.copealcoy.es\/es\/wp-json\/wp\/v2\/categories?post=93995"},{"taxonomy":"post_tag","embeddable":true,"href":"https:\/\/www.copealcoy.es\/es\/wp-json\/wp\/v2\/tags?post=93995"}],"curies":[{"name":"wp","href":"https:\/\/api.w.org\/{rel}","templated":true}]}}