{"id":93951,"date":"2022-11-08T07:40:25","date_gmt":"2022-11-08T06:40:25","guid":{"rendered":"https:\/\/www.copealcoy.es\/?p=93951"},"modified":"2022-11-08T13:09:24","modified_gmt":"2022-11-08T12:09:24","slug":"com-es-conten-els-visitants-que-passen-per-la-fira-de-cocentaina","status":"publish","type":"post","link":"https:\/\/www.copealcoy.es\/es\/com-es-conten-els-visitants-que-passen-per-la-fira-de-cocentaina\/","title":{"rendered":"Com es conten els visitants que passen per la Fira de Cocentaina?"},"content":{"rendered":"<p style=\"text-align: justify;\">La\u00a0<strong>676 edici\u00f3 de <a href=\"https:\/\/www.firadecocentaina.org\/ca\/\" target=\"_blank\" rel=\"noopener\"><span style=\"color: #0000ff;\">la Fira de Tots Sants\u00a0de Cocentaina<\/span><\/a><\/strong> s&#8217;ha tancat superant totes les expectatives, aconseguint les 534.548 visites durant els quatre dies de celebraci\u00f3 del certamen. A aquesta xifra, cal afegir les 64.408 persones que es van acostar a la Vila Comtal el divendres abans de la inauguraci\u00f3 oficial, amb una\u00a0<strong>aflu\u00e8ncia total de 598.956 visitants<\/strong>, des del 28 d&#8217;octubre a l&#8217;1 de novembre. Per\u00f2,<strong>\u00a0com es realitza el comptatge per a con\u00e9ixer l&#8217;aflu\u00e8ncia de p\u00fablic assistent?\u00a0<\/strong><\/p>\n<p style=\"text-align: justify;\">Per al seu registre, la Fira de Cocentaina ha comptat amb una<strong> tecnologia \u00fanica, patentada per una empresa de Muro<\/strong>, que permet el rastreig de m\u00f2bils registrant par\u00e0metres comuns a tots ells, sense necessitat d&#8217;App\u2019s, wifi ni de bluetooth. A trav\u00e9s d&#8217;un sistema de nodes o comptadors instal\u00b7lats en punts estrat\u00e8gics del recorregut, aquest sistema no sols ofereix dades d&#8217;aflu\u00e8ncia en temps real, sin\u00f3 que permet analitzar el comportament dels assistents en les diferents zones del certamen, la qual cosa resulta de gran utilitat per a l&#8217;organitzaci\u00f3, per a detectar qualsevol problema d&#8217;aflu\u00e8ncia en una zona i per a millorar l&#8217;experi\u00e8ncia dels visitants de cara a pr\u00f2ximes edicions.<\/p>\n<p style=\"text-align: justify;\">Despr\u00e9s de quatre dies de certamen, la que ha sigut la primera Fira en format original d&#8217;un cap de setmana es tancava el passat 1 de novembre complint totes les previsions i superant els 500.000 visitants. De manera detallada, el <strong>dissabte 29 d&#8217;octubre<\/strong>, dia de la Inauguraci\u00f3 es van acostar a Cocentaina, 133.071 persones; el <strong>diumenge 30 d&#8217;octubre<\/strong>, va ser el dia de major concurr\u00e8ncia amb 157.329 visitants, sent l&#8217;hora punta les 14 hores; el <strong>dilluns 31 d&#8217;octubre<\/strong>, es registraven 101.735 persones, i <strong>l&#8217;1 de novembre<\/strong>, dia de la festivitat de Tots els Sants, s&#8217;aconseguien els 142.413 visitants. A aquests cal sumar les 64.408 persones que es van acostar a Cocentaina, el divendres 28 d&#8217;octubre, abans de la inauguraci\u00f3. Amb tot, els 4 dies de Fira m\u00e9s el divendres anterior, el sistema de comptatge ofereix unes xifres totals de 598.956 persones.<\/p>\n<p style=\"text-align: justify;\">Sobre la base d&#8217;aquesta nova tecnologia, tamb\u00e9 podem saber, per exemple, que dels aproximadament 140.000 metres quadrats d&#8217;exposici\u00f3, la <strong>zona que major densitat de visitants ha acumulat la Fira ha sigut l&#8217;encreuament entre Passeig del Comtat i els carrers Sant Franc\u00e9s, Jaume I i Bisbe Estanya<\/strong>, amb 195.101 visitants en nom\u00e9s 26.000 metres quadrats &#8220;<em>el valor de totes aquestes dades, tant per a monitoritzar les zones en temps real durant la Fira i detectar qualsevol incid\u00e8ncia com per a analitzar i adoptar mesures de cara a pr\u00f2ximes edicions que milloren el recorregut de la gent que ens visita\u201d. Hem tingut una gran aflu\u00e8ncia de p\u00fablic que ens ha visitat enguany i perqu\u00e8 tot el treball realitzat per a continuar millorant la Fira s&#8217;ha vist reflectit en una gran edici\u00f3<\/em>\u201d, assenyala la regidora de Fira; <strong>Eug\u00e8nia Miguel<\/strong>.<\/p>\n<p style=\"text-align: justify;\">Concretament, per a fer el seguiment d&#8217;aflu\u00e8ncia de visitants a la Fira de Cocentaina<strong>\u00a0es van instal\u00b7lar 5 nodes<\/strong> o comptadors, un en l&#8217;assenyalat encreuament del Passeig del Comtat amb Sant Francesc, Jaume I i Bisbe Estanya; un segon, en l&#8217;inici del Passeig, un altre en la Pla\u00e7a del Pla, un quart al Pla de la Font i un cinqu\u00e9 en l&#8217;\u00e0rea de la fira d&#8217;atraccions.<\/p>\n","protected":false},"excerpt":{"rendered":"<p>La\u00a0676 edici\u00f3 de la Fira de Tots Sants\u00a0de Cocentaina s&#8217;ha tancat superant totes les expectatives, aconseguint les 534.548 visites durant&#8230;<\/p>\n","protected":false},"author":1,"featured_media":93592,"comment_status":"open","ping_status":"open","sticky":false,"template":"","format":"standard","meta":{"footnotes":""},"categories":[6909,98,75],"tags":[132,13442,7015,635,7657,12180],"class_list":["post-93951","post","type-post","status-publish","format-standard","has-post-thumbnail","hentry","category-actualidad","category-comarcas","category-noticias","tag-cocentaina","tag-comptatge","tag-eugenia-miguel","tag-fira-de-tots-sants","tag-sistema","tag-visitants"],"yoast_head":"<!-- This site is optimized with the Yoast SEO plugin v27.3 - https:\/\/yoast.com\/product\/yoast-seo-wordpress\/ -->\n<title>Com es conten els visitants que passen per la Fira de Cocentaina? - COPE Alcoy<\/title>\n<meta name=\"description\" content=\"La\u00a0676 edici\u00f3 de la Fira \u00a0de Cocentaina ha aconseguit 534.548 visites durant els quatre dies de celebraci\u00f3 del certamen\" \/>\n<meta name=\"robots\" content=\"index, follow, max-snippet:-1, max-image-preview:large, max-video-preview:-1\" \/>\n<link rel=\"canonical\" href=\"https:\/\/www.copealcoy.es\/es\/com-es-conten-els-visitants-que-passen-per-la-fira-de-cocentaina\/\" \/>\n<meta property=\"og:locale\" content=\"es_ES\" \/>\n<meta property=\"og:type\" content=\"article\" \/>\n<meta property=\"og:title\" content=\"Com es conten els visitants que passen per la Fira de Cocentaina? - COPE Alcoy\" \/>\n<meta property=\"og:description\" content=\"La\u00a0676 edici\u00f3 de la Fira \u00a0de Cocentaina ha aconseguit 534.548 visites durant els quatre dies de celebraci\u00f3 del certamen\" \/>\n<meta property=\"og:url\" content=\"https:\/\/www.copealcoy.es\/es\/com-es-conten-els-visitants-que-passen-per-la-fira-de-cocentaina\/\" \/>\n<meta property=\"og:site_name\" content=\"COPE Alcoy\" \/>\n<meta property=\"article:published_time\" content=\"2022-11-08T06:40:25+00:00\" \/>\n<meta property=\"article:modified_time\" content=\"2022-11-08T12:09:24+00:00\" \/>\n<meta property=\"og:image\" content=\"https:\/\/www.copealcoy.es\/wp-content\/uploads\/2022\/10\/unnamed-25-e1667168035314.jpg\" \/>\n\t<meta property=\"og:image:width\" content=\"640\" \/>\n\t<meta property=\"og:image:height\" content=\"451\" \/>\n\t<meta property=\"og:image:type\" content=\"image\/jpeg\" \/>\n<meta name=\"author\" content=\"Cope Alcoy\" \/>\n<meta name=\"twitter:label1\" content=\"Escrito por\" \/>\n\t<meta name=\"twitter:data1\" content=\"Cope Alcoy\" \/>\n\t<meta name=\"twitter:label2\" content=\"Tiempo de lectura\" \/>\n\t<meta name=\"twitter:data2\" content=\"3 minutos\" \/>\n<script type=\"application\/ld+json\" class=\"yoast-schema-graph\">{\"@context\":\"https:\\\/\\\/schema.org\",\"@graph\":[{\"@type\":\"Article\",\"@id\":\"https:\\\/\\\/www.copealcoy.es\\\/es\\\/com-es-conten-els-visitants-que-passen-per-la-fira-de-cocentaina\\\/#article\",\"isPartOf\":{\"@id\":\"https:\\\/\\\/www.copealcoy.es\\\/es\\\/com-es-conten-els-visitants-que-passen-per-la-fira-de-cocentaina\\\/\"},\"author\":{\"name\":\"Cope Alcoy\",\"@id\":\"https:\\\/\\\/www.copealcoy.es\\\/es\\\/#\\\/schema\\\/person\\\/e777c87fa024e57d40170af9df39882c\"},\"headline\":\"Com es conten els visitants que passen per la Fira de Cocentaina?\",\"datePublished\":\"2022-11-08T06:40:25+00:00\",\"dateModified\":\"2022-11-08T12:09:24+00:00\",\"mainEntityOfPage\":{\"@id\":\"https:\\\/\\\/www.copealcoy.es\\\/es\\\/com-es-conten-els-visitants-que-passen-per-la-fira-de-cocentaina\\\/\"},\"wordCount\":572,\"commentCount\":0,\"image\":{\"@id\":\"https:\\\/\\\/www.copealcoy.es\\\/es\\\/com-es-conten-els-visitants-que-passen-per-la-fira-de-cocentaina\\\/#primaryimage\"},\"thumbnailUrl\":\"https:\\\/\\\/www.copealcoy.es\\\/wp-content\\\/uploads\\\/2022\\\/10\\\/unnamed-25-e1667168035314.jpg\",\"keywords\":[\"Cocentaina\",\"comptatge\",\"Eugenia Miguel\",\"Fira de Tots Sants\",\"sistema\",\"visitants\"],\"articleSection\":[\"Actualidad\",\"Comarcas\",\"Noticias\"],\"inLanguage\":\"es\"},{\"@type\":\"WebPage\",\"@id\":\"https:\\\/\\\/www.copealcoy.es\\\/es\\\/com-es-conten-els-visitants-que-passen-per-la-fira-de-cocentaina\\\/\",\"url\":\"https:\\\/\\\/www.copealcoy.es\\\/es\\\/com-es-conten-els-visitants-que-passen-per-la-fira-de-cocentaina\\\/\",\"name\":\"Com es conten els visitants que passen per la Fira de Cocentaina? - COPE Alcoy\",\"isPartOf\":{\"@id\":\"https:\\\/\\\/www.copealcoy.es\\\/es\\\/#website\"},\"primaryImageOfPage\":{\"@id\":\"https:\\\/\\\/www.copealcoy.es\\\/es\\\/com-es-conten-els-visitants-que-passen-per-la-fira-de-cocentaina\\\/#primaryimage\"},\"image\":{\"@id\":\"https:\\\/\\\/www.copealcoy.es\\\/es\\\/com-es-conten-els-visitants-que-passen-per-la-fira-de-cocentaina\\\/#primaryimage\"},\"thumbnailUrl\":\"https:\\\/\\\/www.copealcoy.es\\\/wp-content\\\/uploads\\\/2022\\\/10\\\/unnamed-25-e1667168035314.jpg\",\"datePublished\":\"2022-11-08T06:40:25+00:00\",\"dateModified\":\"2022-11-08T12:09:24+00:00\",\"author\":{\"@id\":\"https:\\\/\\\/www.copealcoy.es\\\/es\\\/#\\\/schema\\\/person\\\/e777c87fa024e57d40170af9df39882c\"},\"description\":\"La\u00a0676 edici\u00f3 de la Fira \u00a0de Cocentaina ha aconseguit 534.548 visites durant els quatre dies de celebraci\u00f3 del certamen\",\"breadcrumb\":{\"@id\":\"https:\\\/\\\/www.copealcoy.es\\\/es\\\/com-es-conten-els-visitants-que-passen-per-la-fira-de-cocentaina\\\/#breadcrumb\"},\"inLanguage\":\"es\",\"potentialAction\":[{\"@type\":\"ReadAction\",\"target\":[\"https:\\\/\\\/www.copealcoy.es\\\/es\\\/com-es-conten-els-visitants-que-passen-per-la-fira-de-cocentaina\\\/\"]}]},{\"@type\":\"ImageObject\",\"inLanguage\":\"es\",\"@id\":\"https:\\\/\\\/www.copealcoy.es\\\/es\\\/com-es-conten-els-visitants-que-passen-per-la-fira-de-cocentaina\\\/#primaryimage\",\"url\":\"https:\\\/\\\/www.copealcoy.es\\\/wp-content\\\/uploads\\\/2022\\\/10\\\/unnamed-25-e1667168035314.jpg\",\"contentUrl\":\"https:\\\/\\\/www.copealcoy.es\\\/wp-content\\\/uploads\\\/2022\\\/10\\\/unnamed-25-e1667168035314.jpg\",\"width\":640,\"height\":451},{\"@type\":\"BreadcrumbList\",\"@id\":\"https:\\\/\\\/www.copealcoy.es\\\/es\\\/com-es-conten-els-visitants-que-passen-per-la-fira-de-cocentaina\\\/#breadcrumb\",\"itemListElement\":[{\"@type\":\"ListItem\",\"position\":1,\"name\":\"Portada\",\"item\":\"https:\\\/\\\/www.copealcoy.es\\\/es\\\/\"},{\"@type\":\"ListItem\",\"position\":2,\"name\":\"Com es conten els visitants que passen per la Fira de Cocentaina?\"}]},{\"@type\":\"WebSite\",\"@id\":\"https:\\\/\\\/www.copealcoy.es\\\/es\\\/#website\",\"url\":\"https:\\\/\\\/www.copealcoy.es\\\/es\\\/\",\"name\":\"COPE Alcoy\",\"description\":\"Emisora COPE de radio local con emisi\u00f3n online. Pont de Sant Jordi 8-10 03803 Alcoy\",\"potentialAction\":[{\"@type\":\"SearchAction\",\"target\":{\"@type\":\"EntryPoint\",\"urlTemplate\":\"https:\\\/\\\/www.copealcoy.es\\\/es\\\/?s={search_term_string}\"},\"query-input\":{\"@type\":\"PropertyValueSpecification\",\"valueRequired\":true,\"valueName\":\"search_term_string\"}}],\"inLanguage\":\"es\"},{\"@type\":\"Person\",\"@id\":\"https:\\\/\\\/www.copealcoy.es\\\/es\\\/#\\\/schema\\\/person\\\/e777c87fa024e57d40170af9df39882c\",\"name\":\"Cope Alcoy\",\"image\":{\"@type\":\"ImageObject\",\"inLanguage\":\"es\",\"@id\":\"https:\\\/\\\/secure.gravatar.com\\\/avatar\\\/bb65d0283347e303893ba14f0692005417c1e0e690a325a4c5d8bb2b3943ee14?s=96&d=mm&r=g\",\"url\":\"https:\\\/\\\/secure.gravatar.com\\\/avatar\\\/bb65d0283347e303893ba14f0692005417c1e0e690a325a4c5d8bb2b3943ee14?s=96&d=mm&r=g\",\"contentUrl\":\"https:\\\/\\\/secure.gravatar.com\\\/avatar\\\/bb65d0283347e303893ba14f0692005417c1e0e690a325a4c5d8bb2b3943ee14?s=96&d=mm&r=g\",\"caption\":\"Cope Alcoy\"}}]}<\/script>\n<!-- \/ Yoast SEO plugin. -->","yoast_head_json":{"title":"Com es conten els visitants que passen per la Fira de Cocentaina? - COPE Alcoy","description":"La\u00a0676 edici\u00f3 de la Fira \u00a0de Cocentaina ha aconseguit 534.548 visites durant els quatre dies de celebraci\u00f3 del certamen","robots":{"index":"index","follow":"follow","max-snippet":"max-snippet:-1","max-image-preview":"max-image-preview:large","max-video-preview":"max-video-preview:-1"},"canonical":"https:\/\/www.copealcoy.es\/es\/com-es-conten-els-visitants-que-passen-per-la-fira-de-cocentaina\/","og_locale":"es_ES","og_type":"article","og_title":"Com es conten els visitants que passen per la Fira de Cocentaina? - COPE Alcoy","og_description":"La\u00a0676 edici\u00f3 de la Fira \u00a0de Cocentaina ha aconseguit 534.548 visites durant els quatre dies de celebraci\u00f3 del certamen","og_url":"https:\/\/www.copealcoy.es\/es\/com-es-conten-els-visitants-que-passen-per-la-fira-de-cocentaina\/","og_site_name":"COPE Alcoy","article_published_time":"2022-11-08T06:40:25+00:00","article_modified_time":"2022-11-08T12:09:24+00:00","og_image":[{"width":640,"height":451,"url":"https:\/\/www.copealcoy.es\/wp-content\/uploads\/2022\/10\/unnamed-25-e1667168035314.jpg","type":"image\/jpeg"}],"author":"Cope Alcoy","twitter_misc":{"Escrito por":"Cope Alcoy","Tiempo de lectura":"3 minutos"},"schema":{"@context":"https:\/\/schema.org","@graph":[{"@type":"Article","@id":"https:\/\/www.copealcoy.es\/es\/com-es-conten-els-visitants-que-passen-per-la-fira-de-cocentaina\/#article","isPartOf":{"@id":"https:\/\/www.copealcoy.es\/es\/com-es-conten-els-visitants-que-passen-per-la-fira-de-cocentaina\/"},"author":{"name":"Cope Alcoy","@id":"https:\/\/www.copealcoy.es\/es\/#\/schema\/person\/e777c87fa024e57d40170af9df39882c"},"headline":"Com es conten els visitants que passen per la Fira de Cocentaina?","datePublished":"2022-11-08T06:40:25+00:00","dateModified":"2022-11-08T12:09:24+00:00","mainEntityOfPage":{"@id":"https:\/\/www.copealcoy.es\/es\/com-es-conten-els-visitants-que-passen-per-la-fira-de-cocentaina\/"},"wordCount":572,"commentCount":0,"image":{"@id":"https:\/\/www.copealcoy.es\/es\/com-es-conten-els-visitants-que-passen-per-la-fira-de-cocentaina\/#primaryimage"},"thumbnailUrl":"https:\/\/www.copealcoy.es\/wp-content\/uploads\/2022\/10\/unnamed-25-e1667168035314.jpg","keywords":["Cocentaina","comptatge","Eugenia Miguel","Fira de Tots Sants","sistema","visitants"],"articleSection":["Actualidad","Comarcas","Noticias"],"inLanguage":"es"},{"@type":"WebPage","@id":"https:\/\/www.copealcoy.es\/es\/com-es-conten-els-visitants-que-passen-per-la-fira-de-cocentaina\/","url":"https:\/\/www.copealcoy.es\/es\/com-es-conten-els-visitants-que-passen-per-la-fira-de-cocentaina\/","name":"Com es conten els visitants que passen per la Fira de Cocentaina? - COPE Alcoy","isPartOf":{"@id":"https:\/\/www.copealcoy.es\/es\/#website"},"primaryImageOfPage":{"@id":"https:\/\/www.copealcoy.es\/es\/com-es-conten-els-visitants-que-passen-per-la-fira-de-cocentaina\/#primaryimage"},"image":{"@id":"https:\/\/www.copealcoy.es\/es\/com-es-conten-els-visitants-que-passen-per-la-fira-de-cocentaina\/#primaryimage"},"thumbnailUrl":"https:\/\/www.copealcoy.es\/wp-content\/uploads\/2022\/10\/unnamed-25-e1667168035314.jpg","datePublished":"2022-11-08T06:40:25+00:00","dateModified":"2022-11-08T12:09:24+00:00","author":{"@id":"https:\/\/www.copealcoy.es\/es\/#\/schema\/person\/e777c87fa024e57d40170af9df39882c"},"description":"La\u00a0676 edici\u00f3 de la Fira \u00a0de Cocentaina ha aconseguit 534.548 visites durant els quatre dies de celebraci\u00f3 del certamen","breadcrumb":{"@id":"https:\/\/www.copealcoy.es\/es\/com-es-conten-els-visitants-que-passen-per-la-fira-de-cocentaina\/#breadcrumb"},"inLanguage":"es","potentialAction":[{"@type":"ReadAction","target":["https:\/\/www.copealcoy.es\/es\/com-es-conten-els-visitants-que-passen-per-la-fira-de-cocentaina\/"]}]},{"@type":"ImageObject","inLanguage":"es","@id":"https:\/\/www.copealcoy.es\/es\/com-es-conten-els-visitants-que-passen-per-la-fira-de-cocentaina\/#primaryimage","url":"https:\/\/www.copealcoy.es\/wp-content\/uploads\/2022\/10\/unnamed-25-e1667168035314.jpg","contentUrl":"https:\/\/www.copealcoy.es\/wp-content\/uploads\/2022\/10\/unnamed-25-e1667168035314.jpg","width":640,"height":451},{"@type":"BreadcrumbList","@id":"https:\/\/www.copealcoy.es\/es\/com-es-conten-els-visitants-que-passen-per-la-fira-de-cocentaina\/#breadcrumb","itemListElement":[{"@type":"ListItem","position":1,"name":"Portada","item":"https:\/\/www.copealcoy.es\/es\/"},{"@type":"ListItem","position":2,"name":"Com es conten els visitants que passen per la Fira de Cocentaina?"}]},{"@type":"WebSite","@id":"https:\/\/www.copealcoy.es\/es\/#website","url":"https:\/\/www.copealcoy.es\/es\/","name":"COPE Alcoy","description":"Emisora COPE de radio local con emisi\u00f3n online. Pont de Sant Jordi 8-10 03803 Alcoy","potentialAction":[{"@type":"SearchAction","target":{"@type":"EntryPoint","urlTemplate":"https:\/\/www.copealcoy.es\/es\/?s={search_term_string}"},"query-input":{"@type":"PropertyValueSpecification","valueRequired":true,"valueName":"search_term_string"}}],"inLanguage":"es"},{"@type":"Person","@id":"https:\/\/www.copealcoy.es\/es\/#\/schema\/person\/e777c87fa024e57d40170af9df39882c","name":"Cope Alcoy","image":{"@type":"ImageObject","inLanguage":"es","@id":"https:\/\/secure.gravatar.com\/avatar\/bb65d0283347e303893ba14f0692005417c1e0e690a325a4c5d8bb2b3943ee14?s=96&d=mm&r=g","url":"https:\/\/secure.gravatar.com\/avatar\/bb65d0283347e303893ba14f0692005417c1e0e690a325a4c5d8bb2b3943ee14?s=96&d=mm&r=g","contentUrl":"https:\/\/secure.gravatar.com\/avatar\/bb65d0283347e303893ba14f0692005417c1e0e690a325a4c5d8bb2b3943ee14?s=96&d=mm&r=g","caption":"Cope Alcoy"}}]}},"_links":{"self":[{"href":"https:\/\/www.copealcoy.es\/es\/wp-json\/wp\/v2\/posts\/93951","targetHints":{"allow":["GET"]}}],"collection":[{"href":"https:\/\/www.copealcoy.es\/es\/wp-json\/wp\/v2\/posts"}],"about":[{"href":"https:\/\/www.copealcoy.es\/es\/wp-json\/wp\/v2\/types\/post"}],"author":[{"embeddable":true,"href":"https:\/\/www.copealcoy.es\/es\/wp-json\/wp\/v2\/users\/1"}],"replies":[{"embeddable":true,"href":"https:\/\/www.copealcoy.es\/es\/wp-json\/wp\/v2\/comments?post=93951"}],"version-history":[{"count":0,"href":"https:\/\/www.copealcoy.es\/es\/wp-json\/wp\/v2\/posts\/93951\/revisions"}],"wp:featuredmedia":[{"embeddable":true,"href":"https:\/\/www.copealcoy.es\/es\/wp-json\/wp\/v2\/media\/93592"}],"wp:attachment":[{"href":"https:\/\/www.copealcoy.es\/es\/wp-json\/wp\/v2\/media?parent=93951"}],"wp:term":[{"taxonomy":"category","embeddable":true,"href":"https:\/\/www.copealcoy.es\/es\/wp-json\/wp\/v2\/categories?post=93951"},{"taxonomy":"post_tag","embeddable":true,"href":"https:\/\/www.copealcoy.es\/es\/wp-json\/wp\/v2\/tags?post=93951"}],"curies":[{"name":"wp","href":"https:\/\/api.w.org\/{rel}","templated":true}]}}