{"id":93926,"date":"2022-11-07T12:00:53","date_gmt":"2022-11-07T11:00:53","guid":{"rendered":"https:\/\/www.copealcoy.es\/?p=93926"},"modified":"2022-11-07T16:46:38","modified_gmt":"2022-11-07T15:46:38","slug":"podem-alcoi-ja-te-candidata-a-lalcaldia-per-a-les-eleccions-municipals","status":"publish","type":"post","link":"https:\/\/www.copealcoy.es\/es\/podem-alcoi-ja-te-candidata-a-lalcaldia-per-a-les-eleccions-municipals\/","title":{"rendered":"Podem Alcoi ja t\u00e9 candidata a l&#8217;alcaldia per a les Eleccions Municipals"},"content":{"rendered":"<p style=\"text-align: justify;\">La <strong>maquin\u00e0ria electoral<\/strong> continua activa i a mesura que passen les setmanes <em>anem coneixent m\u00e9s noms propis<\/em> que <strong>tindran un protagonisme destacat<\/strong> en els pr\u00f2xims comicis de maig de 2023. Aquest cap de setmana <a href=\"https:\/\/www.facebook.com\/podemalcoi\" target=\"_blank\" rel=\"noopener\"><span style=\"color: #0000ff;\"><strong>Podem Alcoi<\/strong> <\/span><\/a>ha ratificat <strong>la persona que ser\u00e0 la seua candidata<\/strong> en l&#8217;esmentada cita electoral.<\/p>\n<p style=\"text-align: justify;\">El partit morat ha triat a <strong>Trini Rubio<\/strong> per a aquesta responsabilitat <strong>despr\u00e9s d&#8217;un proc\u00e9s de prim\u00e0ries que va comen\u00e7ar el passat 10 d&#8217;octubre<\/strong> amb la preinscripci\u00f3 de candidatures individuals, tant a liderar com a cos de llista i va acabar ja en aquest mes de novembre amb el nou cap de llista. La candidatura <strong>ha rebut el consens un\u00e0nime del Consell Municipal i l&#8217;Assemblea Local de Podem Alcoi<\/strong> &#8220;<em>\u00e9s una oportunitat amb il\u00b7lusions renovades, amb un equip m\u00e9s implicat que mai per a continuar refor\u00e7ant el projecte de ciutat pel qual hem apostat durant l&#8217;actual legislatura\u201d, ha explicat Trini Rubio, qui ha afegit que pretenen ser \u201cuna eina \u00fatil per a millorar el dia a dia de la ciutat i de la seua gent, des d&#8217;una perspectiva sostenible, feminista, intergeneracional i plena d&#8217;oportunitats<\/em>\u201d, ha afirmat la ja alcaldable.<\/p>\n<p style=\"text-align: justify;\">Rubio treballa en l&#8217;administraci\u00f3 municipal des de fa m\u00e9s de vint-i-cinc anys i <strong>ha passat pel Centre d\u2019Esports, Serveis Socials i actualment en l&#8217;Observatori Municipal de l\u2019Habitatge<\/strong>. A escala de partit, <strong>ha format part de les llistes de Podem Alcoi des de 2015<\/strong> i ocupa el c\u00e0rrec de coordinadora del partit localment.<\/p>\n<p style=\"text-align: justify;\"><strong><span style=\"color: #0000ff;\">Ja s\u00f3n tres els candidats fets p\u00fablics a Alcoi<\/span><\/strong><\/p>\n<p style=\"text-align: justify;\">Cal recordar que amb <strong>la designaci\u00f3 de Trini Rubio com a candidata de Podem Alcoi<\/strong> ja son tres els alcaldables que s&#8217;han fet p\u00fablics a la ciutat en els \u00faltims mesos. El primer en anunciar que seria de nou candidat fou <strong>Toni Franc\u00e9s<\/strong>, el qual\u00a0va destacar a finals de setembre que ha pres la decisi\u00f3 de repetir com a alcaldable <strong>despr\u00e9s d\u2019una profunda reflexi\u00f3 personal<\/strong>\u00a0i comptant amb el total suport, tant dels seus companys de partit com de la seua fam\u00edlia m\u00e9s pr\u00f2xima. D\u2019igual forma va assegurar que\u00a0<strong>un dels principals reptes<\/strong>\u00a0que es marca per a la nova etapa \u00e9s el desenvolupament dels projectes previstos a trav\u00e9s dels Fons Europeus Next Generation que van arribant a la ciutat. Finalment va assenyalar que aspira a aconseguir la majoria absoluta despr\u00e9s d\u2019haver quedat a tan sols un edil de la mateixa (12 regidors) en l\u2019\u00faltima cita electoral de 2019.<\/p>\n<p style=\"text-align: justify;\"><span class=\"hiddenSpellError\">Setmanes enrere Carlos<\/span><strong>\u00a0Pastor fou anunciat com a candidat del PP a l\u2019alcaldia a principis d\u2019octubre<\/strong>\u00a0en un comunicat que la formaci\u00f3 va llan\u00e7ar a trav\u00e9s de les xarxes socials. L\u2019alcaldable popular,\u00a0<strong>va destacar que l\u2019objectiu inicial i un dels eixos de la seua candidatura<\/strong>\u00a0passa per \u201c<em>unir<\/em>\u201d entorn del PP el vot de la moderaci\u00f3 per a conformar una alternativa real, coherent i seriosa per a traure la ciutat avance. Tamb\u00e9 va destacar que\u00a0<em>\u201cfragmentar el vot del centredreta, tal com ha ocorregut en anteriors cites electorals, nom\u00e9s beneficia al PSOE\u201d. Per aix\u00f2, apunta Pastor \u201caquesta reflexi\u00f3 hem de tindre-la clara els qui pensem que Alcoi necessita amb urg\u00e8ncia redre\u00e7ar el rumb i que setze anys de Toni Franc\u00e9s es convertirien en una llosa que la ciutat no pot permetre\u2019s<\/em>\u201d, va dir fa uns dies.<\/p>\n","protected":false},"excerpt":{"rendered":"<p>La maquin\u00e0ria electoral continua activa i a mesura que passen les setmanes anem coneixent m\u00e9s noms propis que tindran un&#8230;<\/p>\n","protected":false},"author":1,"featured_media":93927,"comment_status":"open","ping_status":"open","sticky":false,"template":"","format":"standard","meta":{"footnotes":""},"categories":[97,75,79,1],"tags":[160,5263,13229,2386],"class_list":["post-93926","post","type-post","status-publish","format-standard","has-post-thumbnail","hentry","category-alcoy","category-noticias","category-politicayeconomia","category-sin-categorizar","tag-alcoi","tag-candidatura","tag-eleccions-municipals","tag-podem"],"yoast_head":"<!-- This site is optimized with the Yoast SEO plugin v27.3 - https:\/\/yoast.com\/product\/yoast-seo-wordpress\/ -->\n<title>Podem Alcoi ja t\u00e9 candidata a l&#039;alcaldia per a les Eleccions Municipals - COPE Alcoy<\/title>\n<meta name=\"description\" content=\"Podem Alcoi ha escollit a Trini Rubio com a candidata per a les Eleccions Municipals del pr\u00f2xim 29 de maig de 2023\" \/>\n<meta name=\"robots\" content=\"index, follow, max-snippet:-1, max-image-preview:large, max-video-preview:-1\" \/>\n<link rel=\"canonical\" href=\"https:\/\/www.copealcoy.es\/es\/podem-alcoi-ja-te-candidata-a-lalcaldia-per-a-les-eleccions-municipals\/\" \/>\n<meta property=\"og:locale\" content=\"es_ES\" \/>\n<meta property=\"og:type\" content=\"article\" \/>\n<meta property=\"og:title\" content=\"Podem Alcoi ja t\u00e9 candidata a l&#039;alcaldia per a les Eleccions Municipals - COPE Alcoy\" \/>\n<meta property=\"og:description\" content=\"Podem Alcoi ha escollit a Trini Rubio com a candidata per a les Eleccions Municipals del pr\u00f2xim 29 de maig de 2023\" \/>\n<meta property=\"og:url\" content=\"https:\/\/www.copealcoy.es\/es\/podem-alcoi-ja-te-candidata-a-lalcaldia-per-a-les-eleccions-municipals\/\" \/>\n<meta property=\"og:site_name\" content=\"COPE Alcoy\" \/>\n<meta property=\"article:published_time\" content=\"2022-11-07T11:00:53+00:00\" \/>\n<meta property=\"article:modified_time\" content=\"2022-11-07T15:46:38+00:00\" \/>\n<meta property=\"og:image\" content=\"https:\/\/www.copealcoy.es\/wp-content\/uploads\/2022\/11\/TRINI-RUBIO-NOV-2022.jpg\" \/>\n\t<meta property=\"og:image:width\" content=\"1\" \/>\n\t<meta property=\"og:image:height\" content=\"1\" \/>\n\t<meta property=\"og:image:type\" content=\"image\/jpeg\" \/>\n<meta name=\"author\" content=\"Cope Alcoy\" \/>\n<meta name=\"twitter:label1\" content=\"Escrito por\" \/>\n\t<meta name=\"twitter:data1\" content=\"Cope Alcoy\" \/>\n\t<meta name=\"twitter:label2\" content=\"Tiempo de lectura\" \/>\n\t<meta name=\"twitter:data2\" content=\"3 minutos\" \/>\n<script type=\"application\/ld+json\" class=\"yoast-schema-graph\">{\"@context\":\"https:\\\/\\\/schema.org\",\"@graph\":[{\"@type\":\"Article\",\"@id\":\"https:\\\/\\\/www.copealcoy.es\\\/es\\\/podem-alcoi-ja-te-candidata-a-lalcaldia-per-a-les-eleccions-municipals\\\/#article\",\"isPartOf\":{\"@id\":\"https:\\\/\\\/www.copealcoy.es\\\/es\\\/podem-alcoi-ja-te-candidata-a-lalcaldia-per-a-les-eleccions-municipals\\\/\"},\"author\":{\"name\":\"Cope Alcoy\",\"@id\":\"https:\\\/\\\/www.copealcoy.es\\\/es\\\/#\\\/schema\\\/person\\\/e777c87fa024e57d40170af9df39882c\"},\"headline\":\"Podem Alcoi ja t\u00e9 candidata a l&#8217;alcaldia per a les Eleccions Municipals\",\"datePublished\":\"2022-11-07T11:00:53+00:00\",\"dateModified\":\"2022-11-07T15:46:38+00:00\",\"mainEntityOfPage\":{\"@id\":\"https:\\\/\\\/www.copealcoy.es\\\/es\\\/podem-alcoi-ja-te-candidata-a-lalcaldia-per-a-les-eleccions-municipals\\\/\"},\"wordCount\":593,\"commentCount\":0,\"image\":{\"@id\":\"https:\\\/\\\/www.copealcoy.es\\\/es\\\/podem-alcoi-ja-te-candidata-a-lalcaldia-per-a-les-eleccions-municipals\\\/#primaryimage\"},\"thumbnailUrl\":\"https:\\\/\\\/www.copealcoy.es\\\/wp-content\\\/uploads\\\/2022\\\/11\\\/TRINI-RUBIO-NOV-2022.jpg\",\"keywords\":[\"Alcoi\",\"Candidatura\",\"Eleccions Municipals\",\"Podem\"],\"articleSection\":[\"Alcoy\",\"Noticias\",\"Pol\u00edtica y Econom\u00eda\",\"Sin categorizar\"],\"inLanguage\":\"es\"},{\"@type\":\"WebPage\",\"@id\":\"https:\\\/\\\/www.copealcoy.es\\\/es\\\/podem-alcoi-ja-te-candidata-a-lalcaldia-per-a-les-eleccions-municipals\\\/\",\"url\":\"https:\\\/\\\/www.copealcoy.es\\\/es\\\/podem-alcoi-ja-te-candidata-a-lalcaldia-per-a-les-eleccions-municipals\\\/\",\"name\":\"Podem Alcoi ja t\u00e9 candidata a l'alcaldia per a les Eleccions Municipals - COPE Alcoy\",\"isPartOf\":{\"@id\":\"https:\\\/\\\/www.copealcoy.es\\\/es\\\/#website\"},\"primaryImageOfPage\":{\"@id\":\"https:\\\/\\\/www.copealcoy.es\\\/es\\\/podem-alcoi-ja-te-candidata-a-lalcaldia-per-a-les-eleccions-municipals\\\/#primaryimage\"},\"image\":{\"@id\":\"https:\\\/\\\/www.copealcoy.es\\\/es\\\/podem-alcoi-ja-te-candidata-a-lalcaldia-per-a-les-eleccions-municipals\\\/#primaryimage\"},\"thumbnailUrl\":\"https:\\\/\\\/www.copealcoy.es\\\/wp-content\\\/uploads\\\/2022\\\/11\\\/TRINI-RUBIO-NOV-2022.jpg\",\"datePublished\":\"2022-11-07T11:00:53+00:00\",\"dateModified\":\"2022-11-07T15:46:38+00:00\",\"author\":{\"@id\":\"https:\\\/\\\/www.copealcoy.es\\\/es\\\/#\\\/schema\\\/person\\\/e777c87fa024e57d40170af9df39882c\"},\"description\":\"Podem Alcoi ha escollit a Trini Rubio com a candidata per a les Eleccions Municipals del pr\u00f2xim 29 de maig de 2023\",\"breadcrumb\":{\"@id\":\"https:\\\/\\\/www.copealcoy.es\\\/es\\\/podem-alcoi-ja-te-candidata-a-lalcaldia-per-a-les-eleccions-municipals\\\/#breadcrumb\"},\"inLanguage\":\"es\",\"potentialAction\":[{\"@type\":\"ReadAction\",\"target\":[\"https:\\\/\\\/www.copealcoy.es\\\/es\\\/podem-alcoi-ja-te-candidata-a-lalcaldia-per-a-les-eleccions-municipals\\\/\"]}]},{\"@type\":\"ImageObject\",\"inLanguage\":\"es\",\"@id\":\"https:\\\/\\\/www.copealcoy.es\\\/es\\\/podem-alcoi-ja-te-candidata-a-lalcaldia-per-a-les-eleccions-municipals\\\/#primaryimage\",\"url\":\"https:\\\/\\\/www.copealcoy.es\\\/wp-content\\\/uploads\\\/2022\\\/11\\\/TRINI-RUBIO-NOV-2022.jpg\",\"contentUrl\":\"https:\\\/\\\/www.copealcoy.es\\\/wp-content\\\/uploads\\\/2022\\\/11\\\/TRINI-RUBIO-NOV-2022.jpg\"},{\"@type\":\"BreadcrumbList\",\"@id\":\"https:\\\/\\\/www.copealcoy.es\\\/es\\\/podem-alcoi-ja-te-candidata-a-lalcaldia-per-a-les-eleccions-municipals\\\/#breadcrumb\",\"itemListElement\":[{\"@type\":\"ListItem\",\"position\":1,\"name\":\"Portada\",\"item\":\"https:\\\/\\\/www.copealcoy.es\\\/es\\\/\"},{\"@type\":\"ListItem\",\"position\":2,\"name\":\"Podem Alcoi ja t\u00e9 candidata a l&#8217;alcaldia per a les Eleccions Municipals\"}]},{\"@type\":\"WebSite\",\"@id\":\"https:\\\/\\\/www.copealcoy.es\\\/es\\\/#website\",\"url\":\"https:\\\/\\\/www.copealcoy.es\\\/es\\\/\",\"name\":\"COPE Alcoy\",\"description\":\"Emisora COPE de radio local con emisi\u00f3n online. Pont de Sant Jordi 8-10 03803 Alcoy\",\"potentialAction\":[{\"@type\":\"SearchAction\",\"target\":{\"@type\":\"EntryPoint\",\"urlTemplate\":\"https:\\\/\\\/www.copealcoy.es\\\/es\\\/?s={search_term_string}\"},\"query-input\":{\"@type\":\"PropertyValueSpecification\",\"valueRequired\":true,\"valueName\":\"search_term_string\"}}],\"inLanguage\":\"es\"},{\"@type\":\"Person\",\"@id\":\"https:\\\/\\\/www.copealcoy.es\\\/es\\\/#\\\/schema\\\/person\\\/e777c87fa024e57d40170af9df39882c\",\"name\":\"Cope Alcoy\",\"image\":{\"@type\":\"ImageObject\",\"inLanguage\":\"es\",\"@id\":\"https:\\\/\\\/secure.gravatar.com\\\/avatar\\\/bb65d0283347e303893ba14f0692005417c1e0e690a325a4c5d8bb2b3943ee14?s=96&d=mm&r=g\",\"url\":\"https:\\\/\\\/secure.gravatar.com\\\/avatar\\\/bb65d0283347e303893ba14f0692005417c1e0e690a325a4c5d8bb2b3943ee14?s=96&d=mm&r=g\",\"contentUrl\":\"https:\\\/\\\/secure.gravatar.com\\\/avatar\\\/bb65d0283347e303893ba14f0692005417c1e0e690a325a4c5d8bb2b3943ee14?s=96&d=mm&r=g\",\"caption\":\"Cope Alcoy\"}}]}<\/script>\n<!-- \/ Yoast SEO plugin. -->","yoast_head_json":{"title":"Podem Alcoi ja t\u00e9 candidata a l'alcaldia per a les Eleccions Municipals - COPE Alcoy","description":"Podem Alcoi ha escollit a Trini Rubio com a candidata per a les Eleccions Municipals del pr\u00f2xim 29 de maig de 2023","robots":{"index":"index","follow":"follow","max-snippet":"max-snippet:-1","max-image-preview":"max-image-preview:large","max-video-preview":"max-video-preview:-1"},"canonical":"https:\/\/www.copealcoy.es\/es\/podem-alcoi-ja-te-candidata-a-lalcaldia-per-a-les-eleccions-municipals\/","og_locale":"es_ES","og_type":"article","og_title":"Podem Alcoi ja t\u00e9 candidata a l'alcaldia per a les Eleccions Municipals - COPE Alcoy","og_description":"Podem Alcoi ha escollit a Trini Rubio com a candidata per a les Eleccions Municipals del pr\u00f2xim 29 de maig de 2023","og_url":"https:\/\/www.copealcoy.es\/es\/podem-alcoi-ja-te-candidata-a-lalcaldia-per-a-les-eleccions-municipals\/","og_site_name":"COPE Alcoy","article_published_time":"2022-11-07T11:00:53+00:00","article_modified_time":"2022-11-07T15:46:38+00:00","og_image":[{"url":"https:\/\/www.copealcoy.es\/wp-content\/uploads\/2022\/11\/TRINI-RUBIO-NOV-2022.jpg","width":1,"height":1,"type":"image\/jpeg"}],"author":"Cope Alcoy","twitter_misc":{"Escrito por":"Cope Alcoy","Tiempo de lectura":"3 minutos"},"schema":{"@context":"https:\/\/schema.org","@graph":[{"@type":"Article","@id":"https:\/\/www.copealcoy.es\/es\/podem-alcoi-ja-te-candidata-a-lalcaldia-per-a-les-eleccions-municipals\/#article","isPartOf":{"@id":"https:\/\/www.copealcoy.es\/es\/podem-alcoi-ja-te-candidata-a-lalcaldia-per-a-les-eleccions-municipals\/"},"author":{"name":"Cope Alcoy","@id":"https:\/\/www.copealcoy.es\/es\/#\/schema\/person\/e777c87fa024e57d40170af9df39882c"},"headline":"Podem Alcoi ja t\u00e9 candidata a l&#8217;alcaldia per a les Eleccions Municipals","datePublished":"2022-11-07T11:00:53+00:00","dateModified":"2022-11-07T15:46:38+00:00","mainEntityOfPage":{"@id":"https:\/\/www.copealcoy.es\/es\/podem-alcoi-ja-te-candidata-a-lalcaldia-per-a-les-eleccions-municipals\/"},"wordCount":593,"commentCount":0,"image":{"@id":"https:\/\/www.copealcoy.es\/es\/podem-alcoi-ja-te-candidata-a-lalcaldia-per-a-les-eleccions-municipals\/#primaryimage"},"thumbnailUrl":"https:\/\/www.copealcoy.es\/wp-content\/uploads\/2022\/11\/TRINI-RUBIO-NOV-2022.jpg","keywords":["Alcoi","Candidatura","Eleccions Municipals","Podem"],"articleSection":["Alcoy","Noticias","Pol\u00edtica y Econom\u00eda","Sin categorizar"],"inLanguage":"es"},{"@type":"WebPage","@id":"https:\/\/www.copealcoy.es\/es\/podem-alcoi-ja-te-candidata-a-lalcaldia-per-a-les-eleccions-municipals\/","url":"https:\/\/www.copealcoy.es\/es\/podem-alcoi-ja-te-candidata-a-lalcaldia-per-a-les-eleccions-municipals\/","name":"Podem Alcoi ja t\u00e9 candidata a l'alcaldia per a les Eleccions Municipals - COPE Alcoy","isPartOf":{"@id":"https:\/\/www.copealcoy.es\/es\/#website"},"primaryImageOfPage":{"@id":"https:\/\/www.copealcoy.es\/es\/podem-alcoi-ja-te-candidata-a-lalcaldia-per-a-les-eleccions-municipals\/#primaryimage"},"image":{"@id":"https:\/\/www.copealcoy.es\/es\/podem-alcoi-ja-te-candidata-a-lalcaldia-per-a-les-eleccions-municipals\/#primaryimage"},"thumbnailUrl":"https:\/\/www.copealcoy.es\/wp-content\/uploads\/2022\/11\/TRINI-RUBIO-NOV-2022.jpg","datePublished":"2022-11-07T11:00:53+00:00","dateModified":"2022-11-07T15:46:38+00:00","author":{"@id":"https:\/\/www.copealcoy.es\/es\/#\/schema\/person\/e777c87fa024e57d40170af9df39882c"},"description":"Podem Alcoi ha escollit a Trini Rubio com a candidata per a les Eleccions Municipals del pr\u00f2xim 29 de maig de 2023","breadcrumb":{"@id":"https:\/\/www.copealcoy.es\/es\/podem-alcoi-ja-te-candidata-a-lalcaldia-per-a-les-eleccions-municipals\/#breadcrumb"},"inLanguage":"es","potentialAction":[{"@type":"ReadAction","target":["https:\/\/www.copealcoy.es\/es\/podem-alcoi-ja-te-candidata-a-lalcaldia-per-a-les-eleccions-municipals\/"]}]},{"@type":"ImageObject","inLanguage":"es","@id":"https:\/\/www.copealcoy.es\/es\/podem-alcoi-ja-te-candidata-a-lalcaldia-per-a-les-eleccions-municipals\/#primaryimage","url":"https:\/\/www.copealcoy.es\/wp-content\/uploads\/2022\/11\/TRINI-RUBIO-NOV-2022.jpg","contentUrl":"https:\/\/www.copealcoy.es\/wp-content\/uploads\/2022\/11\/TRINI-RUBIO-NOV-2022.jpg"},{"@type":"BreadcrumbList","@id":"https:\/\/www.copealcoy.es\/es\/podem-alcoi-ja-te-candidata-a-lalcaldia-per-a-les-eleccions-municipals\/#breadcrumb","itemListElement":[{"@type":"ListItem","position":1,"name":"Portada","item":"https:\/\/www.copealcoy.es\/es\/"},{"@type":"ListItem","position":2,"name":"Podem Alcoi ja t\u00e9 candidata a l&#8217;alcaldia per a les Eleccions Municipals"}]},{"@type":"WebSite","@id":"https:\/\/www.copealcoy.es\/es\/#website","url":"https:\/\/www.copealcoy.es\/es\/","name":"COPE Alcoy","description":"Emisora COPE de radio local con emisi\u00f3n online. Pont de Sant Jordi 8-10 03803 Alcoy","potentialAction":[{"@type":"SearchAction","target":{"@type":"EntryPoint","urlTemplate":"https:\/\/www.copealcoy.es\/es\/?s={search_term_string}"},"query-input":{"@type":"PropertyValueSpecification","valueRequired":true,"valueName":"search_term_string"}}],"inLanguage":"es"},{"@type":"Person","@id":"https:\/\/www.copealcoy.es\/es\/#\/schema\/person\/e777c87fa024e57d40170af9df39882c","name":"Cope Alcoy","image":{"@type":"ImageObject","inLanguage":"es","@id":"https:\/\/secure.gravatar.com\/avatar\/bb65d0283347e303893ba14f0692005417c1e0e690a325a4c5d8bb2b3943ee14?s=96&d=mm&r=g","url":"https:\/\/secure.gravatar.com\/avatar\/bb65d0283347e303893ba14f0692005417c1e0e690a325a4c5d8bb2b3943ee14?s=96&d=mm&r=g","contentUrl":"https:\/\/secure.gravatar.com\/avatar\/bb65d0283347e303893ba14f0692005417c1e0e690a325a4c5d8bb2b3943ee14?s=96&d=mm&r=g","caption":"Cope Alcoy"}}]}},"_links":{"self":[{"href":"https:\/\/www.copealcoy.es\/es\/wp-json\/wp\/v2\/posts\/93926","targetHints":{"allow":["GET"]}}],"collection":[{"href":"https:\/\/www.copealcoy.es\/es\/wp-json\/wp\/v2\/posts"}],"about":[{"href":"https:\/\/www.copealcoy.es\/es\/wp-json\/wp\/v2\/types\/post"}],"author":[{"embeddable":true,"href":"https:\/\/www.copealcoy.es\/es\/wp-json\/wp\/v2\/users\/1"}],"replies":[{"embeddable":true,"href":"https:\/\/www.copealcoy.es\/es\/wp-json\/wp\/v2\/comments?post=93926"}],"version-history":[{"count":0,"href":"https:\/\/www.copealcoy.es\/es\/wp-json\/wp\/v2\/posts\/93926\/revisions"}],"wp:featuredmedia":[{"embeddable":true,"href":"https:\/\/www.copealcoy.es\/es\/wp-json\/wp\/v2\/media\/93927"}],"wp:attachment":[{"href":"https:\/\/www.copealcoy.es\/es\/wp-json\/wp\/v2\/media?parent=93926"}],"wp:term":[{"taxonomy":"category","embeddable":true,"href":"https:\/\/www.copealcoy.es\/es\/wp-json\/wp\/v2\/categories?post=93926"},{"taxonomy":"post_tag","embeddable":true,"href":"https:\/\/www.copealcoy.es\/es\/wp-json\/wp\/v2\/tags?post=93926"}],"curies":[{"name":"wp","href":"https:\/\/api.w.org\/{rel}","templated":true}]}}