{"id":93890,"date":"2022-11-07T11:45:50","date_gmt":"2022-11-07T10:45:50","guid":{"rendered":"https:\/\/www.copealcoy.es\/?p=93890"},"modified":"2022-11-07T16:48:06","modified_gmt":"2022-11-07T15:48:06","slug":"mor-el-pintor-dalcoi-german-aracil","status":"publish","type":"post","link":"https:\/\/www.copealcoy.es\/es\/mor-el-pintor-dalcoi-german-aracil\/","title":{"rendered":"Mor el pintor d&#8217;Alcoi Germ\u00e1n Aracil"},"content":{"rendered":"<p style=\"text-align: justify;\">El passat dissabte va trascendir <a href=\"https:\/\/www.copealcoy.es\/el-alcoyano-german-aracil-pinta-un-retrato-a-carlos-herrera\/\"><strong><span style=\"color: #0000ff;\">la trista not\u00edcia<\/span><\/strong><\/a> de <strong>la mort del pintor alcoi\u00e0\u00a0<span class=\"hiddenSpellError\">Germ\u00e1n<\/span> Aracil<\/strong> als 57 anys. Ens deixa <strong>tot un referent de l&#8217;art<\/strong>, amb obres en les quals destacava <strong>l&#8217;\u00fas que feia de la t\u00e8cnica pastel<\/strong>, i ho fa <strong>despr\u00e9s d&#8217;una malaltia<\/strong> que ha patit en els \u00faltims mesos.<\/p>\n<p style=\"text-align: justify;\">Aracil <strong>comptava amb una rellevant traject\u00f2ria<\/strong> que el va portar a realitzar <strong>nombroses exposicions<\/strong> tant en l&#8217;\u00e0mbit nacional com en l&#8217;internacional. A m\u00e9s <strong>va executar el cartell de les Festes de Moros i Cristians en honor a Sant Jordi de l&#8217;any 2007<\/strong> mentre que la seua obra <strong>est\u00e0 present en col\u00b7leccions privades i a institucions de diferents parts del m\u00f3n<\/strong> com els Estats Units, Brasil. Su\u00efssa o el Jap\u00f3; entre altres.<\/p>\n<p style=\"text-align: justify;\">La mort de\u00a0<span class=\"hiddenSpellError\">Germ\u00e1n<\/span>\u00a0Aracil <strong>ha causat molta commoci\u00f3 a Alcoi<\/strong> donat que era molt conegut i estimat. La capella ardent <strong>est\u00e0 instal\u00b7lada a la sala n\u00famero 1 del Tanatori Sant Jordi d&#8217;Alcoi<\/strong> i <strong>el funeral estava previst per a aquest dilluns<\/strong>, a les 12:<span class=\"hiddenGrammarError\">00h<\/span>\u00a0del migdia, a la Parr\u00f2quia de Sant Maure i Sant Francesc. Descanse en pau.<\/p>\n<p style=\"text-align: justify;\"><strong><span style=\"color: #0000ff;\">El pintor que va plasmar a\u00a0<span class=\"hiddenSpellError\">Carlos<\/span>\u00a0Herrera en un quadre<\/span><\/strong><\/p>\n<p style=\"text-align: justify;\"><span class=\"hiddenSpellError\">German<\/span>\u00a0Aracil <strong>mantenia una profunda amistat des de feia anys amb\u00a0<span class=\"hiddenSpellError\">Carlos<\/span>\u00a0Herrera<\/strong> i el comunicador havia adquirit en m\u00e9s d&#8217;una ocasi\u00f3 <strong>alguns quadres de l&#8217;extensa col\u00b7lecci\u00f3 pict\u00f2rica de l&#8217;artista<\/strong>. A\u00e7\u00f2 va propiciar que Aracil <strong>pintara un quadre que li va regalar l&#8217;any passat a Herrera<\/strong> on ell era el protagonista &#8220;<em>em va passar una foto que es va fer en un viatge a Dubai, que li agrada molt, i em va demanar que si podia fer-li un retrat a partir d&#8217;aquesta imatge. Em vaig posar r\u00e0pidament a ferla i li la vam poder entregar el dia del seu aniversari. Va quedar molt content pel resultat<\/em>&#8220;, ens contava el creador en COPE ALCOI a l&#8217;estiu de 2020.<\/p>\n<p style=\"text-align: justify;\">Cal assenyalar que\u00a0<span class=\"hiddenSpellError\">Germ\u00e1n<\/span>\u00a0Aracil <strong>ja havia pintat anys arrere a la filla de\u00a0<span class=\"hiddenSpellError\">Carlos<\/span>\u00a0Herrera i Maril\u00f3\u00a0<span class=\"hiddenSpellError\">Montero<\/span><\/strong>, la model Roc\u00edo\u00a0<span class=\"hiddenSpellError\">Crusset<\/span>. A m\u00e9s el locutor<strong> li va prometre al nostre artista poder visitar Alcoi per a con\u00e9ixer la ciutat<\/strong> i viure en primera persona les Festes de Moros i Cristians.<\/p>\n","protected":false},"excerpt":{"rendered":"<p>El passat dissabte va trascendir la trista not\u00edcia de la mort del pintor alcoi\u00e0\u00a0Germ\u00e1n Aracil als 57 anys. Ens deixa&#8230;<\/p>\n","protected":false},"author":1,"featured_media":76187,"comment_status":"open","ping_status":"open","sticky":false,"template":"","format":"standard","meta":{"footnotes":""},"categories":[6909,97,78,75,125],"tags":[160,2967,13440,11616,9840,13439],"class_list":["post-93890","post","type-post","status-publish","format-standard","has-post-thumbnail","hentry","category-actualidad","category-alcoy","category-fiestaycultura","category-noticias","category-portada","tag-alcoi","tag-carlos-herrera","tag-conmocio","tag-german-aracil","tag-mort","tag-pintor"],"yoast_head":"<!-- This site is optimized with the Yoast SEO plugin v27.3 - https:\/\/yoast.com\/product\/yoast-seo-wordpress\/ -->\n<title>Mor el pintor d&#039;Alcoi Germ\u00e1n Aracil - COPE Alcoy<\/title>\n<meta name=\"description\" content=\"Aquest dissabte ha transcendit la trista not\u00edcia de la mort del pintor alcoi\u00e0\u00a0Germ\u00e1n Aracil als 57 anys d&#039;edat\" \/>\n<meta name=\"robots\" content=\"index, follow, max-snippet:-1, max-image-preview:large, max-video-preview:-1\" \/>\n<link rel=\"canonical\" href=\"https:\/\/www.copealcoy.es\/es\/mor-el-pintor-dalcoi-german-aracil\/\" \/>\n<meta property=\"og:locale\" content=\"es_ES\" \/>\n<meta property=\"og:type\" content=\"article\" \/>\n<meta property=\"og:title\" content=\"Mor el pintor d&#039;Alcoi Germ\u00e1n Aracil - COPE Alcoy\" \/>\n<meta property=\"og:description\" content=\"Aquest dissabte ha transcendit la trista not\u00edcia de la mort del pintor alcoi\u00e0\u00a0Germ\u00e1n Aracil als 57 anys d&#039;edat\" \/>\n<meta property=\"og:url\" content=\"https:\/\/www.copealcoy.es\/es\/mor-el-pintor-dalcoi-german-aracil\/\" \/>\n<meta property=\"og:site_name\" content=\"COPE Alcoy\" \/>\n<meta property=\"article:published_time\" content=\"2022-11-07T10:45:50+00:00\" \/>\n<meta property=\"article:modified_time\" content=\"2022-11-07T15:48:06+00:00\" \/>\n<meta property=\"og:image\" content=\"https:\/\/www.copealcoy.es\/wp-content\/uploads\/2021\/07\/image1-scaled.jpeg\" \/>\n\t<meta property=\"og:image:width\" content=\"2560\" \/>\n\t<meta property=\"og:image:height\" content=\"1920\" \/>\n\t<meta property=\"og:image:type\" content=\"image\/jpeg\" \/>\n<meta name=\"author\" content=\"Cope Alcoy\" \/>\n<meta name=\"twitter:label1\" content=\"Escrito por\" \/>\n\t<meta name=\"twitter:data1\" content=\"Cope Alcoy\" \/>\n\t<meta name=\"twitter:label2\" content=\"Tiempo de lectura\" \/>\n\t<meta name=\"twitter:data2\" content=\"2 minutos\" \/>\n<script type=\"application\/ld+json\" class=\"yoast-schema-graph\">{\"@context\":\"https:\\\/\\\/schema.org\",\"@graph\":[{\"@type\":\"Article\",\"@id\":\"https:\\\/\\\/www.copealcoy.es\\\/es\\\/mor-el-pintor-dalcoi-german-aracil\\\/#article\",\"isPartOf\":{\"@id\":\"https:\\\/\\\/www.copealcoy.es\\\/es\\\/mor-el-pintor-dalcoi-german-aracil\\\/\"},\"author\":{\"name\":\"Cope Alcoy\",\"@id\":\"https:\\\/\\\/www.copealcoy.es\\\/es\\\/#\\\/schema\\\/person\\\/e777c87fa024e57d40170af9df39882c\"},\"headline\":\"Mor el pintor d&#8217;Alcoi Germ\u00e1n Aracil\",\"datePublished\":\"2022-11-07T10:45:50+00:00\",\"dateModified\":\"2022-11-07T15:48:06+00:00\",\"mainEntityOfPage\":{\"@id\":\"https:\\\/\\\/www.copealcoy.es\\\/es\\\/mor-el-pintor-dalcoi-german-aracil\\\/\"},\"wordCount\":400,\"commentCount\":0,\"image\":{\"@id\":\"https:\\\/\\\/www.copealcoy.es\\\/es\\\/mor-el-pintor-dalcoi-german-aracil\\\/#primaryimage\"},\"thumbnailUrl\":\"https:\\\/\\\/www.copealcoy.es\\\/wp-content\\\/uploads\\\/2021\\\/07\\\/image1-scaled.jpeg\",\"keywords\":[\"Alcoi\",\"Carlos Herrera\",\"conmoci\u00f3\",\"Germ\u00e1n Aracil\",\"mort\",\"pintor\"],\"articleSection\":[\"Actualidad\",\"Alcoy\",\"Fiesta y Cultura\",\"Noticias\",\"Portada\"],\"inLanguage\":\"es\"},{\"@type\":\"WebPage\",\"@id\":\"https:\\\/\\\/www.copealcoy.es\\\/es\\\/mor-el-pintor-dalcoi-german-aracil\\\/\",\"url\":\"https:\\\/\\\/www.copealcoy.es\\\/es\\\/mor-el-pintor-dalcoi-german-aracil\\\/\",\"name\":\"Mor el pintor d'Alcoi Germ\u00e1n Aracil - COPE Alcoy\",\"isPartOf\":{\"@id\":\"https:\\\/\\\/www.copealcoy.es\\\/es\\\/#website\"},\"primaryImageOfPage\":{\"@id\":\"https:\\\/\\\/www.copealcoy.es\\\/es\\\/mor-el-pintor-dalcoi-german-aracil\\\/#primaryimage\"},\"image\":{\"@id\":\"https:\\\/\\\/www.copealcoy.es\\\/es\\\/mor-el-pintor-dalcoi-german-aracil\\\/#primaryimage\"},\"thumbnailUrl\":\"https:\\\/\\\/www.copealcoy.es\\\/wp-content\\\/uploads\\\/2021\\\/07\\\/image1-scaled.jpeg\",\"datePublished\":\"2022-11-07T10:45:50+00:00\",\"dateModified\":\"2022-11-07T15:48:06+00:00\",\"author\":{\"@id\":\"https:\\\/\\\/www.copealcoy.es\\\/es\\\/#\\\/schema\\\/person\\\/e777c87fa024e57d40170af9df39882c\"},\"description\":\"Aquest dissabte ha transcendit la trista not\u00edcia de la mort del pintor alcoi\u00e0\u00a0Germ\u00e1n Aracil als 57 anys d'edat\",\"breadcrumb\":{\"@id\":\"https:\\\/\\\/www.copealcoy.es\\\/es\\\/mor-el-pintor-dalcoi-german-aracil\\\/#breadcrumb\"},\"inLanguage\":\"es\",\"potentialAction\":[{\"@type\":\"ReadAction\",\"target\":[\"https:\\\/\\\/www.copealcoy.es\\\/es\\\/mor-el-pintor-dalcoi-german-aracil\\\/\"]}]},{\"@type\":\"ImageObject\",\"inLanguage\":\"es\",\"@id\":\"https:\\\/\\\/www.copealcoy.es\\\/es\\\/mor-el-pintor-dalcoi-german-aracil\\\/#primaryimage\",\"url\":\"https:\\\/\\\/www.copealcoy.es\\\/wp-content\\\/uploads\\\/2021\\\/07\\\/image1-scaled.jpeg\",\"contentUrl\":\"https:\\\/\\\/www.copealcoy.es\\\/wp-content\\\/uploads\\\/2021\\\/07\\\/image1-scaled.jpeg\",\"width\":2560,\"height\":1920},{\"@type\":\"BreadcrumbList\",\"@id\":\"https:\\\/\\\/www.copealcoy.es\\\/es\\\/mor-el-pintor-dalcoi-german-aracil\\\/#breadcrumb\",\"itemListElement\":[{\"@type\":\"ListItem\",\"position\":1,\"name\":\"Portada\",\"item\":\"https:\\\/\\\/www.copealcoy.es\\\/es\\\/\"},{\"@type\":\"ListItem\",\"position\":2,\"name\":\"Mor el pintor d&#8217;Alcoi Germ\u00e1n Aracil\"}]},{\"@type\":\"WebSite\",\"@id\":\"https:\\\/\\\/www.copealcoy.es\\\/es\\\/#website\",\"url\":\"https:\\\/\\\/www.copealcoy.es\\\/es\\\/\",\"name\":\"COPE Alcoy\",\"description\":\"Emisora COPE de radio local con emisi\u00f3n online. Pont de Sant Jordi 8-10 03803 Alcoy\",\"potentialAction\":[{\"@type\":\"SearchAction\",\"target\":{\"@type\":\"EntryPoint\",\"urlTemplate\":\"https:\\\/\\\/www.copealcoy.es\\\/es\\\/?s={search_term_string}\"},\"query-input\":{\"@type\":\"PropertyValueSpecification\",\"valueRequired\":true,\"valueName\":\"search_term_string\"}}],\"inLanguage\":\"es\"},{\"@type\":\"Person\",\"@id\":\"https:\\\/\\\/www.copealcoy.es\\\/es\\\/#\\\/schema\\\/person\\\/e777c87fa024e57d40170af9df39882c\",\"name\":\"Cope Alcoy\",\"image\":{\"@type\":\"ImageObject\",\"inLanguage\":\"es\",\"@id\":\"https:\\\/\\\/secure.gravatar.com\\\/avatar\\\/bb65d0283347e303893ba14f0692005417c1e0e690a325a4c5d8bb2b3943ee14?s=96&d=mm&r=g\",\"url\":\"https:\\\/\\\/secure.gravatar.com\\\/avatar\\\/bb65d0283347e303893ba14f0692005417c1e0e690a325a4c5d8bb2b3943ee14?s=96&d=mm&r=g\",\"contentUrl\":\"https:\\\/\\\/secure.gravatar.com\\\/avatar\\\/bb65d0283347e303893ba14f0692005417c1e0e690a325a4c5d8bb2b3943ee14?s=96&d=mm&r=g\",\"caption\":\"Cope Alcoy\"}}]}<\/script>\n<!-- \/ Yoast SEO plugin. -->","yoast_head_json":{"title":"Mor el pintor d'Alcoi Germ\u00e1n Aracil - COPE Alcoy","description":"Aquest dissabte ha transcendit la trista not\u00edcia de la mort del pintor alcoi\u00e0\u00a0Germ\u00e1n Aracil als 57 anys d'edat","robots":{"index":"index","follow":"follow","max-snippet":"max-snippet:-1","max-image-preview":"max-image-preview:large","max-video-preview":"max-video-preview:-1"},"canonical":"https:\/\/www.copealcoy.es\/es\/mor-el-pintor-dalcoi-german-aracil\/","og_locale":"es_ES","og_type":"article","og_title":"Mor el pintor d'Alcoi Germ\u00e1n Aracil - COPE Alcoy","og_description":"Aquest dissabte ha transcendit la trista not\u00edcia de la mort del pintor alcoi\u00e0\u00a0Germ\u00e1n Aracil als 57 anys d'edat","og_url":"https:\/\/www.copealcoy.es\/es\/mor-el-pintor-dalcoi-german-aracil\/","og_site_name":"COPE Alcoy","article_published_time":"2022-11-07T10:45:50+00:00","article_modified_time":"2022-11-07T15:48:06+00:00","og_image":[{"width":2560,"height":1920,"url":"https:\/\/www.copealcoy.es\/wp-content\/uploads\/2021\/07\/image1-scaled.jpeg","type":"image\/jpeg"}],"author":"Cope Alcoy","twitter_misc":{"Escrito por":"Cope Alcoy","Tiempo de lectura":"2 minutos"},"schema":{"@context":"https:\/\/schema.org","@graph":[{"@type":"Article","@id":"https:\/\/www.copealcoy.es\/es\/mor-el-pintor-dalcoi-german-aracil\/#article","isPartOf":{"@id":"https:\/\/www.copealcoy.es\/es\/mor-el-pintor-dalcoi-german-aracil\/"},"author":{"name":"Cope Alcoy","@id":"https:\/\/www.copealcoy.es\/es\/#\/schema\/person\/e777c87fa024e57d40170af9df39882c"},"headline":"Mor el pintor d&#8217;Alcoi Germ\u00e1n Aracil","datePublished":"2022-11-07T10:45:50+00:00","dateModified":"2022-11-07T15:48:06+00:00","mainEntityOfPage":{"@id":"https:\/\/www.copealcoy.es\/es\/mor-el-pintor-dalcoi-german-aracil\/"},"wordCount":400,"commentCount":0,"image":{"@id":"https:\/\/www.copealcoy.es\/es\/mor-el-pintor-dalcoi-german-aracil\/#primaryimage"},"thumbnailUrl":"https:\/\/www.copealcoy.es\/wp-content\/uploads\/2021\/07\/image1-scaled.jpeg","keywords":["Alcoi","Carlos Herrera","conmoci\u00f3","Germ\u00e1n Aracil","mort","pintor"],"articleSection":["Actualidad","Alcoy","Fiesta y Cultura","Noticias","Portada"],"inLanguage":"es"},{"@type":"WebPage","@id":"https:\/\/www.copealcoy.es\/es\/mor-el-pintor-dalcoi-german-aracil\/","url":"https:\/\/www.copealcoy.es\/es\/mor-el-pintor-dalcoi-german-aracil\/","name":"Mor el pintor d'Alcoi Germ\u00e1n Aracil - COPE Alcoy","isPartOf":{"@id":"https:\/\/www.copealcoy.es\/es\/#website"},"primaryImageOfPage":{"@id":"https:\/\/www.copealcoy.es\/es\/mor-el-pintor-dalcoi-german-aracil\/#primaryimage"},"image":{"@id":"https:\/\/www.copealcoy.es\/es\/mor-el-pintor-dalcoi-german-aracil\/#primaryimage"},"thumbnailUrl":"https:\/\/www.copealcoy.es\/wp-content\/uploads\/2021\/07\/image1-scaled.jpeg","datePublished":"2022-11-07T10:45:50+00:00","dateModified":"2022-11-07T15:48:06+00:00","author":{"@id":"https:\/\/www.copealcoy.es\/es\/#\/schema\/person\/e777c87fa024e57d40170af9df39882c"},"description":"Aquest dissabte ha transcendit la trista not\u00edcia de la mort del pintor alcoi\u00e0\u00a0Germ\u00e1n Aracil als 57 anys d'edat","breadcrumb":{"@id":"https:\/\/www.copealcoy.es\/es\/mor-el-pintor-dalcoi-german-aracil\/#breadcrumb"},"inLanguage":"es","potentialAction":[{"@type":"ReadAction","target":["https:\/\/www.copealcoy.es\/es\/mor-el-pintor-dalcoi-german-aracil\/"]}]},{"@type":"ImageObject","inLanguage":"es","@id":"https:\/\/www.copealcoy.es\/es\/mor-el-pintor-dalcoi-german-aracil\/#primaryimage","url":"https:\/\/www.copealcoy.es\/wp-content\/uploads\/2021\/07\/image1-scaled.jpeg","contentUrl":"https:\/\/www.copealcoy.es\/wp-content\/uploads\/2021\/07\/image1-scaled.jpeg","width":2560,"height":1920},{"@type":"BreadcrumbList","@id":"https:\/\/www.copealcoy.es\/es\/mor-el-pintor-dalcoi-german-aracil\/#breadcrumb","itemListElement":[{"@type":"ListItem","position":1,"name":"Portada","item":"https:\/\/www.copealcoy.es\/es\/"},{"@type":"ListItem","position":2,"name":"Mor el pintor d&#8217;Alcoi Germ\u00e1n Aracil"}]},{"@type":"WebSite","@id":"https:\/\/www.copealcoy.es\/es\/#website","url":"https:\/\/www.copealcoy.es\/es\/","name":"COPE Alcoy","description":"Emisora COPE de radio local con emisi\u00f3n online. Pont de Sant Jordi 8-10 03803 Alcoy","potentialAction":[{"@type":"SearchAction","target":{"@type":"EntryPoint","urlTemplate":"https:\/\/www.copealcoy.es\/es\/?s={search_term_string}"},"query-input":{"@type":"PropertyValueSpecification","valueRequired":true,"valueName":"search_term_string"}}],"inLanguage":"es"},{"@type":"Person","@id":"https:\/\/www.copealcoy.es\/es\/#\/schema\/person\/e777c87fa024e57d40170af9df39882c","name":"Cope Alcoy","image":{"@type":"ImageObject","inLanguage":"es","@id":"https:\/\/secure.gravatar.com\/avatar\/bb65d0283347e303893ba14f0692005417c1e0e690a325a4c5d8bb2b3943ee14?s=96&d=mm&r=g","url":"https:\/\/secure.gravatar.com\/avatar\/bb65d0283347e303893ba14f0692005417c1e0e690a325a4c5d8bb2b3943ee14?s=96&d=mm&r=g","contentUrl":"https:\/\/secure.gravatar.com\/avatar\/bb65d0283347e303893ba14f0692005417c1e0e690a325a4c5d8bb2b3943ee14?s=96&d=mm&r=g","caption":"Cope Alcoy"}}]}},"_links":{"self":[{"href":"https:\/\/www.copealcoy.es\/es\/wp-json\/wp\/v2\/posts\/93890","targetHints":{"allow":["GET"]}}],"collection":[{"href":"https:\/\/www.copealcoy.es\/es\/wp-json\/wp\/v2\/posts"}],"about":[{"href":"https:\/\/www.copealcoy.es\/es\/wp-json\/wp\/v2\/types\/post"}],"author":[{"embeddable":true,"href":"https:\/\/www.copealcoy.es\/es\/wp-json\/wp\/v2\/users\/1"}],"replies":[{"embeddable":true,"href":"https:\/\/www.copealcoy.es\/es\/wp-json\/wp\/v2\/comments?post=93890"}],"version-history":[{"count":0,"href":"https:\/\/www.copealcoy.es\/es\/wp-json\/wp\/v2\/posts\/93890\/revisions"}],"wp:featuredmedia":[{"embeddable":true,"href":"https:\/\/www.copealcoy.es\/es\/wp-json\/wp\/v2\/media\/76187"}],"wp:attachment":[{"href":"https:\/\/www.copealcoy.es\/es\/wp-json\/wp\/v2\/media?parent=93890"}],"wp:term":[{"taxonomy":"category","embeddable":true,"href":"https:\/\/www.copealcoy.es\/es\/wp-json\/wp\/v2\/categories?post=93890"},{"taxonomy":"post_tag","embeddable":true,"href":"https:\/\/www.copealcoy.es\/es\/wp-json\/wp\/v2\/tags?post=93890"}],"curies":[{"name":"wp","href":"https:\/\/api.w.org\/{rel}","templated":true}]}}