{"id":93863,"date":"2022-11-04T11:46:36","date_gmt":"2022-11-04T10:46:36","guid":{"rendered":"https:\/\/www.copealcoy.es\/?p=93863"},"modified":"2022-11-04T11:57:49","modified_gmt":"2022-11-04T10:57:49","slug":"rebeca-jover-ha-creat-aquest-cartell-per-a-anunciar-la-cavalcada-dels-reis-dalcoi","status":"publish","type":"post","link":"https:\/\/www.copealcoy.es\/es\/rebeca-jover-ha-creat-aquest-cartell-per-a-anunciar-la-cavalcada-dels-reis-dalcoi\/","title":{"rendered":"Rebeca Jover ha creat aquest cartell per a anunciar la Cavalcada dels Reis d&#8217;Alcoi"},"content":{"rendered":"<p style=\"text-align: justify;\">L&#8217;artista <strong>Rebeca Jover<\/strong> ha guanyat el concurs per a triar <strong>el cartell anunciador de <a href=\"https:\/\/www.alcoyturismo.com\/alcoy\/web_php\/index.php?contenido=esdev&amp;idEsdev=209\"><span style=\"color: #0000ff;\">la CXXXVIII Cavalcada de Reis Mags de la Ciutat d&#8217;Alcoi<\/span><\/a><\/strong>. La seua obra, <strong>presentada sota el lema \u201cLa m\u00e0gia de trobar-nos\u201d<\/strong>, ha aconseguit <strong>el premi \u00fanic de 1.200 euros<\/strong> i <strong>ser\u00e0 penjada el dissabte 3 de desembre<\/strong> a partir de les 18.30 hores de la vesprada en la fa\u00e7ana de l&#8217;Ajuntament.<\/p>\n<p style=\"text-align: justify;\">Al concurs es van presentar <strong>un total de 34 propostes<\/strong> dins del termini establert, de les quals 12 van ser eliminades en una primera ronda de votacions i altres 17 van ser descartades en les dues seg\u00fcents. Finalment, <strong>el jurat va triar a cinc finalistes i els va valorar atenent criteris com la t\u00e8cnica utilitzada, els colors emprats, la composici\u00f3 sim\u00e8trica matem\u00e0tica, la tipografia, l&#8217;originalitat o la presentaci\u00f3, entre altres<\/strong>. \u00a0Per unanimitat, van decidir que el cartell n\u00famero 7, presentat per <strong>Rebeca Jover Fern\u00e1ndez<\/strong>, fora el guanyador i van atorgar una menci\u00f3 especial a altres dos cartells, presentats respectivament per <strong>Regina Vicente Pastor i Andr\u00e9s del Moral Montero<\/strong>.<\/p>\n<p style=\"text-align: justify;\">El jurat ha estat compost per <strong>Lorena Macias<\/strong>, professora de la secci\u00f3 d&#8217;Adults de Dibuix i Pintura en l\u2019Escola Municipal de Belles Arts d\u2019Alcoi; <strong>Beatriz Galiana Cardona<\/strong>, professora de Disseny Gr\u00e0fic de l\u2019Escola d\u2019Art i Superior de Disseny d\u2019Alcoi; <strong>Silvia Sempere Ripoll<\/strong>, professora del Campus d&#8217;Alcoi de la UPV; <strong>Nuria Verd\u00fa Verd\u00fa<\/strong>, directora del departament de Dibuix de l&#8217;Institut d&#8217;Educaci\u00f3 Secund\u00e0ria Andreu Sempere; i <strong>M\u00f3nica Jover Calvo<\/strong>, pintora i assessora art\u00edstica de l&#8217;Associaci\u00f3 de Sant Jordi.\u00a0 A m\u00e9s, per segon any consecutiu es va comptar amb un membre proposat pel Consell Local de la Inf\u00e0ncia i l&#8217;Adolesc\u00e8ncia d&#8217;Alcoi, que en aquesta ocasi\u00f3 va ser <strong>Iker Gonz\u00e1lez P\u00e9rez<\/strong>. Com a secret\u00e0ria del jurat va actuar la funcion\u00e0ria de l&#8217;Ajuntament d&#8217;Alcoi, <strong>Patricia Doncel Esteve<\/strong>, i va exercir com a presidenta del mateix la regidora de Festes, <strong>Carolina Ortiz Pineda<\/strong>.<\/p>\n<p style=\"text-align: justify;\">Rebeca Jover, va n\u00e0ixer a Alcoi l&#8217;1 de mar\u00e7 de 1995 i <strong>\u00e9s una artista i il\u00b7lustradora especialitzada en sector fashion, luxury &amp; inspirational<\/strong>. El figurinisme, la feminitat i la moda formen part dels seus pilars fonamentals i actualment treballa en el seu propi estudi <strong>difonent bona part del seu treball<\/strong> a trav\u00e9s de les xarxes socials.<\/p>\n<p><a href=\"https:\/\/www.copealcoy.es\/wp-content\/uploads\/2022\/11\/BecaJover_Cartel-1.jpg\"><img loading=\"lazy\" decoding=\"async\" class=\"aligncenter wp-image-93865 size-full\" src=\"https:\/\/www.copealcoy.es\/wp-content\/uploads\/2022\/11\/BecaJover_Cartel-1.jpg\" alt=\"Cartell Cavalcada Alcoi 2023\" width=\"739\" height=\"1034\" \/><\/a><\/p>\n","protected":false},"excerpt":{"rendered":"<p>L&#8217;artista Rebeca Jover ha guanyat el concurs per a triar el cartell anunciador de la CXXXVIII Cavalcada de Reis Mags&#8230;<\/p>\n","protected":false},"author":1,"featured_media":93864,"comment_status":"open","ping_status":"open","sticky":false,"template":"","format":"standard","meta":{"footnotes":""},"categories":[6909,97,78,75],"tags":[160,9821,13433,13434],"class_list":["post-93863","post","type-post","status-publish","format-standard","has-post-thumbnail","hentry","category-actualidad","category-alcoy","category-fiestaycultura","category-noticias","tag-alcoi","tag-cartell","tag-cavalcada-de-reis","tag-rebeca-jover"],"yoast_head":"<!-- This site is optimized with the Yoast SEO plugin v27.3 - https:\/\/yoast.com\/product\/yoast-seo-wordpress\/ -->\n<title>Rebeca Jover ha creat aquest cartell per a anunciar la Cavalcada dels Reis d&#039;Alcoi - COPE Alcoy<\/title>\n<meta name=\"description\" content=\"L&#039;artista Rebeca Jover ha guanyat el concurs per a triar el cartell anunciador de la CXXXVIII Cavalcada de Reis Mags de la Ciutat d&#039;Alcoi\" \/>\n<meta name=\"robots\" content=\"index, follow, max-snippet:-1, max-image-preview:large, max-video-preview:-1\" \/>\n<link rel=\"canonical\" href=\"https:\/\/www.copealcoy.es\/es\/rebeca-jover-ha-creat-aquest-cartell-per-a-anunciar-la-cavalcada-dels-reis-dalcoi\/\" \/>\n<meta property=\"og:locale\" content=\"es_ES\" \/>\n<meta property=\"og:type\" content=\"article\" \/>\n<meta property=\"og:title\" content=\"Rebeca Jover ha creat aquest cartell per a anunciar la Cavalcada dels Reis d&#039;Alcoi - COPE Alcoy\" \/>\n<meta property=\"og:description\" content=\"L&#039;artista Rebeca Jover ha guanyat el concurs per a triar el cartell anunciador de la CXXXVIII Cavalcada de Reis Mags de la Ciutat d&#039;Alcoi\" \/>\n<meta property=\"og:url\" content=\"https:\/\/www.copealcoy.es\/es\/rebeca-jover-ha-creat-aquest-cartell-per-a-anunciar-la-cavalcada-dels-reis-dalcoi\/\" \/>\n<meta property=\"og:site_name\" content=\"COPE Alcoy\" \/>\n<meta property=\"article:published_time\" content=\"2022-11-04T10:46:36+00:00\" \/>\n<meta property=\"article:modified_time\" content=\"2022-11-04T10:57:49+00:00\" \/>\n<meta property=\"og:image\" content=\"https:\/\/www.copealcoy.es\/wp-content\/uploads\/2022\/11\/Beca-Jover-e1667558881707.png\" \/>\n\t<meta property=\"og:image:width\" content=\"507\" \/>\n\t<meta property=\"og:image:height\" content=\"381\" \/>\n\t<meta property=\"og:image:type\" content=\"image\/png\" \/>\n<meta name=\"author\" content=\"Cope Alcoy\" \/>\n<meta name=\"twitter:label1\" content=\"Escrito por\" \/>\n\t<meta name=\"twitter:data1\" content=\"Cope Alcoy\" \/>\n\t<meta name=\"twitter:label2\" content=\"Tiempo de lectura\" \/>\n\t<meta name=\"twitter:data2\" content=\"2 minutos\" \/>\n<script type=\"application\/ld+json\" class=\"yoast-schema-graph\">{\"@context\":\"https:\\\/\\\/schema.org\",\"@graph\":[{\"@type\":\"Article\",\"@id\":\"https:\\\/\\\/www.copealcoy.es\\\/es\\\/rebeca-jover-ha-creat-aquest-cartell-per-a-anunciar-la-cavalcada-dels-reis-dalcoi\\\/#article\",\"isPartOf\":{\"@id\":\"https:\\\/\\\/www.copealcoy.es\\\/es\\\/rebeca-jover-ha-creat-aquest-cartell-per-a-anunciar-la-cavalcada-dels-reis-dalcoi\\\/\"},\"author\":{\"name\":\"Cope Alcoy\",\"@id\":\"https:\\\/\\\/www.copealcoy.es\\\/es\\\/#\\\/schema\\\/person\\\/e777c87fa024e57d40170af9df39882c\"},\"headline\":\"Rebeca Jover ha creat aquest cartell per a anunciar la Cavalcada dels Reis d&#8217;Alcoi\",\"datePublished\":\"2022-11-04T10:46:36+00:00\",\"dateModified\":\"2022-11-04T10:57:49+00:00\",\"mainEntityOfPage\":{\"@id\":\"https:\\\/\\\/www.copealcoy.es\\\/es\\\/rebeca-jover-ha-creat-aquest-cartell-per-a-anunciar-la-cavalcada-dels-reis-dalcoi\\\/\"},\"wordCount\":415,\"commentCount\":0,\"image\":{\"@id\":\"https:\\\/\\\/www.copealcoy.es\\\/es\\\/rebeca-jover-ha-creat-aquest-cartell-per-a-anunciar-la-cavalcada-dels-reis-dalcoi\\\/#primaryimage\"},\"thumbnailUrl\":\"https:\\\/\\\/www.copealcoy.es\\\/wp-content\\\/uploads\\\/2022\\\/11\\\/Beca-Jover-e1667558881707.png\",\"keywords\":[\"Alcoi\",\"Cartell\",\"Cavalcada de Reis\",\"Rebeca Jover\"],\"articleSection\":[\"Actualidad\",\"Alcoy\",\"Fiesta y Cultura\",\"Noticias\"],\"inLanguage\":\"es\"},{\"@type\":\"WebPage\",\"@id\":\"https:\\\/\\\/www.copealcoy.es\\\/es\\\/rebeca-jover-ha-creat-aquest-cartell-per-a-anunciar-la-cavalcada-dels-reis-dalcoi\\\/\",\"url\":\"https:\\\/\\\/www.copealcoy.es\\\/es\\\/rebeca-jover-ha-creat-aquest-cartell-per-a-anunciar-la-cavalcada-dels-reis-dalcoi\\\/\",\"name\":\"Rebeca Jover ha creat aquest cartell per a anunciar la Cavalcada dels Reis d'Alcoi - COPE Alcoy\",\"isPartOf\":{\"@id\":\"https:\\\/\\\/www.copealcoy.es\\\/es\\\/#website\"},\"primaryImageOfPage\":{\"@id\":\"https:\\\/\\\/www.copealcoy.es\\\/es\\\/rebeca-jover-ha-creat-aquest-cartell-per-a-anunciar-la-cavalcada-dels-reis-dalcoi\\\/#primaryimage\"},\"image\":{\"@id\":\"https:\\\/\\\/www.copealcoy.es\\\/es\\\/rebeca-jover-ha-creat-aquest-cartell-per-a-anunciar-la-cavalcada-dels-reis-dalcoi\\\/#primaryimage\"},\"thumbnailUrl\":\"https:\\\/\\\/www.copealcoy.es\\\/wp-content\\\/uploads\\\/2022\\\/11\\\/Beca-Jover-e1667558881707.png\",\"datePublished\":\"2022-11-04T10:46:36+00:00\",\"dateModified\":\"2022-11-04T10:57:49+00:00\",\"author\":{\"@id\":\"https:\\\/\\\/www.copealcoy.es\\\/es\\\/#\\\/schema\\\/person\\\/e777c87fa024e57d40170af9df39882c\"},\"description\":\"L'artista Rebeca Jover ha guanyat el concurs per a triar el cartell anunciador de la CXXXVIII Cavalcada de Reis Mags de la Ciutat d'Alcoi\",\"breadcrumb\":{\"@id\":\"https:\\\/\\\/www.copealcoy.es\\\/es\\\/rebeca-jover-ha-creat-aquest-cartell-per-a-anunciar-la-cavalcada-dels-reis-dalcoi\\\/#breadcrumb\"},\"inLanguage\":\"es\",\"potentialAction\":[{\"@type\":\"ReadAction\",\"target\":[\"https:\\\/\\\/www.copealcoy.es\\\/es\\\/rebeca-jover-ha-creat-aquest-cartell-per-a-anunciar-la-cavalcada-dels-reis-dalcoi\\\/\"]}]},{\"@type\":\"ImageObject\",\"inLanguage\":\"es\",\"@id\":\"https:\\\/\\\/www.copealcoy.es\\\/es\\\/rebeca-jover-ha-creat-aquest-cartell-per-a-anunciar-la-cavalcada-dels-reis-dalcoi\\\/#primaryimage\",\"url\":\"https:\\\/\\\/www.copealcoy.es\\\/wp-content\\\/uploads\\\/2022\\\/11\\\/Beca-Jover-e1667558881707.png\",\"contentUrl\":\"https:\\\/\\\/www.copealcoy.es\\\/wp-content\\\/uploads\\\/2022\\\/11\\\/Beca-Jover-e1667558881707.png\",\"width\":507,\"height\":381},{\"@type\":\"BreadcrumbList\",\"@id\":\"https:\\\/\\\/www.copealcoy.es\\\/es\\\/rebeca-jover-ha-creat-aquest-cartell-per-a-anunciar-la-cavalcada-dels-reis-dalcoi\\\/#breadcrumb\",\"itemListElement\":[{\"@type\":\"ListItem\",\"position\":1,\"name\":\"Portada\",\"item\":\"https:\\\/\\\/www.copealcoy.es\\\/es\\\/\"},{\"@type\":\"ListItem\",\"position\":2,\"name\":\"Rebeca Jover ha creat aquest cartell per a anunciar la Cavalcada dels Reis d&#8217;Alcoi\"}]},{\"@type\":\"WebSite\",\"@id\":\"https:\\\/\\\/www.copealcoy.es\\\/es\\\/#website\",\"url\":\"https:\\\/\\\/www.copealcoy.es\\\/es\\\/\",\"name\":\"COPE Alcoy\",\"description\":\"Emisora COPE de radio local con emisi\u00f3n online. Pont de Sant Jordi 8-10 03803 Alcoy\",\"potentialAction\":[{\"@type\":\"SearchAction\",\"target\":{\"@type\":\"EntryPoint\",\"urlTemplate\":\"https:\\\/\\\/www.copealcoy.es\\\/es\\\/?s={search_term_string}\"},\"query-input\":{\"@type\":\"PropertyValueSpecification\",\"valueRequired\":true,\"valueName\":\"search_term_string\"}}],\"inLanguage\":\"es\"},{\"@type\":\"Person\",\"@id\":\"https:\\\/\\\/www.copealcoy.es\\\/es\\\/#\\\/schema\\\/person\\\/e777c87fa024e57d40170af9df39882c\",\"name\":\"Cope Alcoy\",\"image\":{\"@type\":\"ImageObject\",\"inLanguage\":\"es\",\"@id\":\"https:\\\/\\\/secure.gravatar.com\\\/avatar\\\/bb65d0283347e303893ba14f0692005417c1e0e690a325a4c5d8bb2b3943ee14?s=96&d=mm&r=g\",\"url\":\"https:\\\/\\\/secure.gravatar.com\\\/avatar\\\/bb65d0283347e303893ba14f0692005417c1e0e690a325a4c5d8bb2b3943ee14?s=96&d=mm&r=g\",\"contentUrl\":\"https:\\\/\\\/secure.gravatar.com\\\/avatar\\\/bb65d0283347e303893ba14f0692005417c1e0e690a325a4c5d8bb2b3943ee14?s=96&d=mm&r=g\",\"caption\":\"Cope Alcoy\"}}]}<\/script>\n<!-- \/ Yoast SEO plugin. -->","yoast_head_json":{"title":"Rebeca Jover ha creat aquest cartell per a anunciar la Cavalcada dels Reis d'Alcoi - COPE Alcoy","description":"L'artista Rebeca Jover ha guanyat el concurs per a triar el cartell anunciador de la CXXXVIII Cavalcada de Reis Mags de la Ciutat d'Alcoi","robots":{"index":"index","follow":"follow","max-snippet":"max-snippet:-1","max-image-preview":"max-image-preview:large","max-video-preview":"max-video-preview:-1"},"canonical":"https:\/\/www.copealcoy.es\/es\/rebeca-jover-ha-creat-aquest-cartell-per-a-anunciar-la-cavalcada-dels-reis-dalcoi\/","og_locale":"es_ES","og_type":"article","og_title":"Rebeca Jover ha creat aquest cartell per a anunciar la Cavalcada dels Reis d'Alcoi - COPE Alcoy","og_description":"L'artista Rebeca Jover ha guanyat el concurs per a triar el cartell anunciador de la CXXXVIII Cavalcada de Reis Mags de la Ciutat d'Alcoi","og_url":"https:\/\/www.copealcoy.es\/es\/rebeca-jover-ha-creat-aquest-cartell-per-a-anunciar-la-cavalcada-dels-reis-dalcoi\/","og_site_name":"COPE Alcoy","article_published_time":"2022-11-04T10:46:36+00:00","article_modified_time":"2022-11-04T10:57:49+00:00","og_image":[{"width":507,"height":381,"url":"https:\/\/www.copealcoy.es\/wp-content\/uploads\/2022\/11\/Beca-Jover-e1667558881707.png","type":"image\/png"}],"author":"Cope Alcoy","twitter_misc":{"Escrito por":"Cope Alcoy","Tiempo de lectura":"2 minutos"},"schema":{"@context":"https:\/\/schema.org","@graph":[{"@type":"Article","@id":"https:\/\/www.copealcoy.es\/es\/rebeca-jover-ha-creat-aquest-cartell-per-a-anunciar-la-cavalcada-dels-reis-dalcoi\/#article","isPartOf":{"@id":"https:\/\/www.copealcoy.es\/es\/rebeca-jover-ha-creat-aquest-cartell-per-a-anunciar-la-cavalcada-dels-reis-dalcoi\/"},"author":{"name":"Cope Alcoy","@id":"https:\/\/www.copealcoy.es\/es\/#\/schema\/person\/e777c87fa024e57d40170af9df39882c"},"headline":"Rebeca Jover ha creat aquest cartell per a anunciar la Cavalcada dels Reis d&#8217;Alcoi","datePublished":"2022-11-04T10:46:36+00:00","dateModified":"2022-11-04T10:57:49+00:00","mainEntityOfPage":{"@id":"https:\/\/www.copealcoy.es\/es\/rebeca-jover-ha-creat-aquest-cartell-per-a-anunciar-la-cavalcada-dels-reis-dalcoi\/"},"wordCount":415,"commentCount":0,"image":{"@id":"https:\/\/www.copealcoy.es\/es\/rebeca-jover-ha-creat-aquest-cartell-per-a-anunciar-la-cavalcada-dels-reis-dalcoi\/#primaryimage"},"thumbnailUrl":"https:\/\/www.copealcoy.es\/wp-content\/uploads\/2022\/11\/Beca-Jover-e1667558881707.png","keywords":["Alcoi","Cartell","Cavalcada de Reis","Rebeca Jover"],"articleSection":["Actualidad","Alcoy","Fiesta y Cultura","Noticias"],"inLanguage":"es"},{"@type":"WebPage","@id":"https:\/\/www.copealcoy.es\/es\/rebeca-jover-ha-creat-aquest-cartell-per-a-anunciar-la-cavalcada-dels-reis-dalcoi\/","url":"https:\/\/www.copealcoy.es\/es\/rebeca-jover-ha-creat-aquest-cartell-per-a-anunciar-la-cavalcada-dels-reis-dalcoi\/","name":"Rebeca Jover ha creat aquest cartell per a anunciar la Cavalcada dels Reis d'Alcoi - COPE Alcoy","isPartOf":{"@id":"https:\/\/www.copealcoy.es\/es\/#website"},"primaryImageOfPage":{"@id":"https:\/\/www.copealcoy.es\/es\/rebeca-jover-ha-creat-aquest-cartell-per-a-anunciar-la-cavalcada-dels-reis-dalcoi\/#primaryimage"},"image":{"@id":"https:\/\/www.copealcoy.es\/es\/rebeca-jover-ha-creat-aquest-cartell-per-a-anunciar-la-cavalcada-dels-reis-dalcoi\/#primaryimage"},"thumbnailUrl":"https:\/\/www.copealcoy.es\/wp-content\/uploads\/2022\/11\/Beca-Jover-e1667558881707.png","datePublished":"2022-11-04T10:46:36+00:00","dateModified":"2022-11-04T10:57:49+00:00","author":{"@id":"https:\/\/www.copealcoy.es\/es\/#\/schema\/person\/e777c87fa024e57d40170af9df39882c"},"description":"L'artista Rebeca Jover ha guanyat el concurs per a triar el cartell anunciador de la CXXXVIII Cavalcada de Reis Mags de la Ciutat d'Alcoi","breadcrumb":{"@id":"https:\/\/www.copealcoy.es\/es\/rebeca-jover-ha-creat-aquest-cartell-per-a-anunciar-la-cavalcada-dels-reis-dalcoi\/#breadcrumb"},"inLanguage":"es","potentialAction":[{"@type":"ReadAction","target":["https:\/\/www.copealcoy.es\/es\/rebeca-jover-ha-creat-aquest-cartell-per-a-anunciar-la-cavalcada-dels-reis-dalcoi\/"]}]},{"@type":"ImageObject","inLanguage":"es","@id":"https:\/\/www.copealcoy.es\/es\/rebeca-jover-ha-creat-aquest-cartell-per-a-anunciar-la-cavalcada-dels-reis-dalcoi\/#primaryimage","url":"https:\/\/www.copealcoy.es\/wp-content\/uploads\/2022\/11\/Beca-Jover-e1667558881707.png","contentUrl":"https:\/\/www.copealcoy.es\/wp-content\/uploads\/2022\/11\/Beca-Jover-e1667558881707.png","width":507,"height":381},{"@type":"BreadcrumbList","@id":"https:\/\/www.copealcoy.es\/es\/rebeca-jover-ha-creat-aquest-cartell-per-a-anunciar-la-cavalcada-dels-reis-dalcoi\/#breadcrumb","itemListElement":[{"@type":"ListItem","position":1,"name":"Portada","item":"https:\/\/www.copealcoy.es\/es\/"},{"@type":"ListItem","position":2,"name":"Rebeca Jover ha creat aquest cartell per a anunciar la Cavalcada dels Reis d&#8217;Alcoi"}]},{"@type":"WebSite","@id":"https:\/\/www.copealcoy.es\/es\/#website","url":"https:\/\/www.copealcoy.es\/es\/","name":"COPE Alcoy","description":"Emisora COPE de radio local con emisi\u00f3n online. Pont de Sant Jordi 8-10 03803 Alcoy","potentialAction":[{"@type":"SearchAction","target":{"@type":"EntryPoint","urlTemplate":"https:\/\/www.copealcoy.es\/es\/?s={search_term_string}"},"query-input":{"@type":"PropertyValueSpecification","valueRequired":true,"valueName":"search_term_string"}}],"inLanguage":"es"},{"@type":"Person","@id":"https:\/\/www.copealcoy.es\/es\/#\/schema\/person\/e777c87fa024e57d40170af9df39882c","name":"Cope Alcoy","image":{"@type":"ImageObject","inLanguage":"es","@id":"https:\/\/secure.gravatar.com\/avatar\/bb65d0283347e303893ba14f0692005417c1e0e690a325a4c5d8bb2b3943ee14?s=96&d=mm&r=g","url":"https:\/\/secure.gravatar.com\/avatar\/bb65d0283347e303893ba14f0692005417c1e0e690a325a4c5d8bb2b3943ee14?s=96&d=mm&r=g","contentUrl":"https:\/\/secure.gravatar.com\/avatar\/bb65d0283347e303893ba14f0692005417c1e0e690a325a4c5d8bb2b3943ee14?s=96&d=mm&r=g","caption":"Cope Alcoy"}}]}},"_links":{"self":[{"href":"https:\/\/www.copealcoy.es\/es\/wp-json\/wp\/v2\/posts\/93863","targetHints":{"allow":["GET"]}}],"collection":[{"href":"https:\/\/www.copealcoy.es\/es\/wp-json\/wp\/v2\/posts"}],"about":[{"href":"https:\/\/www.copealcoy.es\/es\/wp-json\/wp\/v2\/types\/post"}],"author":[{"embeddable":true,"href":"https:\/\/www.copealcoy.es\/es\/wp-json\/wp\/v2\/users\/1"}],"replies":[{"embeddable":true,"href":"https:\/\/www.copealcoy.es\/es\/wp-json\/wp\/v2\/comments?post=93863"}],"version-history":[{"count":0,"href":"https:\/\/www.copealcoy.es\/es\/wp-json\/wp\/v2\/posts\/93863\/revisions"}],"wp:featuredmedia":[{"embeddable":true,"href":"https:\/\/www.copealcoy.es\/es\/wp-json\/wp\/v2\/media\/93864"}],"wp:attachment":[{"href":"https:\/\/www.copealcoy.es\/es\/wp-json\/wp\/v2\/media?parent=93863"}],"wp:term":[{"taxonomy":"category","embeddable":true,"href":"https:\/\/www.copealcoy.es\/es\/wp-json\/wp\/v2\/categories?post=93863"},{"taxonomy":"post_tag","embeddable":true,"href":"https:\/\/www.copealcoy.es\/es\/wp-json\/wp\/v2\/tags?post=93863"}],"curies":[{"name":"wp","href":"https:\/\/api.w.org\/{rel}","templated":true}]}}