{"id":93814,"date":"2022-11-03T13:18:04","date_gmt":"2022-11-03T12:18:04","guid":{"rendered":"https:\/\/www.copealcoy.es\/?p=93814"},"modified":"2022-11-03T13:33:28","modified_gmt":"2022-11-03T12:33:28","slug":"pas-endavant-per-a-fer-possible-la-remodelacio-de-landreu-sempere-dalcoi","status":"publish","type":"post","link":"https:\/\/www.copealcoy.es\/es\/pas-endavant-per-a-fer-possible-la-remodelacio-de-landreu-sempere-dalcoi\/","title":{"rendered":"Pas endavant per a fer possible la remodelaci\u00f3 de l&#8217;Andreu Sempere d&#8217;Alcoi"},"content":{"rendered":"<p style=\"text-align: justify;\">L&#8217;<a href=\"https:\/\/www.alcoi.org\/ca\/portal\/index.html\"><strong><span style=\"color: #0000ff;\">Ajuntament d&#8217;Alcoi<\/span> <\/strong><\/a>i l&#8217;Institut Andreu Sempere <strong>han mantingut una reuni\u00f3 per a tractar q\u00fcestions referides a la remodelaci\u00f3 del centre educatiu<\/strong> a trav\u00e9s del Pla Edificant del Consell. Aquest encontre ve despr\u00e9s que la licitaci\u00f3 del projecte <strong>quedara deserta mesos enrere<\/strong> a causa de l\u2019increment del preu dels materials i el transport que va provocar que projectes redactats passaren a tindre els seus preus desfasats en pocs dies.<\/p>\n<p style=\"text-align: justify;\">Des del Consell van informar que Conselleria <strong>far\u00e0 front a les noves actuacions i dotar\u00e0 el projecte amb 6,2 milions d\u2019euros<\/strong> per poder dur a terme totes les actuacions i que el centre educatiu amb aquest projecte tinga cobertes totes les necessitats que en mat\u00e8ria d\u2019infraestructures presenta hui en dia. Tamb\u00e9 s\u2019han comprom\u00e9s <strong>a agilitzar al m\u00e0xim els tr\u00e0mits<\/strong>, perqu\u00e8 li donaran prioritat als Edificants que per una ra\u00f3 o l&#8217;altra s\u2019han quedat deserts, a causa de l&#8217;esmentada conjuntura d\u2019augment de preus i pujada de les mat\u00e8ries primeres. Per la seua banda, <strong>el consistori tramitar\u00e0 de nou la delegaci\u00f3 de compet\u00e8ncies\u00a0<\/strong>el m\u00e9s r\u00e0pid possible i s\u2019espera poder en el Ple de desembre desestimar l\u2019antic Edificant i a la vegada sol\u00b7licitar la nova delegaci\u00f3 <em>&#8220;una vegada aclarits tots els passos a seguir per a evitar que puga quedar-se bloquejada la tramitaci\u00f3, el que volem manifestar \u00e9s que tant des de la Conselleria com de l\u2019Ajuntament d\u2019Alcoi entenem la desesperaci\u00f3 de la comunitat educativa, perqu\u00e8 han estat diferents els entrebancs amb el que s\u2019ha trobat aquest projecte, per\u00f2 ens hem comprom\u00e9s al m\u00e0xim per agilitzar tots els tr\u00e0mits i poder licitar com m\u00e9s prompte millor. En tot moment hem anat de la m\u00e0 el centre educatiu, la Conselleria i l\u2019Ajuntament i en totes les passes que hem donat i reunions, hem volgut que estiguera present el centre educatiu per fer-lo part\u00edcip de totes les decisions i passes a seguir i d\u2019aquesta manera ser totalment transparents i que a la vegada entenguen les problem\u00e0tiques que surten davant d&#8217;una situaci\u00f3 d\u2019un projecte Edificant extraordinari<\/em>&#8220;, ha afirmat el regidor d&#8217;Educaci\u00f3; <strong>Jordi Silvestre<\/strong>.<\/p>\n<p style=\"text-align: justify;\">Cal recordar que en gener, despr\u00e9s de quedar deserta la licitaci\u00f3, l\u2019Ajuntament es va posar en contacte amb la Conselleria d\u2019Educaci\u00f3 <strong>per tal d&#8217;aclarir quines eren les passes a donar <\/strong>i poder continuar aix\u00ed amb el projecte. Despr\u00e9s de diverses reunions des de la direcci\u00f3 general d\u2019infraestructures es va requerir que l\u2019Ajuntament presentara l&#8217;adaptaci\u00f3 del projecte <strong>al nou valor fixat per Conselleria i amb les modificacions demanades des del centre<\/strong>. Seguidament, el 29 de juliol, l\u2019Ajuntament va indicar a la direcci\u00f3 general d\u2019Infraestructures que ja tenia preparada la documentaci\u00f3 i demanava una reuni\u00f3 per con\u00e9ixer <strong>quines eren les passes a seguir<\/strong>. Tres mesos despr\u00e9s d&#8217;aquella petici\u00f3, segons informa el consistori, <strong>Conselleria ha acceptat la reuni\u00f3<\/strong> i ha informat de <strong>com seguir la tramitaci\u00f3<\/strong> corresponent.<\/p>\n","protected":false},"excerpt":{"rendered":"<p>L&#8217;Ajuntament d&#8217;Alcoi i l&#8217;Institut Andreu Sempere han mantingut una reuni\u00f3 per a tractar q\u00fcestions referides a la remodelaci\u00f3 del centre&#8230;<\/p>\n","protected":false},"author":1,"featured_media":93815,"comment_status":"open","ping_status":"open","sticky":false,"template":"","format":"standard","meta":{"footnotes":""},"categories":[6909,97,900,75,125],"tags":[8239,1032,479,994,7770],"class_list":["post-93814","post","type-post","status-publish","format-standard","has-post-thumbnail","hentry","category-actualidad","category-alcoy","category-educacion","category-noticias","category-portada","tag-pla-edificant","tag-andreu-sempere","tag-consell","tag-generalitat-valenciana","tag-obres"],"yoast_head":"<!-- This site is optimized with the Yoast SEO plugin v27.3 - https:\/\/yoast.com\/product\/yoast-seo-wordpress\/ -->\n<title>Pas endavant per a fer possible la remodelaci\u00f3 de l&#039;Andreu Sempere d&#039;Alcoi - COPE Alcoy<\/title>\n<meta name=\"description\" content=\"Desbloquejat l&#039;Edificant de l&#039;Andreu Sempere, passa de 4 a 6,2 milions d&#039;euros en una redelegaci\u00f3 on s\u2019inclouran les noves actuacions\" \/>\n<meta name=\"robots\" content=\"index, follow, max-snippet:-1, max-image-preview:large, max-video-preview:-1\" \/>\n<link rel=\"canonical\" href=\"https:\/\/www.copealcoy.es\/es\/pas-endavant-per-a-fer-possible-la-remodelacio-de-landreu-sempere-dalcoi\/\" \/>\n<meta property=\"og:locale\" content=\"es_ES\" \/>\n<meta property=\"og:type\" content=\"article\" \/>\n<meta property=\"og:title\" content=\"Pas endavant per a fer possible la remodelaci\u00f3 de l&#039;Andreu Sempere d&#039;Alcoi - COPE Alcoy\" \/>\n<meta property=\"og:description\" content=\"Desbloquejat l&#039;Edificant de l&#039;Andreu Sempere, passa de 4 a 6,2 milions d&#039;euros en una redelegaci\u00f3 on s\u2019inclouran les noves actuacions\" \/>\n<meta property=\"og:url\" content=\"https:\/\/www.copealcoy.es\/es\/pas-endavant-per-a-fer-possible-la-remodelacio-de-landreu-sempere-dalcoi\/\" \/>\n<meta property=\"og:site_name\" content=\"COPE Alcoy\" \/>\n<meta property=\"article:published_time\" content=\"2022-11-03T12:18:04+00:00\" \/>\n<meta property=\"article:modified_time\" content=\"2022-11-03T12:33:28+00:00\" \/>\n<meta property=\"og:image\" content=\"https:\/\/www.copealcoy.es\/wp-content\/uploads\/2022\/11\/Foto-de-la-reunio-amb-Conselleria-Tema-Andreu-Sempere-e1667477858688.jpg\" \/>\n\t<meta property=\"og:image:width\" content=\"640\" \/>\n\t<meta property=\"og:image:height\" content=\"360\" \/>\n\t<meta property=\"og:image:type\" content=\"image\/jpeg\" \/>\n<meta name=\"author\" content=\"Cope Alcoy\" \/>\n<meta name=\"twitter:label1\" content=\"Escrito por\" \/>\n\t<meta name=\"twitter:data1\" content=\"Cope Alcoy\" \/>\n\t<meta name=\"twitter:label2\" content=\"Tiempo de lectura\" \/>\n\t<meta name=\"twitter:data2\" content=\"3 minutos\" \/>\n<script type=\"application\/ld+json\" class=\"yoast-schema-graph\">{\"@context\":\"https:\\\/\\\/schema.org\",\"@graph\":[{\"@type\":\"Article\",\"@id\":\"https:\\\/\\\/www.copealcoy.es\\\/es\\\/pas-endavant-per-a-fer-possible-la-remodelacio-de-landreu-sempere-dalcoi\\\/#article\",\"isPartOf\":{\"@id\":\"https:\\\/\\\/www.copealcoy.es\\\/es\\\/pas-endavant-per-a-fer-possible-la-remodelacio-de-landreu-sempere-dalcoi\\\/\"},\"author\":{\"name\":\"Cope Alcoy\",\"@id\":\"https:\\\/\\\/www.copealcoy.es\\\/es\\\/#\\\/schema\\\/person\\\/e777c87fa024e57d40170af9df39882c\"},\"headline\":\"Pas endavant per a fer possible la remodelaci\u00f3 de l&#8217;Andreu Sempere d&#8217;Alcoi\",\"datePublished\":\"2022-11-03T12:18:04+00:00\",\"dateModified\":\"2022-11-03T12:33:28+00:00\",\"mainEntityOfPage\":{\"@id\":\"https:\\\/\\\/www.copealcoy.es\\\/es\\\/pas-endavant-per-a-fer-possible-la-remodelacio-de-landreu-sempere-dalcoi\\\/\"},\"wordCount\":524,\"commentCount\":0,\"image\":{\"@id\":\"https:\\\/\\\/www.copealcoy.es\\\/es\\\/pas-endavant-per-a-fer-possible-la-remodelacio-de-landreu-sempere-dalcoi\\\/#primaryimage\"},\"thumbnailUrl\":\"https:\\\/\\\/www.copealcoy.es\\\/wp-content\\\/uploads\\\/2022\\\/11\\\/Foto-de-la-reunio-amb-Conselleria-Tema-Andreu-Sempere-e1667477858688.jpg\",\"keywords\":[\"'Pla Edificant'\",\"Andreu Sempere\",\"Consell\",\"Generalitat Valenciana\",\"obres\"],\"articleSection\":[\"Actualidad\",\"Alcoy\",\"Educaci\u00f3n\",\"Noticias\",\"Portada\"],\"inLanguage\":\"es\"},{\"@type\":\"WebPage\",\"@id\":\"https:\\\/\\\/www.copealcoy.es\\\/es\\\/pas-endavant-per-a-fer-possible-la-remodelacio-de-landreu-sempere-dalcoi\\\/\",\"url\":\"https:\\\/\\\/www.copealcoy.es\\\/es\\\/pas-endavant-per-a-fer-possible-la-remodelacio-de-landreu-sempere-dalcoi\\\/\",\"name\":\"Pas endavant per a fer possible la remodelaci\u00f3 de l'Andreu Sempere d'Alcoi - COPE Alcoy\",\"isPartOf\":{\"@id\":\"https:\\\/\\\/www.copealcoy.es\\\/es\\\/#website\"},\"primaryImageOfPage\":{\"@id\":\"https:\\\/\\\/www.copealcoy.es\\\/es\\\/pas-endavant-per-a-fer-possible-la-remodelacio-de-landreu-sempere-dalcoi\\\/#primaryimage\"},\"image\":{\"@id\":\"https:\\\/\\\/www.copealcoy.es\\\/es\\\/pas-endavant-per-a-fer-possible-la-remodelacio-de-landreu-sempere-dalcoi\\\/#primaryimage\"},\"thumbnailUrl\":\"https:\\\/\\\/www.copealcoy.es\\\/wp-content\\\/uploads\\\/2022\\\/11\\\/Foto-de-la-reunio-amb-Conselleria-Tema-Andreu-Sempere-e1667477858688.jpg\",\"datePublished\":\"2022-11-03T12:18:04+00:00\",\"dateModified\":\"2022-11-03T12:33:28+00:00\",\"author\":{\"@id\":\"https:\\\/\\\/www.copealcoy.es\\\/es\\\/#\\\/schema\\\/person\\\/e777c87fa024e57d40170af9df39882c\"},\"description\":\"Desbloquejat l'Edificant de l'Andreu Sempere, passa de 4 a 6,2 milions d'euros en una redelegaci\u00f3 on s\u2019inclouran les noves actuacions\",\"breadcrumb\":{\"@id\":\"https:\\\/\\\/www.copealcoy.es\\\/es\\\/pas-endavant-per-a-fer-possible-la-remodelacio-de-landreu-sempere-dalcoi\\\/#breadcrumb\"},\"inLanguage\":\"es\",\"potentialAction\":[{\"@type\":\"ReadAction\",\"target\":[\"https:\\\/\\\/www.copealcoy.es\\\/es\\\/pas-endavant-per-a-fer-possible-la-remodelacio-de-landreu-sempere-dalcoi\\\/\"]}]},{\"@type\":\"ImageObject\",\"inLanguage\":\"es\",\"@id\":\"https:\\\/\\\/www.copealcoy.es\\\/es\\\/pas-endavant-per-a-fer-possible-la-remodelacio-de-landreu-sempere-dalcoi\\\/#primaryimage\",\"url\":\"https:\\\/\\\/www.copealcoy.es\\\/wp-content\\\/uploads\\\/2022\\\/11\\\/Foto-de-la-reunio-amb-Conselleria-Tema-Andreu-Sempere-e1667477858688.jpg\",\"contentUrl\":\"https:\\\/\\\/www.copealcoy.es\\\/wp-content\\\/uploads\\\/2022\\\/11\\\/Foto-de-la-reunio-amb-Conselleria-Tema-Andreu-Sempere-e1667477858688.jpg\",\"width\":640,\"height\":360},{\"@type\":\"BreadcrumbList\",\"@id\":\"https:\\\/\\\/www.copealcoy.es\\\/es\\\/pas-endavant-per-a-fer-possible-la-remodelacio-de-landreu-sempere-dalcoi\\\/#breadcrumb\",\"itemListElement\":[{\"@type\":\"ListItem\",\"position\":1,\"name\":\"Portada\",\"item\":\"https:\\\/\\\/www.copealcoy.es\\\/es\\\/\"},{\"@type\":\"ListItem\",\"position\":2,\"name\":\"Pas endavant per a fer possible la remodelaci\u00f3 de l&#8217;Andreu Sempere d&#8217;Alcoi\"}]},{\"@type\":\"WebSite\",\"@id\":\"https:\\\/\\\/www.copealcoy.es\\\/es\\\/#website\",\"url\":\"https:\\\/\\\/www.copealcoy.es\\\/es\\\/\",\"name\":\"COPE Alcoy\",\"description\":\"Emisora COPE de radio local con emisi\u00f3n online. Pont de Sant Jordi 8-10 03803 Alcoy\",\"potentialAction\":[{\"@type\":\"SearchAction\",\"target\":{\"@type\":\"EntryPoint\",\"urlTemplate\":\"https:\\\/\\\/www.copealcoy.es\\\/es\\\/?s={search_term_string}\"},\"query-input\":{\"@type\":\"PropertyValueSpecification\",\"valueRequired\":true,\"valueName\":\"search_term_string\"}}],\"inLanguage\":\"es\"},{\"@type\":\"Person\",\"@id\":\"https:\\\/\\\/www.copealcoy.es\\\/es\\\/#\\\/schema\\\/person\\\/e777c87fa024e57d40170af9df39882c\",\"name\":\"Cope Alcoy\",\"image\":{\"@type\":\"ImageObject\",\"inLanguage\":\"es\",\"@id\":\"https:\\\/\\\/secure.gravatar.com\\\/avatar\\\/bb65d0283347e303893ba14f0692005417c1e0e690a325a4c5d8bb2b3943ee14?s=96&d=mm&r=g\",\"url\":\"https:\\\/\\\/secure.gravatar.com\\\/avatar\\\/bb65d0283347e303893ba14f0692005417c1e0e690a325a4c5d8bb2b3943ee14?s=96&d=mm&r=g\",\"contentUrl\":\"https:\\\/\\\/secure.gravatar.com\\\/avatar\\\/bb65d0283347e303893ba14f0692005417c1e0e690a325a4c5d8bb2b3943ee14?s=96&d=mm&r=g\",\"caption\":\"Cope Alcoy\"}}]}<\/script>\n<!-- \/ Yoast SEO plugin. -->","yoast_head_json":{"title":"Pas endavant per a fer possible la remodelaci\u00f3 de l'Andreu Sempere d'Alcoi - COPE Alcoy","description":"Desbloquejat l'Edificant de l'Andreu Sempere, passa de 4 a 6,2 milions d'euros en una redelegaci\u00f3 on s\u2019inclouran les noves actuacions","robots":{"index":"index","follow":"follow","max-snippet":"max-snippet:-1","max-image-preview":"max-image-preview:large","max-video-preview":"max-video-preview:-1"},"canonical":"https:\/\/www.copealcoy.es\/es\/pas-endavant-per-a-fer-possible-la-remodelacio-de-landreu-sempere-dalcoi\/","og_locale":"es_ES","og_type":"article","og_title":"Pas endavant per a fer possible la remodelaci\u00f3 de l'Andreu Sempere d'Alcoi - COPE Alcoy","og_description":"Desbloquejat l'Edificant de l'Andreu Sempere, passa de 4 a 6,2 milions d'euros en una redelegaci\u00f3 on s\u2019inclouran les noves actuacions","og_url":"https:\/\/www.copealcoy.es\/es\/pas-endavant-per-a-fer-possible-la-remodelacio-de-landreu-sempere-dalcoi\/","og_site_name":"COPE Alcoy","article_published_time":"2022-11-03T12:18:04+00:00","article_modified_time":"2022-11-03T12:33:28+00:00","og_image":[{"width":640,"height":360,"url":"https:\/\/www.copealcoy.es\/wp-content\/uploads\/2022\/11\/Foto-de-la-reunio-amb-Conselleria-Tema-Andreu-Sempere-e1667477858688.jpg","type":"image\/jpeg"}],"author":"Cope Alcoy","twitter_misc":{"Escrito por":"Cope Alcoy","Tiempo de lectura":"3 minutos"},"schema":{"@context":"https:\/\/schema.org","@graph":[{"@type":"Article","@id":"https:\/\/www.copealcoy.es\/es\/pas-endavant-per-a-fer-possible-la-remodelacio-de-landreu-sempere-dalcoi\/#article","isPartOf":{"@id":"https:\/\/www.copealcoy.es\/es\/pas-endavant-per-a-fer-possible-la-remodelacio-de-landreu-sempere-dalcoi\/"},"author":{"name":"Cope Alcoy","@id":"https:\/\/www.copealcoy.es\/es\/#\/schema\/person\/e777c87fa024e57d40170af9df39882c"},"headline":"Pas endavant per a fer possible la remodelaci\u00f3 de l&#8217;Andreu Sempere d&#8217;Alcoi","datePublished":"2022-11-03T12:18:04+00:00","dateModified":"2022-11-03T12:33:28+00:00","mainEntityOfPage":{"@id":"https:\/\/www.copealcoy.es\/es\/pas-endavant-per-a-fer-possible-la-remodelacio-de-landreu-sempere-dalcoi\/"},"wordCount":524,"commentCount":0,"image":{"@id":"https:\/\/www.copealcoy.es\/es\/pas-endavant-per-a-fer-possible-la-remodelacio-de-landreu-sempere-dalcoi\/#primaryimage"},"thumbnailUrl":"https:\/\/www.copealcoy.es\/wp-content\/uploads\/2022\/11\/Foto-de-la-reunio-amb-Conselleria-Tema-Andreu-Sempere-e1667477858688.jpg","keywords":["'Pla Edificant'","Andreu Sempere","Consell","Generalitat Valenciana","obres"],"articleSection":["Actualidad","Alcoy","Educaci\u00f3n","Noticias","Portada"],"inLanguage":"es"},{"@type":"WebPage","@id":"https:\/\/www.copealcoy.es\/es\/pas-endavant-per-a-fer-possible-la-remodelacio-de-landreu-sempere-dalcoi\/","url":"https:\/\/www.copealcoy.es\/es\/pas-endavant-per-a-fer-possible-la-remodelacio-de-landreu-sempere-dalcoi\/","name":"Pas endavant per a fer possible la remodelaci\u00f3 de l'Andreu Sempere d'Alcoi - COPE Alcoy","isPartOf":{"@id":"https:\/\/www.copealcoy.es\/es\/#website"},"primaryImageOfPage":{"@id":"https:\/\/www.copealcoy.es\/es\/pas-endavant-per-a-fer-possible-la-remodelacio-de-landreu-sempere-dalcoi\/#primaryimage"},"image":{"@id":"https:\/\/www.copealcoy.es\/es\/pas-endavant-per-a-fer-possible-la-remodelacio-de-landreu-sempere-dalcoi\/#primaryimage"},"thumbnailUrl":"https:\/\/www.copealcoy.es\/wp-content\/uploads\/2022\/11\/Foto-de-la-reunio-amb-Conselleria-Tema-Andreu-Sempere-e1667477858688.jpg","datePublished":"2022-11-03T12:18:04+00:00","dateModified":"2022-11-03T12:33:28+00:00","author":{"@id":"https:\/\/www.copealcoy.es\/es\/#\/schema\/person\/e777c87fa024e57d40170af9df39882c"},"description":"Desbloquejat l'Edificant de l'Andreu Sempere, passa de 4 a 6,2 milions d'euros en una redelegaci\u00f3 on s\u2019inclouran les noves actuacions","breadcrumb":{"@id":"https:\/\/www.copealcoy.es\/es\/pas-endavant-per-a-fer-possible-la-remodelacio-de-landreu-sempere-dalcoi\/#breadcrumb"},"inLanguage":"es","potentialAction":[{"@type":"ReadAction","target":["https:\/\/www.copealcoy.es\/es\/pas-endavant-per-a-fer-possible-la-remodelacio-de-landreu-sempere-dalcoi\/"]}]},{"@type":"ImageObject","inLanguage":"es","@id":"https:\/\/www.copealcoy.es\/es\/pas-endavant-per-a-fer-possible-la-remodelacio-de-landreu-sempere-dalcoi\/#primaryimage","url":"https:\/\/www.copealcoy.es\/wp-content\/uploads\/2022\/11\/Foto-de-la-reunio-amb-Conselleria-Tema-Andreu-Sempere-e1667477858688.jpg","contentUrl":"https:\/\/www.copealcoy.es\/wp-content\/uploads\/2022\/11\/Foto-de-la-reunio-amb-Conselleria-Tema-Andreu-Sempere-e1667477858688.jpg","width":640,"height":360},{"@type":"BreadcrumbList","@id":"https:\/\/www.copealcoy.es\/es\/pas-endavant-per-a-fer-possible-la-remodelacio-de-landreu-sempere-dalcoi\/#breadcrumb","itemListElement":[{"@type":"ListItem","position":1,"name":"Portada","item":"https:\/\/www.copealcoy.es\/es\/"},{"@type":"ListItem","position":2,"name":"Pas endavant per a fer possible la remodelaci\u00f3 de l&#8217;Andreu Sempere d&#8217;Alcoi"}]},{"@type":"WebSite","@id":"https:\/\/www.copealcoy.es\/es\/#website","url":"https:\/\/www.copealcoy.es\/es\/","name":"COPE Alcoy","description":"Emisora COPE de radio local con emisi\u00f3n online. Pont de Sant Jordi 8-10 03803 Alcoy","potentialAction":[{"@type":"SearchAction","target":{"@type":"EntryPoint","urlTemplate":"https:\/\/www.copealcoy.es\/es\/?s={search_term_string}"},"query-input":{"@type":"PropertyValueSpecification","valueRequired":true,"valueName":"search_term_string"}}],"inLanguage":"es"},{"@type":"Person","@id":"https:\/\/www.copealcoy.es\/es\/#\/schema\/person\/e777c87fa024e57d40170af9df39882c","name":"Cope Alcoy","image":{"@type":"ImageObject","inLanguage":"es","@id":"https:\/\/secure.gravatar.com\/avatar\/bb65d0283347e303893ba14f0692005417c1e0e690a325a4c5d8bb2b3943ee14?s=96&d=mm&r=g","url":"https:\/\/secure.gravatar.com\/avatar\/bb65d0283347e303893ba14f0692005417c1e0e690a325a4c5d8bb2b3943ee14?s=96&d=mm&r=g","contentUrl":"https:\/\/secure.gravatar.com\/avatar\/bb65d0283347e303893ba14f0692005417c1e0e690a325a4c5d8bb2b3943ee14?s=96&d=mm&r=g","caption":"Cope Alcoy"}}]}},"_links":{"self":[{"href":"https:\/\/www.copealcoy.es\/es\/wp-json\/wp\/v2\/posts\/93814","targetHints":{"allow":["GET"]}}],"collection":[{"href":"https:\/\/www.copealcoy.es\/es\/wp-json\/wp\/v2\/posts"}],"about":[{"href":"https:\/\/www.copealcoy.es\/es\/wp-json\/wp\/v2\/types\/post"}],"author":[{"embeddable":true,"href":"https:\/\/www.copealcoy.es\/es\/wp-json\/wp\/v2\/users\/1"}],"replies":[{"embeddable":true,"href":"https:\/\/www.copealcoy.es\/es\/wp-json\/wp\/v2\/comments?post=93814"}],"version-history":[{"count":0,"href":"https:\/\/www.copealcoy.es\/es\/wp-json\/wp\/v2\/posts\/93814\/revisions"}],"wp:featuredmedia":[{"embeddable":true,"href":"https:\/\/www.copealcoy.es\/es\/wp-json\/wp\/v2\/media\/93815"}],"wp:attachment":[{"href":"https:\/\/www.copealcoy.es\/es\/wp-json\/wp\/v2\/media?parent=93814"}],"wp:term":[{"taxonomy":"category","embeddable":true,"href":"https:\/\/www.copealcoy.es\/es\/wp-json\/wp\/v2\/categories?post=93814"},{"taxonomy":"post_tag","embeddable":true,"href":"https:\/\/www.copealcoy.es\/es\/wp-json\/wp\/v2\/tags?post=93814"}],"curies":[{"name":"wp","href":"https:\/\/api.w.org\/{rel}","templated":true}]}}