{"id":93796,"date":"2022-11-03T12:21:41","date_gmt":"2022-11-03T11:21:41","guid":{"rendered":"https:\/\/www.copealcoy.es\/?p=93796"},"modified":"2022-11-03T12:30:19","modified_gmt":"2022-11-03T11:30:19","slug":"el-pp-presenta-esmenes-per-a-alcoi-en-els-pressupostos-generals-de-lestat","status":"publish","type":"post","link":"https:\/\/www.copealcoy.es\/es\/el-pp-presenta-esmenes-per-a-alcoi-en-els-pressupostos-generals-de-lestat\/","title":{"rendered":"El PP presenta esmenes per a Alcoi en els Pressupostos Generals de l&#8217;Estat"},"content":{"rendered":"<p style=\"text-align: justify;\">El <a href=\"https:\/\/www.ppalcoy.com\/\"><span style=\"color: #0000ff;\"><strong>Partit Popular d&#8217;Alcoi<\/strong><\/span> <\/a>ha presentat esmenes als <strong>Pressupostos Generals de l&#8217;Estat<\/strong>. En concret, ha incidit en la defensa de <strong>la renovaci\u00f3 de la via de la l\u00ednia Alcoi- X\u00e0tiva<\/strong>, <strong>la segona fase de la canalitzaci\u00f3 del Riu Barxell<\/strong> i, per quart any consecutiu, <strong>la construcci\u00f3 de la rotonda de l&#8217;acc\u00e9s Nord<\/strong>.<\/p>\n<p style=\"text-align: justify;\">En el projecte de pressupostos que ha presentat el Govern de PSOE i Unides Podem <strong>figura una partida m\u00ednima<\/strong> per a millorar la l\u00ednia f\u00e8rria Alcoi-X\u00e0tiva: a penes dos milions d&#8217;euros. El candidat del PP a l&#8217;Alcaldia, <strong>Carlos Pastor<\/strong>, considera &#8220;<em>molt preocupant&#8221;<\/em>\u00a0que en 2022 encara no s&#8217;hagen executat projectes constructius vitals per a la renovaci\u00f3 de la via. \u201c<em>Mentre l&#8217;alcalde anuncia projectes per valor de 150 milions d&#8217;euros, la realitat que marquen els pressupostos de Pedro S\u00e1nchez \u00e9s que la inversi\u00f3 \u00e9s m\u00ednima&#8221;<\/em>, afirma Pastor. El candidat apunta que <strong>les obres<\/strong> ni tan sols han eixit encara a concurs.<\/p>\n<p style=\"text-align: justify;\">En els pressupostos tampoc figura cap partida concreta per a <strong>construir la rotonda de l&#8217;acc\u00e9s nord<\/strong>, a pesar que, segons Antonio Franc\u00e9s, l&#8217;obra l&#8217;assumeix el Ministeri de Transports, Mobilitat i Agenda Urbana. El projecte, amb un pressupost estimat Base de Licitaci\u00f3 (IVA incl\u00f2s) de 906.101,14 euros, <strong>est\u00e0 redactat des de gener de 2019<\/strong> <em>\u201csi, com anuncia l&#8217;alcalde, tan \u00e9s clar que l&#8217;obra l&#8217;assumeix el ministeri, no entenem qu\u00e8 \u00e9s el que ocorre al no apar\u00e9ixer cap partida nominativa en els pressupostos i, sobretot, per qu\u00e8 encara estan amb modificacions del projecte despr\u00e9s de quasi quatre anys<\/em>\u201d, afirma Pastor.<\/p>\n<p style=\"text-align: justify;\">Fora dels pressupostos queda tamb\u00e9 <strong>la segona fase de la canalitzaci\u00f3 del riu Barxell<\/strong>, amb una inversi\u00f3 pendent de 4,7 milions d&#8217;euros. Aquesta obra era una de <strong>les grans reivindicacions del PSOE<\/strong> quan estava en l&#8217;oposici\u00f3. Pastor lamenta que ara els socialistes<strong> s&#8217;obliden d&#8217;aquest projecte redactat en 2007<\/strong> i amb avaluaci\u00f3 ambiental favorable des de 2011.<\/p>\n<p style=\"text-align: justify;\">Davant la desaparici\u00f3 d&#8217;Alcoi dels Pressupostos Generals de l&#8217;Estat, igual que la Prov\u00edncia d&#8217;Alacant, <strong>el Partit Popular reivindica la inversi\u00f3 en els projectes pendents<\/strong>. &#8220;<em>L&#8217;Ajuntament ha d&#8217;estar lluny d&#8217;interessos partidistes i vetlar nom\u00e9s pels interessos dels alcoians. Disposem de projectes llestos per a construir i no hi ha un comprom\u00eds ferm per a tirar-los avant. Entre tots hem de reivindicar les inversions perqu\u00e8 Alcoi ha de ser sempre el primer&#8221;<\/em>, conclou Pastor.<\/p>\n","protected":false},"excerpt":{"rendered":"<p>El Partit Popular d&#8217;Alcoi ha presentat esmenes als Pressupostos Generals de l&#8217;Estat. En concret, ha incidit en la defensa de&#8230;<\/p>\n","protected":false},"author":1,"featured_media":92790,"comment_status":"open","ping_status":"open","sticky":false,"template":"","format":"standard","meta":{"footnotes":""},"categories":[6909,75,79],"tags":[13235,13426,448,13427],"class_list":["post-93796","post","type-post","status-publish","format-standard","has-post-thumbnail","hentry","category-actualidad","category-noticias","category-politicayeconomia","tag-carlos-pastor","tag-esmenes","tag-partido-popular","tag-pressupostos-generals-de-lestat"],"yoast_head":"<!-- This site is optimized with the Yoast SEO plugin v27.3 - https:\/\/yoast.com\/product\/yoast-seo-wordpress\/ -->\n<title>El PP presenta esmenes per a Alcoi en els Pressupostos Generals de l&#039;Estat - COPE Alcoy<\/title>\n<meta name=\"robots\" content=\"index, follow, max-snippet:-1, max-image-preview:large, max-video-preview:-1\" \/>\n<link rel=\"canonical\" href=\"https:\/\/www.copealcoy.es\/es\/el-pp-presenta-esmenes-per-a-alcoi-en-els-pressupostos-generals-de-lestat\/\" \/>\n<meta property=\"og:locale\" content=\"es_ES\" \/>\n<meta property=\"og:type\" content=\"article\" \/>\n<meta property=\"og:title\" content=\"El PP presenta esmenes per a Alcoi en els Pressupostos Generals de l&#039;Estat - COPE Alcoy\" \/>\n<meta property=\"og:description\" content=\"El Partit Popular d&#8217;Alcoi ha presentat esmenes als Pressupostos Generals de l&#8217;Estat. En concret, ha incidit en la defensa de...\" \/>\n<meta property=\"og:url\" content=\"https:\/\/www.copealcoy.es\/es\/el-pp-presenta-esmenes-per-a-alcoi-en-els-pressupostos-generals-de-lestat\/\" \/>\n<meta property=\"og:site_name\" content=\"COPE Alcoy\" \/>\n<meta property=\"article:published_time\" content=\"2022-11-03T11:21:41+00:00\" \/>\n<meta property=\"article:modified_time\" content=\"2022-11-03T11:30:19+00:00\" \/>\n<meta property=\"og:image\" content=\"https:\/\/www.copealcoy.es\/wp-content\/uploads\/2022\/10\/Carlos-Pastor-Candidato-PP-Alcoy-e1665486550142.jpg\" \/>\n\t<meta property=\"og:image:width\" content=\"1080\" \/>\n\t<meta property=\"og:image:height\" content=\"675\" \/>\n\t<meta property=\"og:image:type\" content=\"image\/jpeg\" \/>\n<meta name=\"author\" content=\"Cope Alcoy\" \/>\n<meta name=\"twitter:label1\" content=\"Escrito por\" \/>\n\t<meta name=\"twitter:data1\" content=\"Cope Alcoy\" \/>\n\t<meta name=\"twitter:label2\" content=\"Tiempo de lectura\" \/>\n\t<meta name=\"twitter:data2\" content=\"2 minutos\" \/>\n<script type=\"application\/ld+json\" class=\"yoast-schema-graph\">{\"@context\":\"https:\\\/\\\/schema.org\",\"@graph\":[{\"@type\":\"Article\",\"@id\":\"https:\\\/\\\/www.copealcoy.es\\\/es\\\/el-pp-presenta-esmenes-per-a-alcoi-en-els-pressupostos-generals-de-lestat\\\/#article\",\"isPartOf\":{\"@id\":\"https:\\\/\\\/www.copealcoy.es\\\/es\\\/el-pp-presenta-esmenes-per-a-alcoi-en-els-pressupostos-generals-de-lestat\\\/\"},\"author\":{\"name\":\"Cope Alcoy\",\"@id\":\"https:\\\/\\\/www.copealcoy.es\\\/es\\\/#\\\/schema\\\/person\\\/e777c87fa024e57d40170af9df39882c\"},\"headline\":\"El PP presenta esmenes per a Alcoi en els Pressupostos Generals de l&#8217;Estat\",\"datePublished\":\"2022-11-03T11:21:41+00:00\",\"dateModified\":\"2022-11-03T11:30:19+00:00\",\"mainEntityOfPage\":{\"@id\":\"https:\\\/\\\/www.copealcoy.es\\\/es\\\/el-pp-presenta-esmenes-per-a-alcoi-en-els-pressupostos-generals-de-lestat\\\/\"},\"wordCount\":426,\"commentCount\":0,\"image\":{\"@id\":\"https:\\\/\\\/www.copealcoy.es\\\/es\\\/el-pp-presenta-esmenes-per-a-alcoi-en-els-pressupostos-generals-de-lestat\\\/#primaryimage\"},\"thumbnailUrl\":\"https:\\\/\\\/www.copealcoy.es\\\/wp-content\\\/uploads\\\/2022\\\/10\\\/Carlos-Pastor-Candidato-PP-Alcoy-e1665486550142.jpg\",\"keywords\":[\"Carlos Pastor\",\"esmenes\",\"Partido Popular\",\"pressupostos generals de l'Estat\"],\"articleSection\":[\"Actualidad\",\"Noticias\",\"Pol\u00edtica y Econom\u00eda\"],\"inLanguage\":\"es\"},{\"@type\":\"WebPage\",\"@id\":\"https:\\\/\\\/www.copealcoy.es\\\/es\\\/el-pp-presenta-esmenes-per-a-alcoi-en-els-pressupostos-generals-de-lestat\\\/\",\"url\":\"https:\\\/\\\/www.copealcoy.es\\\/es\\\/el-pp-presenta-esmenes-per-a-alcoi-en-els-pressupostos-generals-de-lestat\\\/\",\"name\":\"El PP presenta esmenes per a Alcoi en els Pressupostos Generals de l'Estat - COPE Alcoy\",\"isPartOf\":{\"@id\":\"https:\\\/\\\/www.copealcoy.es\\\/es\\\/#website\"},\"primaryImageOfPage\":{\"@id\":\"https:\\\/\\\/www.copealcoy.es\\\/es\\\/el-pp-presenta-esmenes-per-a-alcoi-en-els-pressupostos-generals-de-lestat\\\/#primaryimage\"},\"image\":{\"@id\":\"https:\\\/\\\/www.copealcoy.es\\\/es\\\/el-pp-presenta-esmenes-per-a-alcoi-en-els-pressupostos-generals-de-lestat\\\/#primaryimage\"},\"thumbnailUrl\":\"https:\\\/\\\/www.copealcoy.es\\\/wp-content\\\/uploads\\\/2022\\\/10\\\/Carlos-Pastor-Candidato-PP-Alcoy-e1665486550142.jpg\",\"datePublished\":\"2022-11-03T11:21:41+00:00\",\"dateModified\":\"2022-11-03T11:30:19+00:00\",\"author\":{\"@id\":\"https:\\\/\\\/www.copealcoy.es\\\/es\\\/#\\\/schema\\\/person\\\/e777c87fa024e57d40170af9df39882c\"},\"breadcrumb\":{\"@id\":\"https:\\\/\\\/www.copealcoy.es\\\/es\\\/el-pp-presenta-esmenes-per-a-alcoi-en-els-pressupostos-generals-de-lestat\\\/#breadcrumb\"},\"inLanguage\":\"es\",\"potentialAction\":[{\"@type\":\"ReadAction\",\"target\":[\"https:\\\/\\\/www.copealcoy.es\\\/es\\\/el-pp-presenta-esmenes-per-a-alcoi-en-els-pressupostos-generals-de-lestat\\\/\"]}]},{\"@type\":\"ImageObject\",\"inLanguage\":\"es\",\"@id\":\"https:\\\/\\\/www.copealcoy.es\\\/es\\\/el-pp-presenta-esmenes-per-a-alcoi-en-els-pressupostos-generals-de-lestat\\\/#primaryimage\",\"url\":\"https:\\\/\\\/www.copealcoy.es\\\/wp-content\\\/uploads\\\/2022\\\/10\\\/Carlos-Pastor-Candidato-PP-Alcoy-e1665486550142.jpg\",\"contentUrl\":\"https:\\\/\\\/www.copealcoy.es\\\/wp-content\\\/uploads\\\/2022\\\/10\\\/Carlos-Pastor-Candidato-PP-Alcoy-e1665486550142.jpg\",\"width\":1080,\"height\":675},{\"@type\":\"BreadcrumbList\",\"@id\":\"https:\\\/\\\/www.copealcoy.es\\\/es\\\/el-pp-presenta-esmenes-per-a-alcoi-en-els-pressupostos-generals-de-lestat\\\/#breadcrumb\",\"itemListElement\":[{\"@type\":\"ListItem\",\"position\":1,\"name\":\"Portada\",\"item\":\"https:\\\/\\\/www.copealcoy.es\\\/es\\\/\"},{\"@type\":\"ListItem\",\"position\":2,\"name\":\"El PP presenta esmenes per a Alcoi en els Pressupostos Generals de l&#8217;Estat\"}]},{\"@type\":\"WebSite\",\"@id\":\"https:\\\/\\\/www.copealcoy.es\\\/es\\\/#website\",\"url\":\"https:\\\/\\\/www.copealcoy.es\\\/es\\\/\",\"name\":\"COPE Alcoy\",\"description\":\"Emisora COPE de radio local con emisi\u00f3n online. Pont de Sant Jordi 8-10 03803 Alcoy\",\"potentialAction\":[{\"@type\":\"SearchAction\",\"target\":{\"@type\":\"EntryPoint\",\"urlTemplate\":\"https:\\\/\\\/www.copealcoy.es\\\/es\\\/?s={search_term_string}\"},\"query-input\":{\"@type\":\"PropertyValueSpecification\",\"valueRequired\":true,\"valueName\":\"search_term_string\"}}],\"inLanguage\":\"es\"},{\"@type\":\"Person\",\"@id\":\"https:\\\/\\\/www.copealcoy.es\\\/es\\\/#\\\/schema\\\/person\\\/e777c87fa024e57d40170af9df39882c\",\"name\":\"Cope Alcoy\",\"image\":{\"@type\":\"ImageObject\",\"inLanguage\":\"es\",\"@id\":\"https:\\\/\\\/secure.gravatar.com\\\/avatar\\\/bb65d0283347e303893ba14f0692005417c1e0e690a325a4c5d8bb2b3943ee14?s=96&d=mm&r=g\",\"url\":\"https:\\\/\\\/secure.gravatar.com\\\/avatar\\\/bb65d0283347e303893ba14f0692005417c1e0e690a325a4c5d8bb2b3943ee14?s=96&d=mm&r=g\",\"contentUrl\":\"https:\\\/\\\/secure.gravatar.com\\\/avatar\\\/bb65d0283347e303893ba14f0692005417c1e0e690a325a4c5d8bb2b3943ee14?s=96&d=mm&r=g\",\"caption\":\"Cope Alcoy\"}}]}<\/script>\n<!-- \/ Yoast SEO plugin. -->","yoast_head_json":{"title":"El PP presenta esmenes per a Alcoi en els Pressupostos Generals de l'Estat - COPE Alcoy","robots":{"index":"index","follow":"follow","max-snippet":"max-snippet:-1","max-image-preview":"max-image-preview:large","max-video-preview":"max-video-preview:-1"},"canonical":"https:\/\/www.copealcoy.es\/es\/el-pp-presenta-esmenes-per-a-alcoi-en-els-pressupostos-generals-de-lestat\/","og_locale":"es_ES","og_type":"article","og_title":"El PP presenta esmenes per a Alcoi en els Pressupostos Generals de l'Estat - COPE Alcoy","og_description":"El Partit Popular d&#8217;Alcoi ha presentat esmenes als Pressupostos Generals de l&#8217;Estat. En concret, ha incidit en la defensa de...","og_url":"https:\/\/www.copealcoy.es\/es\/el-pp-presenta-esmenes-per-a-alcoi-en-els-pressupostos-generals-de-lestat\/","og_site_name":"COPE Alcoy","article_published_time":"2022-11-03T11:21:41+00:00","article_modified_time":"2022-11-03T11:30:19+00:00","og_image":[{"width":1080,"height":675,"url":"https:\/\/www.copealcoy.es\/wp-content\/uploads\/2022\/10\/Carlos-Pastor-Candidato-PP-Alcoy-e1665486550142.jpg","type":"image\/jpeg"}],"author":"Cope Alcoy","twitter_misc":{"Escrito por":"Cope Alcoy","Tiempo de lectura":"2 minutos"},"schema":{"@context":"https:\/\/schema.org","@graph":[{"@type":"Article","@id":"https:\/\/www.copealcoy.es\/es\/el-pp-presenta-esmenes-per-a-alcoi-en-els-pressupostos-generals-de-lestat\/#article","isPartOf":{"@id":"https:\/\/www.copealcoy.es\/es\/el-pp-presenta-esmenes-per-a-alcoi-en-els-pressupostos-generals-de-lestat\/"},"author":{"name":"Cope Alcoy","@id":"https:\/\/www.copealcoy.es\/es\/#\/schema\/person\/e777c87fa024e57d40170af9df39882c"},"headline":"El PP presenta esmenes per a Alcoi en els Pressupostos Generals de l&#8217;Estat","datePublished":"2022-11-03T11:21:41+00:00","dateModified":"2022-11-03T11:30:19+00:00","mainEntityOfPage":{"@id":"https:\/\/www.copealcoy.es\/es\/el-pp-presenta-esmenes-per-a-alcoi-en-els-pressupostos-generals-de-lestat\/"},"wordCount":426,"commentCount":0,"image":{"@id":"https:\/\/www.copealcoy.es\/es\/el-pp-presenta-esmenes-per-a-alcoi-en-els-pressupostos-generals-de-lestat\/#primaryimage"},"thumbnailUrl":"https:\/\/www.copealcoy.es\/wp-content\/uploads\/2022\/10\/Carlos-Pastor-Candidato-PP-Alcoy-e1665486550142.jpg","keywords":["Carlos Pastor","esmenes","Partido Popular","pressupostos generals de l'Estat"],"articleSection":["Actualidad","Noticias","Pol\u00edtica y Econom\u00eda"],"inLanguage":"es"},{"@type":"WebPage","@id":"https:\/\/www.copealcoy.es\/es\/el-pp-presenta-esmenes-per-a-alcoi-en-els-pressupostos-generals-de-lestat\/","url":"https:\/\/www.copealcoy.es\/es\/el-pp-presenta-esmenes-per-a-alcoi-en-els-pressupostos-generals-de-lestat\/","name":"El PP presenta esmenes per a Alcoi en els Pressupostos Generals de l'Estat - COPE Alcoy","isPartOf":{"@id":"https:\/\/www.copealcoy.es\/es\/#website"},"primaryImageOfPage":{"@id":"https:\/\/www.copealcoy.es\/es\/el-pp-presenta-esmenes-per-a-alcoi-en-els-pressupostos-generals-de-lestat\/#primaryimage"},"image":{"@id":"https:\/\/www.copealcoy.es\/es\/el-pp-presenta-esmenes-per-a-alcoi-en-els-pressupostos-generals-de-lestat\/#primaryimage"},"thumbnailUrl":"https:\/\/www.copealcoy.es\/wp-content\/uploads\/2022\/10\/Carlos-Pastor-Candidato-PP-Alcoy-e1665486550142.jpg","datePublished":"2022-11-03T11:21:41+00:00","dateModified":"2022-11-03T11:30:19+00:00","author":{"@id":"https:\/\/www.copealcoy.es\/es\/#\/schema\/person\/e777c87fa024e57d40170af9df39882c"},"breadcrumb":{"@id":"https:\/\/www.copealcoy.es\/es\/el-pp-presenta-esmenes-per-a-alcoi-en-els-pressupostos-generals-de-lestat\/#breadcrumb"},"inLanguage":"es","potentialAction":[{"@type":"ReadAction","target":["https:\/\/www.copealcoy.es\/es\/el-pp-presenta-esmenes-per-a-alcoi-en-els-pressupostos-generals-de-lestat\/"]}]},{"@type":"ImageObject","inLanguage":"es","@id":"https:\/\/www.copealcoy.es\/es\/el-pp-presenta-esmenes-per-a-alcoi-en-els-pressupostos-generals-de-lestat\/#primaryimage","url":"https:\/\/www.copealcoy.es\/wp-content\/uploads\/2022\/10\/Carlos-Pastor-Candidato-PP-Alcoy-e1665486550142.jpg","contentUrl":"https:\/\/www.copealcoy.es\/wp-content\/uploads\/2022\/10\/Carlos-Pastor-Candidato-PP-Alcoy-e1665486550142.jpg","width":1080,"height":675},{"@type":"BreadcrumbList","@id":"https:\/\/www.copealcoy.es\/es\/el-pp-presenta-esmenes-per-a-alcoi-en-els-pressupostos-generals-de-lestat\/#breadcrumb","itemListElement":[{"@type":"ListItem","position":1,"name":"Portada","item":"https:\/\/www.copealcoy.es\/es\/"},{"@type":"ListItem","position":2,"name":"El PP presenta esmenes per a Alcoi en els Pressupostos Generals de l&#8217;Estat"}]},{"@type":"WebSite","@id":"https:\/\/www.copealcoy.es\/es\/#website","url":"https:\/\/www.copealcoy.es\/es\/","name":"COPE Alcoy","description":"Emisora COPE de radio local con emisi\u00f3n online. Pont de Sant Jordi 8-10 03803 Alcoy","potentialAction":[{"@type":"SearchAction","target":{"@type":"EntryPoint","urlTemplate":"https:\/\/www.copealcoy.es\/es\/?s={search_term_string}"},"query-input":{"@type":"PropertyValueSpecification","valueRequired":true,"valueName":"search_term_string"}}],"inLanguage":"es"},{"@type":"Person","@id":"https:\/\/www.copealcoy.es\/es\/#\/schema\/person\/e777c87fa024e57d40170af9df39882c","name":"Cope Alcoy","image":{"@type":"ImageObject","inLanguage":"es","@id":"https:\/\/secure.gravatar.com\/avatar\/bb65d0283347e303893ba14f0692005417c1e0e690a325a4c5d8bb2b3943ee14?s=96&d=mm&r=g","url":"https:\/\/secure.gravatar.com\/avatar\/bb65d0283347e303893ba14f0692005417c1e0e690a325a4c5d8bb2b3943ee14?s=96&d=mm&r=g","contentUrl":"https:\/\/secure.gravatar.com\/avatar\/bb65d0283347e303893ba14f0692005417c1e0e690a325a4c5d8bb2b3943ee14?s=96&d=mm&r=g","caption":"Cope Alcoy"}}]}},"_links":{"self":[{"href":"https:\/\/www.copealcoy.es\/es\/wp-json\/wp\/v2\/posts\/93796","targetHints":{"allow":["GET"]}}],"collection":[{"href":"https:\/\/www.copealcoy.es\/es\/wp-json\/wp\/v2\/posts"}],"about":[{"href":"https:\/\/www.copealcoy.es\/es\/wp-json\/wp\/v2\/types\/post"}],"author":[{"embeddable":true,"href":"https:\/\/www.copealcoy.es\/es\/wp-json\/wp\/v2\/users\/1"}],"replies":[{"embeddable":true,"href":"https:\/\/www.copealcoy.es\/es\/wp-json\/wp\/v2\/comments?post=93796"}],"version-history":[{"count":0,"href":"https:\/\/www.copealcoy.es\/es\/wp-json\/wp\/v2\/posts\/93796\/revisions"}],"wp:featuredmedia":[{"embeddable":true,"href":"https:\/\/www.copealcoy.es\/es\/wp-json\/wp\/v2\/media\/92790"}],"wp:attachment":[{"href":"https:\/\/www.copealcoy.es\/es\/wp-json\/wp\/v2\/media?parent=93796"}],"wp:term":[{"taxonomy":"category","embeddable":true,"href":"https:\/\/www.copealcoy.es\/es\/wp-json\/wp\/v2\/categories?post=93796"},{"taxonomy":"post_tag","embeddable":true,"href":"https:\/\/www.copealcoy.es\/es\/wp-json\/wp\/v2\/tags?post=93796"}],"curies":[{"name":"wp","href":"https:\/\/api.w.org\/{rel}","templated":true}]}}