{"id":93654,"date":"2022-11-01T09:56:04","date_gmt":"2022-11-01T08:56:04","guid":{"rendered":"https:\/\/www.copealcoy.es\/?p=93654"},"modified":"2022-11-01T17:25:25","modified_gmt":"2022-11-01T16:25:25","slug":"lesmorzar-obri-el-dia-gran-de-la-fira-de-cocentaina","status":"publish","type":"post","link":"https:\/\/www.copealcoy.es\/es\/lesmorzar-obri-el-dia-gran-de-la-fira-de-cocentaina\/","title":{"rendered":"L\u2019Esmorzar obri el d\u00eda gran de la Fira de Cocentaina"},"content":{"rendered":"<p style=\"text-align: justify;\">\u00c9s dimarts, <strong>1 de novembre<\/strong>, i Cocentaina viu el dia gran de la seua estimada <a href=\"https:\/\/www.firadecocentaina.org\/es\/\"><span style=\"color: #0000ff;\"><strong>Fira de Tots Sants<\/strong><\/span><\/a>. La jornada ha comen\u00e7at de bon mat\u00ed al Pla de la Font <strong>amb el tradicional \u2018Esmorzar\u2019<\/strong> organitzat per l&#8217;Associaci\u00f3 de Mestresses de Casa amb el suport del consistori del municipi. Centenars de persones <strong>passen per aquest enclavament per a degustar el tradicional entrep\u00e0 de botifarra i llonganissa<\/strong> acompanyat de <strong>vi amb gasosa i olives trencades<\/strong>. S\u00f3n <strong>uns 2.000 els entrepans<\/strong> que han preparat i que s&#8217;han repartit de forma cont\u00ednua als contestans, per\u00f2 tamb\u00e9 als milers de visitants que s&#8217;acosten a la capital del Comtat hui per a <strong>gaudir de les \u00faltimes hores de la Fira de Fires<\/strong>. Per a <strong>Pili\u00a0<span class=\"hiddenSpellError\">Lorente<\/span><\/strong>, presidenta de les Mestresses de casa, aquest &#8216;Esmorzar&#8217; ha sigut tot un \u00e8xit:<\/p>\n<audio class=\"wp-audio-shortcode\" id=\"audio-93654-1\" preload=\"none\" style=\"width: 100%;\" controls=\"controls\"><source type=\"audio\/mpeg\" src=\"https:\/\/www.copealcoy.es\/wp-content\/uploads\/2022\/11\/Esmorzar-de-Fira.mp3?_=1\" \/><a href=\"https:\/\/www.copealcoy.es\/wp-content\/uploads\/2022\/11\/Esmorzar-de-Fira.mp3\">https:\/\/www.copealcoy.es\/wp-content\/uploads\/2022\/11\/Esmorzar-de-Fira.mp3<\/a><\/audio>\n<p>&nbsp;<\/p>\n<p style=\"text-align: justify;\">Turistes i ve\u00efns del poble <strong>aprofiten tamb\u00e9 per a veure els cavalls o les burretes<\/strong> que ens recorden l\u2019origen de la Fira de Tots Sants fixat en l&#8217;any 1346, <strong>data en la qual el Rei Pere IV el Cerimoni\u00f3s va atorgar al municipi el privilegi de realitzar una Fira amb car\u00e0cter anual<\/strong>. <strong>Pantal\u00f3 i <span class=\"hiddenGreenError\">Peluca<\/span><\/strong>\u00a0s\u00f3n dos dels que exposen els seus animals en el Pla de la Font i destaquen que molta gent s&#8217;interessa per aquestes esp\u00e8cies; especialment els m\u00e9s menuts de la casa.<\/p>\n<audio class=\"wp-audio-shortcode\" id=\"audio-93654-2\" preload=\"none\" style=\"width: 100%;\" controls=\"controls\"><source type=\"audio\/mpeg\" src=\"https:\/\/www.copealcoy.es\/wp-content\/uploads\/2022\/11\/Pantalo.mp3?_=2\" \/><a href=\"https:\/\/www.copealcoy.es\/wp-content\/uploads\/2022\/11\/Pantalo.mp3\">https:\/\/www.copealcoy.es\/wp-content\/uploads\/2022\/11\/Pantalo.mp3<\/a><\/audio>\n<audio class=\"wp-audio-shortcode\" id=\"audio-93654-3\" preload=\"none\" style=\"width: 100%;\" controls=\"controls\"><source type=\"audio\/mpeg\" src=\"https:\/\/www.copealcoy.es\/wp-content\/uploads\/2022\/11\/peluca.mp3?_=3\" \/><a href=\"https:\/\/www.copealcoy.es\/wp-content\/uploads\/2022\/11\/peluca.mp3\">https:\/\/www.copealcoy.es\/wp-content\/uploads\/2022\/11\/peluca.mp3<\/a><\/audio>\n<p>&nbsp;<\/p>\n<p style=\"text-align: justify;\">El <strong>Grup de Danses Cocentaina<\/strong> tamb\u00e9 anima el mat\u00ed interpretant diferents balls populars que s\u00f3n molt aplaudits per part del p\u00fablic. Tamb\u00e9 <strong>la Muixeranga\u00a0<span class=\"hiddenSpellError\">Penyeta<\/span>\u00a0Blanca<\/strong> ha fet diverses evolucions al centre del Pla de la Font en un Dia de Tots Sants calor\u00f3s on <strong>les altes temperatures han arribat a superar els 25 graus en les hores centrals del dia<\/strong>. La Fira de Tots Sants <strong>funcionar\u00e0 a ple rendiment durant tota la jornada<\/strong>. El certamen acabar\u00e0 en caure la nit amb <strong>un espectacle de drons lluminosos<\/strong> al camp de futbol del Poliesportiu Municipal del municipi.<\/p>\n<p>&nbsp;<\/p>\n<div id='gallery-1' class='gallery galleryid-93654 gallery-columns-2 gallery-size-full'><figure class='gallery-item'>\n\t\t\t<div class='gallery-icon landscape'>\n\t\t\t\t<a href='https:\/\/www.copealcoy.es\/es\/lesmorzar-obri-el-dia-gran-de-la-fira-de-cocentaina\/unnamed-4-24\/'><img loading=\"lazy\" decoding=\"async\" width=\"1440\" height=\"1080\" src=\"https:\/\/www.copealcoy.es\/wp-content\/uploads\/2022\/11\/unnamed-4-1-scaled.jpg\" class=\"attachment-full size-full\" alt=\"\" aria-describedby=\"gallery-1-93674\" srcset=\"https:\/\/www.copealcoy.es\/wp-content\/uploads\/2022\/11\/unnamed-4-1-scaled.jpg 1440w, https:\/\/www.copealcoy.es\/wp-content\/uploads\/2022\/11\/unnamed-4-1-768x576.jpg 768w, https:\/\/www.copealcoy.es\/wp-content\/uploads\/2022\/11\/unnamed-4-1-1536x1152.jpg 1536w, https:\/\/www.copealcoy.es\/wp-content\/uploads\/2022\/11\/unnamed-4-1-2048x1536.jpg 2048w\" sizes=\"auto, (max-width: 1440px) 100vw, 1440px\" \/><\/a>\n\t\t\t<\/div>\n\t\t\t\t<figcaption class='wp-caption-text gallery-caption' id='gallery-1-93674'>\n\t\t\t\tEsmorzar de Fira 2022\n\t\t\t\t<\/figcaption><\/figure><figure class='gallery-item'>\n\t\t\t<div class='gallery-icon landscape'>\n\t\t\t\t<a href='https:\/\/www.copealcoy.es\/es\/lesmorzar-obri-el-dia-gran-de-la-fira-de-cocentaina\/unnamed-5-16\/'><img loading=\"lazy\" decoding=\"async\" width=\"1440\" height=\"1080\" src=\"https:\/\/www.copealcoy.es\/wp-content\/uploads\/2022\/11\/unnamed-5-scaled.jpg\" class=\"attachment-full size-full\" alt=\"\" aria-describedby=\"gallery-1-93673\" srcset=\"https:\/\/www.copealcoy.es\/wp-content\/uploads\/2022\/11\/unnamed-5-scaled.jpg 1440w, https:\/\/www.copealcoy.es\/wp-content\/uploads\/2022\/11\/unnamed-5-768x576.jpg 768w, https:\/\/www.copealcoy.es\/wp-content\/uploads\/2022\/11\/unnamed-5-1536x1152.jpg 1536w, https:\/\/www.copealcoy.es\/wp-content\/uploads\/2022\/11\/unnamed-5-2048x1536.jpg 2048w\" sizes=\"auto, (max-width: 1440px) 100vw, 1440px\" \/><\/a>\n\t\t\t<\/div>\n\t\t\t\t<figcaption class='wp-caption-text gallery-caption' id='gallery-1-93673'>\n\t\t\t\tEsmorzar de Fira 2022\n\t\t\t\t<\/figcaption><\/figure><figure class='gallery-item'>\n\t\t\t<div class='gallery-icon landscape'>\n\t\t\t\t<a href='https:\/\/www.copealcoy.es\/es\/lesmorzar-obri-el-dia-gran-de-la-fira-de-cocentaina\/unnamed-2-32\/'><img loading=\"lazy\" decoding=\"async\" width=\"1440\" height=\"1080\" src=\"https:\/\/www.copealcoy.es\/wp-content\/uploads\/2022\/11\/unnamed-2-scaled.jpg\" class=\"attachment-full size-full\" alt=\"\" aria-describedby=\"gallery-1-93671\" srcset=\"https:\/\/www.copealcoy.es\/wp-content\/uploads\/2022\/11\/unnamed-2-scaled.jpg 1440w, https:\/\/www.copealcoy.es\/wp-content\/uploads\/2022\/11\/unnamed-2-768x576.jpg 768w, https:\/\/www.copealcoy.es\/wp-content\/uploads\/2022\/11\/unnamed-2-1536x1152.jpg 1536w, https:\/\/www.copealcoy.es\/wp-content\/uploads\/2022\/11\/unnamed-2-2048x1536.jpg 2048w\" sizes=\"auto, (max-width: 1440px) 100vw, 1440px\" \/><\/a>\n\t\t\t<\/div>\n\t\t\t\t<figcaption class='wp-caption-text gallery-caption' id='gallery-1-93671'>\n\t\t\t\tEsmorzar de Fira 2022\n\t\t\t\t<\/figcaption><\/figure><figure class='gallery-item'>\n\t\t\t<div class='gallery-icon landscape'>\n\t\t\t\t<a href='https:\/\/www.copealcoy.es\/es\/lesmorzar-obri-el-dia-gran-de-la-fira-de-cocentaina\/unnamed-1-62\/'><img loading=\"lazy\" decoding=\"async\" width=\"1440\" height=\"1080\" src=\"https:\/\/www.copealcoy.es\/wp-content\/uploads\/2022\/11\/unnamed-1-scaled.jpg\" class=\"attachment-full size-full\" alt=\"\" aria-describedby=\"gallery-1-93670\" srcset=\"https:\/\/www.copealcoy.es\/wp-content\/uploads\/2022\/11\/unnamed-1-scaled.jpg 1440w, https:\/\/www.copealcoy.es\/wp-content\/uploads\/2022\/11\/unnamed-1-768x576.jpg 768w, https:\/\/www.copealcoy.es\/wp-content\/uploads\/2022\/11\/unnamed-1-1536x1152.jpg 1536w, https:\/\/www.copealcoy.es\/wp-content\/uploads\/2022\/11\/unnamed-1-2048x1536.jpg 2048w\" sizes=\"auto, (max-width: 1440px) 100vw, 1440px\" \/><\/a>\n\t\t\t<\/div>\n\t\t\t\t<figcaption class='wp-caption-text gallery-caption' id='gallery-1-93670'>\n\t\t\t\tEsmorzar de Fira 2022\n\t\t\t\t<\/figcaption><\/figure><figure class='gallery-item'>\n\t\t\t<div class='gallery-icon landscape'>\n\t\t\t\t<a href='https:\/\/www.copealcoy.es\/es\/lesmorzar-obri-el-dia-gran-de-la-fira-de-cocentaina\/unnamed-473\/'><img loading=\"lazy\" decoding=\"async\" width=\"1440\" height=\"1080\" src=\"https:\/\/www.copealcoy.es\/wp-content\/uploads\/2022\/11\/unnamed-scaled.jpg\" class=\"attachment-full size-full\" alt=\"\" aria-describedby=\"gallery-1-93669\" srcset=\"https:\/\/www.copealcoy.es\/wp-content\/uploads\/2022\/11\/unnamed-scaled.jpg 1440w, https:\/\/www.copealcoy.es\/wp-content\/uploads\/2022\/11\/unnamed-768x576.jpg 768w, https:\/\/www.copealcoy.es\/wp-content\/uploads\/2022\/11\/unnamed-1536x1152.jpg 1536w, https:\/\/www.copealcoy.es\/wp-content\/uploads\/2022\/11\/unnamed-2048x1536.jpg 2048w\" sizes=\"auto, (max-width: 1440px) 100vw, 1440px\" \/><\/a>\n\t\t\t<\/div>\n\t\t\t\t<figcaption class='wp-caption-text gallery-caption' id='gallery-1-93669'>\n\t\t\t\tEsmorzar de Fira 2022\n\t\t\t\t<\/figcaption><\/figure><figure class='gallery-item'>\n\t\t\t<div class='gallery-icon landscape'>\n\t\t\t\t<a href='https:\/\/www.copealcoy.es\/es\/lesmorzar-obri-el-dia-gran-de-la-fira-de-cocentaina\/unnamed-4-23\/'><img loading=\"lazy\" decoding=\"async\" width=\"640\" height=\"480\" src=\"https:\/\/www.copealcoy.es\/wp-content\/uploads\/2022\/11\/unnamed-4-scaled-e1667319719644.jpg\" class=\"attachment-full size-full\" alt=\"\" aria-describedby=\"gallery-1-93668\" \/><\/a>\n\t\t\t<\/div>\n\t\t\t\t<figcaption class='wp-caption-text gallery-caption' id='gallery-1-93668'>\n\t\t\t\tEsmorzar de Fira 2022\n\t\t\t\t<\/figcaption><\/figure>\n\t\t<\/div>\n\n","protected":false},"excerpt":{"rendered":"<p>\u00c9s dimarts, 1 de novembre, i Cocentaina viu el dia gran de la seua estimada Fira de Tots Sants. La&#8230;<\/p>\n","protected":false},"author":1,"featured_media":93655,"comment_status":"open","ping_status":"open","sticky":false,"template":"","format":"standard","meta":{"footnotes":""},"categories":[98,75],"tags":[132,3216,4834,13414,2286,611],"class_list":["post-93654","post","type-post","status-publish","format-standard","has-post-thumbnail","hentry","category-comarcas","category-noticias","tag-cocentaina","tag-esmorzar-de-fira","tag-grup-de-danses-cocentaina","tag-mestresses-de-casa","tag-pla-de-la-font","tag-tradicions"],"yoast_head":"<!-- This site is optimized with the Yoast SEO plugin v27.3 - https:\/\/yoast.com\/product\/yoast-seo-wordpress\/ -->\n<title>L\u2019Esmorzar obri el d\u00eda gran de la Fira de Cocentaina - COPE Alcoy<\/title>\n<meta name=\"description\" content=\"\u00c9s dimarts, 1 de novembre, i Cocentaina viu el dia gran de la seua estimada Fira de Tots Sants en la recta final de la mateixa\" \/>\n<meta name=\"robots\" content=\"index, follow, max-snippet:-1, max-image-preview:large, max-video-preview:-1\" \/>\n<link rel=\"canonical\" href=\"https:\/\/www.copealcoy.es\/es\/lesmorzar-obri-el-dia-gran-de-la-fira-de-cocentaina\/\" \/>\n<meta property=\"og:locale\" content=\"es_ES\" \/>\n<meta property=\"og:type\" content=\"article\" \/>\n<meta property=\"og:title\" content=\"L\u2019Esmorzar obri el d\u00eda gran de la Fira de Cocentaina - COPE Alcoy\" \/>\n<meta property=\"og:description\" content=\"\u00c9s dimarts, 1 de novembre, i Cocentaina viu el dia gran de la seua estimada Fira de Tots Sants en la recta final de la mateixa\" \/>\n<meta property=\"og:url\" content=\"https:\/\/www.copealcoy.es\/es\/lesmorzar-obri-el-dia-gran-de-la-fira-de-cocentaina\/\" \/>\n<meta property=\"og:site_name\" content=\"COPE Alcoy\" \/>\n<meta property=\"article:published_time\" content=\"2022-11-01T08:56:04+00:00\" \/>\n<meta property=\"article:modified_time\" content=\"2022-11-01T16:25:25+00:00\" \/>\n<meta property=\"og:image\" content=\"https:\/\/www.copealcoy.es\/wp-content\/uploads\/2022\/11\/191906E3-4E06-487B-B29C-17B66075F459-scaled.jpeg\" \/>\n\t<meta property=\"og:image:width\" content=\"1641\" \/>\n\t<meta property=\"og:image:height\" content=\"1080\" \/>\n\t<meta property=\"og:image:type\" content=\"image\/jpeg\" \/>\n<meta name=\"author\" content=\"Cope Alcoy\" \/>\n<meta name=\"twitter:label1\" content=\"Escrito por\" \/>\n\t<meta name=\"twitter:data1\" content=\"Cope Alcoy\" \/>\n\t<meta name=\"twitter:label2\" content=\"Tiempo de lectura\" \/>\n\t<meta name=\"twitter:data2\" content=\"2 minutos\" \/>\n<script type=\"application\/ld+json\" class=\"yoast-schema-graph\">{\"@context\":\"https:\\\/\\\/schema.org\",\"@graph\":[{\"@type\":\"Article\",\"@id\":\"https:\\\/\\\/www.copealcoy.es\\\/es\\\/lesmorzar-obri-el-dia-gran-de-la-fira-de-cocentaina\\\/#article\",\"isPartOf\":{\"@id\":\"https:\\\/\\\/www.copealcoy.es\\\/es\\\/lesmorzar-obri-el-dia-gran-de-la-fira-de-cocentaina\\\/\"},\"author\":{\"name\":\"Cope Alcoy\",\"@id\":\"https:\\\/\\\/www.copealcoy.es\\\/es\\\/#\\\/schema\\\/person\\\/e777c87fa024e57d40170af9df39882c\"},\"headline\":\"L\u2019Esmorzar obri el d\u00eda gran de la Fira de Cocentaina\",\"datePublished\":\"2022-11-01T08:56:04+00:00\",\"dateModified\":\"2022-11-01T16:25:25+00:00\",\"mainEntityOfPage\":{\"@id\":\"https:\\\/\\\/www.copealcoy.es\\\/es\\\/lesmorzar-obri-el-dia-gran-de-la-fira-de-cocentaina\\\/\"},\"wordCount\":382,\"commentCount\":0,\"image\":{\"@id\":\"https:\\\/\\\/www.copealcoy.es\\\/es\\\/lesmorzar-obri-el-dia-gran-de-la-fira-de-cocentaina\\\/#primaryimage\"},\"thumbnailUrl\":\"https:\\\/\\\/www.copealcoy.es\\\/wp-content\\\/uploads\\\/2022\\\/11\\\/191906E3-4E06-487B-B29C-17B66075F459-scaled.jpeg\",\"keywords\":[\"Cocentaina\",\"Esmorzar de Fira\",\"Grup de Danses Cocentaina\",\"Mestresses de Casa\",\"Pla de la Font\",\"Tradicions\"],\"articleSection\":[\"Comarcas\",\"Noticias\"],\"inLanguage\":\"es\"},{\"@type\":\"WebPage\",\"@id\":\"https:\\\/\\\/www.copealcoy.es\\\/es\\\/lesmorzar-obri-el-dia-gran-de-la-fira-de-cocentaina\\\/\",\"url\":\"https:\\\/\\\/www.copealcoy.es\\\/es\\\/lesmorzar-obri-el-dia-gran-de-la-fira-de-cocentaina\\\/\",\"name\":\"L\u2019Esmorzar obri el d\u00eda gran de la Fira de Cocentaina - COPE Alcoy\",\"isPartOf\":{\"@id\":\"https:\\\/\\\/www.copealcoy.es\\\/es\\\/#website\"},\"primaryImageOfPage\":{\"@id\":\"https:\\\/\\\/www.copealcoy.es\\\/es\\\/lesmorzar-obri-el-dia-gran-de-la-fira-de-cocentaina\\\/#primaryimage\"},\"image\":{\"@id\":\"https:\\\/\\\/www.copealcoy.es\\\/es\\\/lesmorzar-obri-el-dia-gran-de-la-fira-de-cocentaina\\\/#primaryimage\"},\"thumbnailUrl\":\"https:\\\/\\\/www.copealcoy.es\\\/wp-content\\\/uploads\\\/2022\\\/11\\\/191906E3-4E06-487B-B29C-17B66075F459-scaled.jpeg\",\"datePublished\":\"2022-11-01T08:56:04+00:00\",\"dateModified\":\"2022-11-01T16:25:25+00:00\",\"author\":{\"@id\":\"https:\\\/\\\/www.copealcoy.es\\\/es\\\/#\\\/schema\\\/person\\\/e777c87fa024e57d40170af9df39882c\"},\"description\":\"\u00c9s dimarts, 1 de novembre, i Cocentaina viu el dia gran de la seua estimada Fira de Tots Sants en la recta final de la mateixa\",\"breadcrumb\":{\"@id\":\"https:\\\/\\\/www.copealcoy.es\\\/es\\\/lesmorzar-obri-el-dia-gran-de-la-fira-de-cocentaina\\\/#breadcrumb\"},\"inLanguage\":\"es\",\"potentialAction\":[{\"@type\":\"ReadAction\",\"target\":[\"https:\\\/\\\/www.copealcoy.es\\\/es\\\/lesmorzar-obri-el-dia-gran-de-la-fira-de-cocentaina\\\/\"]}]},{\"@type\":\"ImageObject\",\"inLanguage\":\"es\",\"@id\":\"https:\\\/\\\/www.copealcoy.es\\\/es\\\/lesmorzar-obri-el-dia-gran-de-la-fira-de-cocentaina\\\/#primaryimage\",\"url\":\"https:\\\/\\\/www.copealcoy.es\\\/wp-content\\\/uploads\\\/2022\\\/11\\\/191906E3-4E06-487B-B29C-17B66075F459-scaled.jpeg\",\"contentUrl\":\"https:\\\/\\\/www.copealcoy.es\\\/wp-content\\\/uploads\\\/2022\\\/11\\\/191906E3-4E06-487B-B29C-17B66075F459-scaled.jpeg\",\"width\":1641,\"height\":1080},{\"@type\":\"BreadcrumbList\",\"@id\":\"https:\\\/\\\/www.copealcoy.es\\\/es\\\/lesmorzar-obri-el-dia-gran-de-la-fira-de-cocentaina\\\/#breadcrumb\",\"itemListElement\":[{\"@type\":\"ListItem\",\"position\":1,\"name\":\"Portada\",\"item\":\"https:\\\/\\\/www.copealcoy.es\\\/es\\\/\"},{\"@type\":\"ListItem\",\"position\":2,\"name\":\"L\u2019Esmorzar obri el d\u00eda gran de la Fira de Cocentaina\"}]},{\"@type\":\"WebSite\",\"@id\":\"https:\\\/\\\/www.copealcoy.es\\\/es\\\/#website\",\"url\":\"https:\\\/\\\/www.copealcoy.es\\\/es\\\/\",\"name\":\"COPE Alcoy\",\"description\":\"Emisora COPE de radio local con emisi\u00f3n online. Pont de Sant Jordi 8-10 03803 Alcoy\",\"potentialAction\":[{\"@type\":\"SearchAction\",\"target\":{\"@type\":\"EntryPoint\",\"urlTemplate\":\"https:\\\/\\\/www.copealcoy.es\\\/es\\\/?s={search_term_string}\"},\"query-input\":{\"@type\":\"PropertyValueSpecification\",\"valueRequired\":true,\"valueName\":\"search_term_string\"}}],\"inLanguage\":\"es\"},{\"@type\":\"Person\",\"@id\":\"https:\\\/\\\/www.copealcoy.es\\\/es\\\/#\\\/schema\\\/person\\\/e777c87fa024e57d40170af9df39882c\",\"name\":\"Cope Alcoy\",\"image\":{\"@type\":\"ImageObject\",\"inLanguage\":\"es\",\"@id\":\"https:\\\/\\\/secure.gravatar.com\\\/avatar\\\/bb65d0283347e303893ba14f0692005417c1e0e690a325a4c5d8bb2b3943ee14?s=96&d=mm&r=g\",\"url\":\"https:\\\/\\\/secure.gravatar.com\\\/avatar\\\/bb65d0283347e303893ba14f0692005417c1e0e690a325a4c5d8bb2b3943ee14?s=96&d=mm&r=g\",\"contentUrl\":\"https:\\\/\\\/secure.gravatar.com\\\/avatar\\\/bb65d0283347e303893ba14f0692005417c1e0e690a325a4c5d8bb2b3943ee14?s=96&d=mm&r=g\",\"caption\":\"Cope Alcoy\"}}]}<\/script>\n<!-- \/ Yoast SEO plugin. -->","yoast_head_json":{"title":"L\u2019Esmorzar obri el d\u00eda gran de la Fira de Cocentaina - COPE Alcoy","description":"\u00c9s dimarts, 1 de novembre, i Cocentaina viu el dia gran de la seua estimada Fira de Tots Sants en la recta final de la mateixa","robots":{"index":"index","follow":"follow","max-snippet":"max-snippet:-1","max-image-preview":"max-image-preview:large","max-video-preview":"max-video-preview:-1"},"canonical":"https:\/\/www.copealcoy.es\/es\/lesmorzar-obri-el-dia-gran-de-la-fira-de-cocentaina\/","og_locale":"es_ES","og_type":"article","og_title":"L\u2019Esmorzar obri el d\u00eda gran de la Fira de Cocentaina - COPE Alcoy","og_description":"\u00c9s dimarts, 1 de novembre, i Cocentaina viu el dia gran de la seua estimada Fira de Tots Sants en la recta final de la mateixa","og_url":"https:\/\/www.copealcoy.es\/es\/lesmorzar-obri-el-dia-gran-de-la-fira-de-cocentaina\/","og_site_name":"COPE Alcoy","article_published_time":"2022-11-01T08:56:04+00:00","article_modified_time":"2022-11-01T16:25:25+00:00","og_image":[{"width":1641,"height":1080,"url":"https:\/\/www.copealcoy.es\/wp-content\/uploads\/2022\/11\/191906E3-4E06-487B-B29C-17B66075F459-scaled.jpeg","type":"image\/jpeg"}],"author":"Cope Alcoy","twitter_misc":{"Escrito por":"Cope Alcoy","Tiempo de lectura":"2 minutos"},"schema":{"@context":"https:\/\/schema.org","@graph":[{"@type":"Article","@id":"https:\/\/www.copealcoy.es\/es\/lesmorzar-obri-el-dia-gran-de-la-fira-de-cocentaina\/#article","isPartOf":{"@id":"https:\/\/www.copealcoy.es\/es\/lesmorzar-obri-el-dia-gran-de-la-fira-de-cocentaina\/"},"author":{"name":"Cope Alcoy","@id":"https:\/\/www.copealcoy.es\/es\/#\/schema\/person\/e777c87fa024e57d40170af9df39882c"},"headline":"L\u2019Esmorzar obri el d\u00eda gran de la Fira de Cocentaina","datePublished":"2022-11-01T08:56:04+00:00","dateModified":"2022-11-01T16:25:25+00:00","mainEntityOfPage":{"@id":"https:\/\/www.copealcoy.es\/es\/lesmorzar-obri-el-dia-gran-de-la-fira-de-cocentaina\/"},"wordCount":382,"commentCount":0,"image":{"@id":"https:\/\/www.copealcoy.es\/es\/lesmorzar-obri-el-dia-gran-de-la-fira-de-cocentaina\/#primaryimage"},"thumbnailUrl":"https:\/\/www.copealcoy.es\/wp-content\/uploads\/2022\/11\/191906E3-4E06-487B-B29C-17B66075F459-scaled.jpeg","keywords":["Cocentaina","Esmorzar de Fira","Grup de Danses Cocentaina","Mestresses de Casa","Pla de la Font","Tradicions"],"articleSection":["Comarcas","Noticias"],"inLanguage":"es"},{"@type":"WebPage","@id":"https:\/\/www.copealcoy.es\/es\/lesmorzar-obri-el-dia-gran-de-la-fira-de-cocentaina\/","url":"https:\/\/www.copealcoy.es\/es\/lesmorzar-obri-el-dia-gran-de-la-fira-de-cocentaina\/","name":"L\u2019Esmorzar obri el d\u00eda gran de la Fira de Cocentaina - COPE Alcoy","isPartOf":{"@id":"https:\/\/www.copealcoy.es\/es\/#website"},"primaryImageOfPage":{"@id":"https:\/\/www.copealcoy.es\/es\/lesmorzar-obri-el-dia-gran-de-la-fira-de-cocentaina\/#primaryimage"},"image":{"@id":"https:\/\/www.copealcoy.es\/es\/lesmorzar-obri-el-dia-gran-de-la-fira-de-cocentaina\/#primaryimage"},"thumbnailUrl":"https:\/\/www.copealcoy.es\/wp-content\/uploads\/2022\/11\/191906E3-4E06-487B-B29C-17B66075F459-scaled.jpeg","datePublished":"2022-11-01T08:56:04+00:00","dateModified":"2022-11-01T16:25:25+00:00","author":{"@id":"https:\/\/www.copealcoy.es\/es\/#\/schema\/person\/e777c87fa024e57d40170af9df39882c"},"description":"\u00c9s dimarts, 1 de novembre, i Cocentaina viu el dia gran de la seua estimada Fira de Tots Sants en la recta final de la mateixa","breadcrumb":{"@id":"https:\/\/www.copealcoy.es\/es\/lesmorzar-obri-el-dia-gran-de-la-fira-de-cocentaina\/#breadcrumb"},"inLanguage":"es","potentialAction":[{"@type":"ReadAction","target":["https:\/\/www.copealcoy.es\/es\/lesmorzar-obri-el-dia-gran-de-la-fira-de-cocentaina\/"]}]},{"@type":"ImageObject","inLanguage":"es","@id":"https:\/\/www.copealcoy.es\/es\/lesmorzar-obri-el-dia-gran-de-la-fira-de-cocentaina\/#primaryimage","url":"https:\/\/www.copealcoy.es\/wp-content\/uploads\/2022\/11\/191906E3-4E06-487B-B29C-17B66075F459-scaled.jpeg","contentUrl":"https:\/\/www.copealcoy.es\/wp-content\/uploads\/2022\/11\/191906E3-4E06-487B-B29C-17B66075F459-scaled.jpeg","width":1641,"height":1080},{"@type":"BreadcrumbList","@id":"https:\/\/www.copealcoy.es\/es\/lesmorzar-obri-el-dia-gran-de-la-fira-de-cocentaina\/#breadcrumb","itemListElement":[{"@type":"ListItem","position":1,"name":"Portada","item":"https:\/\/www.copealcoy.es\/es\/"},{"@type":"ListItem","position":2,"name":"L\u2019Esmorzar obri el d\u00eda gran de la Fira de Cocentaina"}]},{"@type":"WebSite","@id":"https:\/\/www.copealcoy.es\/es\/#website","url":"https:\/\/www.copealcoy.es\/es\/","name":"COPE Alcoy","description":"Emisora COPE de radio local con emisi\u00f3n online. Pont de Sant Jordi 8-10 03803 Alcoy","potentialAction":[{"@type":"SearchAction","target":{"@type":"EntryPoint","urlTemplate":"https:\/\/www.copealcoy.es\/es\/?s={search_term_string}"},"query-input":{"@type":"PropertyValueSpecification","valueRequired":true,"valueName":"search_term_string"}}],"inLanguage":"es"},{"@type":"Person","@id":"https:\/\/www.copealcoy.es\/es\/#\/schema\/person\/e777c87fa024e57d40170af9df39882c","name":"Cope Alcoy","image":{"@type":"ImageObject","inLanguage":"es","@id":"https:\/\/secure.gravatar.com\/avatar\/bb65d0283347e303893ba14f0692005417c1e0e690a325a4c5d8bb2b3943ee14?s=96&d=mm&r=g","url":"https:\/\/secure.gravatar.com\/avatar\/bb65d0283347e303893ba14f0692005417c1e0e690a325a4c5d8bb2b3943ee14?s=96&d=mm&r=g","contentUrl":"https:\/\/secure.gravatar.com\/avatar\/bb65d0283347e303893ba14f0692005417c1e0e690a325a4c5d8bb2b3943ee14?s=96&d=mm&r=g","caption":"Cope Alcoy"}}]}},"_links":{"self":[{"href":"https:\/\/www.copealcoy.es\/es\/wp-json\/wp\/v2\/posts\/93654","targetHints":{"allow":["GET"]}}],"collection":[{"href":"https:\/\/www.copealcoy.es\/es\/wp-json\/wp\/v2\/posts"}],"about":[{"href":"https:\/\/www.copealcoy.es\/es\/wp-json\/wp\/v2\/types\/post"}],"author":[{"embeddable":true,"href":"https:\/\/www.copealcoy.es\/es\/wp-json\/wp\/v2\/users\/1"}],"replies":[{"embeddable":true,"href":"https:\/\/www.copealcoy.es\/es\/wp-json\/wp\/v2\/comments?post=93654"}],"version-history":[{"count":0,"href":"https:\/\/www.copealcoy.es\/es\/wp-json\/wp\/v2\/posts\/93654\/revisions"}],"wp:featuredmedia":[{"embeddable":true,"href":"https:\/\/www.copealcoy.es\/es\/wp-json\/wp\/v2\/media\/93655"}],"wp:attachment":[{"href":"https:\/\/www.copealcoy.es\/es\/wp-json\/wp\/v2\/media?parent=93654"}],"wp:term":[{"taxonomy":"category","embeddable":true,"href":"https:\/\/www.copealcoy.es\/es\/wp-json\/wp\/v2\/categories?post=93654"},{"taxonomy":"post_tag","embeddable":true,"href":"https:\/\/www.copealcoy.es\/es\/wp-json\/wp\/v2\/tags?post=93654"}],"curies":[{"name":"wp","href":"https:\/\/api.w.org\/{rel}","templated":true}]}}