{"id":93645,"date":"2022-11-01T00:00:55","date_gmt":"2022-10-31T23:00:55","guid":{"rendered":"https:\/\/www.copealcoy.es\/?p=93645"},"modified":"2022-11-01T00:29:28","modified_gmt":"2022-10-31T23:29:28","slug":"la-fira-de-cocentaina-2022-supera-lequador-amb-vora-300-000-visitants","status":"publish","type":"post","link":"https:\/\/www.copealcoy.es\/es\/la-fira-de-cocentaina-2022-supera-lequador-amb-vora-300-000-visitants\/","title":{"rendered":"La Fira de Cocentaina 2022 supera l&#8217;equador amb vora 300.000 visitants"},"content":{"rendered":"<p style=\"text-align: justify;\">La <a href=\"https:\/\/www.firadecocentaina.org\/es\/\"><strong><span style=\"color: #0000ff;\">Fira de Tots Sants de Cocentaina<\/span><\/strong><\/a> ha superat en aquest dilluns 31 d&#8217;octubre <strong>el seu equador<\/strong> despr\u00e9s de <strong>tres intenses jornades<\/strong> en les quals <strong>el pas de visitants ha sigut constant<\/strong> pels carrers del municipi. Centenars de persones <strong>han gaudit de nou en aquesta jornada<\/strong>, festiu local en la poblaci\u00f3, de <strong>tots els atractius<\/strong> que donen forma a l&#8217;oferta de la 676 edici\u00f3 de l&#8217;esdeveniment.<\/p>\n<p style=\"text-align: justify;\">Durant el dia de hui <strong>han continuat funcionant a ple rendiment<\/strong> les atraccions infantils i sectors com els de maquin\u00e0ria agr\u00edcola i industrial o l&#8217;automoci\u00f3. Tamb\u00e9 hi ha hagut una destacada pres\u00e8ncia de visitants en el Mercat Medieval o el Soc \u00c0rab i fins i tot en la Fira de Cavalls que es reparteix pel Pla de la Font al costat del Porrat Valenci\u00e0. N&#8217;hi ha els qui han trobat el seu espai en l&#8217;\u00e0rea del &#8216;Sol a Sol&#8217; on les actuacions s\u00f3n constants durant tota la jornada, un espai en el qual a m\u00e9s podem degustar bona gastronomia. Hem vist cues al costat dels estands en els quals es venen productes t\u00edpics o articles de bijuteria. Per altre costat, molts visitants han seguit interessats en descobrir \u00a0l\u2019oferta de les localitats presents a l\u2019espai de turisme\u00a0o per tot el que ofereixen altres zones de la Fira com\u00a0els d\u2019innovaci\u00f3, esports, productes t\u00edpics o articles diversos. Els m\u00e9s menuts tamb\u00e9 han gaudit de\u00a0les atraccions infantils repartides pel recinte firal ubicat al costat del Centre Cultural El Teular. Tamb\u00e9 hui ha sigut un dia de visites institucionals amb la pres\u00e8ncia en la Vila Comtal del <strong>President de la Diputaci\u00f3 d&#8217;Alacant;<\/strong> Carlos Maz\u00f3n.<\/p>\n<p style=\"text-align: justify;\">La Fira de Tots Sants 2022 tanca les seues portes aquest dimarts amb iniciatives com <strong>el cl\u00e0ssic &#8216;Esmorzar de Fira&#8217;<\/strong> al Pla de la Font que anir\u00e0 acompanyat de balls tradicionals. Finalment, en el Poliesportiu Municipal, <strong>hi haur\u00e0 un espectacle de drons<\/strong> al vespre amb el qual es posar\u00e0 fi a la 676 edici\u00f3 de la Fira.<\/p>\n","protected":false},"excerpt":{"rendered":"<p>La Fira de Tots Sants de Cocentaina ha superat en aquest dilluns 31 d&#8217;octubre el seu equador despr\u00e9s de tres&#8230;<\/p>\n","protected":false},"author":1,"featured_media":93646,"comment_status":"open","ping_status":"open","sticky":false,"template":"","format":"standard","meta":{"footnotes":""},"categories":[6909,98,75,125],"tags":[13412,2584,132,635,12180],"class_list":["post-93645","post","type-post","status-publish","format-standard","has-post-thumbnail","hentry","category-actualidad","category-comarcas","category-noticias","category-portada","tag-300-000-persones","tag-afluencia","tag-cocentaina","tag-fira-de-tots-sants","tag-visitants"],"yoast_head":"<!-- This site is optimized with the Yoast SEO plugin v27.3 - https:\/\/yoast.com\/product\/yoast-seo-wordpress\/ -->\n<title>La Fira de Cocentaina 2022 supera l&#039;equador amb vora 300.000 visitants - COPE Alcoy<\/title>\n<meta name=\"robots\" content=\"index, follow, max-snippet:-1, max-image-preview:large, max-video-preview:-1\" \/>\n<link rel=\"canonical\" href=\"https:\/\/www.copealcoy.es\/es\/la-fira-de-cocentaina-2022-supera-lequador-amb-vora-300-000-visitants\/\" \/>\n<meta property=\"og:locale\" content=\"es_ES\" \/>\n<meta property=\"og:type\" content=\"article\" \/>\n<meta property=\"og:title\" content=\"La Fira de Cocentaina 2022 supera l&#039;equador amb vora 300.000 visitants - COPE Alcoy\" \/>\n<meta property=\"og:description\" content=\"La Fira de Tots Sants de Cocentaina ha superat en aquest dilluns 31 d&#8217;octubre el seu equador despr\u00e9s de tres...\" \/>\n<meta property=\"og:url\" content=\"https:\/\/www.copealcoy.es\/es\/la-fira-de-cocentaina-2022-supera-lequador-amb-vora-300-000-visitants\/\" \/>\n<meta property=\"og:site_name\" content=\"COPE Alcoy\" \/>\n<meta property=\"article:published_time\" content=\"2022-10-31T23:00:55+00:00\" \/>\n<meta property=\"article:modified_time\" content=\"2022-10-31T23:29:28+00:00\" \/>\n<meta property=\"og:image\" content=\"https:\/\/www.copealcoy.es\/wp-content\/uploads\/2022\/10\/unnamed-1-8-scaled-e1667256858505.jpg\" \/>\n\t<meta property=\"og:image:width\" content=\"640\" \/>\n\t<meta property=\"og:image:height\" content=\"380\" \/>\n\t<meta property=\"og:image:type\" content=\"image\/jpeg\" \/>\n<meta name=\"author\" content=\"Cope Alcoy\" \/>\n<meta name=\"twitter:label1\" content=\"Escrito por\" \/>\n\t<meta name=\"twitter:data1\" content=\"Cope Alcoy\" \/>\n\t<meta name=\"twitter:label2\" content=\"Tiempo de lectura\" \/>\n\t<meta name=\"twitter:data2\" content=\"2 minutos\" \/>\n<script type=\"application\/ld+json\" class=\"yoast-schema-graph\">{\"@context\":\"https:\\\/\\\/schema.org\",\"@graph\":[{\"@type\":\"Article\",\"@id\":\"https:\\\/\\\/www.copealcoy.es\\\/es\\\/la-fira-de-cocentaina-2022-supera-lequador-amb-vora-300-000-visitants\\\/#article\",\"isPartOf\":{\"@id\":\"https:\\\/\\\/www.copealcoy.es\\\/es\\\/la-fira-de-cocentaina-2022-supera-lequador-amb-vora-300-000-visitants\\\/\"},\"author\":{\"name\":\"Cope Alcoy\",\"@id\":\"https:\\\/\\\/www.copealcoy.es\\\/es\\\/#\\\/schema\\\/person\\\/e777c87fa024e57d40170af9df39882c\"},\"headline\":\"La Fira de Cocentaina 2022 supera l&#8217;equador amb vora 300.000 visitants\",\"datePublished\":\"2022-10-31T23:00:55+00:00\",\"dateModified\":\"2022-10-31T23:29:28+00:00\",\"mainEntityOfPage\":{\"@id\":\"https:\\\/\\\/www.copealcoy.es\\\/es\\\/la-fira-de-cocentaina-2022-supera-lequador-amb-vora-300-000-visitants\\\/\"},\"wordCount\":353,\"commentCount\":0,\"image\":{\"@id\":\"https:\\\/\\\/www.copealcoy.es\\\/es\\\/la-fira-de-cocentaina-2022-supera-lequador-amb-vora-300-000-visitants\\\/#primaryimage\"},\"thumbnailUrl\":\"https:\\\/\\\/www.copealcoy.es\\\/wp-content\\\/uploads\\\/2022\\\/10\\\/unnamed-1-8-scaled-e1667256858505.jpg\",\"keywords\":[\"300.000 persones\",\"Afluencia\",\"Cocentaina\",\"Fira de Tots Sants\",\"visitants\"],\"articleSection\":[\"Actualidad\",\"Comarcas\",\"Noticias\",\"Portada\"],\"inLanguage\":\"es\"},{\"@type\":\"WebPage\",\"@id\":\"https:\\\/\\\/www.copealcoy.es\\\/es\\\/la-fira-de-cocentaina-2022-supera-lequador-amb-vora-300-000-visitants\\\/\",\"url\":\"https:\\\/\\\/www.copealcoy.es\\\/es\\\/la-fira-de-cocentaina-2022-supera-lequador-amb-vora-300-000-visitants\\\/\",\"name\":\"La Fira de Cocentaina 2022 supera l'equador amb vora 300.000 visitants - COPE Alcoy\",\"isPartOf\":{\"@id\":\"https:\\\/\\\/www.copealcoy.es\\\/es\\\/#website\"},\"primaryImageOfPage\":{\"@id\":\"https:\\\/\\\/www.copealcoy.es\\\/es\\\/la-fira-de-cocentaina-2022-supera-lequador-amb-vora-300-000-visitants\\\/#primaryimage\"},\"image\":{\"@id\":\"https:\\\/\\\/www.copealcoy.es\\\/es\\\/la-fira-de-cocentaina-2022-supera-lequador-amb-vora-300-000-visitants\\\/#primaryimage\"},\"thumbnailUrl\":\"https:\\\/\\\/www.copealcoy.es\\\/wp-content\\\/uploads\\\/2022\\\/10\\\/unnamed-1-8-scaled-e1667256858505.jpg\",\"datePublished\":\"2022-10-31T23:00:55+00:00\",\"dateModified\":\"2022-10-31T23:29:28+00:00\",\"author\":{\"@id\":\"https:\\\/\\\/www.copealcoy.es\\\/es\\\/#\\\/schema\\\/person\\\/e777c87fa024e57d40170af9df39882c\"},\"breadcrumb\":{\"@id\":\"https:\\\/\\\/www.copealcoy.es\\\/es\\\/la-fira-de-cocentaina-2022-supera-lequador-amb-vora-300-000-visitants\\\/#breadcrumb\"},\"inLanguage\":\"es\",\"potentialAction\":[{\"@type\":\"ReadAction\",\"target\":[\"https:\\\/\\\/www.copealcoy.es\\\/es\\\/la-fira-de-cocentaina-2022-supera-lequador-amb-vora-300-000-visitants\\\/\"]}]},{\"@type\":\"ImageObject\",\"inLanguage\":\"es\",\"@id\":\"https:\\\/\\\/www.copealcoy.es\\\/es\\\/la-fira-de-cocentaina-2022-supera-lequador-amb-vora-300-000-visitants\\\/#primaryimage\",\"url\":\"https:\\\/\\\/www.copealcoy.es\\\/wp-content\\\/uploads\\\/2022\\\/10\\\/unnamed-1-8-scaled-e1667256858505.jpg\",\"contentUrl\":\"https:\\\/\\\/www.copealcoy.es\\\/wp-content\\\/uploads\\\/2022\\\/10\\\/unnamed-1-8-scaled-e1667256858505.jpg\",\"width\":640,\"height\":380},{\"@type\":\"BreadcrumbList\",\"@id\":\"https:\\\/\\\/www.copealcoy.es\\\/es\\\/la-fira-de-cocentaina-2022-supera-lequador-amb-vora-300-000-visitants\\\/#breadcrumb\",\"itemListElement\":[{\"@type\":\"ListItem\",\"position\":1,\"name\":\"Portada\",\"item\":\"https:\\\/\\\/www.copealcoy.es\\\/es\\\/\"},{\"@type\":\"ListItem\",\"position\":2,\"name\":\"La Fira de Cocentaina 2022 supera l&#8217;equador amb vora 300.000 visitants\"}]},{\"@type\":\"WebSite\",\"@id\":\"https:\\\/\\\/www.copealcoy.es\\\/es\\\/#website\",\"url\":\"https:\\\/\\\/www.copealcoy.es\\\/es\\\/\",\"name\":\"COPE Alcoy\",\"description\":\"Emisora COPE de radio local con emisi\u00f3n online. Pont de Sant Jordi 8-10 03803 Alcoy\",\"potentialAction\":[{\"@type\":\"SearchAction\",\"target\":{\"@type\":\"EntryPoint\",\"urlTemplate\":\"https:\\\/\\\/www.copealcoy.es\\\/es\\\/?s={search_term_string}\"},\"query-input\":{\"@type\":\"PropertyValueSpecification\",\"valueRequired\":true,\"valueName\":\"search_term_string\"}}],\"inLanguage\":\"es\"},{\"@type\":\"Person\",\"@id\":\"https:\\\/\\\/www.copealcoy.es\\\/es\\\/#\\\/schema\\\/person\\\/e777c87fa024e57d40170af9df39882c\",\"name\":\"Cope Alcoy\",\"image\":{\"@type\":\"ImageObject\",\"inLanguage\":\"es\",\"@id\":\"https:\\\/\\\/secure.gravatar.com\\\/avatar\\\/bb65d0283347e303893ba14f0692005417c1e0e690a325a4c5d8bb2b3943ee14?s=96&d=mm&r=g\",\"url\":\"https:\\\/\\\/secure.gravatar.com\\\/avatar\\\/bb65d0283347e303893ba14f0692005417c1e0e690a325a4c5d8bb2b3943ee14?s=96&d=mm&r=g\",\"contentUrl\":\"https:\\\/\\\/secure.gravatar.com\\\/avatar\\\/bb65d0283347e303893ba14f0692005417c1e0e690a325a4c5d8bb2b3943ee14?s=96&d=mm&r=g\",\"caption\":\"Cope Alcoy\"}}]}<\/script>\n<!-- \/ Yoast SEO plugin. -->","yoast_head_json":{"title":"La Fira de Cocentaina 2022 supera l'equador amb vora 300.000 visitants - COPE Alcoy","robots":{"index":"index","follow":"follow","max-snippet":"max-snippet:-1","max-image-preview":"max-image-preview:large","max-video-preview":"max-video-preview:-1"},"canonical":"https:\/\/www.copealcoy.es\/es\/la-fira-de-cocentaina-2022-supera-lequador-amb-vora-300-000-visitants\/","og_locale":"es_ES","og_type":"article","og_title":"La Fira de Cocentaina 2022 supera l'equador amb vora 300.000 visitants - COPE Alcoy","og_description":"La Fira de Tots Sants de Cocentaina ha superat en aquest dilluns 31 d&#8217;octubre el seu equador despr\u00e9s de tres...","og_url":"https:\/\/www.copealcoy.es\/es\/la-fira-de-cocentaina-2022-supera-lequador-amb-vora-300-000-visitants\/","og_site_name":"COPE Alcoy","article_published_time":"2022-10-31T23:00:55+00:00","article_modified_time":"2022-10-31T23:29:28+00:00","og_image":[{"width":640,"height":380,"url":"https:\/\/www.copealcoy.es\/wp-content\/uploads\/2022\/10\/unnamed-1-8-scaled-e1667256858505.jpg","type":"image\/jpeg"}],"author":"Cope Alcoy","twitter_misc":{"Escrito por":"Cope Alcoy","Tiempo de lectura":"2 minutos"},"schema":{"@context":"https:\/\/schema.org","@graph":[{"@type":"Article","@id":"https:\/\/www.copealcoy.es\/es\/la-fira-de-cocentaina-2022-supera-lequador-amb-vora-300-000-visitants\/#article","isPartOf":{"@id":"https:\/\/www.copealcoy.es\/es\/la-fira-de-cocentaina-2022-supera-lequador-amb-vora-300-000-visitants\/"},"author":{"name":"Cope Alcoy","@id":"https:\/\/www.copealcoy.es\/es\/#\/schema\/person\/e777c87fa024e57d40170af9df39882c"},"headline":"La Fira de Cocentaina 2022 supera l&#8217;equador amb vora 300.000 visitants","datePublished":"2022-10-31T23:00:55+00:00","dateModified":"2022-10-31T23:29:28+00:00","mainEntityOfPage":{"@id":"https:\/\/www.copealcoy.es\/es\/la-fira-de-cocentaina-2022-supera-lequador-amb-vora-300-000-visitants\/"},"wordCount":353,"commentCount":0,"image":{"@id":"https:\/\/www.copealcoy.es\/es\/la-fira-de-cocentaina-2022-supera-lequador-amb-vora-300-000-visitants\/#primaryimage"},"thumbnailUrl":"https:\/\/www.copealcoy.es\/wp-content\/uploads\/2022\/10\/unnamed-1-8-scaled-e1667256858505.jpg","keywords":["300.000 persones","Afluencia","Cocentaina","Fira de Tots Sants","visitants"],"articleSection":["Actualidad","Comarcas","Noticias","Portada"],"inLanguage":"es"},{"@type":"WebPage","@id":"https:\/\/www.copealcoy.es\/es\/la-fira-de-cocentaina-2022-supera-lequador-amb-vora-300-000-visitants\/","url":"https:\/\/www.copealcoy.es\/es\/la-fira-de-cocentaina-2022-supera-lequador-amb-vora-300-000-visitants\/","name":"La Fira de Cocentaina 2022 supera l'equador amb vora 300.000 visitants - COPE Alcoy","isPartOf":{"@id":"https:\/\/www.copealcoy.es\/es\/#website"},"primaryImageOfPage":{"@id":"https:\/\/www.copealcoy.es\/es\/la-fira-de-cocentaina-2022-supera-lequador-amb-vora-300-000-visitants\/#primaryimage"},"image":{"@id":"https:\/\/www.copealcoy.es\/es\/la-fira-de-cocentaina-2022-supera-lequador-amb-vora-300-000-visitants\/#primaryimage"},"thumbnailUrl":"https:\/\/www.copealcoy.es\/wp-content\/uploads\/2022\/10\/unnamed-1-8-scaled-e1667256858505.jpg","datePublished":"2022-10-31T23:00:55+00:00","dateModified":"2022-10-31T23:29:28+00:00","author":{"@id":"https:\/\/www.copealcoy.es\/es\/#\/schema\/person\/e777c87fa024e57d40170af9df39882c"},"breadcrumb":{"@id":"https:\/\/www.copealcoy.es\/es\/la-fira-de-cocentaina-2022-supera-lequador-amb-vora-300-000-visitants\/#breadcrumb"},"inLanguage":"es","potentialAction":[{"@type":"ReadAction","target":["https:\/\/www.copealcoy.es\/es\/la-fira-de-cocentaina-2022-supera-lequador-amb-vora-300-000-visitants\/"]}]},{"@type":"ImageObject","inLanguage":"es","@id":"https:\/\/www.copealcoy.es\/es\/la-fira-de-cocentaina-2022-supera-lequador-amb-vora-300-000-visitants\/#primaryimage","url":"https:\/\/www.copealcoy.es\/wp-content\/uploads\/2022\/10\/unnamed-1-8-scaled-e1667256858505.jpg","contentUrl":"https:\/\/www.copealcoy.es\/wp-content\/uploads\/2022\/10\/unnamed-1-8-scaled-e1667256858505.jpg","width":640,"height":380},{"@type":"BreadcrumbList","@id":"https:\/\/www.copealcoy.es\/es\/la-fira-de-cocentaina-2022-supera-lequador-amb-vora-300-000-visitants\/#breadcrumb","itemListElement":[{"@type":"ListItem","position":1,"name":"Portada","item":"https:\/\/www.copealcoy.es\/es\/"},{"@type":"ListItem","position":2,"name":"La Fira de Cocentaina 2022 supera l&#8217;equador amb vora 300.000 visitants"}]},{"@type":"WebSite","@id":"https:\/\/www.copealcoy.es\/es\/#website","url":"https:\/\/www.copealcoy.es\/es\/","name":"COPE Alcoy","description":"Emisora COPE de radio local con emisi\u00f3n online. Pont de Sant Jordi 8-10 03803 Alcoy","potentialAction":[{"@type":"SearchAction","target":{"@type":"EntryPoint","urlTemplate":"https:\/\/www.copealcoy.es\/es\/?s={search_term_string}"},"query-input":{"@type":"PropertyValueSpecification","valueRequired":true,"valueName":"search_term_string"}}],"inLanguage":"es"},{"@type":"Person","@id":"https:\/\/www.copealcoy.es\/es\/#\/schema\/person\/e777c87fa024e57d40170af9df39882c","name":"Cope Alcoy","image":{"@type":"ImageObject","inLanguage":"es","@id":"https:\/\/secure.gravatar.com\/avatar\/bb65d0283347e303893ba14f0692005417c1e0e690a325a4c5d8bb2b3943ee14?s=96&d=mm&r=g","url":"https:\/\/secure.gravatar.com\/avatar\/bb65d0283347e303893ba14f0692005417c1e0e690a325a4c5d8bb2b3943ee14?s=96&d=mm&r=g","contentUrl":"https:\/\/secure.gravatar.com\/avatar\/bb65d0283347e303893ba14f0692005417c1e0e690a325a4c5d8bb2b3943ee14?s=96&d=mm&r=g","caption":"Cope Alcoy"}}]}},"_links":{"self":[{"href":"https:\/\/www.copealcoy.es\/es\/wp-json\/wp\/v2\/posts\/93645","targetHints":{"allow":["GET"]}}],"collection":[{"href":"https:\/\/www.copealcoy.es\/es\/wp-json\/wp\/v2\/posts"}],"about":[{"href":"https:\/\/www.copealcoy.es\/es\/wp-json\/wp\/v2\/types\/post"}],"author":[{"embeddable":true,"href":"https:\/\/www.copealcoy.es\/es\/wp-json\/wp\/v2\/users\/1"}],"replies":[{"embeddable":true,"href":"https:\/\/www.copealcoy.es\/es\/wp-json\/wp\/v2\/comments?post=93645"}],"version-history":[{"count":0,"href":"https:\/\/www.copealcoy.es\/es\/wp-json\/wp\/v2\/posts\/93645\/revisions"}],"wp:featuredmedia":[{"embeddable":true,"href":"https:\/\/www.copealcoy.es\/es\/wp-json\/wp\/v2\/media\/93646"}],"wp:attachment":[{"href":"https:\/\/www.copealcoy.es\/es\/wp-json\/wp\/v2\/media?parent=93645"}],"wp:term":[{"taxonomy":"category","embeddable":true,"href":"https:\/\/www.copealcoy.es\/es\/wp-json\/wp\/v2\/categories?post=93645"},{"taxonomy":"post_tag","embeddable":true,"href":"https:\/\/www.copealcoy.es\/es\/wp-json\/wp\/v2\/tags?post=93645"}],"curies":[{"name":"wp","href":"https:\/\/api.w.org\/{rel}","templated":true}]}}