{"id":9358,"date":"2014-12-30T19:20:17","date_gmt":"2014-12-30T19:20:17","guid":{"rendered":"http:\/\/copealcoi.es\/new\/?p=9358"},"modified":"2014-12-30T19:20:17","modified_gmt":"2014-12-30T19:20:17","slug":"los-trabajadores-de-la-limpieza-y-la-basura-se-oponen-a-la-separacion-de-servicios","status":"publish","type":"post","link":"https:\/\/www.copealcoy.es\/es\/los-trabajadores-de-la-limpieza-y-la-basura-se-oponen-a-la-separacion-de-servicios\/","title":{"rendered":"Los Trabajadores de la limpieza y la basura se oponen a la separaci\u00f3n de servicios"},"content":{"rendered":"<p style=\"text-align: justify;\">Los trabajadores de la empresa FCC, que se encargan de la recogida de basuras y la limpieza viaria de Alcoy, se han mostrado contrarios a las intenciones del Gobierno Local de llevar a cabo la separaci\u00f3n de ambos servicios. En este sentido han remitido un escrito al Consistorio en el que expresan su disconformidad y afirman que esta medida tendr\u00e1 consecuencias en la calidad del mismo.<\/p>\n<p style=\"text-align: justify;\">Recordar que el \u00e1rea de Medio Ambiente tiene previsto licitar a principios de 2015 el nuevo contrato de la recogida de basuras que destaca por la separaci\u00f3n de la limpieza viaria que pasar\u00e1 a ser gestionada por el propio Ayuntamiento seg\u00fan explic\u00f3 en su d\u00eda el edil, Paco Agull\u00f3. \u00a0Desde el Gobierno Local han justificado esta propuesta argumentando que supondr\u00e1 un importante ahorro para las arcas municipales al mismo tiempo que han se\u00f1alado que permitir\u00e1 dar un paso m\u00e1s a la hora de ir recuperando servicios p\u00fablicos.<\/p>\n<p style=\"text-align: justify;\">Desde el Partido Popular el Portavoz, Fernando Pastor, explic\u00f3 ayer que los trabajadores se han opuesto a esta decisi\u00f3n &#8220;en su Asamblea han expresado los inconvenientes que podr\u00eda reportar esto y han pedido que se reconsidere la separaci\u00f3n de los dos servicios&#8221;, explica. Por \u00faltimo Pastor concluye en que el Ejecutivo ha vuelto a dar un paso en falso &#8220;para algo que hacen en estos cuatro a\u00f1os meten la pata, y no solo en esto, sino tambi\u00e9n en la gesti\u00f3n municipal del Complejo Eduardo Latorre donde seguro que acabamos viendo que es un problema para el Consistorio&#8221;, afirma.<\/p>\n<p>&nbsp;<\/p>\n","protected":false},"excerpt":{"rendered":"<p>Los trabajadores de la empresa FCC, que se encargan de la recogida de basuras y la limpieza viaria de Alcoy,&#8230;<\/p>\n","protected":false},"author":1,"featured_media":9344,"comment_status":"open","ping_status":"open","sticky":false,"template":"","format":"standard","meta":{"footnotes":""},"categories":[97,75,79],"tags":[1494,396,1489,481],"class_list":["post-9358","post","type-post","status-publish","format-standard","has-post-thumbnail","hentry","category-alcoy","category-noticias","category-politicayeconomia","tag-alcoy","tag-basuras","tag-servicios","tag-trabajadores"],"yoast_head":"<!-- This site is optimized with the Yoast SEO plugin v27.3 - https:\/\/yoast.com\/product\/yoast-seo-wordpress\/ -->\n<title>Los Trabajadores de la limpieza y la basura se oponen a la separaci\u00f3n de servicios - COPE Alcoy<\/title>\n<meta name=\"robots\" content=\"index, follow, max-snippet:-1, max-image-preview:large, max-video-preview:-1\" \/>\n<link rel=\"canonical\" href=\"https:\/\/www.copealcoy.es\/es\/los-trabajadores-de-la-limpieza-y-la-basura-se-oponen-a-la-separacion-de-servicios\/\" \/>\n<meta property=\"og:locale\" content=\"es_ES\" \/>\n<meta property=\"og:type\" content=\"article\" \/>\n<meta property=\"og:title\" content=\"Los Trabajadores de la limpieza y la basura se oponen a la separaci\u00f3n de servicios - COPE Alcoy\" \/>\n<meta property=\"og:description\" content=\"Los trabajadores de la empresa FCC, que se encargan de la recogida de basuras y la limpieza viaria de Alcoy,...\" \/>\n<meta property=\"og:url\" content=\"https:\/\/www.copealcoy.es\/es\/los-trabajadores-de-la-limpieza-y-la-basura-se-oponen-a-la-separacion-de-servicios\/\" \/>\n<meta property=\"og:site_name\" content=\"COPE Alcoy\" \/>\n<meta property=\"article:published_time\" content=\"2014-12-30T19:20:17+00:00\" \/>\n<meta property=\"og:image\" content=\"https:\/\/www.copealcoy.es\/wp-content\/uploads\/2014\/12\/image143.jpg\" \/>\n\t<meta property=\"og:image:width\" content=\"2592\" \/>\n\t<meta property=\"og:image:height\" content=\"1944\" \/>\n\t<meta property=\"og:image:type\" content=\"image\/jpeg\" \/>\n<meta name=\"author\" content=\"Cope Alcoy\" \/>\n<meta name=\"twitter:label1\" content=\"Escrito por\" \/>\n\t<meta name=\"twitter:data1\" content=\"Cope Alcoy\" \/>\n\t<meta name=\"twitter:label2\" content=\"Tiempo de lectura\" \/>\n\t<meta name=\"twitter:data2\" content=\"1 minuto\" \/>\n<script type=\"application\/ld+json\" class=\"yoast-schema-graph\">{\"@context\":\"https:\\\/\\\/schema.org\",\"@graph\":[{\"@type\":\"Article\",\"@id\":\"https:\\\/\\\/www.copealcoy.es\\\/es\\\/los-trabajadores-de-la-limpieza-y-la-basura-se-oponen-a-la-separacion-de-servicios\\\/#article\",\"isPartOf\":{\"@id\":\"https:\\\/\\\/www.copealcoy.es\\\/es\\\/los-trabajadores-de-la-limpieza-y-la-basura-se-oponen-a-la-separacion-de-servicios\\\/\"},\"author\":{\"name\":\"Cope Alcoy\",\"@id\":\"https:\\\/\\\/www.copealcoy.es\\\/es\\\/#\\\/schema\\\/person\\\/e777c87fa024e57d40170af9df39882c\"},\"headline\":\"Los Trabajadores de la limpieza y la basura se oponen a la separaci\u00f3n de servicios\",\"datePublished\":\"2014-12-30T19:20:17+00:00\",\"mainEntityOfPage\":{\"@id\":\"https:\\\/\\\/www.copealcoy.es\\\/es\\\/los-trabajadores-de-la-limpieza-y-la-basura-se-oponen-a-la-separacion-de-servicios\\\/\"},\"wordCount\":280,\"commentCount\":0,\"image\":{\"@id\":\"https:\\\/\\\/www.copealcoy.es\\\/es\\\/los-trabajadores-de-la-limpieza-y-la-basura-se-oponen-a-la-separacion-de-servicios\\\/#primaryimage\"},\"thumbnailUrl\":\"https:\\\/\\\/www.copealcoy.es\\\/wp-content\\\/uploads\\\/2014\\\/12\\\/image143.jpg\",\"keywords\":[\"Alcoy\",\"Basuras\",\"Servicios\",\"Trabajadores\"],\"articleSection\":[\"Alcoy\",\"Noticias\",\"Pol\u00edtica y Econom\u00eda\"],\"inLanguage\":\"es\"},{\"@type\":\"WebPage\",\"@id\":\"https:\\\/\\\/www.copealcoy.es\\\/es\\\/los-trabajadores-de-la-limpieza-y-la-basura-se-oponen-a-la-separacion-de-servicios\\\/\",\"url\":\"https:\\\/\\\/www.copealcoy.es\\\/es\\\/los-trabajadores-de-la-limpieza-y-la-basura-se-oponen-a-la-separacion-de-servicios\\\/\",\"name\":\"Los Trabajadores de la limpieza y la basura se oponen a la separaci\u00f3n de servicios - COPE Alcoy\",\"isPartOf\":{\"@id\":\"https:\\\/\\\/www.copealcoy.es\\\/es\\\/#website\"},\"primaryImageOfPage\":{\"@id\":\"https:\\\/\\\/www.copealcoy.es\\\/es\\\/los-trabajadores-de-la-limpieza-y-la-basura-se-oponen-a-la-separacion-de-servicios\\\/#primaryimage\"},\"image\":{\"@id\":\"https:\\\/\\\/www.copealcoy.es\\\/es\\\/los-trabajadores-de-la-limpieza-y-la-basura-se-oponen-a-la-separacion-de-servicios\\\/#primaryimage\"},\"thumbnailUrl\":\"https:\\\/\\\/www.copealcoy.es\\\/wp-content\\\/uploads\\\/2014\\\/12\\\/image143.jpg\",\"datePublished\":\"2014-12-30T19:20:17+00:00\",\"author\":{\"@id\":\"https:\\\/\\\/www.copealcoy.es\\\/es\\\/#\\\/schema\\\/person\\\/e777c87fa024e57d40170af9df39882c\"},\"breadcrumb\":{\"@id\":\"https:\\\/\\\/www.copealcoy.es\\\/es\\\/los-trabajadores-de-la-limpieza-y-la-basura-se-oponen-a-la-separacion-de-servicios\\\/#breadcrumb\"},\"inLanguage\":\"es\",\"potentialAction\":[{\"@type\":\"ReadAction\",\"target\":[\"https:\\\/\\\/www.copealcoy.es\\\/es\\\/los-trabajadores-de-la-limpieza-y-la-basura-se-oponen-a-la-separacion-de-servicios\\\/\"]}]},{\"@type\":\"ImageObject\",\"inLanguage\":\"es\",\"@id\":\"https:\\\/\\\/www.copealcoy.es\\\/es\\\/los-trabajadores-de-la-limpieza-y-la-basura-se-oponen-a-la-separacion-de-servicios\\\/#primaryimage\",\"url\":\"https:\\\/\\\/www.copealcoy.es\\\/wp-content\\\/uploads\\\/2014\\\/12\\\/image143.jpg\",\"contentUrl\":\"https:\\\/\\\/www.copealcoy.es\\\/wp-content\\\/uploads\\\/2014\\\/12\\\/image143.jpg\",\"width\":1440,\"height\":1080},{\"@type\":\"BreadcrumbList\",\"@id\":\"https:\\\/\\\/www.copealcoy.es\\\/es\\\/los-trabajadores-de-la-limpieza-y-la-basura-se-oponen-a-la-separacion-de-servicios\\\/#breadcrumb\",\"itemListElement\":[{\"@type\":\"ListItem\",\"position\":1,\"name\":\"Portada\",\"item\":\"https:\\\/\\\/www.copealcoy.es\\\/es\\\/\"},{\"@type\":\"ListItem\",\"position\":2,\"name\":\"Los Trabajadores de la limpieza y la basura se oponen a la separaci\u00f3n de servicios\"}]},{\"@type\":\"WebSite\",\"@id\":\"https:\\\/\\\/www.copealcoy.es\\\/es\\\/#website\",\"url\":\"https:\\\/\\\/www.copealcoy.es\\\/es\\\/\",\"name\":\"COPE Alcoy\",\"description\":\"Emisora COPE de radio local con emisi\u00f3n online. Pont de Sant Jordi 8-10 03803 Alcoy\",\"potentialAction\":[{\"@type\":\"SearchAction\",\"target\":{\"@type\":\"EntryPoint\",\"urlTemplate\":\"https:\\\/\\\/www.copealcoy.es\\\/es\\\/?s={search_term_string}\"},\"query-input\":{\"@type\":\"PropertyValueSpecification\",\"valueRequired\":true,\"valueName\":\"search_term_string\"}}],\"inLanguage\":\"es\"},{\"@type\":\"Person\",\"@id\":\"https:\\\/\\\/www.copealcoy.es\\\/es\\\/#\\\/schema\\\/person\\\/e777c87fa024e57d40170af9df39882c\",\"name\":\"Cope Alcoy\",\"image\":{\"@type\":\"ImageObject\",\"inLanguage\":\"es\",\"@id\":\"https:\\\/\\\/secure.gravatar.com\\\/avatar\\\/bb65d0283347e303893ba14f0692005417c1e0e690a325a4c5d8bb2b3943ee14?s=96&d=mm&r=g\",\"url\":\"https:\\\/\\\/secure.gravatar.com\\\/avatar\\\/bb65d0283347e303893ba14f0692005417c1e0e690a325a4c5d8bb2b3943ee14?s=96&d=mm&r=g\",\"contentUrl\":\"https:\\\/\\\/secure.gravatar.com\\\/avatar\\\/bb65d0283347e303893ba14f0692005417c1e0e690a325a4c5d8bb2b3943ee14?s=96&d=mm&r=g\",\"caption\":\"Cope Alcoy\"}}]}<\/script>\n<!-- \/ Yoast SEO plugin. -->","yoast_head_json":{"title":"Los Trabajadores de la limpieza y la basura se oponen a la separaci\u00f3n de servicios - COPE Alcoy","robots":{"index":"index","follow":"follow","max-snippet":"max-snippet:-1","max-image-preview":"max-image-preview:large","max-video-preview":"max-video-preview:-1"},"canonical":"https:\/\/www.copealcoy.es\/es\/los-trabajadores-de-la-limpieza-y-la-basura-se-oponen-a-la-separacion-de-servicios\/","og_locale":"es_ES","og_type":"article","og_title":"Los Trabajadores de la limpieza y la basura se oponen a la separaci\u00f3n de servicios - COPE Alcoy","og_description":"Los trabajadores de la empresa FCC, que se encargan de la recogida de basuras y la limpieza viaria de Alcoy,...","og_url":"https:\/\/www.copealcoy.es\/es\/los-trabajadores-de-la-limpieza-y-la-basura-se-oponen-a-la-separacion-de-servicios\/","og_site_name":"COPE Alcoy","article_published_time":"2014-12-30T19:20:17+00:00","og_image":[{"width":2592,"height":1944,"url":"https:\/\/www.copealcoy.es\/wp-content\/uploads\/2014\/12\/image143.jpg","type":"image\/jpeg"}],"author":"Cope Alcoy","twitter_misc":{"Escrito por":"Cope Alcoy","Tiempo de lectura":"1 minuto"},"schema":{"@context":"https:\/\/schema.org","@graph":[{"@type":"Article","@id":"https:\/\/www.copealcoy.es\/es\/los-trabajadores-de-la-limpieza-y-la-basura-se-oponen-a-la-separacion-de-servicios\/#article","isPartOf":{"@id":"https:\/\/www.copealcoy.es\/es\/los-trabajadores-de-la-limpieza-y-la-basura-se-oponen-a-la-separacion-de-servicios\/"},"author":{"name":"Cope Alcoy","@id":"https:\/\/www.copealcoy.es\/es\/#\/schema\/person\/e777c87fa024e57d40170af9df39882c"},"headline":"Los Trabajadores de la limpieza y la basura se oponen a la separaci\u00f3n de servicios","datePublished":"2014-12-30T19:20:17+00:00","mainEntityOfPage":{"@id":"https:\/\/www.copealcoy.es\/es\/los-trabajadores-de-la-limpieza-y-la-basura-se-oponen-a-la-separacion-de-servicios\/"},"wordCount":280,"commentCount":0,"image":{"@id":"https:\/\/www.copealcoy.es\/es\/los-trabajadores-de-la-limpieza-y-la-basura-se-oponen-a-la-separacion-de-servicios\/#primaryimage"},"thumbnailUrl":"https:\/\/www.copealcoy.es\/wp-content\/uploads\/2014\/12\/image143.jpg","keywords":["Alcoy","Basuras","Servicios","Trabajadores"],"articleSection":["Alcoy","Noticias","Pol\u00edtica y Econom\u00eda"],"inLanguage":"es"},{"@type":"WebPage","@id":"https:\/\/www.copealcoy.es\/es\/los-trabajadores-de-la-limpieza-y-la-basura-se-oponen-a-la-separacion-de-servicios\/","url":"https:\/\/www.copealcoy.es\/es\/los-trabajadores-de-la-limpieza-y-la-basura-se-oponen-a-la-separacion-de-servicios\/","name":"Los Trabajadores de la limpieza y la basura se oponen a la separaci\u00f3n de servicios - COPE Alcoy","isPartOf":{"@id":"https:\/\/www.copealcoy.es\/es\/#website"},"primaryImageOfPage":{"@id":"https:\/\/www.copealcoy.es\/es\/los-trabajadores-de-la-limpieza-y-la-basura-se-oponen-a-la-separacion-de-servicios\/#primaryimage"},"image":{"@id":"https:\/\/www.copealcoy.es\/es\/los-trabajadores-de-la-limpieza-y-la-basura-se-oponen-a-la-separacion-de-servicios\/#primaryimage"},"thumbnailUrl":"https:\/\/www.copealcoy.es\/wp-content\/uploads\/2014\/12\/image143.jpg","datePublished":"2014-12-30T19:20:17+00:00","author":{"@id":"https:\/\/www.copealcoy.es\/es\/#\/schema\/person\/e777c87fa024e57d40170af9df39882c"},"breadcrumb":{"@id":"https:\/\/www.copealcoy.es\/es\/los-trabajadores-de-la-limpieza-y-la-basura-se-oponen-a-la-separacion-de-servicios\/#breadcrumb"},"inLanguage":"es","potentialAction":[{"@type":"ReadAction","target":["https:\/\/www.copealcoy.es\/es\/los-trabajadores-de-la-limpieza-y-la-basura-se-oponen-a-la-separacion-de-servicios\/"]}]},{"@type":"ImageObject","inLanguage":"es","@id":"https:\/\/www.copealcoy.es\/es\/los-trabajadores-de-la-limpieza-y-la-basura-se-oponen-a-la-separacion-de-servicios\/#primaryimage","url":"https:\/\/www.copealcoy.es\/wp-content\/uploads\/2014\/12\/image143.jpg","contentUrl":"https:\/\/www.copealcoy.es\/wp-content\/uploads\/2014\/12\/image143.jpg","width":1440,"height":1080},{"@type":"BreadcrumbList","@id":"https:\/\/www.copealcoy.es\/es\/los-trabajadores-de-la-limpieza-y-la-basura-se-oponen-a-la-separacion-de-servicios\/#breadcrumb","itemListElement":[{"@type":"ListItem","position":1,"name":"Portada","item":"https:\/\/www.copealcoy.es\/es\/"},{"@type":"ListItem","position":2,"name":"Los Trabajadores de la limpieza y la basura se oponen a la separaci\u00f3n de servicios"}]},{"@type":"WebSite","@id":"https:\/\/www.copealcoy.es\/es\/#website","url":"https:\/\/www.copealcoy.es\/es\/","name":"COPE Alcoy","description":"Emisora COPE de radio local con emisi\u00f3n online. Pont de Sant Jordi 8-10 03803 Alcoy","potentialAction":[{"@type":"SearchAction","target":{"@type":"EntryPoint","urlTemplate":"https:\/\/www.copealcoy.es\/es\/?s={search_term_string}"},"query-input":{"@type":"PropertyValueSpecification","valueRequired":true,"valueName":"search_term_string"}}],"inLanguage":"es"},{"@type":"Person","@id":"https:\/\/www.copealcoy.es\/es\/#\/schema\/person\/e777c87fa024e57d40170af9df39882c","name":"Cope Alcoy","image":{"@type":"ImageObject","inLanguage":"es","@id":"https:\/\/secure.gravatar.com\/avatar\/bb65d0283347e303893ba14f0692005417c1e0e690a325a4c5d8bb2b3943ee14?s=96&d=mm&r=g","url":"https:\/\/secure.gravatar.com\/avatar\/bb65d0283347e303893ba14f0692005417c1e0e690a325a4c5d8bb2b3943ee14?s=96&d=mm&r=g","contentUrl":"https:\/\/secure.gravatar.com\/avatar\/bb65d0283347e303893ba14f0692005417c1e0e690a325a4c5d8bb2b3943ee14?s=96&d=mm&r=g","caption":"Cope Alcoy"}}]}},"_links":{"self":[{"href":"https:\/\/www.copealcoy.es\/es\/wp-json\/wp\/v2\/posts\/9358","targetHints":{"allow":["GET"]}}],"collection":[{"href":"https:\/\/www.copealcoy.es\/es\/wp-json\/wp\/v2\/posts"}],"about":[{"href":"https:\/\/www.copealcoy.es\/es\/wp-json\/wp\/v2\/types\/post"}],"author":[{"embeddable":true,"href":"https:\/\/www.copealcoy.es\/es\/wp-json\/wp\/v2\/users\/1"}],"replies":[{"embeddable":true,"href":"https:\/\/www.copealcoy.es\/es\/wp-json\/wp\/v2\/comments?post=9358"}],"version-history":[{"count":0,"href":"https:\/\/www.copealcoy.es\/es\/wp-json\/wp\/v2\/posts\/9358\/revisions"}],"wp:featuredmedia":[{"embeddable":true,"href":"https:\/\/www.copealcoy.es\/es\/wp-json\/wp\/v2\/media\/9344"}],"wp:attachment":[{"href":"https:\/\/www.copealcoy.es\/es\/wp-json\/wp\/v2\/media?parent=9358"}],"wp:term":[{"taxonomy":"category","embeddable":true,"href":"https:\/\/www.copealcoy.es\/es\/wp-json\/wp\/v2\/categories?post=9358"},{"taxonomy":"post_tag","embeddable":true,"href":"https:\/\/www.copealcoy.es\/es\/wp-json\/wp\/v2\/tags?post=9358"}],"curies":[{"name":"wp","href":"https:\/\/api.w.org\/{rel}","templated":true}]}}