{"id":93535,"date":"2022-10-28T10:44:45","date_gmt":"2022-10-28T09:44:45","guid":{"rendered":"https:\/\/www.copealcoy.es\/?p=93535"},"modified":"2022-10-29T22:22:07","modified_gmt":"2022-10-29T21:22:07","slug":"ix-a-concurs-lexecucio-del-carril-bici-que-unira-el-centre-amb-la-zona-nord-dalcoi","status":"publish","type":"post","link":"https:\/\/www.copealcoy.es\/es\/ix-a-concurs-lexecucio-del-carril-bici-que-unira-el-centre-amb-la-zona-nord-dalcoi\/","title":{"rendered":"Ix a concurs l&#8217;execuci\u00f3 del carril bici que unir\u00e0 el Centre amb la Zona Nord d&#8217;Alcoi"},"content":{"rendered":"<p style=\"text-align: justify;\">L&#8217;<a href=\"https:\/\/www.alcoi.org\/ca\/portal\/index.html\"><strong><span style=\"color: #0000ff;\">Ajuntament d&#8217;Alcoi<\/span><\/strong><\/a> ha tret a licitaci\u00f3 el\u00a0<strong>projecte d&#8217;execuci\u00f3 del carril bici que unir\u00e0 el centre de la ciutat amb la Zona Nord<\/strong>. Aquest projecte, segons la informaci\u00f3 facilitada, aniria des de Cervantes, per Alzamora, L&#8217;Alameda i Juan Gil Albert i l&#8217;Avinguda de Val\u00e8ncia aprofitant el carril bus. Les obres tenen un <strong>pressupost inicial de quasi 750.000 euros<\/strong>, i les empreses interessades tenen\u00a0<strong>fins al 16 de novembre per a presentar propostes.\u00a0 <\/strong>El <strong>valor estimat del contracte \u00e9s de 905.550 euros<\/strong>, dels quals <strong>el 90% del projecte ser\u00e0 finan\u00e7at per les Ajudes a Municipis per a la implantaci\u00f3 de zones de baixes emissions i la transformaci\u00f3 digital i sostenible del transport urb\u00e0<\/strong>, en el marc del Pla de Recuperaci\u00f3, Transformaci\u00f3 i Resili\u00e8ncia de la Uni\u00f3 Europea \u2013 NextGenerationEU.<\/p>\n<p style=\"text-align: justify;\">Aquests treballs contemplen <strong>la construcci\u00f3 de pistes de bicicletes, tamb\u00e9 treballs de pavimentaci\u00f3, i adaptaci\u00f3 de passos de vianants, sem\u00e0fors o senyals<\/strong>. A m\u00e9s, <strong>es valoraran possibles millores que puguen aportar els interessats, com la instal\u00b7laci\u00f3 de panells digitals que compten els ciclistes que passen, o la millora de la pavimentaci\u00f3 i accessibilitat en l&#8217;entorn de l&#8217;actuaci\u00f3<\/strong> &#8220;<em>aquest projecte suposar\u00e0 un impuls important per a la mobilitat sostenible de la nostra ciutat, ens permetr\u00e0 connectar quatre barris com s\u00f3n el Centre, Santa Rosa, Eixample i Zona Nord mitjan\u00e7ant un carril bici de quasi 3 km, que moltes persones demanden. De fet m\u00e9s de 180 circulen amb bicicleta per un punt concret cada dia. S&#8217;ha demostrat que tenim un projecte i estem preparats per a afrontar-lo, hem aconseguit ja m\u00e9s d&#8217;11 milions d&#8217;euros dels Fons Europeus i d&#8217;ac\u00ed a final d&#8217;any podrien sumar un total de 20, la qual cosa es deu al fet que s&#8217;ha actuat amb planificaci\u00f3 i amb una estrat\u00e8gia definida. Vull felicitar el personal t\u00e8cnic el treball realitzat<\/em>&#8220;, afirma el regidor <strong>Jordi Mart\u00ednez<\/strong>.<\/p>\n<p style=\"text-align: justify;\">La construcci\u00f3 de l&#8217;eix ciclopeatonal <strong>no sols va suposar la creaci\u00f3 d&#8217;un recorregut amb un total de 9 quil\u00f2metres amb dos carrils<\/strong>, un per cada sentit de la marxa, en un projecte que va de la via verda situada en Batoi a <strong>la passarel\u00b7la que uneix Alcoi amb Cocentaina seguint la cornisa nord de la ciutat<\/strong>, sin\u00f3 que a m\u00e9s es va solucionar un problema de seguretat per als vianants i per a ciclistes que existia des de fa molt de temps, m\u00e9s concretament en el citat tram que passa per davall del Pont de les Paules.<\/p>\n","protected":false},"excerpt":{"rendered":"<p>L&#8217;Ajuntament d&#8217;Alcoi ha tret a licitaci\u00f3 el\u00a0projecte d&#8217;execuci\u00f3 del carril bici que unir\u00e0 el centre de la ciutat amb la&#8230;<\/p>\n","protected":false},"author":1,"featured_media":93536,"comment_status":"open","ping_status":"open","sticky":false,"template":"","format":"standard","meta":{"footnotes":""},"categories":[97,75,79],"tags":[160,5050,13402,7756],"class_list":["post-93535","post","type-post","status-publish","format-standard","has-post-thumbnail","hentry","category-alcoy","category-noticias","category-politicayeconomia","tag-alcoi","tag-carril-bici","tag-conexio-centre","tag-zona-nord"],"yoast_head":"<!-- This site is optimized with the Yoast SEO plugin v27.3 - https:\/\/yoast.com\/product\/yoast-seo-wordpress\/ -->\n<title>Ix a concurs l&#039;execuci\u00f3 del carril bici que unir\u00e0 el Centre amb la Zona Nord d&#039;Alcoi - COPE Alcoy<\/title>\n<meta name=\"description\" content=\"L&#039;Ajuntament d&#039;Alcoi ha tret a licitaci\u00f3 el\u00a0projecte d&#039;execuci\u00f3 del carril bici que unicr\u00e0 el centre de la ciudad amb la Zona Nord\" \/>\n<meta name=\"robots\" content=\"index, follow, max-snippet:-1, max-image-preview:large, max-video-preview:-1\" \/>\n<link rel=\"canonical\" href=\"https:\/\/www.copealcoy.es\/es\/ix-a-concurs-lexecucio-del-carril-bici-que-unira-el-centre-amb-la-zona-nord-dalcoi\/\" \/>\n<meta property=\"og:locale\" content=\"es_ES\" \/>\n<meta property=\"og:type\" content=\"article\" \/>\n<meta property=\"og:title\" content=\"Ix a concurs l&#039;execuci\u00f3 del carril bici que unir\u00e0 el Centre amb la Zona Nord d&#039;Alcoi - COPE Alcoy\" \/>\n<meta property=\"og:description\" content=\"L&#039;Ajuntament d&#039;Alcoi ha tret a licitaci\u00f3 el\u00a0projecte d&#039;execuci\u00f3 del carril bici que unicr\u00e0 el centre de la ciudad amb la Zona Nord\" \/>\n<meta property=\"og:url\" content=\"https:\/\/www.copealcoy.es\/es\/ix-a-concurs-lexecucio-del-carril-bici-que-unira-el-centre-amb-la-zona-nord-dalcoi\/\" \/>\n<meta property=\"og:site_name\" content=\"COPE Alcoy\" \/>\n<meta property=\"article:published_time\" content=\"2022-10-28T09:44:45+00:00\" \/>\n<meta property=\"article:modified_time\" content=\"2022-10-29T21:22:07+00:00\" \/>\n<meta property=\"og:image\" content=\"https:\/\/www.copealcoy.es\/wp-content\/uploads\/2022\/10\/Tramo-Alameda-Camilo-Sesto.jpg\" \/>\n\t<meta property=\"og:image:width\" content=\"1426\" \/>\n\t<meta property=\"og:image:height\" content=\"692\" \/>\n\t<meta property=\"og:image:type\" content=\"image\/jpeg\" \/>\n<meta name=\"author\" content=\"Cope Alcoy\" \/>\n<meta name=\"twitter:label1\" content=\"Escrito por\" \/>\n\t<meta name=\"twitter:data1\" content=\"Cope Alcoy\" \/>\n\t<meta name=\"twitter:label2\" content=\"Tiempo de lectura\" \/>\n\t<meta name=\"twitter:data2\" content=\"2 minutos\" \/>\n<script type=\"application\/ld+json\" class=\"yoast-schema-graph\">{\"@context\":\"https:\\\/\\\/schema.org\",\"@graph\":[{\"@type\":\"Article\",\"@id\":\"https:\\\/\\\/www.copealcoy.es\\\/es\\\/ix-a-concurs-lexecucio-del-carril-bici-que-unira-el-centre-amb-la-zona-nord-dalcoi\\\/#article\",\"isPartOf\":{\"@id\":\"https:\\\/\\\/www.copealcoy.es\\\/es\\\/ix-a-concurs-lexecucio-del-carril-bici-que-unira-el-centre-amb-la-zona-nord-dalcoi\\\/\"},\"author\":{\"name\":\"Cope Alcoy\",\"@id\":\"https:\\\/\\\/www.copealcoy.es\\\/es\\\/#\\\/schema\\\/person\\\/e777c87fa024e57d40170af9df39882c\"},\"headline\":\"Ix a concurs l&#8217;execuci\u00f3 del carril bici que unir\u00e0 el Centre amb la Zona Nord d&#8217;Alcoi\",\"datePublished\":\"2022-10-28T09:44:45+00:00\",\"dateModified\":\"2022-10-29T21:22:07+00:00\",\"mainEntityOfPage\":{\"@id\":\"https:\\\/\\\/www.copealcoy.es\\\/es\\\/ix-a-concurs-lexecucio-del-carril-bici-que-unira-el-centre-amb-la-zona-nord-dalcoi\\\/\"},\"wordCount\":441,\"commentCount\":0,\"image\":{\"@id\":\"https:\\\/\\\/www.copealcoy.es\\\/es\\\/ix-a-concurs-lexecucio-del-carril-bici-que-unira-el-centre-amb-la-zona-nord-dalcoi\\\/#primaryimage\"},\"thumbnailUrl\":\"https:\\\/\\\/www.copealcoy.es\\\/wp-content\\\/uploads\\\/2022\\\/10\\\/Tramo-Alameda-Camilo-Sesto.jpg\",\"keywords\":[\"Alcoi\",\"carril bici\",\"conexi\u00f3 centre\",\"Zona Nord\"],\"articleSection\":[\"Alcoy\",\"Noticias\",\"Pol\u00edtica y Econom\u00eda\"],\"inLanguage\":\"es\"},{\"@type\":\"WebPage\",\"@id\":\"https:\\\/\\\/www.copealcoy.es\\\/es\\\/ix-a-concurs-lexecucio-del-carril-bici-que-unira-el-centre-amb-la-zona-nord-dalcoi\\\/\",\"url\":\"https:\\\/\\\/www.copealcoy.es\\\/es\\\/ix-a-concurs-lexecucio-del-carril-bici-que-unira-el-centre-amb-la-zona-nord-dalcoi\\\/\",\"name\":\"Ix a concurs l'execuci\u00f3 del carril bici que unir\u00e0 el Centre amb la Zona Nord d'Alcoi - COPE Alcoy\",\"isPartOf\":{\"@id\":\"https:\\\/\\\/www.copealcoy.es\\\/es\\\/#website\"},\"primaryImageOfPage\":{\"@id\":\"https:\\\/\\\/www.copealcoy.es\\\/es\\\/ix-a-concurs-lexecucio-del-carril-bici-que-unira-el-centre-amb-la-zona-nord-dalcoi\\\/#primaryimage\"},\"image\":{\"@id\":\"https:\\\/\\\/www.copealcoy.es\\\/es\\\/ix-a-concurs-lexecucio-del-carril-bici-que-unira-el-centre-amb-la-zona-nord-dalcoi\\\/#primaryimage\"},\"thumbnailUrl\":\"https:\\\/\\\/www.copealcoy.es\\\/wp-content\\\/uploads\\\/2022\\\/10\\\/Tramo-Alameda-Camilo-Sesto.jpg\",\"datePublished\":\"2022-10-28T09:44:45+00:00\",\"dateModified\":\"2022-10-29T21:22:07+00:00\",\"author\":{\"@id\":\"https:\\\/\\\/www.copealcoy.es\\\/es\\\/#\\\/schema\\\/person\\\/e777c87fa024e57d40170af9df39882c\"},\"description\":\"L'Ajuntament d'Alcoi ha tret a licitaci\u00f3 el\u00a0projecte d'execuci\u00f3 del carril bici que unicr\u00e0 el centre de la ciudad amb la Zona Nord\",\"breadcrumb\":{\"@id\":\"https:\\\/\\\/www.copealcoy.es\\\/es\\\/ix-a-concurs-lexecucio-del-carril-bici-que-unira-el-centre-amb-la-zona-nord-dalcoi\\\/#breadcrumb\"},\"inLanguage\":\"es\",\"potentialAction\":[{\"@type\":\"ReadAction\",\"target\":[\"https:\\\/\\\/www.copealcoy.es\\\/es\\\/ix-a-concurs-lexecucio-del-carril-bici-que-unira-el-centre-amb-la-zona-nord-dalcoi\\\/\"]}]},{\"@type\":\"ImageObject\",\"inLanguage\":\"es\",\"@id\":\"https:\\\/\\\/www.copealcoy.es\\\/es\\\/ix-a-concurs-lexecucio-del-carril-bici-que-unira-el-centre-amb-la-zona-nord-dalcoi\\\/#primaryimage\",\"url\":\"https:\\\/\\\/www.copealcoy.es\\\/wp-content\\\/uploads\\\/2022\\\/10\\\/Tramo-Alameda-Camilo-Sesto.jpg\",\"contentUrl\":\"https:\\\/\\\/www.copealcoy.es\\\/wp-content\\\/uploads\\\/2022\\\/10\\\/Tramo-Alameda-Camilo-Sesto.jpg\",\"width\":1426,\"height\":692},{\"@type\":\"BreadcrumbList\",\"@id\":\"https:\\\/\\\/www.copealcoy.es\\\/es\\\/ix-a-concurs-lexecucio-del-carril-bici-que-unira-el-centre-amb-la-zona-nord-dalcoi\\\/#breadcrumb\",\"itemListElement\":[{\"@type\":\"ListItem\",\"position\":1,\"name\":\"Portada\",\"item\":\"https:\\\/\\\/www.copealcoy.es\\\/es\\\/\"},{\"@type\":\"ListItem\",\"position\":2,\"name\":\"Ix a concurs l&#8217;execuci\u00f3 del carril bici que unir\u00e0 el Centre amb la Zona Nord d&#8217;Alcoi\"}]},{\"@type\":\"WebSite\",\"@id\":\"https:\\\/\\\/www.copealcoy.es\\\/es\\\/#website\",\"url\":\"https:\\\/\\\/www.copealcoy.es\\\/es\\\/\",\"name\":\"COPE Alcoy\",\"description\":\"Emisora COPE de radio local con emisi\u00f3n online. Pont de Sant Jordi 8-10 03803 Alcoy\",\"potentialAction\":[{\"@type\":\"SearchAction\",\"target\":{\"@type\":\"EntryPoint\",\"urlTemplate\":\"https:\\\/\\\/www.copealcoy.es\\\/es\\\/?s={search_term_string}\"},\"query-input\":{\"@type\":\"PropertyValueSpecification\",\"valueRequired\":true,\"valueName\":\"search_term_string\"}}],\"inLanguage\":\"es\"},{\"@type\":\"Person\",\"@id\":\"https:\\\/\\\/www.copealcoy.es\\\/es\\\/#\\\/schema\\\/person\\\/e777c87fa024e57d40170af9df39882c\",\"name\":\"Cope Alcoy\",\"image\":{\"@type\":\"ImageObject\",\"inLanguage\":\"es\",\"@id\":\"https:\\\/\\\/secure.gravatar.com\\\/avatar\\\/bb65d0283347e303893ba14f0692005417c1e0e690a325a4c5d8bb2b3943ee14?s=96&d=mm&r=g\",\"url\":\"https:\\\/\\\/secure.gravatar.com\\\/avatar\\\/bb65d0283347e303893ba14f0692005417c1e0e690a325a4c5d8bb2b3943ee14?s=96&d=mm&r=g\",\"contentUrl\":\"https:\\\/\\\/secure.gravatar.com\\\/avatar\\\/bb65d0283347e303893ba14f0692005417c1e0e690a325a4c5d8bb2b3943ee14?s=96&d=mm&r=g\",\"caption\":\"Cope Alcoy\"}}]}<\/script>\n<!-- \/ Yoast SEO plugin. -->","yoast_head_json":{"title":"Ix a concurs l'execuci\u00f3 del carril bici que unir\u00e0 el Centre amb la Zona Nord d'Alcoi - COPE Alcoy","description":"L'Ajuntament d'Alcoi ha tret a licitaci\u00f3 el\u00a0projecte d'execuci\u00f3 del carril bici que unicr\u00e0 el centre de la ciudad amb la Zona Nord","robots":{"index":"index","follow":"follow","max-snippet":"max-snippet:-1","max-image-preview":"max-image-preview:large","max-video-preview":"max-video-preview:-1"},"canonical":"https:\/\/www.copealcoy.es\/es\/ix-a-concurs-lexecucio-del-carril-bici-que-unira-el-centre-amb-la-zona-nord-dalcoi\/","og_locale":"es_ES","og_type":"article","og_title":"Ix a concurs l'execuci\u00f3 del carril bici que unir\u00e0 el Centre amb la Zona Nord d'Alcoi - COPE Alcoy","og_description":"L'Ajuntament d'Alcoi ha tret a licitaci\u00f3 el\u00a0projecte d'execuci\u00f3 del carril bici que unicr\u00e0 el centre de la ciudad amb la Zona Nord","og_url":"https:\/\/www.copealcoy.es\/es\/ix-a-concurs-lexecucio-del-carril-bici-que-unira-el-centre-amb-la-zona-nord-dalcoi\/","og_site_name":"COPE Alcoy","article_published_time":"2022-10-28T09:44:45+00:00","article_modified_time":"2022-10-29T21:22:07+00:00","og_image":[{"width":1426,"height":692,"url":"https:\/\/www.copealcoy.es\/wp-content\/uploads\/2022\/10\/Tramo-Alameda-Camilo-Sesto.jpg","type":"image\/jpeg"}],"author":"Cope Alcoy","twitter_misc":{"Escrito por":"Cope Alcoy","Tiempo de lectura":"2 minutos"},"schema":{"@context":"https:\/\/schema.org","@graph":[{"@type":"Article","@id":"https:\/\/www.copealcoy.es\/es\/ix-a-concurs-lexecucio-del-carril-bici-que-unira-el-centre-amb-la-zona-nord-dalcoi\/#article","isPartOf":{"@id":"https:\/\/www.copealcoy.es\/es\/ix-a-concurs-lexecucio-del-carril-bici-que-unira-el-centre-amb-la-zona-nord-dalcoi\/"},"author":{"name":"Cope Alcoy","@id":"https:\/\/www.copealcoy.es\/es\/#\/schema\/person\/e777c87fa024e57d40170af9df39882c"},"headline":"Ix a concurs l&#8217;execuci\u00f3 del carril bici que unir\u00e0 el Centre amb la Zona Nord d&#8217;Alcoi","datePublished":"2022-10-28T09:44:45+00:00","dateModified":"2022-10-29T21:22:07+00:00","mainEntityOfPage":{"@id":"https:\/\/www.copealcoy.es\/es\/ix-a-concurs-lexecucio-del-carril-bici-que-unira-el-centre-amb-la-zona-nord-dalcoi\/"},"wordCount":441,"commentCount":0,"image":{"@id":"https:\/\/www.copealcoy.es\/es\/ix-a-concurs-lexecucio-del-carril-bici-que-unira-el-centre-amb-la-zona-nord-dalcoi\/#primaryimage"},"thumbnailUrl":"https:\/\/www.copealcoy.es\/wp-content\/uploads\/2022\/10\/Tramo-Alameda-Camilo-Sesto.jpg","keywords":["Alcoi","carril bici","conexi\u00f3 centre","Zona Nord"],"articleSection":["Alcoy","Noticias","Pol\u00edtica y Econom\u00eda"],"inLanguage":"es"},{"@type":"WebPage","@id":"https:\/\/www.copealcoy.es\/es\/ix-a-concurs-lexecucio-del-carril-bici-que-unira-el-centre-amb-la-zona-nord-dalcoi\/","url":"https:\/\/www.copealcoy.es\/es\/ix-a-concurs-lexecucio-del-carril-bici-que-unira-el-centre-amb-la-zona-nord-dalcoi\/","name":"Ix a concurs l'execuci\u00f3 del carril bici que unir\u00e0 el Centre amb la Zona Nord d'Alcoi - COPE Alcoy","isPartOf":{"@id":"https:\/\/www.copealcoy.es\/es\/#website"},"primaryImageOfPage":{"@id":"https:\/\/www.copealcoy.es\/es\/ix-a-concurs-lexecucio-del-carril-bici-que-unira-el-centre-amb-la-zona-nord-dalcoi\/#primaryimage"},"image":{"@id":"https:\/\/www.copealcoy.es\/es\/ix-a-concurs-lexecucio-del-carril-bici-que-unira-el-centre-amb-la-zona-nord-dalcoi\/#primaryimage"},"thumbnailUrl":"https:\/\/www.copealcoy.es\/wp-content\/uploads\/2022\/10\/Tramo-Alameda-Camilo-Sesto.jpg","datePublished":"2022-10-28T09:44:45+00:00","dateModified":"2022-10-29T21:22:07+00:00","author":{"@id":"https:\/\/www.copealcoy.es\/es\/#\/schema\/person\/e777c87fa024e57d40170af9df39882c"},"description":"L'Ajuntament d'Alcoi ha tret a licitaci\u00f3 el\u00a0projecte d'execuci\u00f3 del carril bici que unicr\u00e0 el centre de la ciudad amb la Zona Nord","breadcrumb":{"@id":"https:\/\/www.copealcoy.es\/es\/ix-a-concurs-lexecucio-del-carril-bici-que-unira-el-centre-amb-la-zona-nord-dalcoi\/#breadcrumb"},"inLanguage":"es","potentialAction":[{"@type":"ReadAction","target":["https:\/\/www.copealcoy.es\/es\/ix-a-concurs-lexecucio-del-carril-bici-que-unira-el-centre-amb-la-zona-nord-dalcoi\/"]}]},{"@type":"ImageObject","inLanguage":"es","@id":"https:\/\/www.copealcoy.es\/es\/ix-a-concurs-lexecucio-del-carril-bici-que-unira-el-centre-amb-la-zona-nord-dalcoi\/#primaryimage","url":"https:\/\/www.copealcoy.es\/wp-content\/uploads\/2022\/10\/Tramo-Alameda-Camilo-Sesto.jpg","contentUrl":"https:\/\/www.copealcoy.es\/wp-content\/uploads\/2022\/10\/Tramo-Alameda-Camilo-Sesto.jpg","width":1426,"height":692},{"@type":"BreadcrumbList","@id":"https:\/\/www.copealcoy.es\/es\/ix-a-concurs-lexecucio-del-carril-bici-que-unira-el-centre-amb-la-zona-nord-dalcoi\/#breadcrumb","itemListElement":[{"@type":"ListItem","position":1,"name":"Portada","item":"https:\/\/www.copealcoy.es\/es\/"},{"@type":"ListItem","position":2,"name":"Ix a concurs l&#8217;execuci\u00f3 del carril bici que unir\u00e0 el Centre amb la Zona Nord d&#8217;Alcoi"}]},{"@type":"WebSite","@id":"https:\/\/www.copealcoy.es\/es\/#website","url":"https:\/\/www.copealcoy.es\/es\/","name":"COPE Alcoy","description":"Emisora COPE de radio local con emisi\u00f3n online. Pont de Sant Jordi 8-10 03803 Alcoy","potentialAction":[{"@type":"SearchAction","target":{"@type":"EntryPoint","urlTemplate":"https:\/\/www.copealcoy.es\/es\/?s={search_term_string}"},"query-input":{"@type":"PropertyValueSpecification","valueRequired":true,"valueName":"search_term_string"}}],"inLanguage":"es"},{"@type":"Person","@id":"https:\/\/www.copealcoy.es\/es\/#\/schema\/person\/e777c87fa024e57d40170af9df39882c","name":"Cope Alcoy","image":{"@type":"ImageObject","inLanguage":"es","@id":"https:\/\/secure.gravatar.com\/avatar\/bb65d0283347e303893ba14f0692005417c1e0e690a325a4c5d8bb2b3943ee14?s=96&d=mm&r=g","url":"https:\/\/secure.gravatar.com\/avatar\/bb65d0283347e303893ba14f0692005417c1e0e690a325a4c5d8bb2b3943ee14?s=96&d=mm&r=g","contentUrl":"https:\/\/secure.gravatar.com\/avatar\/bb65d0283347e303893ba14f0692005417c1e0e690a325a4c5d8bb2b3943ee14?s=96&d=mm&r=g","caption":"Cope Alcoy"}}]}},"_links":{"self":[{"href":"https:\/\/www.copealcoy.es\/es\/wp-json\/wp\/v2\/posts\/93535","targetHints":{"allow":["GET"]}}],"collection":[{"href":"https:\/\/www.copealcoy.es\/es\/wp-json\/wp\/v2\/posts"}],"about":[{"href":"https:\/\/www.copealcoy.es\/es\/wp-json\/wp\/v2\/types\/post"}],"author":[{"embeddable":true,"href":"https:\/\/www.copealcoy.es\/es\/wp-json\/wp\/v2\/users\/1"}],"replies":[{"embeddable":true,"href":"https:\/\/www.copealcoy.es\/es\/wp-json\/wp\/v2\/comments?post=93535"}],"version-history":[{"count":0,"href":"https:\/\/www.copealcoy.es\/es\/wp-json\/wp\/v2\/posts\/93535\/revisions"}],"wp:featuredmedia":[{"embeddable":true,"href":"https:\/\/www.copealcoy.es\/es\/wp-json\/wp\/v2\/media\/93536"}],"wp:attachment":[{"href":"https:\/\/www.copealcoy.es\/es\/wp-json\/wp\/v2\/media?parent=93535"}],"wp:term":[{"taxonomy":"category","embeddable":true,"href":"https:\/\/www.copealcoy.es\/es\/wp-json\/wp\/v2\/categories?post=93535"},{"taxonomy":"post_tag","embeddable":true,"href":"https:\/\/www.copealcoy.es\/es\/wp-json\/wp\/v2\/tags?post=93535"}],"curies":[{"name":"wp","href":"https:\/\/api.w.org\/{rel}","templated":true}]}}