{"id":93368,"date":"2022-10-25T09:15:57","date_gmt":"2022-10-25T08:15:57","guid":{"rendered":"https:\/\/www.copealcoy.es\/?p=93368"},"modified":"2022-10-25T09:51:33","modified_gmt":"2022-10-25T08:51:33","slug":"alcoi-condemna-el-crim-masclista-ocorregut-a-la-ciutat-durant-el-cap-de-setmana","status":"publish","type":"post","link":"https:\/\/www.copealcoy.es\/es\/alcoi-condemna-el-crim-masclista-ocorregut-a-la-ciutat-durant-el-cap-de-setmana\/","title":{"rendered":"Alcoi condemna el crim masclista ocorregut a la ciutat durant el cap de setmana"},"content":{"rendered":"<p style=\"text-align: justify;\">La Pla\u00e7a d&#8217;Espanya d&#8217;Alcoi <strong>es va omplir de gent ahir dilluns a la vesprada<\/strong>\u00a0en <strong>la concentraci\u00f3 silenciosa convocada per l&#8217;Ajuntament<\/strong> per tal de <strong>condemnar el crim masclista<\/strong> que ha ocorregut a la ciutat durant aquest passat cap de setmana. Centenars de persones <strong>expressaren la seua solidaritat amb els familiars de la v\u00edctima<\/strong> i <strong>van guardar cinc minuts de silenci<\/strong> en mem\u00f2ria de la xica de vint-i-set anys que va perdre la vida a mans de la seua parella sentimental.<\/p>\n<p style=\"text-align: justify;\">A la concentraci\u00f3 van acudir la subdelegada del Govern a la prov\u00edncia d&#8217;Alacant, <strong>Araceli Poblador<\/strong>, i bona part de la Corporaci\u00f3 Municipal encap\u00e7alada per l&#8217;alcalde; <strong>Toni Franc\u00e9s<\/strong>. Tots dos <strong>van aprofitar l&#8217;ocasi\u00f3 per a apel\u00b7lar a la unitat<\/strong> de cara a plantar cara a la xacra social de la viol\u00e8ncia de g\u00e8nere. Tamb\u00e9 van estar presents en l&#8217;acte <strong>alguns\u00a0representants de les forces i cossos de seguretat o pol\u00edtics<\/strong> com <strong>la Diputada Nacional del PSOE<\/strong>; Patri Blanquer.<\/p>\n<p style=\"text-align: justify;\">Des del <strong>Col\u00b7lectiu 8 de mar\u00e7<\/strong> han em\u00e9s tamb\u00e9 un comunicat de condemna als fets que han passat aquest cap de setmana a Alcoi. El text el pots llegir a continuaci\u00f3:<\/p>\n<p style=\"text-align: justify;\"><em>El Col\u00b7lectiu 8 de mar\u00e7 volem manifestar el nostre dol i la nostra consternaci\u00f3 davant del presumpte assassinat masclista produ\u00eft ahir en la nostra ciutat. Tot sembla indicar que un home de\u00a0<span class=\"hiddenGreenError\">29<\/span>\u00a0anys ha assassinat a la seua parella de 27.<\/em><\/p>\n<p style=\"text-align: justify;\"><em>Davant d\u2019aquest fet mostrem la nostra r\u00e0bia i la nostra indignaci\u00f3 pel fet que encara hui a les dones se\u2019ns assassine pel fet de ser dones.<\/em><\/p>\n<p style=\"text-align: justify;\"><em>La viol\u00e8ncia cap a les dones constitueix una manifestaci\u00f3 de les relacions de poder hist\u00f2ricament desiguals entre homes i dones i \u00e9s un atemptat cap a la igualtat, la seguretat, la llibertat, la dignitat i la integritat de les dones,\u00a0<span class=\"hiddenGrammarError\">tal i com<\/span>\u00a0ha succe\u00eft aquesta vegada en el nostre municipi.<\/em><\/p>\n<p style=\"text-align: justify;\"><em>Ella no havia denunciat mai<span class=\"hiddenGrammarError\" style=\"padding-bottom: 2px; background-image: url('..\/..\/..\/..\/..\/images\/squiggle.png'); background-repeat: repeat-x; background-position: left bottom; vertical-align: text-top; cursor: default; color: #000000; font-family: Verdana, Arial, Helvetica, sans-serif; font-size: 12px; font-variant-ligatures: normal; font-variant-caps: normal; font-weight: 400; letter-spacing: normal; orphans: 2; text-align: start; text-indent: 0px; text-transform: none; white-space: normal; widows: 2; word-spacing: 0px; -webkit-text-stroke-width: 0px; background-color: #f7f7f7; text-decoration-thickness: initial; text-decoration-style: initial; text-decoration-color: initial;\">\u00a0per\u00f2<\/span>\u00a0per aquest fet no podem eximir de la responsabilitat que tenen les institucions p\u00fabliques en el que succeeix cada dia arreu del territori; assetjaments, burles, amenaces, control, humiliacions, vexacions, a\u00efllament, pallisses&#8230; en definitiva viol\u00e8ncia psicol\u00f2gica i f\u00edsica que pateixes les dones i que exerceixen els homes fruit d\u2019una societat masclista. Negar la viol\u00e8ncia contra les dones tamb\u00e9 \u00e9s viol\u00e8ncia.<\/em><\/p>\n<p style=\"text-align: justify;\"><em>Ni les administracions p\u00fabliques, ni els \u00f2rgans judicials ni el sistema educatiu estan avan\u00e7ant en la mesura que la societat necessita per tal de revertir les viol\u00e8ncies masclistes que dia a dia patim.<\/em><\/p>\n<p style=\"text-align: justify;\"><em>\u00c9s imprescindible un sistema\u00a0<span class=\"hiddenSpellError\">coeducatiu<\/span>\u00a0en totes les etapes educatives perqu\u00e8 s\u2019eduque i es fomente la igualtat i el respecte de les nostres xiquetes, dels nostres xiquets i dels i les adolescents.<\/em><\/p>\n<p style=\"text-align: justify;\"><em>La lluita contra la viol\u00e8ncia masclista ha de ser una tasca comuna de totes les institucions i de la societat civil. Demanem el comprom\u00eds de les institucions en la prevenci\u00f3 i en l\u2019erradicaci\u00f3 davant aquesta xacra social,\u00a0<span class=\"hiddenGreenError\">aix\u00ed com tamb\u00e9<\/span>\u00a0subscrivim el nostre comprom\u00eds com a col\u00b7lectiu feminista de lluitar per una societat m\u00e9s plural, igualit\u00e0ria, respectuosa i feminista.<\/em><\/p>\n<p style=\"text-align: justify;\"><em>Ens volem vives. Diem un rotund NO a la viol\u00e8ncia cap a les dones.<\/em><\/p>\n","protected":false},"excerpt":{"rendered":"<p>La Pla\u00e7a d&#8217;Espanya d&#8217;Alcoi es va omplir de gent ahir dilluns a la vesprada\u00a0en la concentraci\u00f3 silenciosa convocada per l&#8217;Ajuntament&#8230;<\/p>\n","protected":false},"author":1,"featured_media":93369,"comment_status":"open","ping_status":"open","sticky":false,"template":"","format":"standard","meta":{"footnotes":""},"categories":[6909,97,75],"tags":[160,12497,13383,10410],"class_list":["post-93368","post","type-post","status-publish","format-standard","has-post-thumbnail","hentry","category-actualidad","category-alcoy","category-noticias","tag-alcoi","tag-concentracio","tag-crim-masclista","tag-violencia-de-genere"],"yoast_head":"<!-- This site is optimized with the Yoast SEO plugin v27.3 - https:\/\/yoast.com\/product\/yoast-seo-wordpress\/ -->\n<title>Alcoi condemna el crim masclista ocorregut a la ciutat durant el cap de setmana - COPE Alcoy<\/title>\n<meta name=\"robots\" content=\"index, follow, max-snippet:-1, max-image-preview:large, max-video-preview:-1\" \/>\n<link rel=\"canonical\" href=\"https:\/\/www.copealcoy.es\/es\/alcoi-condemna-el-crim-masclista-ocorregut-a-la-ciutat-durant-el-cap-de-setmana\/\" \/>\n<meta property=\"og:locale\" content=\"es_ES\" \/>\n<meta property=\"og:type\" content=\"article\" \/>\n<meta property=\"og:title\" content=\"Alcoi condemna el crim masclista ocorregut a la ciutat durant el cap de setmana - COPE Alcoy\" \/>\n<meta property=\"og:description\" content=\"La Pla\u00e7a d&#8217;Espanya d&#8217;Alcoi es va omplir de gent ahir dilluns a la vesprada\u00a0en la concentraci\u00f3 silenciosa convocada per l&#8217;Ajuntament...\" \/>\n<meta property=\"og:url\" content=\"https:\/\/www.copealcoy.es\/es\/alcoi-condemna-el-crim-masclista-ocorregut-a-la-ciutat-durant-el-cap-de-setmana\/\" \/>\n<meta property=\"og:site_name\" content=\"COPE Alcoy\" \/>\n<meta property=\"article:published_time\" content=\"2022-10-25T08:15:57+00:00\" \/>\n<meta property=\"article:modified_time\" content=\"2022-10-25T08:51:33+00:00\" \/>\n<meta property=\"og:image\" content=\"https:\/\/www.copealcoy.es\/wp-content\/uploads\/2022\/10\/312896837_482691860558011_6189984229915902997_n.jpg\" \/>\n\t<meta property=\"og:image:width\" content=\"600\" \/>\n\t<meta property=\"og:image:height\" content=\"450\" \/>\n\t<meta property=\"og:image:type\" content=\"image\/jpeg\" \/>\n<meta name=\"author\" content=\"Cope Alcoy\" \/>\n<meta name=\"twitter:label1\" content=\"Escrito por\" \/>\n\t<meta name=\"twitter:data1\" content=\"Cope Alcoy\" \/>\n\t<meta name=\"twitter:label2\" content=\"Tiempo de lectura\" \/>\n\t<meta name=\"twitter:data2\" content=\"3 minutos\" \/>\n<script type=\"application\/ld+json\" class=\"yoast-schema-graph\">{\"@context\":\"https:\\\/\\\/schema.org\",\"@graph\":[{\"@type\":\"Article\",\"@id\":\"https:\\\/\\\/www.copealcoy.es\\\/es\\\/alcoi-condemna-el-crim-masclista-ocorregut-a-la-ciutat-durant-el-cap-de-setmana\\\/#article\",\"isPartOf\":{\"@id\":\"https:\\\/\\\/www.copealcoy.es\\\/es\\\/alcoi-condemna-el-crim-masclista-ocorregut-a-la-ciutat-durant-el-cap-de-setmana\\\/\"},\"author\":{\"name\":\"Cope Alcoy\",\"@id\":\"https:\\\/\\\/www.copealcoy.es\\\/es\\\/#\\\/schema\\\/person\\\/e777c87fa024e57d40170af9df39882c\"},\"headline\":\"Alcoi condemna el crim masclista ocorregut a la ciutat durant el cap de setmana\",\"datePublished\":\"2022-10-25T08:15:57+00:00\",\"dateModified\":\"2022-10-25T08:51:33+00:00\",\"mainEntityOfPage\":{\"@id\":\"https:\\\/\\\/www.copealcoy.es\\\/es\\\/alcoi-condemna-el-crim-masclista-ocorregut-a-la-ciutat-durant-el-cap-de-setmana\\\/\"},\"wordCount\":567,\"commentCount\":0,\"image\":{\"@id\":\"https:\\\/\\\/www.copealcoy.es\\\/es\\\/alcoi-condemna-el-crim-masclista-ocorregut-a-la-ciutat-durant-el-cap-de-setmana\\\/#primaryimage\"},\"thumbnailUrl\":\"https:\\\/\\\/www.copealcoy.es\\\/wp-content\\\/uploads\\\/2022\\\/10\\\/312896837_482691860558011_6189984229915902997_n.jpg\",\"keywords\":[\"Alcoi\",\"concentraci\u00f3\",\"crim masclista\",\"Viol\u00e8ncia de G\u00e8nere\"],\"articleSection\":[\"Actualidad\",\"Alcoy\",\"Noticias\"],\"inLanguage\":\"es\"},{\"@type\":\"WebPage\",\"@id\":\"https:\\\/\\\/www.copealcoy.es\\\/es\\\/alcoi-condemna-el-crim-masclista-ocorregut-a-la-ciutat-durant-el-cap-de-setmana\\\/\",\"url\":\"https:\\\/\\\/www.copealcoy.es\\\/es\\\/alcoi-condemna-el-crim-masclista-ocorregut-a-la-ciutat-durant-el-cap-de-setmana\\\/\",\"name\":\"Alcoi condemna el crim masclista ocorregut a la ciutat durant el cap de setmana - COPE Alcoy\",\"isPartOf\":{\"@id\":\"https:\\\/\\\/www.copealcoy.es\\\/es\\\/#website\"},\"primaryImageOfPage\":{\"@id\":\"https:\\\/\\\/www.copealcoy.es\\\/es\\\/alcoi-condemna-el-crim-masclista-ocorregut-a-la-ciutat-durant-el-cap-de-setmana\\\/#primaryimage\"},\"image\":{\"@id\":\"https:\\\/\\\/www.copealcoy.es\\\/es\\\/alcoi-condemna-el-crim-masclista-ocorregut-a-la-ciutat-durant-el-cap-de-setmana\\\/#primaryimage\"},\"thumbnailUrl\":\"https:\\\/\\\/www.copealcoy.es\\\/wp-content\\\/uploads\\\/2022\\\/10\\\/312896837_482691860558011_6189984229915902997_n.jpg\",\"datePublished\":\"2022-10-25T08:15:57+00:00\",\"dateModified\":\"2022-10-25T08:51:33+00:00\",\"author\":{\"@id\":\"https:\\\/\\\/www.copealcoy.es\\\/es\\\/#\\\/schema\\\/person\\\/e777c87fa024e57d40170af9df39882c\"},\"breadcrumb\":{\"@id\":\"https:\\\/\\\/www.copealcoy.es\\\/es\\\/alcoi-condemna-el-crim-masclista-ocorregut-a-la-ciutat-durant-el-cap-de-setmana\\\/#breadcrumb\"},\"inLanguage\":\"es\",\"potentialAction\":[{\"@type\":\"ReadAction\",\"target\":[\"https:\\\/\\\/www.copealcoy.es\\\/es\\\/alcoi-condemna-el-crim-masclista-ocorregut-a-la-ciutat-durant-el-cap-de-setmana\\\/\"]}]},{\"@type\":\"ImageObject\",\"inLanguage\":\"es\",\"@id\":\"https:\\\/\\\/www.copealcoy.es\\\/es\\\/alcoi-condemna-el-crim-masclista-ocorregut-a-la-ciutat-durant-el-cap-de-setmana\\\/#primaryimage\",\"url\":\"https:\\\/\\\/www.copealcoy.es\\\/wp-content\\\/uploads\\\/2022\\\/10\\\/312896837_482691860558011_6189984229915902997_n.jpg\",\"contentUrl\":\"https:\\\/\\\/www.copealcoy.es\\\/wp-content\\\/uploads\\\/2022\\\/10\\\/312896837_482691860558011_6189984229915902997_n.jpg\",\"width\":600,\"height\":450},{\"@type\":\"BreadcrumbList\",\"@id\":\"https:\\\/\\\/www.copealcoy.es\\\/es\\\/alcoi-condemna-el-crim-masclista-ocorregut-a-la-ciutat-durant-el-cap-de-setmana\\\/#breadcrumb\",\"itemListElement\":[{\"@type\":\"ListItem\",\"position\":1,\"name\":\"Portada\",\"item\":\"https:\\\/\\\/www.copealcoy.es\\\/es\\\/\"},{\"@type\":\"ListItem\",\"position\":2,\"name\":\"Alcoi condemna el crim masclista ocorregut a la ciutat durant el cap de setmana\"}]},{\"@type\":\"WebSite\",\"@id\":\"https:\\\/\\\/www.copealcoy.es\\\/es\\\/#website\",\"url\":\"https:\\\/\\\/www.copealcoy.es\\\/es\\\/\",\"name\":\"COPE Alcoy\",\"description\":\"Emisora COPE de radio local con emisi\u00f3n online. Pont de Sant Jordi 8-10 03803 Alcoy\",\"potentialAction\":[{\"@type\":\"SearchAction\",\"target\":{\"@type\":\"EntryPoint\",\"urlTemplate\":\"https:\\\/\\\/www.copealcoy.es\\\/es\\\/?s={search_term_string}\"},\"query-input\":{\"@type\":\"PropertyValueSpecification\",\"valueRequired\":true,\"valueName\":\"search_term_string\"}}],\"inLanguage\":\"es\"},{\"@type\":\"Person\",\"@id\":\"https:\\\/\\\/www.copealcoy.es\\\/es\\\/#\\\/schema\\\/person\\\/e777c87fa024e57d40170af9df39882c\",\"name\":\"Cope Alcoy\",\"image\":{\"@type\":\"ImageObject\",\"inLanguage\":\"es\",\"@id\":\"https:\\\/\\\/secure.gravatar.com\\\/avatar\\\/bb65d0283347e303893ba14f0692005417c1e0e690a325a4c5d8bb2b3943ee14?s=96&d=mm&r=g\",\"url\":\"https:\\\/\\\/secure.gravatar.com\\\/avatar\\\/bb65d0283347e303893ba14f0692005417c1e0e690a325a4c5d8bb2b3943ee14?s=96&d=mm&r=g\",\"contentUrl\":\"https:\\\/\\\/secure.gravatar.com\\\/avatar\\\/bb65d0283347e303893ba14f0692005417c1e0e690a325a4c5d8bb2b3943ee14?s=96&d=mm&r=g\",\"caption\":\"Cope Alcoy\"}}]}<\/script>\n<!-- \/ Yoast SEO plugin. -->","yoast_head_json":{"title":"Alcoi condemna el crim masclista ocorregut a la ciutat durant el cap de setmana - COPE Alcoy","robots":{"index":"index","follow":"follow","max-snippet":"max-snippet:-1","max-image-preview":"max-image-preview:large","max-video-preview":"max-video-preview:-1"},"canonical":"https:\/\/www.copealcoy.es\/es\/alcoi-condemna-el-crim-masclista-ocorregut-a-la-ciutat-durant-el-cap-de-setmana\/","og_locale":"es_ES","og_type":"article","og_title":"Alcoi condemna el crim masclista ocorregut a la ciutat durant el cap de setmana - COPE Alcoy","og_description":"La Pla\u00e7a d&#8217;Espanya d&#8217;Alcoi es va omplir de gent ahir dilluns a la vesprada\u00a0en la concentraci\u00f3 silenciosa convocada per l&#8217;Ajuntament...","og_url":"https:\/\/www.copealcoy.es\/es\/alcoi-condemna-el-crim-masclista-ocorregut-a-la-ciutat-durant-el-cap-de-setmana\/","og_site_name":"COPE Alcoy","article_published_time":"2022-10-25T08:15:57+00:00","article_modified_time":"2022-10-25T08:51:33+00:00","og_image":[{"width":600,"height":450,"url":"https:\/\/www.copealcoy.es\/wp-content\/uploads\/2022\/10\/312896837_482691860558011_6189984229915902997_n.jpg","type":"image\/jpeg"}],"author":"Cope Alcoy","twitter_misc":{"Escrito por":"Cope Alcoy","Tiempo de lectura":"3 minutos"},"schema":{"@context":"https:\/\/schema.org","@graph":[{"@type":"Article","@id":"https:\/\/www.copealcoy.es\/es\/alcoi-condemna-el-crim-masclista-ocorregut-a-la-ciutat-durant-el-cap-de-setmana\/#article","isPartOf":{"@id":"https:\/\/www.copealcoy.es\/es\/alcoi-condemna-el-crim-masclista-ocorregut-a-la-ciutat-durant-el-cap-de-setmana\/"},"author":{"name":"Cope Alcoy","@id":"https:\/\/www.copealcoy.es\/es\/#\/schema\/person\/e777c87fa024e57d40170af9df39882c"},"headline":"Alcoi condemna el crim masclista ocorregut a la ciutat durant el cap de setmana","datePublished":"2022-10-25T08:15:57+00:00","dateModified":"2022-10-25T08:51:33+00:00","mainEntityOfPage":{"@id":"https:\/\/www.copealcoy.es\/es\/alcoi-condemna-el-crim-masclista-ocorregut-a-la-ciutat-durant-el-cap-de-setmana\/"},"wordCount":567,"commentCount":0,"image":{"@id":"https:\/\/www.copealcoy.es\/es\/alcoi-condemna-el-crim-masclista-ocorregut-a-la-ciutat-durant-el-cap-de-setmana\/#primaryimage"},"thumbnailUrl":"https:\/\/www.copealcoy.es\/wp-content\/uploads\/2022\/10\/312896837_482691860558011_6189984229915902997_n.jpg","keywords":["Alcoi","concentraci\u00f3","crim masclista","Viol\u00e8ncia de G\u00e8nere"],"articleSection":["Actualidad","Alcoy","Noticias"],"inLanguage":"es"},{"@type":"WebPage","@id":"https:\/\/www.copealcoy.es\/es\/alcoi-condemna-el-crim-masclista-ocorregut-a-la-ciutat-durant-el-cap-de-setmana\/","url":"https:\/\/www.copealcoy.es\/es\/alcoi-condemna-el-crim-masclista-ocorregut-a-la-ciutat-durant-el-cap-de-setmana\/","name":"Alcoi condemna el crim masclista ocorregut a la ciutat durant el cap de setmana - COPE Alcoy","isPartOf":{"@id":"https:\/\/www.copealcoy.es\/es\/#website"},"primaryImageOfPage":{"@id":"https:\/\/www.copealcoy.es\/es\/alcoi-condemna-el-crim-masclista-ocorregut-a-la-ciutat-durant-el-cap-de-setmana\/#primaryimage"},"image":{"@id":"https:\/\/www.copealcoy.es\/es\/alcoi-condemna-el-crim-masclista-ocorregut-a-la-ciutat-durant-el-cap-de-setmana\/#primaryimage"},"thumbnailUrl":"https:\/\/www.copealcoy.es\/wp-content\/uploads\/2022\/10\/312896837_482691860558011_6189984229915902997_n.jpg","datePublished":"2022-10-25T08:15:57+00:00","dateModified":"2022-10-25T08:51:33+00:00","author":{"@id":"https:\/\/www.copealcoy.es\/es\/#\/schema\/person\/e777c87fa024e57d40170af9df39882c"},"breadcrumb":{"@id":"https:\/\/www.copealcoy.es\/es\/alcoi-condemna-el-crim-masclista-ocorregut-a-la-ciutat-durant-el-cap-de-setmana\/#breadcrumb"},"inLanguage":"es","potentialAction":[{"@type":"ReadAction","target":["https:\/\/www.copealcoy.es\/es\/alcoi-condemna-el-crim-masclista-ocorregut-a-la-ciutat-durant-el-cap-de-setmana\/"]}]},{"@type":"ImageObject","inLanguage":"es","@id":"https:\/\/www.copealcoy.es\/es\/alcoi-condemna-el-crim-masclista-ocorregut-a-la-ciutat-durant-el-cap-de-setmana\/#primaryimage","url":"https:\/\/www.copealcoy.es\/wp-content\/uploads\/2022\/10\/312896837_482691860558011_6189984229915902997_n.jpg","contentUrl":"https:\/\/www.copealcoy.es\/wp-content\/uploads\/2022\/10\/312896837_482691860558011_6189984229915902997_n.jpg","width":600,"height":450},{"@type":"BreadcrumbList","@id":"https:\/\/www.copealcoy.es\/es\/alcoi-condemna-el-crim-masclista-ocorregut-a-la-ciutat-durant-el-cap-de-setmana\/#breadcrumb","itemListElement":[{"@type":"ListItem","position":1,"name":"Portada","item":"https:\/\/www.copealcoy.es\/es\/"},{"@type":"ListItem","position":2,"name":"Alcoi condemna el crim masclista ocorregut a la ciutat durant el cap de setmana"}]},{"@type":"WebSite","@id":"https:\/\/www.copealcoy.es\/es\/#website","url":"https:\/\/www.copealcoy.es\/es\/","name":"COPE Alcoy","description":"Emisora COPE de radio local con emisi\u00f3n online. Pont de Sant Jordi 8-10 03803 Alcoy","potentialAction":[{"@type":"SearchAction","target":{"@type":"EntryPoint","urlTemplate":"https:\/\/www.copealcoy.es\/es\/?s={search_term_string}"},"query-input":{"@type":"PropertyValueSpecification","valueRequired":true,"valueName":"search_term_string"}}],"inLanguage":"es"},{"@type":"Person","@id":"https:\/\/www.copealcoy.es\/es\/#\/schema\/person\/e777c87fa024e57d40170af9df39882c","name":"Cope Alcoy","image":{"@type":"ImageObject","inLanguage":"es","@id":"https:\/\/secure.gravatar.com\/avatar\/bb65d0283347e303893ba14f0692005417c1e0e690a325a4c5d8bb2b3943ee14?s=96&d=mm&r=g","url":"https:\/\/secure.gravatar.com\/avatar\/bb65d0283347e303893ba14f0692005417c1e0e690a325a4c5d8bb2b3943ee14?s=96&d=mm&r=g","contentUrl":"https:\/\/secure.gravatar.com\/avatar\/bb65d0283347e303893ba14f0692005417c1e0e690a325a4c5d8bb2b3943ee14?s=96&d=mm&r=g","caption":"Cope Alcoy"}}]}},"_links":{"self":[{"href":"https:\/\/www.copealcoy.es\/es\/wp-json\/wp\/v2\/posts\/93368","targetHints":{"allow":["GET"]}}],"collection":[{"href":"https:\/\/www.copealcoy.es\/es\/wp-json\/wp\/v2\/posts"}],"about":[{"href":"https:\/\/www.copealcoy.es\/es\/wp-json\/wp\/v2\/types\/post"}],"author":[{"embeddable":true,"href":"https:\/\/www.copealcoy.es\/es\/wp-json\/wp\/v2\/users\/1"}],"replies":[{"embeddable":true,"href":"https:\/\/www.copealcoy.es\/es\/wp-json\/wp\/v2\/comments?post=93368"}],"version-history":[{"count":0,"href":"https:\/\/www.copealcoy.es\/es\/wp-json\/wp\/v2\/posts\/93368\/revisions"}],"wp:featuredmedia":[{"embeddable":true,"href":"https:\/\/www.copealcoy.es\/es\/wp-json\/wp\/v2\/media\/93369"}],"wp:attachment":[{"href":"https:\/\/www.copealcoy.es\/es\/wp-json\/wp\/v2\/media?parent=93368"}],"wp:term":[{"taxonomy":"category","embeddable":true,"href":"https:\/\/www.copealcoy.es\/es\/wp-json\/wp\/v2\/categories?post=93368"},{"taxonomy":"post_tag","embeddable":true,"href":"https:\/\/www.copealcoy.es\/es\/wp-json\/wp\/v2\/tags?post=93368"}],"curies":[{"name":"wp","href":"https:\/\/api.w.org\/{rel}","templated":true}]}}