{"id":93332,"date":"2022-10-24T07:05:53","date_gmt":"2022-10-24T06:05:53","guid":{"rendered":"https:\/\/www.copealcoy.es\/?p=93332"},"modified":"2022-10-25T06:20:28","modified_gmt":"2022-10-25T05:20:28","slug":"sanitat-vacuna-a-95-102-valencians-contra-la-grip-durant-la-primera-setmana-de-la-campanya-en-la-comunitat","status":"publish","type":"post","link":"https:\/\/www.copealcoy.es\/es\/sanitat-vacuna-a-95-102-valencians-contra-la-grip-durant-la-primera-setmana-de-la-campanya-en-la-comunitat\/","title":{"rendered":"Sanitat vacuna a 95.102 valencians contra la grip durant la primera setmana de la campanya en la Comunitat"},"content":{"rendered":"<p style=\"text-align: justify;\">La <strong>campanya antigripal d&#8217;enguany<\/strong> va arrancar el passat 17 d&#8217;octubre i, com en l&#8217;anterior, <strong>s&#8217;est\u00e0 simultanejant amb l&#8217;administraci\u00f3 de la vacuna del Coronavirus<\/strong> per als qui tenen indicada la doble immunitzaci\u00f3 -ara s&#8217;est\u00e0 posant la segona dosi de record contra la Covid 19-. D&#8217;aquesta manera, quan la persona t\u00e9 prescrita les dues vacunes, s&#8217;inoculen alhora (una en cada bra\u00e7).<\/p>\n<p style=\"text-align: justify;\">Els col\u00b7lectius <strong>per als quals est\u00e0 pautada<\/strong> la vacuna antigripal no han variat. Es tracta de <strong>majors de 65 anys<\/strong> (74.603 dosis administrades), <strong>dones embarassades<\/strong> o que <strong>acaben de donar a llum<\/strong> (1.389) o <strong>persones que tenen risc de patir complicacions<\/strong> si es contagien, aix\u00ed com els seus convivents.<\/p>\n<p style=\"text-align: justify;\">En aquest \u00faltim grup es troben <strong>els menors i adults amb malalties cr\u00f2niques cardiovasculars, neurol\u00f2giques o respirat\u00f2ries, aix\u00ed com persones amb diabetis mellitus, obesitat m\u00f2rbida, neopl\u00e0sies, implant coclear, malaltia cel\u00edaca o malaltia inflamat\u00f2ria cr\u00f2nica<\/strong>, entre altres, ha indicat la <a href=\"http:\/\/www.san.gva.es\"><strong><span style=\"color: #0000ff;\">Generalitat Valenciana<\/span><\/strong><\/a> en un comunicat.<\/p>\n<p style=\"text-align: justify;\">La vacuna de la grip <strong>tamb\u00e9 est\u00e0 indicada per al personal sanitari i sociosanitari<\/strong> (10.868 dosis administrades), que est\u00e0 sent immunitzat, majorit\u00e0riament en els seus centres de treball. M\u00e9s avan\u00e7ada la campanya, <strong>ser\u00e0 el torn del personal de serveis essencials<\/strong>.<\/p>\n<p style=\"text-align: justify;\">D&#8217;altra banda, <strong>s&#8217;est\u00e0 vacunant en els centres de majors o de diversitat funcional<\/strong> als qui viuen en ells per comoditat, per a evitar que hagen de despla\u00e7ar-se.<\/p>\n<p style=\"text-align: justify;\"><strong><span style=\"color: #0000ff;\">Vacunaci\u00f3 en els Centres de Salut<\/span><\/strong><\/p>\n<p style=\"text-align: justify;\">En canvi, la immunitzaci\u00f3 antigripal de les persones majors que no viuen en resid\u00e8ncies <strong>s&#8217;est\u00e0 escometent en els Centres de Salut<\/strong>, amb cita pr\u00e8via i prioritzant a les m\u00e9s ancianes perqu\u00e8 l&#8217;edat \u00e9s un factor de risc per a la infecci\u00f3 per grip.<\/p>\n<p style=\"text-align: justify;\">Tamb\u00e9 <strong>les dones embarassades i pu\u00e8rperes<\/strong> i <strong>les persones que necessiten vacunar-se perqu\u00e8 pateixen patologies de base<\/strong> que es poden complicar si contrauen la grip estan sent vacunades en els seus Centres de Salut (pr\u00e8via petici\u00f3 de cita o aprofitant que han d&#8217;anar per qualsevol altre motiu).<\/p>\n<p style=\"text-align: justify;\">Per a tots ells,<strong> s&#8217;han destinat 1.285.000 dosi de vacuna<\/strong> tetravalent, una formulaci\u00f3 dissenyada per a oferir protecci\u00f3 enfront de quatre tipus diferents del virus de la grip: dos de tipus A i dos de tipus B.<\/p>\n<p style=\"text-align: justify;\">Conforme avan\u00e7 la campanya de vacunaci\u00f3 antigripal, <strong>Sanitat t\u00e9 previst desenvolupar accions de captaci\u00f3 activa<\/strong> (via SMS o trucada telef\u00f2nica) per a animar a vacunar-se contra la grip a totes aquelles persones que tinguen la indicaci\u00f3 per\u00f2 no hagen acudit a vacunar-se.<\/p>\n","protected":false},"excerpt":{"rendered":"<p>La campanya antigripal d&#8217;enguany va arrancar el passat 17 d&#8217;octubre i, com en l&#8217;anterior, s&#8217;est\u00e0 simultanejant amb l&#8217;administraci\u00f3 de la&#8230;<\/p>\n","protected":false},"author":1,"featured_media":73678,"comment_status":"open","ping_status":"open","sticky":false,"template":"","format":"standard","meta":{"footnotes":""},"categories":[6909,75],"tags":[9579,1768,9913,13340,10373,10448],"class_list":["post-93332","post","type-post","status-publish","format-standard","has-post-thumbnail","hentry","category-actualidad","category-noticias","tag-campanya","tag-comunitat-valenciana","tag-dades","tag-grip","tag-vacuna","tag-xifres"],"yoast_head":"<!-- This site is optimized with the Yoast SEO plugin v27.3 - https:\/\/yoast.com\/product\/yoast-seo-wordpress\/ -->\n<title>Sanitat vacuna a 95.102 valencians contra la grip durant la primera setmana de la campanya en la Comunitat - COPE Alcoy<\/title>\n<meta name=\"description\" content=\"La campanya antigripal d&#039;enguany va arrancar el passat 17 d&#039;octubre i s&#039;est\u00e0 simultanejant amb l&#039;administraci\u00f3 de la vacuna del Coronavirus\" \/>\n<meta name=\"robots\" content=\"index, follow, max-snippet:-1, max-image-preview:large, max-video-preview:-1\" \/>\n<link rel=\"canonical\" href=\"https:\/\/www.copealcoy.es\/es\/sanitat-vacuna-a-95-102-valencians-contra-la-grip-durant-la-primera-setmana-de-la-campanya-en-la-comunitat\/\" \/>\n<meta property=\"og:locale\" content=\"es_ES\" \/>\n<meta property=\"og:type\" content=\"article\" \/>\n<meta property=\"og:title\" content=\"Sanitat vacuna a 95.102 valencians contra la grip durant la primera setmana de la campanya en la Comunitat - COPE Alcoy\" \/>\n<meta property=\"og:description\" content=\"La campanya antigripal d&#039;enguany va arrancar el passat 17 d&#039;octubre i s&#039;est\u00e0 simultanejant amb l&#039;administraci\u00f3 de la vacuna del Coronavirus\" \/>\n<meta property=\"og:url\" content=\"https:\/\/www.copealcoy.es\/es\/sanitat-vacuna-a-95-102-valencians-contra-la-grip-durant-la-primera-setmana-de-la-campanya-en-la-comunitat\/\" \/>\n<meta property=\"og:site_name\" content=\"COPE Alcoy\" \/>\n<meta property=\"article:published_time\" content=\"2022-10-24T06:05:53+00:00\" \/>\n<meta property=\"article:modified_time\" content=\"2022-10-25T05:20:28+00:00\" \/>\n<meta property=\"og:image\" content=\"https:\/\/www.copealcoy.es\/wp-content\/uploads\/2021\/05\/1621234190631.jpg\" \/>\n\t<meta property=\"og:image:width\" content=\"976\" \/>\n\t<meta property=\"og:image:height\" content=\"512\" \/>\n\t<meta property=\"og:image:type\" content=\"image\/jpeg\" \/>\n<meta name=\"author\" content=\"Cope Alcoy\" \/>\n<meta name=\"twitter:label1\" content=\"Escrito por\" \/>\n\t<meta name=\"twitter:data1\" content=\"Cope Alcoy\" \/>\n\t<meta name=\"twitter:label2\" content=\"Tiempo de lectura\" \/>\n\t<meta name=\"twitter:data2\" content=\"2 minutos\" \/>\n<script type=\"application\/ld+json\" class=\"yoast-schema-graph\">{\"@context\":\"https:\\\/\\\/schema.org\",\"@graph\":[{\"@type\":\"Article\",\"@id\":\"https:\\\/\\\/www.copealcoy.es\\\/es\\\/sanitat-vacuna-a-95-102-valencians-contra-la-grip-durant-la-primera-setmana-de-la-campanya-en-la-comunitat\\\/#article\",\"isPartOf\":{\"@id\":\"https:\\\/\\\/www.copealcoy.es\\\/es\\\/sanitat-vacuna-a-95-102-valencians-contra-la-grip-durant-la-primera-setmana-de-la-campanya-en-la-comunitat\\\/\"},\"author\":{\"name\":\"Cope Alcoy\",\"@id\":\"https:\\\/\\\/www.copealcoy.es\\\/es\\\/#\\\/schema\\\/person\\\/e777c87fa024e57d40170af9df39882c\"},\"headline\":\"Sanitat vacuna a 95.102 valencians contra la grip durant la primera setmana de la campanya en la Comunitat\",\"datePublished\":\"2022-10-24T06:05:53+00:00\",\"dateModified\":\"2022-10-25T05:20:28+00:00\",\"mainEntityOfPage\":{\"@id\":\"https:\\\/\\\/www.copealcoy.es\\\/es\\\/sanitat-vacuna-a-95-102-valencians-contra-la-grip-durant-la-primera-setmana-de-la-campanya-en-la-comunitat\\\/\"},\"wordCount\":438,\"commentCount\":0,\"image\":{\"@id\":\"https:\\\/\\\/www.copealcoy.es\\\/es\\\/sanitat-vacuna-a-95-102-valencians-contra-la-grip-durant-la-primera-setmana-de-la-campanya-en-la-comunitat\\\/#primaryimage\"},\"thumbnailUrl\":\"https:\\\/\\\/www.copealcoy.es\\\/wp-content\\\/uploads\\\/2021\\\/05\\\/1621234190631.jpg\",\"keywords\":[\"campanya\",\"Comunitat Valenciana\",\"dades\",\"grip\",\"vacuna\",\"xifres\"],\"articleSection\":[\"Actualidad\",\"Noticias\"],\"inLanguage\":\"es\"},{\"@type\":\"WebPage\",\"@id\":\"https:\\\/\\\/www.copealcoy.es\\\/es\\\/sanitat-vacuna-a-95-102-valencians-contra-la-grip-durant-la-primera-setmana-de-la-campanya-en-la-comunitat\\\/\",\"url\":\"https:\\\/\\\/www.copealcoy.es\\\/es\\\/sanitat-vacuna-a-95-102-valencians-contra-la-grip-durant-la-primera-setmana-de-la-campanya-en-la-comunitat\\\/\",\"name\":\"Sanitat vacuna a 95.102 valencians contra la grip durant la primera setmana de la campanya en la Comunitat - COPE Alcoy\",\"isPartOf\":{\"@id\":\"https:\\\/\\\/www.copealcoy.es\\\/es\\\/#website\"},\"primaryImageOfPage\":{\"@id\":\"https:\\\/\\\/www.copealcoy.es\\\/es\\\/sanitat-vacuna-a-95-102-valencians-contra-la-grip-durant-la-primera-setmana-de-la-campanya-en-la-comunitat\\\/#primaryimage\"},\"image\":{\"@id\":\"https:\\\/\\\/www.copealcoy.es\\\/es\\\/sanitat-vacuna-a-95-102-valencians-contra-la-grip-durant-la-primera-setmana-de-la-campanya-en-la-comunitat\\\/#primaryimage\"},\"thumbnailUrl\":\"https:\\\/\\\/www.copealcoy.es\\\/wp-content\\\/uploads\\\/2021\\\/05\\\/1621234190631.jpg\",\"datePublished\":\"2022-10-24T06:05:53+00:00\",\"dateModified\":\"2022-10-25T05:20:28+00:00\",\"author\":{\"@id\":\"https:\\\/\\\/www.copealcoy.es\\\/es\\\/#\\\/schema\\\/person\\\/e777c87fa024e57d40170af9df39882c\"},\"description\":\"La campanya antigripal d'enguany va arrancar el passat 17 d'octubre i s'est\u00e0 simultanejant amb l'administraci\u00f3 de la vacuna del Coronavirus\",\"breadcrumb\":{\"@id\":\"https:\\\/\\\/www.copealcoy.es\\\/es\\\/sanitat-vacuna-a-95-102-valencians-contra-la-grip-durant-la-primera-setmana-de-la-campanya-en-la-comunitat\\\/#breadcrumb\"},\"inLanguage\":\"es\",\"potentialAction\":[{\"@type\":\"ReadAction\",\"target\":[\"https:\\\/\\\/www.copealcoy.es\\\/es\\\/sanitat-vacuna-a-95-102-valencians-contra-la-grip-durant-la-primera-setmana-de-la-campanya-en-la-comunitat\\\/\"]}]},{\"@type\":\"ImageObject\",\"inLanguage\":\"es\",\"@id\":\"https:\\\/\\\/www.copealcoy.es\\\/es\\\/sanitat-vacuna-a-95-102-valencians-contra-la-grip-durant-la-primera-setmana-de-la-campanya-en-la-comunitat\\\/#primaryimage\",\"url\":\"https:\\\/\\\/www.copealcoy.es\\\/wp-content\\\/uploads\\\/2021\\\/05\\\/1621234190631.jpg\",\"contentUrl\":\"https:\\\/\\\/www.copealcoy.es\\\/wp-content\\\/uploads\\\/2021\\\/05\\\/1621234190631.jpg\",\"width\":976,\"height\":512},{\"@type\":\"BreadcrumbList\",\"@id\":\"https:\\\/\\\/www.copealcoy.es\\\/es\\\/sanitat-vacuna-a-95-102-valencians-contra-la-grip-durant-la-primera-setmana-de-la-campanya-en-la-comunitat\\\/#breadcrumb\",\"itemListElement\":[{\"@type\":\"ListItem\",\"position\":1,\"name\":\"Portada\",\"item\":\"https:\\\/\\\/www.copealcoy.es\\\/es\\\/\"},{\"@type\":\"ListItem\",\"position\":2,\"name\":\"Sanitat vacuna a 95.102 valencians contra la grip durant la primera setmana de la campanya en la Comunitat\"}]},{\"@type\":\"WebSite\",\"@id\":\"https:\\\/\\\/www.copealcoy.es\\\/es\\\/#website\",\"url\":\"https:\\\/\\\/www.copealcoy.es\\\/es\\\/\",\"name\":\"COPE Alcoy\",\"description\":\"Emisora COPE de radio local con emisi\u00f3n online. Pont de Sant Jordi 8-10 03803 Alcoy\",\"potentialAction\":[{\"@type\":\"SearchAction\",\"target\":{\"@type\":\"EntryPoint\",\"urlTemplate\":\"https:\\\/\\\/www.copealcoy.es\\\/es\\\/?s={search_term_string}\"},\"query-input\":{\"@type\":\"PropertyValueSpecification\",\"valueRequired\":true,\"valueName\":\"search_term_string\"}}],\"inLanguage\":\"es\"},{\"@type\":\"Person\",\"@id\":\"https:\\\/\\\/www.copealcoy.es\\\/es\\\/#\\\/schema\\\/person\\\/e777c87fa024e57d40170af9df39882c\",\"name\":\"Cope Alcoy\",\"image\":{\"@type\":\"ImageObject\",\"inLanguage\":\"es\",\"@id\":\"https:\\\/\\\/secure.gravatar.com\\\/avatar\\\/bb65d0283347e303893ba14f0692005417c1e0e690a325a4c5d8bb2b3943ee14?s=96&d=mm&r=g\",\"url\":\"https:\\\/\\\/secure.gravatar.com\\\/avatar\\\/bb65d0283347e303893ba14f0692005417c1e0e690a325a4c5d8bb2b3943ee14?s=96&d=mm&r=g\",\"contentUrl\":\"https:\\\/\\\/secure.gravatar.com\\\/avatar\\\/bb65d0283347e303893ba14f0692005417c1e0e690a325a4c5d8bb2b3943ee14?s=96&d=mm&r=g\",\"caption\":\"Cope Alcoy\"}}]}<\/script>\n<!-- \/ Yoast SEO plugin. -->","yoast_head_json":{"title":"Sanitat vacuna a 95.102 valencians contra la grip durant la primera setmana de la campanya en la Comunitat - COPE Alcoy","description":"La campanya antigripal d'enguany va arrancar el passat 17 d'octubre i s'est\u00e0 simultanejant amb l'administraci\u00f3 de la vacuna del Coronavirus","robots":{"index":"index","follow":"follow","max-snippet":"max-snippet:-1","max-image-preview":"max-image-preview:large","max-video-preview":"max-video-preview:-1"},"canonical":"https:\/\/www.copealcoy.es\/es\/sanitat-vacuna-a-95-102-valencians-contra-la-grip-durant-la-primera-setmana-de-la-campanya-en-la-comunitat\/","og_locale":"es_ES","og_type":"article","og_title":"Sanitat vacuna a 95.102 valencians contra la grip durant la primera setmana de la campanya en la Comunitat - COPE Alcoy","og_description":"La campanya antigripal d'enguany va arrancar el passat 17 d'octubre i s'est\u00e0 simultanejant amb l'administraci\u00f3 de la vacuna del Coronavirus","og_url":"https:\/\/www.copealcoy.es\/es\/sanitat-vacuna-a-95-102-valencians-contra-la-grip-durant-la-primera-setmana-de-la-campanya-en-la-comunitat\/","og_site_name":"COPE Alcoy","article_published_time":"2022-10-24T06:05:53+00:00","article_modified_time":"2022-10-25T05:20:28+00:00","og_image":[{"width":976,"height":512,"url":"https:\/\/www.copealcoy.es\/wp-content\/uploads\/2021\/05\/1621234190631.jpg","type":"image\/jpeg"}],"author":"Cope Alcoy","twitter_misc":{"Escrito por":"Cope Alcoy","Tiempo de lectura":"2 minutos"},"schema":{"@context":"https:\/\/schema.org","@graph":[{"@type":"Article","@id":"https:\/\/www.copealcoy.es\/es\/sanitat-vacuna-a-95-102-valencians-contra-la-grip-durant-la-primera-setmana-de-la-campanya-en-la-comunitat\/#article","isPartOf":{"@id":"https:\/\/www.copealcoy.es\/es\/sanitat-vacuna-a-95-102-valencians-contra-la-grip-durant-la-primera-setmana-de-la-campanya-en-la-comunitat\/"},"author":{"name":"Cope Alcoy","@id":"https:\/\/www.copealcoy.es\/es\/#\/schema\/person\/e777c87fa024e57d40170af9df39882c"},"headline":"Sanitat vacuna a 95.102 valencians contra la grip durant la primera setmana de la campanya en la Comunitat","datePublished":"2022-10-24T06:05:53+00:00","dateModified":"2022-10-25T05:20:28+00:00","mainEntityOfPage":{"@id":"https:\/\/www.copealcoy.es\/es\/sanitat-vacuna-a-95-102-valencians-contra-la-grip-durant-la-primera-setmana-de-la-campanya-en-la-comunitat\/"},"wordCount":438,"commentCount":0,"image":{"@id":"https:\/\/www.copealcoy.es\/es\/sanitat-vacuna-a-95-102-valencians-contra-la-grip-durant-la-primera-setmana-de-la-campanya-en-la-comunitat\/#primaryimage"},"thumbnailUrl":"https:\/\/www.copealcoy.es\/wp-content\/uploads\/2021\/05\/1621234190631.jpg","keywords":["campanya","Comunitat Valenciana","dades","grip","vacuna","xifres"],"articleSection":["Actualidad","Noticias"],"inLanguage":"es"},{"@type":"WebPage","@id":"https:\/\/www.copealcoy.es\/es\/sanitat-vacuna-a-95-102-valencians-contra-la-grip-durant-la-primera-setmana-de-la-campanya-en-la-comunitat\/","url":"https:\/\/www.copealcoy.es\/es\/sanitat-vacuna-a-95-102-valencians-contra-la-grip-durant-la-primera-setmana-de-la-campanya-en-la-comunitat\/","name":"Sanitat vacuna a 95.102 valencians contra la grip durant la primera setmana de la campanya en la Comunitat - COPE Alcoy","isPartOf":{"@id":"https:\/\/www.copealcoy.es\/es\/#website"},"primaryImageOfPage":{"@id":"https:\/\/www.copealcoy.es\/es\/sanitat-vacuna-a-95-102-valencians-contra-la-grip-durant-la-primera-setmana-de-la-campanya-en-la-comunitat\/#primaryimage"},"image":{"@id":"https:\/\/www.copealcoy.es\/es\/sanitat-vacuna-a-95-102-valencians-contra-la-grip-durant-la-primera-setmana-de-la-campanya-en-la-comunitat\/#primaryimage"},"thumbnailUrl":"https:\/\/www.copealcoy.es\/wp-content\/uploads\/2021\/05\/1621234190631.jpg","datePublished":"2022-10-24T06:05:53+00:00","dateModified":"2022-10-25T05:20:28+00:00","author":{"@id":"https:\/\/www.copealcoy.es\/es\/#\/schema\/person\/e777c87fa024e57d40170af9df39882c"},"description":"La campanya antigripal d'enguany va arrancar el passat 17 d'octubre i s'est\u00e0 simultanejant amb l'administraci\u00f3 de la vacuna del Coronavirus","breadcrumb":{"@id":"https:\/\/www.copealcoy.es\/es\/sanitat-vacuna-a-95-102-valencians-contra-la-grip-durant-la-primera-setmana-de-la-campanya-en-la-comunitat\/#breadcrumb"},"inLanguage":"es","potentialAction":[{"@type":"ReadAction","target":["https:\/\/www.copealcoy.es\/es\/sanitat-vacuna-a-95-102-valencians-contra-la-grip-durant-la-primera-setmana-de-la-campanya-en-la-comunitat\/"]}]},{"@type":"ImageObject","inLanguage":"es","@id":"https:\/\/www.copealcoy.es\/es\/sanitat-vacuna-a-95-102-valencians-contra-la-grip-durant-la-primera-setmana-de-la-campanya-en-la-comunitat\/#primaryimage","url":"https:\/\/www.copealcoy.es\/wp-content\/uploads\/2021\/05\/1621234190631.jpg","contentUrl":"https:\/\/www.copealcoy.es\/wp-content\/uploads\/2021\/05\/1621234190631.jpg","width":976,"height":512},{"@type":"BreadcrumbList","@id":"https:\/\/www.copealcoy.es\/es\/sanitat-vacuna-a-95-102-valencians-contra-la-grip-durant-la-primera-setmana-de-la-campanya-en-la-comunitat\/#breadcrumb","itemListElement":[{"@type":"ListItem","position":1,"name":"Portada","item":"https:\/\/www.copealcoy.es\/es\/"},{"@type":"ListItem","position":2,"name":"Sanitat vacuna a 95.102 valencians contra la grip durant la primera setmana de la campanya en la Comunitat"}]},{"@type":"WebSite","@id":"https:\/\/www.copealcoy.es\/es\/#website","url":"https:\/\/www.copealcoy.es\/es\/","name":"COPE Alcoy","description":"Emisora COPE de radio local con emisi\u00f3n online. Pont de Sant Jordi 8-10 03803 Alcoy","potentialAction":[{"@type":"SearchAction","target":{"@type":"EntryPoint","urlTemplate":"https:\/\/www.copealcoy.es\/es\/?s={search_term_string}"},"query-input":{"@type":"PropertyValueSpecification","valueRequired":true,"valueName":"search_term_string"}}],"inLanguage":"es"},{"@type":"Person","@id":"https:\/\/www.copealcoy.es\/es\/#\/schema\/person\/e777c87fa024e57d40170af9df39882c","name":"Cope Alcoy","image":{"@type":"ImageObject","inLanguage":"es","@id":"https:\/\/secure.gravatar.com\/avatar\/bb65d0283347e303893ba14f0692005417c1e0e690a325a4c5d8bb2b3943ee14?s=96&d=mm&r=g","url":"https:\/\/secure.gravatar.com\/avatar\/bb65d0283347e303893ba14f0692005417c1e0e690a325a4c5d8bb2b3943ee14?s=96&d=mm&r=g","contentUrl":"https:\/\/secure.gravatar.com\/avatar\/bb65d0283347e303893ba14f0692005417c1e0e690a325a4c5d8bb2b3943ee14?s=96&d=mm&r=g","caption":"Cope Alcoy"}}]}},"_links":{"self":[{"href":"https:\/\/www.copealcoy.es\/es\/wp-json\/wp\/v2\/posts\/93332","targetHints":{"allow":["GET"]}}],"collection":[{"href":"https:\/\/www.copealcoy.es\/es\/wp-json\/wp\/v2\/posts"}],"about":[{"href":"https:\/\/www.copealcoy.es\/es\/wp-json\/wp\/v2\/types\/post"}],"author":[{"embeddable":true,"href":"https:\/\/www.copealcoy.es\/es\/wp-json\/wp\/v2\/users\/1"}],"replies":[{"embeddable":true,"href":"https:\/\/www.copealcoy.es\/es\/wp-json\/wp\/v2\/comments?post=93332"}],"version-history":[{"count":0,"href":"https:\/\/www.copealcoy.es\/es\/wp-json\/wp\/v2\/posts\/93332\/revisions"}],"wp:featuredmedia":[{"embeddable":true,"href":"https:\/\/www.copealcoy.es\/es\/wp-json\/wp\/v2\/media\/73678"}],"wp:attachment":[{"href":"https:\/\/www.copealcoy.es\/es\/wp-json\/wp\/v2\/media?parent=93332"}],"wp:term":[{"taxonomy":"category","embeddable":true,"href":"https:\/\/www.copealcoy.es\/es\/wp-json\/wp\/v2\/categories?post=93332"},{"taxonomy":"post_tag","embeddable":true,"href":"https:\/\/www.copealcoy.es\/es\/wp-json\/wp\/v2\/tags?post=93332"}],"curies":[{"name":"wp","href":"https:\/\/api.w.org\/{rel}","templated":true}]}}