{"id":93313,"date":"2022-10-23T09:24:40","date_gmt":"2022-10-23T08:24:40","guid":{"rendered":"https:\/\/www.copealcoy.es\/?p=93313"},"modified":"2022-10-23T15:38:26","modified_gmt":"2022-10-23T14:38:26","slug":"una-jove-mor-degollada-per-la-seua-parella-a-alcoi","status":"publish","type":"post","link":"https:\/\/www.copealcoy.es\/es\/una-jove-mor-degollada-per-la-seua-parella-a-alcoi\/","title":{"rendered":"Una jove mor degollada per la seua parella a Alcoi"},"content":{"rendered":"<p style=\"text-align: justify;\">Un nou succ\u00e9s\u00a0<strong>ha fet saltar totes les alarmes\u00a0a Alcoi<\/strong> en aquest diumenge 23 d&#8217;octubre. Un jove <a href=\"https:\/\/www.cope.es\/actualidad\/espana\/noticias\/asesinada-una-mujer-alcoy-alicante-por-pareja-que-intento-suicidarse-20221023_2357619\"><span style=\"color: #0000ff;\"><strong>ha matat a la seua parella<\/strong> <\/span><\/a><strong>i despr\u00e9s ha intentat llevar-se la vida<\/strong>, segons han informat fonts de la Comissaria Provincial d&#8217;Alacant de la Policia Nacional en aquest mat\u00ed.<\/p>\n<p style=\"text-align: justify;\">Tal com han explicat els agents, sobre les 2 hores de la matinada, <strong>a l&#8217;interior d&#8217;un domicili de la ciutat<\/strong> van acudir agents de Policia. Pel que sembla s&#8217;havia produ\u00eft un episodi de viol\u00e8ncia de g\u00e8nere que va ser detectat i alertat pels ve\u00efns de l&#8217;immoble.<\/p>\n<p style=\"text-align: justify;\">L&#8217;home, de 29 anys d&#8217;edat, i la v\u00edctima, de 27, tots dos de nacionalitat espanyola,<strong> vivien junts des de no fa molt temps sense fills comuns<\/strong> i s&#8217;est\u00e0 investigant si tenien den\u00fancies pr\u00e8vies de viol\u00e8ncia de g\u00e8nere i els motius que van portar a realitzar aquests fets. Aix\u00ed ho han destacat des de la mateixa Policia.<\/p>\n<p style=\"text-align: justify;\">Els agents. a l&#8217;arribada a la vivenda, <strong>van assistir a l&#8217;home<\/strong> el qual s&#8217;acabava de tirar pel balc\u00f3 sent traslladat a l&#8217;Hospital Verge dels Lliris on es troba en aquestos moments en estat cr\u00edtic. Altres agents <strong>van haver d&#8217;entrar en el domicili per la for\u00e7a<\/strong> on van trobar a una dona amb lesions en el coll per arma blanca pel que sembla produ\u00efdes per la seua parella, el qual es va tirar pel balc\u00f3. Despr\u00e9s d&#8217;una primera intervenci\u00f3 d&#8217;urg\u00e8ncia dels actuants i dels serveis m\u00e8dics, la v\u00edctima va resultar finalment morta.<\/p>\n<p style=\"text-align: justify;\">L&#8217;autor <strong>est\u00e0 ara detingut amb cust\u00f2dia policial a l&#8217;hospital<\/strong> on es troba en estat cr\u00edtic. Despr\u00e9s <strong>passar\u00e0 a disposici\u00f3 Judicial<\/strong> i la v\u00edctima a l&#8217;espera de la pr\u00e0ctica de l&#8217;aut\u00f2psia i de la inspecci\u00f3 ocular t\u00e8cnic policial per part de Policia cient\u00edfica. La investigaci\u00f3 <strong>est\u00e0 a c\u00e0rrec del grup de Policia Judicial de la Policia Nacional<\/strong> segons han remarcat des del cos policial.<\/p>\n","protected":false},"excerpt":{"rendered":"<p>Un nou succ\u00e9s\u00a0ha fet saltar totes les alarmes\u00a0a Alcoi en aquest diumenge 23 d&#8217;octubre. Un jove ha matat a la&#8230;<\/p>\n","protected":false},"author":1,"featured_media":90182,"comment_status":"open","ping_status":"open","sticky":false,"template":"","format":"standard","meta":{"footnotes":""},"categories":[6909,97,75,125],"tags":[160,12506,11393,13376,10361],"class_list":["post-93313","post","type-post","status-publish","format-standard","has-post-thumbnail","hentry","category-actualidad","category-alcoy","category-noticias","category-portada","tag-alcoi","tag-crim","tag-detencio","tag-jove-degollada","tag-violencia-masclista"],"yoast_head":"<!-- This site is optimized with the Yoast SEO plugin v27.3 - https:\/\/yoast.com\/product\/yoast-seo-wordpress\/ -->\n<title>Una jove mor degollada per la seua parella a Alcoi - COPE Alcoy<\/title>\n<meta name=\"description\" content=\"Un jove ha matat a la seua parella a Alcoi i despr\u00e9s ha intentat llevar-se la vida segons ha informat la Policia\" \/>\n<meta name=\"robots\" content=\"index, follow, max-snippet:-1, max-image-preview:large, max-video-preview:-1\" \/>\n<link rel=\"canonical\" href=\"https:\/\/www.copealcoy.es\/es\/una-jove-mor-degollada-per-la-seua-parella-a-alcoi\/\" \/>\n<meta property=\"og:locale\" content=\"es_ES\" \/>\n<meta property=\"og:type\" content=\"article\" \/>\n<meta property=\"og:title\" content=\"Una jove mor degollada per la seua parella a Alcoi - COPE Alcoy\" \/>\n<meta property=\"og:description\" content=\"Un jove ha matat a la seua parella a Alcoi i despr\u00e9s ha intentat llevar-se la vida segons ha informat la Policia\" \/>\n<meta property=\"og:url\" content=\"https:\/\/www.copealcoy.es\/es\/una-jove-mor-degollada-per-la-seua-parella-a-alcoi\/\" \/>\n<meta property=\"og:site_name\" content=\"COPE Alcoy\" \/>\n<meta property=\"article:published_time\" content=\"2022-10-23T08:24:40+00:00\" \/>\n<meta property=\"article:modified_time\" content=\"2022-10-23T14:38:26+00:00\" \/>\n<meta property=\"og:image\" content=\"https:\/\/www.copealcoy.es\/wp-content\/uploads\/2022\/07\/Foto-Archivo-Alcoy-scaled-e1662441708882.jpg\" \/>\n\t<meta property=\"og:image:width\" content=\"640\" \/>\n\t<meta property=\"og:image:height\" content=\"603\" \/>\n\t<meta property=\"og:image:type\" content=\"image\/jpeg\" \/>\n<meta name=\"author\" content=\"Cope Alcoy\" \/>\n<meta name=\"twitter:label1\" content=\"Escrito por\" \/>\n\t<meta name=\"twitter:data1\" content=\"Cope Alcoy\" \/>\n\t<meta name=\"twitter:label2\" content=\"Tiempo de lectura\" \/>\n\t<meta name=\"twitter:data2\" content=\"2 minutos\" \/>\n<script type=\"application\/ld+json\" class=\"yoast-schema-graph\">{\"@context\":\"https:\\\/\\\/schema.org\",\"@graph\":[{\"@type\":\"Article\",\"@id\":\"https:\\\/\\\/www.copealcoy.es\\\/es\\\/una-jove-mor-degollada-per-la-seua-parella-a-alcoi\\\/#article\",\"isPartOf\":{\"@id\":\"https:\\\/\\\/www.copealcoy.es\\\/es\\\/una-jove-mor-degollada-per-la-seua-parella-a-alcoi\\\/\"},\"author\":{\"name\":\"Cope Alcoy\",\"@id\":\"https:\\\/\\\/www.copealcoy.es\\\/es\\\/#\\\/schema\\\/person\\\/e777c87fa024e57d40170af9df39882c\"},\"headline\":\"Una jove mor degollada per la seua parella a Alcoi\",\"datePublished\":\"2022-10-23T08:24:40+00:00\",\"dateModified\":\"2022-10-23T14:38:26+00:00\",\"mainEntityOfPage\":{\"@id\":\"https:\\\/\\\/www.copealcoy.es\\\/es\\\/una-jove-mor-degollada-per-la-seua-parella-a-alcoi\\\/\"},\"wordCount\":356,\"commentCount\":0,\"image\":{\"@id\":\"https:\\\/\\\/www.copealcoy.es\\\/es\\\/una-jove-mor-degollada-per-la-seua-parella-a-alcoi\\\/#primaryimage\"},\"thumbnailUrl\":\"https:\\\/\\\/www.copealcoy.es\\\/wp-content\\\/uploads\\\/2022\\\/07\\\/Foto-Archivo-Alcoy-scaled-e1662441708882.jpg\",\"keywords\":[\"Alcoi\",\"crim\",\"detenci\u00f3\",\"jove degollada\",\"Viol\u00e9ncia Masclista\"],\"articleSection\":[\"Actualidad\",\"Alcoy\",\"Noticias\",\"Portada\"],\"inLanguage\":\"es\"},{\"@type\":\"WebPage\",\"@id\":\"https:\\\/\\\/www.copealcoy.es\\\/es\\\/una-jove-mor-degollada-per-la-seua-parella-a-alcoi\\\/\",\"url\":\"https:\\\/\\\/www.copealcoy.es\\\/es\\\/una-jove-mor-degollada-per-la-seua-parella-a-alcoi\\\/\",\"name\":\"Una jove mor degollada per la seua parella a Alcoi - COPE Alcoy\",\"isPartOf\":{\"@id\":\"https:\\\/\\\/www.copealcoy.es\\\/es\\\/#website\"},\"primaryImageOfPage\":{\"@id\":\"https:\\\/\\\/www.copealcoy.es\\\/es\\\/una-jove-mor-degollada-per-la-seua-parella-a-alcoi\\\/#primaryimage\"},\"image\":{\"@id\":\"https:\\\/\\\/www.copealcoy.es\\\/es\\\/una-jove-mor-degollada-per-la-seua-parella-a-alcoi\\\/#primaryimage\"},\"thumbnailUrl\":\"https:\\\/\\\/www.copealcoy.es\\\/wp-content\\\/uploads\\\/2022\\\/07\\\/Foto-Archivo-Alcoy-scaled-e1662441708882.jpg\",\"datePublished\":\"2022-10-23T08:24:40+00:00\",\"dateModified\":\"2022-10-23T14:38:26+00:00\",\"author\":{\"@id\":\"https:\\\/\\\/www.copealcoy.es\\\/es\\\/#\\\/schema\\\/person\\\/e777c87fa024e57d40170af9df39882c\"},\"description\":\"Un jove ha matat a la seua parella a Alcoi i despr\u00e9s ha intentat llevar-se la vida segons ha informat la Policia\",\"breadcrumb\":{\"@id\":\"https:\\\/\\\/www.copealcoy.es\\\/es\\\/una-jove-mor-degollada-per-la-seua-parella-a-alcoi\\\/#breadcrumb\"},\"inLanguage\":\"es\",\"potentialAction\":[{\"@type\":\"ReadAction\",\"target\":[\"https:\\\/\\\/www.copealcoy.es\\\/es\\\/una-jove-mor-degollada-per-la-seua-parella-a-alcoi\\\/\"]}]},{\"@type\":\"ImageObject\",\"inLanguage\":\"es\",\"@id\":\"https:\\\/\\\/www.copealcoy.es\\\/es\\\/una-jove-mor-degollada-per-la-seua-parella-a-alcoi\\\/#primaryimage\",\"url\":\"https:\\\/\\\/www.copealcoy.es\\\/wp-content\\\/uploads\\\/2022\\\/07\\\/Foto-Archivo-Alcoy-scaled-e1662441708882.jpg\",\"contentUrl\":\"https:\\\/\\\/www.copealcoy.es\\\/wp-content\\\/uploads\\\/2022\\\/07\\\/Foto-Archivo-Alcoy-scaled-e1662441708882.jpg\",\"width\":640,\"height\":603},{\"@type\":\"BreadcrumbList\",\"@id\":\"https:\\\/\\\/www.copealcoy.es\\\/es\\\/una-jove-mor-degollada-per-la-seua-parella-a-alcoi\\\/#breadcrumb\",\"itemListElement\":[{\"@type\":\"ListItem\",\"position\":1,\"name\":\"Portada\",\"item\":\"https:\\\/\\\/www.copealcoy.es\\\/es\\\/\"},{\"@type\":\"ListItem\",\"position\":2,\"name\":\"Una jove mor degollada per la seua parella a Alcoi\"}]},{\"@type\":\"WebSite\",\"@id\":\"https:\\\/\\\/www.copealcoy.es\\\/es\\\/#website\",\"url\":\"https:\\\/\\\/www.copealcoy.es\\\/es\\\/\",\"name\":\"COPE Alcoy\",\"description\":\"Emisora COPE de radio local con emisi\u00f3n online. Pont de Sant Jordi 8-10 03803 Alcoy\",\"potentialAction\":[{\"@type\":\"SearchAction\",\"target\":{\"@type\":\"EntryPoint\",\"urlTemplate\":\"https:\\\/\\\/www.copealcoy.es\\\/es\\\/?s={search_term_string}\"},\"query-input\":{\"@type\":\"PropertyValueSpecification\",\"valueRequired\":true,\"valueName\":\"search_term_string\"}}],\"inLanguage\":\"es\"},{\"@type\":\"Person\",\"@id\":\"https:\\\/\\\/www.copealcoy.es\\\/es\\\/#\\\/schema\\\/person\\\/e777c87fa024e57d40170af9df39882c\",\"name\":\"Cope Alcoy\",\"image\":{\"@type\":\"ImageObject\",\"inLanguage\":\"es\",\"@id\":\"https:\\\/\\\/secure.gravatar.com\\\/avatar\\\/bb65d0283347e303893ba14f0692005417c1e0e690a325a4c5d8bb2b3943ee14?s=96&d=mm&r=g\",\"url\":\"https:\\\/\\\/secure.gravatar.com\\\/avatar\\\/bb65d0283347e303893ba14f0692005417c1e0e690a325a4c5d8bb2b3943ee14?s=96&d=mm&r=g\",\"contentUrl\":\"https:\\\/\\\/secure.gravatar.com\\\/avatar\\\/bb65d0283347e303893ba14f0692005417c1e0e690a325a4c5d8bb2b3943ee14?s=96&d=mm&r=g\",\"caption\":\"Cope Alcoy\"}}]}<\/script>\n<!-- \/ Yoast SEO plugin. -->","yoast_head_json":{"title":"Una jove mor degollada per la seua parella a Alcoi - COPE Alcoy","description":"Un jove ha matat a la seua parella a Alcoi i despr\u00e9s ha intentat llevar-se la vida segons ha informat la Policia","robots":{"index":"index","follow":"follow","max-snippet":"max-snippet:-1","max-image-preview":"max-image-preview:large","max-video-preview":"max-video-preview:-1"},"canonical":"https:\/\/www.copealcoy.es\/es\/una-jove-mor-degollada-per-la-seua-parella-a-alcoi\/","og_locale":"es_ES","og_type":"article","og_title":"Una jove mor degollada per la seua parella a Alcoi - COPE Alcoy","og_description":"Un jove ha matat a la seua parella a Alcoi i despr\u00e9s ha intentat llevar-se la vida segons ha informat la Policia","og_url":"https:\/\/www.copealcoy.es\/es\/una-jove-mor-degollada-per-la-seua-parella-a-alcoi\/","og_site_name":"COPE Alcoy","article_published_time":"2022-10-23T08:24:40+00:00","article_modified_time":"2022-10-23T14:38:26+00:00","og_image":[{"width":640,"height":603,"url":"https:\/\/www.copealcoy.es\/wp-content\/uploads\/2022\/07\/Foto-Archivo-Alcoy-scaled-e1662441708882.jpg","type":"image\/jpeg"}],"author":"Cope Alcoy","twitter_misc":{"Escrito por":"Cope Alcoy","Tiempo de lectura":"2 minutos"},"schema":{"@context":"https:\/\/schema.org","@graph":[{"@type":"Article","@id":"https:\/\/www.copealcoy.es\/es\/una-jove-mor-degollada-per-la-seua-parella-a-alcoi\/#article","isPartOf":{"@id":"https:\/\/www.copealcoy.es\/es\/una-jove-mor-degollada-per-la-seua-parella-a-alcoi\/"},"author":{"name":"Cope Alcoy","@id":"https:\/\/www.copealcoy.es\/es\/#\/schema\/person\/e777c87fa024e57d40170af9df39882c"},"headline":"Una jove mor degollada per la seua parella a Alcoi","datePublished":"2022-10-23T08:24:40+00:00","dateModified":"2022-10-23T14:38:26+00:00","mainEntityOfPage":{"@id":"https:\/\/www.copealcoy.es\/es\/una-jove-mor-degollada-per-la-seua-parella-a-alcoi\/"},"wordCount":356,"commentCount":0,"image":{"@id":"https:\/\/www.copealcoy.es\/es\/una-jove-mor-degollada-per-la-seua-parella-a-alcoi\/#primaryimage"},"thumbnailUrl":"https:\/\/www.copealcoy.es\/wp-content\/uploads\/2022\/07\/Foto-Archivo-Alcoy-scaled-e1662441708882.jpg","keywords":["Alcoi","crim","detenci\u00f3","jove degollada","Viol\u00e9ncia Masclista"],"articleSection":["Actualidad","Alcoy","Noticias","Portada"],"inLanguage":"es"},{"@type":"WebPage","@id":"https:\/\/www.copealcoy.es\/es\/una-jove-mor-degollada-per-la-seua-parella-a-alcoi\/","url":"https:\/\/www.copealcoy.es\/es\/una-jove-mor-degollada-per-la-seua-parella-a-alcoi\/","name":"Una jove mor degollada per la seua parella a Alcoi - COPE Alcoy","isPartOf":{"@id":"https:\/\/www.copealcoy.es\/es\/#website"},"primaryImageOfPage":{"@id":"https:\/\/www.copealcoy.es\/es\/una-jove-mor-degollada-per-la-seua-parella-a-alcoi\/#primaryimage"},"image":{"@id":"https:\/\/www.copealcoy.es\/es\/una-jove-mor-degollada-per-la-seua-parella-a-alcoi\/#primaryimage"},"thumbnailUrl":"https:\/\/www.copealcoy.es\/wp-content\/uploads\/2022\/07\/Foto-Archivo-Alcoy-scaled-e1662441708882.jpg","datePublished":"2022-10-23T08:24:40+00:00","dateModified":"2022-10-23T14:38:26+00:00","author":{"@id":"https:\/\/www.copealcoy.es\/es\/#\/schema\/person\/e777c87fa024e57d40170af9df39882c"},"description":"Un jove ha matat a la seua parella a Alcoi i despr\u00e9s ha intentat llevar-se la vida segons ha informat la Policia","breadcrumb":{"@id":"https:\/\/www.copealcoy.es\/es\/una-jove-mor-degollada-per-la-seua-parella-a-alcoi\/#breadcrumb"},"inLanguage":"es","potentialAction":[{"@type":"ReadAction","target":["https:\/\/www.copealcoy.es\/es\/una-jove-mor-degollada-per-la-seua-parella-a-alcoi\/"]}]},{"@type":"ImageObject","inLanguage":"es","@id":"https:\/\/www.copealcoy.es\/es\/una-jove-mor-degollada-per-la-seua-parella-a-alcoi\/#primaryimage","url":"https:\/\/www.copealcoy.es\/wp-content\/uploads\/2022\/07\/Foto-Archivo-Alcoy-scaled-e1662441708882.jpg","contentUrl":"https:\/\/www.copealcoy.es\/wp-content\/uploads\/2022\/07\/Foto-Archivo-Alcoy-scaled-e1662441708882.jpg","width":640,"height":603},{"@type":"BreadcrumbList","@id":"https:\/\/www.copealcoy.es\/es\/una-jove-mor-degollada-per-la-seua-parella-a-alcoi\/#breadcrumb","itemListElement":[{"@type":"ListItem","position":1,"name":"Portada","item":"https:\/\/www.copealcoy.es\/es\/"},{"@type":"ListItem","position":2,"name":"Una jove mor degollada per la seua parella a Alcoi"}]},{"@type":"WebSite","@id":"https:\/\/www.copealcoy.es\/es\/#website","url":"https:\/\/www.copealcoy.es\/es\/","name":"COPE Alcoy","description":"Emisora COPE de radio local con emisi\u00f3n online. Pont de Sant Jordi 8-10 03803 Alcoy","potentialAction":[{"@type":"SearchAction","target":{"@type":"EntryPoint","urlTemplate":"https:\/\/www.copealcoy.es\/es\/?s={search_term_string}"},"query-input":{"@type":"PropertyValueSpecification","valueRequired":true,"valueName":"search_term_string"}}],"inLanguage":"es"},{"@type":"Person","@id":"https:\/\/www.copealcoy.es\/es\/#\/schema\/person\/e777c87fa024e57d40170af9df39882c","name":"Cope Alcoy","image":{"@type":"ImageObject","inLanguage":"es","@id":"https:\/\/secure.gravatar.com\/avatar\/bb65d0283347e303893ba14f0692005417c1e0e690a325a4c5d8bb2b3943ee14?s=96&d=mm&r=g","url":"https:\/\/secure.gravatar.com\/avatar\/bb65d0283347e303893ba14f0692005417c1e0e690a325a4c5d8bb2b3943ee14?s=96&d=mm&r=g","contentUrl":"https:\/\/secure.gravatar.com\/avatar\/bb65d0283347e303893ba14f0692005417c1e0e690a325a4c5d8bb2b3943ee14?s=96&d=mm&r=g","caption":"Cope Alcoy"}}]}},"_links":{"self":[{"href":"https:\/\/www.copealcoy.es\/es\/wp-json\/wp\/v2\/posts\/93313","targetHints":{"allow":["GET"]}}],"collection":[{"href":"https:\/\/www.copealcoy.es\/es\/wp-json\/wp\/v2\/posts"}],"about":[{"href":"https:\/\/www.copealcoy.es\/es\/wp-json\/wp\/v2\/types\/post"}],"author":[{"embeddable":true,"href":"https:\/\/www.copealcoy.es\/es\/wp-json\/wp\/v2\/users\/1"}],"replies":[{"embeddable":true,"href":"https:\/\/www.copealcoy.es\/es\/wp-json\/wp\/v2\/comments?post=93313"}],"version-history":[{"count":0,"href":"https:\/\/www.copealcoy.es\/es\/wp-json\/wp\/v2\/posts\/93313\/revisions"}],"wp:featuredmedia":[{"embeddable":true,"href":"https:\/\/www.copealcoy.es\/es\/wp-json\/wp\/v2\/media\/90182"}],"wp:attachment":[{"href":"https:\/\/www.copealcoy.es\/es\/wp-json\/wp\/v2\/media?parent=93313"}],"wp:term":[{"taxonomy":"category","embeddable":true,"href":"https:\/\/www.copealcoy.es\/es\/wp-json\/wp\/v2\/categories?post=93313"},{"taxonomy":"post_tag","embeddable":true,"href":"https:\/\/www.copealcoy.es\/es\/wp-json\/wp\/v2\/tags?post=93313"}],"curies":[{"name":"wp","href":"https:\/\/api.w.org\/{rel}","templated":true}]}}