{"id":93298,"date":"2022-10-22T23:13:34","date_gmt":"2022-10-22T22:13:34","guid":{"rendered":"https:\/\/www.copealcoy.es\/?p=93298"},"modified":"2022-10-23T00:25:00","modified_gmt":"2022-10-22T23:25:00","slug":"la-fila-alcodianos-suma-una-nova-alegria-i-guanya-el-concurs-dolleta-del-mig-any-dalcoi","status":"publish","type":"post","link":"https:\/\/www.copealcoy.es\/es\/la-fila-alcodianos-suma-una-nova-alegria-i-guanya-el-concurs-dolleta-del-mig-any-dalcoi\/","title":{"rendered":"La Fil\u00e0 Alcodianos suma una nova alegria i guanya el Concurs d&#8217;Olleta del Mig Any d&#8217;Alcoi"},"content":{"rendered":"<p style=\"text-align: justify;\">Un dels actes destacats del\u00a0<span class=\"hiddenSpellError\">d\u00eda<\/span>\u00a0central del Mig Any ha sigut <strong>el Concurs d&#8217;Olleta<\/strong> que s&#8217;ha celebrat <strong>al parc de La Glorieta<\/strong> durant tota la jornada d&#8217;aquest 22 d&#8217;octubre. Els cuiners de les 28\u00a0<span class=\"hiddenSpellError\">filaes<\/span>\u00a0<strong>han estat treballant des de mitjan mat\u00ed per a preparar un dels plats tradicionals de la nostra gastronomia<\/strong> que\u00a0tan\u00a0vinculat est\u00e0 a les Festes de Moros i Cristians en honor a Sant Jordi.<\/p>\n<p style=\"text-align: justify;\">Abans de les huit de la vesprada <strong>els representants de les diferents formacions<\/strong> han portat els seus respectius plats <strong>al templet ubicat en el centre de l&#8217;esmentat parc<\/strong>. All\u00ed el jurat, acompanyat del Sant\u00a0<span class=\"hiddenSpellError\">Jordiet<\/span> 2023, <strong>han tastat totes les propostes<\/strong> i <strong>han fet les oportunes valoracions<\/strong> abans d&#8217;emetre un veredicte. Ha sigut <strong>Pau Acosta<\/strong>, el Secretari de l&#8217;Associaci\u00f3 de Sant Jordi,<strong> l&#8217;encarregat d&#8217;anunciar que la Fil\u00e0 Realistes havia sigut la que obtenia el segon premi<\/strong> en aquest 2022.<\/p>\n<p style=\"text-align: justify;\"><a href=\"https:\/\/www.copealcoy.es\/wp-content\/uploads\/2022\/10\/unnamed-1-5-scaled.jpg\"><img loading=\"lazy\" decoding=\"async\" class=\"wp-image-93305  aligncenter\" src=\"https:\/\/www.copealcoy.es\/wp-content\/uploads\/2022\/10\/unnamed-1-5-980x588.jpg\" alt=\"\" width=\"628\" height=\"381\" \/><\/a><\/p>\n<p style=\"text-align: justify;\">Seguidament<strong> ha pronunciat el nom de la Fil\u00e0 Guanyadora<\/strong>,<a href=\"https:\/\/www.facebook.com\/filaalcodianos\"><span style=\"color: #0000ff;\"><strong> els\u00a0<span class=\"hiddenSpellError\">Alcodianos<\/span><\/strong><\/span><\/a>, i l&#8217;euf\u00f2ria s&#8217;ha disparat pels voltants del templet. La formaci\u00f3, que ostenta el c\u00e0rrec d&#8217;Alferes Cristi\u00e0 en 2023,<strong> ha pujat a rebre el plat que els acredita com a vencedors de mans de\u00a0<span class=\"hiddenSpellError\">Nicol\u00e1s<\/span>\u00a0S\u00e1nchez Linares<\/strong> (Sant\u00a0<span class=\"hiddenSpellError\">Jordiet<\/span>), l&#8217;alcalde (Toni Franc\u00e9s), la regidora de Festes (Carol Ortiz) i el President de l&#8217;Associaci\u00f3 de Sant\u00a0 Jordi (Juan Jos\u00e9 Olcina). Els festers dels <span class=\"hiddenSpellError\">Alcodianos<\/span>\u00a0<strong>manifestaven estar molt contents<\/strong> per haver quedat campions d&#8217;un Concurs d&#8217;Olleta que enguany recuperava la normalitat despr\u00e9s de la pand\u00e8mia <em>&#8220;el secret creiem que est\u00e0\u00a0a\u00a0haver-la preparat amb molta\u00a0il\u00b7lusi\u00f3<\/em>&#8220;, han dit davant dels micr\u00f2fons de COPE ALCOI.<\/p>\n<p style=\"text-align: justify;\">Despr\u00e9s de la resoluci\u00f3 del concurs, <strong>la Festa s&#8217;ha traslladat als carrers del Centre<\/strong> amb les tradicionals &#8216;<span class=\"hiddenSpellError\">Entraetes<\/span>&#8216;. Aquestes<strong>\u00a0transcorren\u00a0en un ambient primaveral i en unes\u00a0temperatures\u00a0al voltant dels 20 graus<\/strong> que ens fan recordar al mes d&#8217;abril\u00a0en el qual\u00a0celebrem les nostres Festes en honor a Sant Jordi.<\/p>\n","protected":false},"excerpt":{"rendered":"<p>Un dels actes destacats del\u00a0d\u00eda\u00a0central del Mig Any ha sigut el Concurs d&#8217;Olleta que s&#8217;ha celebrat al parc de La&#8230;<\/p>\n","protected":false},"author":1,"featured_media":93301,"comment_status":"open","ping_status":"open","sticky":false,"template":"","format":"standard","meta":{"footnotes":""},"categories":[6909,97,78,75,125],"tags":[160,13375,13374,13329,1455],"class_list":["post-93298","post","type-post","status-publish","format-standard","has-post-thumbnail","hentry","category-actualidad","category-alcoy","category-fiestaycultura","category-noticias","category-portada","tag-alcoi","tag-concurs-olleta","tag-festes-moros-i-cristians","tag-fila-alcodianos","tag-mig-any"],"yoast_head":"<!-- This site is optimized with the Yoast SEO plugin v27.3 - https:\/\/yoast.com\/product\/yoast-seo-wordpress\/ -->\n<title>La Fil\u00e0 Alcodianos suma una nova alegria i guanya el Concurs d&#039;Olleta del Mig Any d&#039;Alcoi - COPE Alcoy<\/title>\n<meta name=\"description\" content=\"La Fil\u00e0 Alcodianos d&#039;Alcoi ha sigut la guanyadora del Concurs d&#039;Olleta del Mig Any d&#039;aquest 2022. Els Realistes han quedat segons\" \/>\n<meta name=\"robots\" content=\"index, follow, max-snippet:-1, max-image-preview:large, max-video-preview:-1\" \/>\n<link rel=\"canonical\" href=\"https:\/\/www.copealcoy.es\/es\/la-fila-alcodianos-suma-una-nova-alegria-i-guanya-el-concurs-dolleta-del-mig-any-dalcoi\/\" \/>\n<meta property=\"og:locale\" content=\"es_ES\" \/>\n<meta property=\"og:type\" content=\"article\" \/>\n<meta property=\"og:title\" content=\"La Fil\u00e0 Alcodianos suma una nova alegria i guanya el Concurs d&#039;Olleta del Mig Any d&#039;Alcoi - COPE Alcoy\" \/>\n<meta property=\"og:description\" content=\"La Fil\u00e0 Alcodianos d&#039;Alcoi ha sigut la guanyadora del Concurs d&#039;Olleta del Mig Any d&#039;aquest 2022. Els Realistes han quedat segons\" \/>\n<meta property=\"og:url\" content=\"https:\/\/www.copealcoy.es\/es\/la-fila-alcodianos-suma-una-nova-alegria-i-guanya-el-concurs-dolleta-del-mig-any-dalcoi\/\" \/>\n<meta property=\"og:site_name\" content=\"COPE Alcoy\" \/>\n<meta property=\"article:published_time\" content=\"2022-10-22T22:13:34+00:00\" \/>\n<meta property=\"article:modified_time\" content=\"2022-10-22T23:25:00+00:00\" \/>\n<meta property=\"og:image\" content=\"https:\/\/www.copealcoy.es\/wp-content\/uploads\/2022\/10\/unnamed-18-scaled-e1666479900700.jpg\" \/>\n\t<meta property=\"og:image:width\" content=\"640\" \/>\n\t<meta property=\"og:image:height\" content=\"392\" \/>\n\t<meta property=\"og:image:type\" content=\"image\/jpeg\" \/>\n<meta name=\"author\" content=\"Cope Alcoy\" \/>\n<meta name=\"twitter:label1\" content=\"Escrito por\" \/>\n\t<meta name=\"twitter:data1\" content=\"Cope Alcoy\" \/>\n\t<meta name=\"twitter:label2\" content=\"Tiempo de lectura\" \/>\n\t<meta name=\"twitter:data2\" content=\"2 minutos\" \/>\n<script type=\"application\/ld+json\" class=\"yoast-schema-graph\">{\"@context\":\"https:\\\/\\\/schema.org\",\"@graph\":[{\"@type\":\"Article\",\"@id\":\"https:\\\/\\\/www.copealcoy.es\\\/es\\\/la-fila-alcodianos-suma-una-nova-alegria-i-guanya-el-concurs-dolleta-del-mig-any-dalcoi\\\/#article\",\"isPartOf\":{\"@id\":\"https:\\\/\\\/www.copealcoy.es\\\/es\\\/la-fila-alcodianos-suma-una-nova-alegria-i-guanya-el-concurs-dolleta-del-mig-any-dalcoi\\\/\"},\"author\":{\"name\":\"Cope Alcoy\",\"@id\":\"https:\\\/\\\/www.copealcoy.es\\\/es\\\/#\\\/schema\\\/person\\\/e777c87fa024e57d40170af9df39882c\"},\"headline\":\"La Fil\u00e0 Alcodianos suma una nova alegria i guanya el Concurs d&#8217;Olleta del Mig Any d&#8217;Alcoi\",\"datePublished\":\"2022-10-22T22:13:34+00:00\",\"dateModified\":\"2022-10-22T23:25:00+00:00\",\"mainEntityOfPage\":{\"@id\":\"https:\\\/\\\/www.copealcoy.es\\\/es\\\/la-fila-alcodianos-suma-una-nova-alegria-i-guanya-el-concurs-dolleta-del-mig-any-dalcoi\\\/\"},\"wordCount\":354,\"commentCount\":0,\"image\":{\"@id\":\"https:\\\/\\\/www.copealcoy.es\\\/es\\\/la-fila-alcodianos-suma-una-nova-alegria-i-guanya-el-concurs-dolleta-del-mig-any-dalcoi\\\/#primaryimage\"},\"thumbnailUrl\":\"https:\\\/\\\/www.copealcoy.es\\\/wp-content\\\/uploads\\\/2022\\\/10\\\/unnamed-18-scaled-e1666479900700.jpg\",\"keywords\":[\"Alcoi\",\"Concurs Olleta\",\"Festes Moros i Cristians\",\"Fil\u00e0 Alcodianos\",\"Mig Any\"],\"articleSection\":[\"Actualidad\",\"Alcoy\",\"Fiesta y Cultura\",\"Noticias\",\"Portada\"],\"inLanguage\":\"es\"},{\"@type\":\"WebPage\",\"@id\":\"https:\\\/\\\/www.copealcoy.es\\\/es\\\/la-fila-alcodianos-suma-una-nova-alegria-i-guanya-el-concurs-dolleta-del-mig-any-dalcoi\\\/\",\"url\":\"https:\\\/\\\/www.copealcoy.es\\\/es\\\/la-fila-alcodianos-suma-una-nova-alegria-i-guanya-el-concurs-dolleta-del-mig-any-dalcoi\\\/\",\"name\":\"La Fil\u00e0 Alcodianos suma una nova alegria i guanya el Concurs d'Olleta del Mig Any d'Alcoi - COPE Alcoy\",\"isPartOf\":{\"@id\":\"https:\\\/\\\/www.copealcoy.es\\\/es\\\/#website\"},\"primaryImageOfPage\":{\"@id\":\"https:\\\/\\\/www.copealcoy.es\\\/es\\\/la-fila-alcodianos-suma-una-nova-alegria-i-guanya-el-concurs-dolleta-del-mig-any-dalcoi\\\/#primaryimage\"},\"image\":{\"@id\":\"https:\\\/\\\/www.copealcoy.es\\\/es\\\/la-fila-alcodianos-suma-una-nova-alegria-i-guanya-el-concurs-dolleta-del-mig-any-dalcoi\\\/#primaryimage\"},\"thumbnailUrl\":\"https:\\\/\\\/www.copealcoy.es\\\/wp-content\\\/uploads\\\/2022\\\/10\\\/unnamed-18-scaled-e1666479900700.jpg\",\"datePublished\":\"2022-10-22T22:13:34+00:00\",\"dateModified\":\"2022-10-22T23:25:00+00:00\",\"author\":{\"@id\":\"https:\\\/\\\/www.copealcoy.es\\\/es\\\/#\\\/schema\\\/person\\\/e777c87fa024e57d40170af9df39882c\"},\"description\":\"La Fil\u00e0 Alcodianos d'Alcoi ha sigut la guanyadora del Concurs d'Olleta del Mig Any d'aquest 2022. Els Realistes han quedat segons\",\"breadcrumb\":{\"@id\":\"https:\\\/\\\/www.copealcoy.es\\\/es\\\/la-fila-alcodianos-suma-una-nova-alegria-i-guanya-el-concurs-dolleta-del-mig-any-dalcoi\\\/#breadcrumb\"},\"inLanguage\":\"es\",\"potentialAction\":[{\"@type\":\"ReadAction\",\"target\":[\"https:\\\/\\\/www.copealcoy.es\\\/es\\\/la-fila-alcodianos-suma-una-nova-alegria-i-guanya-el-concurs-dolleta-del-mig-any-dalcoi\\\/\"]}]},{\"@type\":\"ImageObject\",\"inLanguage\":\"es\",\"@id\":\"https:\\\/\\\/www.copealcoy.es\\\/es\\\/la-fila-alcodianos-suma-una-nova-alegria-i-guanya-el-concurs-dolleta-del-mig-any-dalcoi\\\/#primaryimage\",\"url\":\"https:\\\/\\\/www.copealcoy.es\\\/wp-content\\\/uploads\\\/2022\\\/10\\\/unnamed-18-scaled-e1666479900700.jpg\",\"contentUrl\":\"https:\\\/\\\/www.copealcoy.es\\\/wp-content\\\/uploads\\\/2022\\\/10\\\/unnamed-18-scaled-e1666479900700.jpg\",\"width\":640,\"height\":392},{\"@type\":\"BreadcrumbList\",\"@id\":\"https:\\\/\\\/www.copealcoy.es\\\/es\\\/la-fila-alcodianos-suma-una-nova-alegria-i-guanya-el-concurs-dolleta-del-mig-any-dalcoi\\\/#breadcrumb\",\"itemListElement\":[{\"@type\":\"ListItem\",\"position\":1,\"name\":\"Portada\",\"item\":\"https:\\\/\\\/www.copealcoy.es\\\/es\\\/\"},{\"@type\":\"ListItem\",\"position\":2,\"name\":\"La Fil\u00e0 Alcodianos suma una nova alegria i guanya el Concurs d&#8217;Olleta del Mig Any d&#8217;Alcoi\"}]},{\"@type\":\"WebSite\",\"@id\":\"https:\\\/\\\/www.copealcoy.es\\\/es\\\/#website\",\"url\":\"https:\\\/\\\/www.copealcoy.es\\\/es\\\/\",\"name\":\"COPE Alcoy\",\"description\":\"Emisora COPE de radio local con emisi\u00f3n online. Pont de Sant Jordi 8-10 03803 Alcoy\",\"potentialAction\":[{\"@type\":\"SearchAction\",\"target\":{\"@type\":\"EntryPoint\",\"urlTemplate\":\"https:\\\/\\\/www.copealcoy.es\\\/es\\\/?s={search_term_string}\"},\"query-input\":{\"@type\":\"PropertyValueSpecification\",\"valueRequired\":true,\"valueName\":\"search_term_string\"}}],\"inLanguage\":\"es\"},{\"@type\":\"Person\",\"@id\":\"https:\\\/\\\/www.copealcoy.es\\\/es\\\/#\\\/schema\\\/person\\\/e777c87fa024e57d40170af9df39882c\",\"name\":\"Cope Alcoy\",\"image\":{\"@type\":\"ImageObject\",\"inLanguage\":\"es\",\"@id\":\"https:\\\/\\\/secure.gravatar.com\\\/avatar\\\/bb65d0283347e303893ba14f0692005417c1e0e690a325a4c5d8bb2b3943ee14?s=96&d=mm&r=g\",\"url\":\"https:\\\/\\\/secure.gravatar.com\\\/avatar\\\/bb65d0283347e303893ba14f0692005417c1e0e690a325a4c5d8bb2b3943ee14?s=96&d=mm&r=g\",\"contentUrl\":\"https:\\\/\\\/secure.gravatar.com\\\/avatar\\\/bb65d0283347e303893ba14f0692005417c1e0e690a325a4c5d8bb2b3943ee14?s=96&d=mm&r=g\",\"caption\":\"Cope Alcoy\"}}]}<\/script>\n<!-- \/ Yoast SEO plugin. -->","yoast_head_json":{"title":"La Fil\u00e0 Alcodianos suma una nova alegria i guanya el Concurs d'Olleta del Mig Any d'Alcoi - COPE Alcoy","description":"La Fil\u00e0 Alcodianos d'Alcoi ha sigut la guanyadora del Concurs d'Olleta del Mig Any d'aquest 2022. Els Realistes han quedat segons","robots":{"index":"index","follow":"follow","max-snippet":"max-snippet:-1","max-image-preview":"max-image-preview:large","max-video-preview":"max-video-preview:-1"},"canonical":"https:\/\/www.copealcoy.es\/es\/la-fila-alcodianos-suma-una-nova-alegria-i-guanya-el-concurs-dolleta-del-mig-any-dalcoi\/","og_locale":"es_ES","og_type":"article","og_title":"La Fil\u00e0 Alcodianos suma una nova alegria i guanya el Concurs d'Olleta del Mig Any d'Alcoi - COPE Alcoy","og_description":"La Fil\u00e0 Alcodianos d'Alcoi ha sigut la guanyadora del Concurs d'Olleta del Mig Any d'aquest 2022. Els Realistes han quedat segons","og_url":"https:\/\/www.copealcoy.es\/es\/la-fila-alcodianos-suma-una-nova-alegria-i-guanya-el-concurs-dolleta-del-mig-any-dalcoi\/","og_site_name":"COPE Alcoy","article_published_time":"2022-10-22T22:13:34+00:00","article_modified_time":"2022-10-22T23:25:00+00:00","og_image":[{"width":640,"height":392,"url":"https:\/\/www.copealcoy.es\/wp-content\/uploads\/2022\/10\/unnamed-18-scaled-e1666479900700.jpg","type":"image\/jpeg"}],"author":"Cope Alcoy","twitter_misc":{"Escrito por":"Cope Alcoy","Tiempo de lectura":"2 minutos"},"schema":{"@context":"https:\/\/schema.org","@graph":[{"@type":"Article","@id":"https:\/\/www.copealcoy.es\/es\/la-fila-alcodianos-suma-una-nova-alegria-i-guanya-el-concurs-dolleta-del-mig-any-dalcoi\/#article","isPartOf":{"@id":"https:\/\/www.copealcoy.es\/es\/la-fila-alcodianos-suma-una-nova-alegria-i-guanya-el-concurs-dolleta-del-mig-any-dalcoi\/"},"author":{"name":"Cope Alcoy","@id":"https:\/\/www.copealcoy.es\/es\/#\/schema\/person\/e777c87fa024e57d40170af9df39882c"},"headline":"La Fil\u00e0 Alcodianos suma una nova alegria i guanya el Concurs d&#8217;Olleta del Mig Any d&#8217;Alcoi","datePublished":"2022-10-22T22:13:34+00:00","dateModified":"2022-10-22T23:25:00+00:00","mainEntityOfPage":{"@id":"https:\/\/www.copealcoy.es\/es\/la-fila-alcodianos-suma-una-nova-alegria-i-guanya-el-concurs-dolleta-del-mig-any-dalcoi\/"},"wordCount":354,"commentCount":0,"image":{"@id":"https:\/\/www.copealcoy.es\/es\/la-fila-alcodianos-suma-una-nova-alegria-i-guanya-el-concurs-dolleta-del-mig-any-dalcoi\/#primaryimage"},"thumbnailUrl":"https:\/\/www.copealcoy.es\/wp-content\/uploads\/2022\/10\/unnamed-18-scaled-e1666479900700.jpg","keywords":["Alcoi","Concurs Olleta","Festes Moros i Cristians","Fil\u00e0 Alcodianos","Mig Any"],"articleSection":["Actualidad","Alcoy","Fiesta y Cultura","Noticias","Portada"],"inLanguage":"es"},{"@type":"WebPage","@id":"https:\/\/www.copealcoy.es\/es\/la-fila-alcodianos-suma-una-nova-alegria-i-guanya-el-concurs-dolleta-del-mig-any-dalcoi\/","url":"https:\/\/www.copealcoy.es\/es\/la-fila-alcodianos-suma-una-nova-alegria-i-guanya-el-concurs-dolleta-del-mig-any-dalcoi\/","name":"La Fil\u00e0 Alcodianos suma una nova alegria i guanya el Concurs d'Olleta del Mig Any d'Alcoi - COPE Alcoy","isPartOf":{"@id":"https:\/\/www.copealcoy.es\/es\/#website"},"primaryImageOfPage":{"@id":"https:\/\/www.copealcoy.es\/es\/la-fila-alcodianos-suma-una-nova-alegria-i-guanya-el-concurs-dolleta-del-mig-any-dalcoi\/#primaryimage"},"image":{"@id":"https:\/\/www.copealcoy.es\/es\/la-fila-alcodianos-suma-una-nova-alegria-i-guanya-el-concurs-dolleta-del-mig-any-dalcoi\/#primaryimage"},"thumbnailUrl":"https:\/\/www.copealcoy.es\/wp-content\/uploads\/2022\/10\/unnamed-18-scaled-e1666479900700.jpg","datePublished":"2022-10-22T22:13:34+00:00","dateModified":"2022-10-22T23:25:00+00:00","author":{"@id":"https:\/\/www.copealcoy.es\/es\/#\/schema\/person\/e777c87fa024e57d40170af9df39882c"},"description":"La Fil\u00e0 Alcodianos d'Alcoi ha sigut la guanyadora del Concurs d'Olleta del Mig Any d'aquest 2022. Els Realistes han quedat segons","breadcrumb":{"@id":"https:\/\/www.copealcoy.es\/es\/la-fila-alcodianos-suma-una-nova-alegria-i-guanya-el-concurs-dolleta-del-mig-any-dalcoi\/#breadcrumb"},"inLanguage":"es","potentialAction":[{"@type":"ReadAction","target":["https:\/\/www.copealcoy.es\/es\/la-fila-alcodianos-suma-una-nova-alegria-i-guanya-el-concurs-dolleta-del-mig-any-dalcoi\/"]}]},{"@type":"ImageObject","inLanguage":"es","@id":"https:\/\/www.copealcoy.es\/es\/la-fila-alcodianos-suma-una-nova-alegria-i-guanya-el-concurs-dolleta-del-mig-any-dalcoi\/#primaryimage","url":"https:\/\/www.copealcoy.es\/wp-content\/uploads\/2022\/10\/unnamed-18-scaled-e1666479900700.jpg","contentUrl":"https:\/\/www.copealcoy.es\/wp-content\/uploads\/2022\/10\/unnamed-18-scaled-e1666479900700.jpg","width":640,"height":392},{"@type":"BreadcrumbList","@id":"https:\/\/www.copealcoy.es\/es\/la-fila-alcodianos-suma-una-nova-alegria-i-guanya-el-concurs-dolleta-del-mig-any-dalcoi\/#breadcrumb","itemListElement":[{"@type":"ListItem","position":1,"name":"Portada","item":"https:\/\/www.copealcoy.es\/es\/"},{"@type":"ListItem","position":2,"name":"La Fil\u00e0 Alcodianos suma una nova alegria i guanya el Concurs d&#8217;Olleta del Mig Any d&#8217;Alcoi"}]},{"@type":"WebSite","@id":"https:\/\/www.copealcoy.es\/es\/#website","url":"https:\/\/www.copealcoy.es\/es\/","name":"COPE Alcoy","description":"Emisora COPE de radio local con emisi\u00f3n online. Pont de Sant Jordi 8-10 03803 Alcoy","potentialAction":[{"@type":"SearchAction","target":{"@type":"EntryPoint","urlTemplate":"https:\/\/www.copealcoy.es\/es\/?s={search_term_string}"},"query-input":{"@type":"PropertyValueSpecification","valueRequired":true,"valueName":"search_term_string"}}],"inLanguage":"es"},{"@type":"Person","@id":"https:\/\/www.copealcoy.es\/es\/#\/schema\/person\/e777c87fa024e57d40170af9df39882c","name":"Cope Alcoy","image":{"@type":"ImageObject","inLanguage":"es","@id":"https:\/\/secure.gravatar.com\/avatar\/bb65d0283347e303893ba14f0692005417c1e0e690a325a4c5d8bb2b3943ee14?s=96&d=mm&r=g","url":"https:\/\/secure.gravatar.com\/avatar\/bb65d0283347e303893ba14f0692005417c1e0e690a325a4c5d8bb2b3943ee14?s=96&d=mm&r=g","contentUrl":"https:\/\/secure.gravatar.com\/avatar\/bb65d0283347e303893ba14f0692005417c1e0e690a325a4c5d8bb2b3943ee14?s=96&d=mm&r=g","caption":"Cope Alcoy"}}]}},"_links":{"self":[{"href":"https:\/\/www.copealcoy.es\/es\/wp-json\/wp\/v2\/posts\/93298","targetHints":{"allow":["GET"]}}],"collection":[{"href":"https:\/\/www.copealcoy.es\/es\/wp-json\/wp\/v2\/posts"}],"about":[{"href":"https:\/\/www.copealcoy.es\/es\/wp-json\/wp\/v2\/types\/post"}],"author":[{"embeddable":true,"href":"https:\/\/www.copealcoy.es\/es\/wp-json\/wp\/v2\/users\/1"}],"replies":[{"embeddable":true,"href":"https:\/\/www.copealcoy.es\/es\/wp-json\/wp\/v2\/comments?post=93298"}],"version-history":[{"count":0,"href":"https:\/\/www.copealcoy.es\/es\/wp-json\/wp\/v2\/posts\/93298\/revisions"}],"wp:featuredmedia":[{"embeddable":true,"href":"https:\/\/www.copealcoy.es\/es\/wp-json\/wp\/v2\/media\/93301"}],"wp:attachment":[{"href":"https:\/\/www.copealcoy.es\/es\/wp-json\/wp\/v2\/media?parent=93298"}],"wp:term":[{"taxonomy":"category","embeddable":true,"href":"https:\/\/www.copealcoy.es\/es\/wp-json\/wp\/v2\/categories?post=93298"},{"taxonomy":"post_tag","embeddable":true,"href":"https:\/\/www.copealcoy.es\/es\/wp-json\/wp\/v2\/tags?post=93298"}],"curies":[{"name":"wp","href":"https:\/\/api.w.org\/{rel}","templated":true}]}}