{"id":93272,"date":"2022-10-22T14:40:31","date_gmt":"2022-10-22T13:40:31","guid":{"rendered":"https:\/\/www.copealcoy.es\/?p=93272"},"modified":"2022-10-23T00:40:26","modified_gmt":"2022-10-22T23:40:26","slug":"el-mig-any-ompli-de-festa-la-glorieta-dalcoi","status":"publish","type":"post","link":"https:\/\/www.copealcoy.es\/es\/el-mig-any-ompli-de-festa-la-glorieta-dalcoi\/","title":{"rendered":"El Mig Any ompli de festa La Glorieta d&#8217;Alcoi"},"content":{"rendered":"<p style=\"text-align: justify;\">Alcoi viu en aquest dissabte 22 d&#8217;octubre <strong>el dia gran del Mig Any Fester 2022<\/strong> i ho fa en <strong>una jornada que ha comen\u00e7at nuvolosa<\/strong> per\u00f2 <strong>amb temperatures superiors als 25 graus<\/strong>. Aquest ambient primaveral ha fet que des de migdia el parc municipal de La Glorieta <strong>estiguera replet de gent<\/strong> amb ganes de festa i de compartir bons moments en companya dels festers de les diferents\u00a0<span class=\"hiddenSpellError\">filaes<\/span>.<\/p>\n<p style=\"text-align: justify;\">Precisament les 28 formacions mores i cristianes <strong>han comen\u00e7at de bon mat\u00ed a muntar els tendals sota els quals han compartit aquesta intensa jornada festera<\/strong>. A m\u00e9s <strong>han iniciat els preparatius per a cuinar el plat t\u00edpic d&#8217;olleta<\/strong>, una vianda que abans de les huit de la vesprada <strong>presentaran davant del jurat<\/strong> que determinar\u00e0 quina ser\u00e0 la Fil\u00e0 guanyadora del concurs d&#8217;enguany. Mentrestant COPE ALCOI <strong>ha tornat a muntar el seu estand per a oferir-te una edici\u00f3 especial del programa La Nostra Festa<\/strong> condu\u00eft per\u00a0<strong><span class=\"hiddenSpellError\">Carlos<\/span>\u00a0<span class=\"hiddenSpellError\">Tal\u00e9ns<\/span>\u00a0i Gabriel\u00a0<span class=\"hiddenSpellError\">Pascual<\/span><\/strong>, un espai pel qual han passat <strong>els principals protagonistes de les Festes de 2023<\/strong>. Hem tingut amb nosaltres a\u00a0<strong><span class=\"hiddenSpellError\">Nicol\u00e1s<\/span>\u00a0S\u00e1nchez Linares<\/strong> (Sant\u00a0<span class=\"hiddenSpellError\">Jordiet<\/span>), <strong>Jes\u00fas\u00a0<span class=\"hiddenSpellError\">Mullor<\/span>\u00a0<span class=\"hiddenSpellError\">Masanet<\/span><\/strong> (Capit\u00e0 Cristi\u00e0 de la Fil\u00e0 Cruzados),\u00a0<strong><span class=\"hiddenSpellError\">Miguel<\/span> Jord\u00e0 Linares<\/strong> (Alferes Cristi\u00e0 de la Fil\u00e0 \u00a0<span class=\"hiddenSpellError\">Alcodianos<\/span>), <strong>Salvador Mic\u00f3 Cardona<\/strong> (Capit\u00e0 Moro de la Fil\u00e0 <span class=\"hiddenSpellError\">Ligeros<\/span>) i\u00a0<strong><span class=\"hiddenSpellError\">Alfonso<\/span>\u00a0<span class=\"hiddenSpellError\">Caerols<\/span>\u00a0<span class=\"hiddenSpellError\">Peidr\u00f3<\/span><\/strong> (Alferes Moro de la Fil\u00e0 Mud\u00e8jars). A m\u00e9s hem rebut <strong>la visita d&#8217;Omar Castanyer<\/strong> (Moss\u00e9n\u00a0Torregrossa), <strong>Ximo\u00a0<span class=\"hiddenSpellError\">Sandoval<\/span>, Santi Carbonell i V\u00edctor Ferrer, S\u00edlvia G\u00f3mez\u00a0<span class=\"hiddenSpellError\">Maestro<\/span><\/strong> (Directora de l&#8217;Himne), <strong>la Penya Fontilles<\/strong>, <strong>David Antol\u00ed i Jordi Segu\u00ed<\/strong> (Sergent Moro i Cristi\u00e0) aix\u00ed com <strong>\u00d2scar Mart\u00ednez i Tono Delgado<\/strong> (Ambaixadors Moro i Cristi\u00e0). Finalment hem <span class=\"hiddenSpellError\">pogut<\/span> parlar amb <strong>Juan Jos\u00e9 Olcina<\/strong> (President de l&#8217;Associaci\u00f3 de Sant Jordi),<strong> l&#8217;alcalde d&#8217;Alcoi<\/strong> (Toni Franc\u00e9s), <strong>els regidors de Festes<\/strong> (Carol Ortiz) <strong>i Seguretat<\/strong> (Ra\u00fcl Llopis) i <strong>el candidat del PP a l&#8217;<span class=\"hiddenSpellError\">alcald\u00eda<\/span>\u00a0d&#8217;Alcoi<\/strong> (<span class=\"hiddenSpellError\">Carlos<\/span>\u00a0Pastor).<\/p>\n<p style=\"text-align: justify;\">Aquest programa especial del Mig Any 2022 l&#8217;han fet possible firms com\u00a0 <strong><span class=\"hiddenSpellError\">Tadeo<\/span>\u00a0<span class=\"hiddenSpellError\">Rentacar<\/span>,\u00a0<span class=\"hiddenSpellError\">Feralvi<\/span>\u00a0<span class=\"hiddenSpellError\">Automoci\u00f3n<\/span>, Fundaci\u00f3 Caixa Ontinyent, Panaderia Sofia, El\u00a0<span class=\"hiddenSpellError\">Cortidor<\/span>,\u00a0<span class=\"hiddenSpellError\">Impridekor<\/span>, Nou Cardona Musical,\u00a0<span class=\"hiddenSpellError\">Milar<\/span>\u00a0<span class=\"hiddenSpellError\">Electrodom\u00e9sticos<\/span>,\u00a0<span class=\"hiddenSpellError\">Levantina<\/span>\u00a0Carpa i Caf\u00e9 de Feta<\/strong>. Gr\u00e0cies, a tots ells, per acompanyar-nos en un mat\u00ed especial de festa.<\/p>\n<p>Escolta <strong>ac\u00ed<\/strong> el programa:<\/p>\n<p><iframe loading=\"lazy\" title=\"&#039;La Nostra Festa&#039; Especial Mig Any Alcoi 2022\" width=\"100%\" height=\"120\" src=\"https:\/\/www.mixcloud.com\/widget\/iframe\/?feed=https%3A%2F%2Fwww.mixcloud.com%2FCOPEAlcoy%2Fla-nostra-festa-especial-mig-any-alcoi-2022%2F&amp;hide_cover=1\" frameborder=\"0\"><\/iframe><\/p>\n<div id='gallery-1' class='gallery galleryid-93272 gallery-columns-2 gallery-size-full'><figure class='gallery-item'>\n\t\t\t<div class='gallery-icon landscape'>\n\t\t\t\t<a href='https:\/\/www.copealcoy.es\/es\/el-mig-any-ompli-de-festa-la-glorieta-dalcoi\/5da0cf6c-806a-4caf-9f4b-6f8e2d2d3701\/'><img loading=\"lazy\" decoding=\"async\" width=\"1920\" height=\"960\" src=\"https:\/\/www.copealcoy.es\/wp-content\/uploads\/2022\/10\/5da0cf6c-806a-4caf-9f4b-6f8e2d2d3701-scaled.jpg\" class=\"attachment-full size-full\" alt=\"\" aria-describedby=\"gallery-1-93282\" srcset=\"https:\/\/www.copealcoy.es\/wp-content\/uploads\/2022\/10\/5da0cf6c-806a-4caf-9f4b-6f8e2d2d3701-scaled.jpg 1920w, https:\/\/www.copealcoy.es\/wp-content\/uploads\/2022\/10\/5da0cf6c-806a-4caf-9f4b-6f8e2d2d3701-768x384.jpg 768w, https:\/\/www.copealcoy.es\/wp-content\/uploads\/2022\/10\/5da0cf6c-806a-4caf-9f4b-6f8e2d2d3701-1536x768.jpg 1536w\" sizes=\"auto, (max-width: 1920px) 100vw, 1920px\" \/><\/a>\n\t\t\t<\/div>\n\t\t\t\t<figcaption class='wp-caption-text gallery-caption' id='gallery-1-93282'>\n\t\t\t\tMig Any Alcoi 2022\n\t\t\t\t<\/figcaption><\/figure><figure class='gallery-item'>\n\t\t\t<div class='gallery-icon landscape'>\n\t\t\t\t<a href='https:\/\/www.copealcoy.es\/es\/el-mig-any-ompli-de-festa-la-glorieta-dalcoi\/16af13bc-5658-4fa4-9c4c-ee221a8a0137\/'><img loading=\"lazy\" decoding=\"async\" width=\"1920\" height=\"960\" src=\"https:\/\/www.copealcoy.es\/wp-content\/uploads\/2022\/10\/16af13bc-5658-4fa4-9c4c-ee221a8a0137-scaled.jpg\" class=\"attachment-full size-full\" alt=\"\" aria-describedby=\"gallery-1-93283\" srcset=\"https:\/\/www.copealcoy.es\/wp-content\/uploads\/2022\/10\/16af13bc-5658-4fa4-9c4c-ee221a8a0137-scaled.jpg 1920w, https:\/\/www.copealcoy.es\/wp-content\/uploads\/2022\/10\/16af13bc-5658-4fa4-9c4c-ee221a8a0137-768x384.jpg 768w, https:\/\/www.copealcoy.es\/wp-content\/uploads\/2022\/10\/16af13bc-5658-4fa4-9c4c-ee221a8a0137-1536x768.jpg 1536w\" sizes=\"auto, (max-width: 1920px) 100vw, 1920px\" \/><\/a>\n\t\t\t<\/div>\n\t\t\t\t<figcaption class='wp-caption-text gallery-caption' id='gallery-1-93283'>\n\t\t\t\tMig Any Alcoi 2022\n\t\t\t\t<\/figcaption><\/figure><figure class='gallery-item'>\n\t\t\t<div class='gallery-icon landscape'>\n\t\t\t\t<a href='https:\/\/www.copealcoy.es\/es\/el-mig-any-ompli-de-festa-la-glorieta-dalcoi\/98fe05a7-26c6-45cb-aef0-e31baaa700f1\/'><img loading=\"lazy\" decoding=\"async\" width=\"1920\" height=\"960\" src=\"https:\/\/www.copealcoy.es\/wp-content\/uploads\/2022\/10\/98fe05a7-26c6-45cb-aef0-e31baaa700f1-scaled.jpg\" class=\"attachment-full size-full\" alt=\"\" aria-describedby=\"gallery-1-93285\" srcset=\"https:\/\/www.copealcoy.es\/wp-content\/uploads\/2022\/10\/98fe05a7-26c6-45cb-aef0-e31baaa700f1-scaled.jpg 1920w, https:\/\/www.copealcoy.es\/wp-content\/uploads\/2022\/10\/98fe05a7-26c6-45cb-aef0-e31baaa700f1-768x384.jpg 768w, https:\/\/www.copealcoy.es\/wp-content\/uploads\/2022\/10\/98fe05a7-26c6-45cb-aef0-e31baaa700f1-1536x768.jpg 1536w\" sizes=\"auto, (max-width: 1920px) 100vw, 1920px\" \/><\/a>\n\t\t\t<\/div>\n\t\t\t\t<figcaption class='wp-caption-text gallery-caption' id='gallery-1-93285'>\n\t\t\t\tMig Any Alcoi 2022\n\t\t\t\t<\/figcaption><\/figure><figure class='gallery-item'>\n\t\t\t<div class='gallery-icon landscape'>\n\t\t\t\t<a href='https:\/\/www.copealcoy.es\/es\/el-mig-any-ompli-de-festa-la-glorieta-dalcoi\/377c4f9a-1b83-45ba-86a4-7d4126d72b03\/'><img loading=\"lazy\" decoding=\"async\" width=\"1920\" height=\"960\" src=\"https:\/\/www.copealcoy.es\/wp-content\/uploads\/2022\/10\/377c4f9a-1b83-45ba-86a4-7d4126d72b03-scaled.jpg\" class=\"attachment-full size-full\" alt=\"\" aria-describedby=\"gallery-1-93286\" srcset=\"https:\/\/www.copealcoy.es\/wp-content\/uploads\/2022\/10\/377c4f9a-1b83-45ba-86a4-7d4126d72b03-scaled.jpg 1920w, https:\/\/www.copealcoy.es\/wp-content\/uploads\/2022\/10\/377c4f9a-1b83-45ba-86a4-7d4126d72b03-768x384.jpg 768w, https:\/\/www.copealcoy.es\/wp-content\/uploads\/2022\/10\/377c4f9a-1b83-45ba-86a4-7d4126d72b03-1536x768.jpg 1536w\" sizes=\"auto, (max-width: 1920px) 100vw, 1920px\" \/><\/a>\n\t\t\t<\/div>\n\t\t\t\t<figcaption class='wp-caption-text gallery-caption' id='gallery-1-93286'>\n\t\t\t\tMig Any Alcoi 2022\n\t\t\t\t<\/figcaption><\/figure><figure class='gallery-item'>\n\t\t\t<div class='gallery-icon landscape'>\n\t\t\t\t<a href='https:\/\/www.copealcoy.es\/es\/el-mig-any-ompli-de-festa-la-glorieta-dalcoi\/6000e9fe-707d-4e9d-9551-ee0d8c8ad423\/'><img loading=\"lazy\" decoding=\"async\" width=\"1920\" height=\"960\" src=\"https:\/\/www.copealcoy.es\/wp-content\/uploads\/2022\/10\/6000e9fe-707d-4e9d-9551-ee0d8c8ad423-scaled.jpg\" class=\"attachment-full size-full\" alt=\"\" aria-describedby=\"gallery-1-93287\" srcset=\"https:\/\/www.copealcoy.es\/wp-content\/uploads\/2022\/10\/6000e9fe-707d-4e9d-9551-ee0d8c8ad423-scaled.jpg 1920w, https:\/\/www.copealcoy.es\/wp-content\/uploads\/2022\/10\/6000e9fe-707d-4e9d-9551-ee0d8c8ad423-768x384.jpg 768w, https:\/\/www.copealcoy.es\/wp-content\/uploads\/2022\/10\/6000e9fe-707d-4e9d-9551-ee0d8c8ad423-1536x768.jpg 1536w\" sizes=\"auto, (max-width: 1920px) 100vw, 1920px\" \/><\/a>\n\t\t\t<\/div>\n\t\t\t\t<figcaption class='wp-caption-text gallery-caption' id='gallery-1-93287'>\n\t\t\t\tMig Any Alcoi 2022\n\t\t\t\t<\/figcaption><\/figure><figure class='gallery-item'>\n\t\t\t<div class='gallery-icon landscape'>\n\t\t\t\t<a href='https:\/\/www.copealcoy.es\/es\/el-mig-any-ompli-de-festa-la-glorieta-dalcoi\/197407a4-b10c-4cf2-a46b-97281d1d6c3e\/'><img loading=\"lazy\" decoding=\"async\" width=\"1920\" height=\"960\" src=\"https:\/\/www.copealcoy.es\/wp-content\/uploads\/2022\/10\/197407a4-b10c-4cf2-a46b-97281d1d6c3e-scaled.jpg\" class=\"attachment-full size-full\" alt=\"\" aria-describedby=\"gallery-1-93288\" srcset=\"https:\/\/www.copealcoy.es\/wp-content\/uploads\/2022\/10\/197407a4-b10c-4cf2-a46b-97281d1d6c3e-scaled.jpg 1920w, https:\/\/www.copealcoy.es\/wp-content\/uploads\/2022\/10\/197407a4-b10c-4cf2-a46b-97281d1d6c3e-768x384.jpg 768w, https:\/\/www.copealcoy.es\/wp-content\/uploads\/2022\/10\/197407a4-b10c-4cf2-a46b-97281d1d6c3e-1536x768.jpg 1536w\" sizes=\"auto, (max-width: 1920px) 100vw, 1920px\" \/><\/a>\n\t\t\t<\/div>\n\t\t\t\t<figcaption class='wp-caption-text gallery-caption' id='gallery-1-93288'>\n\t\t\t\tMig Any Alcoi 2022\n\t\t\t\t<\/figcaption><\/figure><figure class='gallery-item'>\n\t\t\t<div class='gallery-icon landscape'>\n\t\t\t\t<a href='https:\/\/www.copealcoy.es\/es\/el-mig-any-ompli-de-festa-la-glorieta-dalcoi\/35319760-4e08-451e-a27c-f5412ca30d8f\/'><img loading=\"lazy\" decoding=\"async\" width=\"1920\" height=\"960\" src=\"https:\/\/www.copealcoy.es\/wp-content\/uploads\/2022\/10\/35319760-4e08-451e-a27c-f5412ca30d8f-scaled.jpg\" class=\"attachment-full size-full\" alt=\"\" aria-describedby=\"gallery-1-93289\" srcset=\"https:\/\/www.copealcoy.es\/wp-content\/uploads\/2022\/10\/35319760-4e08-451e-a27c-f5412ca30d8f-scaled.jpg 1920w, https:\/\/www.copealcoy.es\/wp-content\/uploads\/2022\/10\/35319760-4e08-451e-a27c-f5412ca30d8f-768x384.jpg 768w, https:\/\/www.copealcoy.es\/wp-content\/uploads\/2022\/10\/35319760-4e08-451e-a27c-f5412ca30d8f-1536x768.jpg 1536w\" sizes=\"auto, (max-width: 1920px) 100vw, 1920px\" \/><\/a>\n\t\t\t<\/div>\n\t\t\t\t<figcaption class='wp-caption-text gallery-caption' id='gallery-1-93289'>\n\t\t\t\tMig Any Alcoi 2022\n\t\t\t\t<\/figcaption><\/figure><figure class='gallery-item'>\n\t\t\t<div class='gallery-icon landscape'>\n\t\t\t\t<a href='https:\/\/www.copealcoy.es\/es\/el-mig-any-ompli-de-festa-la-glorieta-dalcoi\/a880c89e-30f0-45e0-b9ea-28fe0591ce8c\/'><img loading=\"lazy\" decoding=\"async\" width=\"1600\" height=\"800\" src=\"https:\/\/www.copealcoy.es\/wp-content\/uploads\/2022\/10\/a880c89e-30f0-45e0-b9ea-28fe0591ce8c.jpg\" class=\"attachment-full size-full\" alt=\"\" aria-describedby=\"gallery-1-93290\" srcset=\"https:\/\/www.copealcoy.es\/wp-content\/uploads\/2022\/10\/a880c89e-30f0-45e0-b9ea-28fe0591ce8c.jpg 1600w, https:\/\/www.copealcoy.es\/wp-content\/uploads\/2022\/10\/a880c89e-30f0-45e0-b9ea-28fe0591ce8c-768x384.jpg 768w, https:\/\/www.copealcoy.es\/wp-content\/uploads\/2022\/10\/a880c89e-30f0-45e0-b9ea-28fe0591ce8c-1536x768.jpg 1536w\" sizes=\"auto, (max-width: 1600px) 100vw, 1600px\" \/><\/a>\n\t\t\t<\/div>\n\t\t\t\t<figcaption class='wp-caption-text gallery-caption' id='gallery-1-93290'>\n\t\t\t\tMig Any Alcoi 2022\n\t\t\t\t<\/figcaption><\/figure><figure class='gallery-item'>\n\t\t\t<div class='gallery-icon landscape'>\n\t\t\t\t<a href='https:\/\/www.copealcoy.es\/es\/el-mig-any-ompli-de-festa-la-glorieta-dalcoi\/c0785f05-cd06-43e2-a6b1-349613a1b905\/'><img loading=\"lazy\" decoding=\"async\" width=\"1920\" height=\"960\" src=\"https:\/\/www.copealcoy.es\/wp-content\/uploads\/2022\/10\/c0785f05-cd06-43e2-a6b1-349613a1b905-scaled.jpg\" class=\"attachment-full size-full\" alt=\"\" aria-describedby=\"gallery-1-93291\" srcset=\"https:\/\/www.copealcoy.es\/wp-content\/uploads\/2022\/10\/c0785f05-cd06-43e2-a6b1-349613a1b905-scaled.jpg 1920w, https:\/\/www.copealcoy.es\/wp-content\/uploads\/2022\/10\/c0785f05-cd06-43e2-a6b1-349613a1b905-768x384.jpg 768w, https:\/\/www.copealcoy.es\/wp-content\/uploads\/2022\/10\/c0785f05-cd06-43e2-a6b1-349613a1b905-1536x768.jpg 1536w\" sizes=\"auto, (max-width: 1920px) 100vw, 1920px\" \/><\/a>\n\t\t\t<\/div>\n\t\t\t\t<figcaption class='wp-caption-text gallery-caption' id='gallery-1-93291'>\n\t\t\t\tMig Any Alcoi 2022\n\t\t\t\t<\/figcaption><\/figure><figure class='gallery-item'>\n\t\t\t<div class='gallery-icon landscape'>\n\t\t\t\t<a href='https:\/\/www.copealcoy.es\/es\/el-mig-any-ompli-de-festa-la-glorieta-dalcoi\/c908bc4a-3898-42d1-b336-b27bcc85b944\/'><img loading=\"lazy\" decoding=\"async\" width=\"1920\" height=\"960\" src=\"https:\/\/www.copealcoy.es\/wp-content\/uploads\/2022\/10\/c908bc4a-3898-42d1-b336-b27bcc85b944-scaled.jpg\" class=\"attachment-full size-full\" alt=\"\" aria-describedby=\"gallery-1-93292\" srcset=\"https:\/\/www.copealcoy.es\/wp-content\/uploads\/2022\/10\/c908bc4a-3898-42d1-b336-b27bcc85b944-scaled.jpg 1920w, https:\/\/www.copealcoy.es\/wp-content\/uploads\/2022\/10\/c908bc4a-3898-42d1-b336-b27bcc85b944-768x384.jpg 768w, https:\/\/www.copealcoy.es\/wp-content\/uploads\/2022\/10\/c908bc4a-3898-42d1-b336-b27bcc85b944-1536x768.jpg 1536w\" sizes=\"auto, (max-width: 1920px) 100vw, 1920px\" \/><\/a>\n\t\t\t<\/div>\n\t\t\t\t<figcaption class='wp-caption-text gallery-caption' id='gallery-1-93292'>\n\t\t\t\tMig Any Alcoi 2022\n\t\t\t\t<\/figcaption><\/figure><figure class='gallery-item'>\n\t\t\t<div class='gallery-icon landscape'>\n\t\t\t\t<a href='https:\/\/www.copealcoy.es\/es\/el-mig-any-ompli-de-festa-la-glorieta-dalcoi\/ed787bce-fa30-47df-b74b-fc6985cd2101\/'><img loading=\"lazy\" decoding=\"async\" width=\"1920\" height=\"960\" src=\"https:\/\/www.copealcoy.es\/wp-content\/uploads\/2022\/10\/ed787bce-fa30-47df-b74b-fc6985cd2101-scaled.jpg\" class=\"attachment-full size-full\" alt=\"\" aria-describedby=\"gallery-1-93293\" srcset=\"https:\/\/www.copealcoy.es\/wp-content\/uploads\/2022\/10\/ed787bce-fa30-47df-b74b-fc6985cd2101-scaled.jpg 1920w, https:\/\/www.copealcoy.es\/wp-content\/uploads\/2022\/10\/ed787bce-fa30-47df-b74b-fc6985cd2101-768x384.jpg 768w, https:\/\/www.copealcoy.es\/wp-content\/uploads\/2022\/10\/ed787bce-fa30-47df-b74b-fc6985cd2101-1536x768.jpg 1536w\" sizes=\"auto, (max-width: 1920px) 100vw, 1920px\" \/><\/a>\n\t\t\t<\/div>\n\t\t\t\t<figcaption class='wp-caption-text gallery-caption' id='gallery-1-93293'>\n\t\t\t\tMig Any Alcoi 2022\n\t\t\t\t<\/figcaption><\/figure><figure class='gallery-item'>\n\t\t\t<div class='gallery-icon landscape'>\n\t\t\t\t<a href='https:\/\/www.copealcoy.es\/es\/el-mig-any-ompli-de-festa-la-glorieta-dalcoi\/fcc56085-0318-4587-b07c-7b465e2bc989\/'><img loading=\"lazy\" decoding=\"async\" width=\"1920\" height=\"960\" src=\"https:\/\/www.copealcoy.es\/wp-content\/uploads\/2022\/10\/fcc56085-0318-4587-b07c-7b465e2bc989-scaled.jpg\" class=\"attachment-full size-full\" alt=\"\" aria-describedby=\"gallery-1-93294\" srcset=\"https:\/\/www.copealcoy.es\/wp-content\/uploads\/2022\/10\/fcc56085-0318-4587-b07c-7b465e2bc989-scaled.jpg 1920w, https:\/\/www.copealcoy.es\/wp-content\/uploads\/2022\/10\/fcc56085-0318-4587-b07c-7b465e2bc989-768x384.jpg 768w, https:\/\/www.copealcoy.es\/wp-content\/uploads\/2022\/10\/fcc56085-0318-4587-b07c-7b465e2bc989-1536x768.jpg 1536w\" sizes=\"auto, (max-width: 1920px) 100vw, 1920px\" \/><\/a>\n\t\t\t<\/div>\n\t\t\t\t<figcaption class='wp-caption-text gallery-caption' id='gallery-1-93294'>\n\t\t\t\tMig Any Alcoi 2022\n\t\t\t\t<\/figcaption><\/figure><figure class='gallery-item'>\n\t\t\t<div class='gallery-icon landscape'>\n\t\t\t\t<a href='https:\/\/www.copealcoy.es\/es\/el-mig-any-ompli-de-festa-la-glorieta-dalcoi\/99975d6a-0764-4dab-b7d8-9af7c290f811\/'><img loading=\"lazy\" decoding=\"async\" width=\"640\" height=\"320\" src=\"https:\/\/www.copealcoy.es\/wp-content\/uploads\/2022\/10\/99975d6a-0764-4dab-b7d8-9af7c290f811-scaled-e1666471997334.jpg\" class=\"attachment-full size-full\" alt=\"\" aria-describedby=\"gallery-1-93280\" \/><\/a>\n\t\t\t<\/div>\n\t\t\t\t<figcaption class='wp-caption-text gallery-caption' id='gallery-1-93280'>\n\t\t\t\tMig Any Alcoi 2022\n\t\t\t\t<\/figcaption><\/figure><figure class='gallery-item'>\n\t\t\t<div class='gallery-icon landscape'>\n\t\t\t\t<a href='https:\/\/www.copealcoy.es\/es\/el-mig-any-ompli-de-festa-la-glorieta-dalcoi\/unnamed-461\/'><img loading=\"lazy\" decoding=\"async\" width=\"1920\" height=\"960\" src=\"https:\/\/www.copealcoy.es\/wp-content\/uploads\/2022\/10\/unnamed-17-scaled.jpg\" class=\"attachment-full size-full\" alt=\"\" aria-describedby=\"gallery-1-93295\" srcset=\"https:\/\/www.copealcoy.es\/wp-content\/uploads\/2022\/10\/unnamed-17-scaled.jpg 1920w, https:\/\/www.copealcoy.es\/wp-content\/uploads\/2022\/10\/unnamed-17-768x384.jpg 768w, https:\/\/www.copealcoy.es\/wp-content\/uploads\/2022\/10\/unnamed-17-1536x768.jpg 1536w\" sizes=\"auto, (max-width: 1920px) 100vw, 1920px\" \/><\/a>\n\t\t\t<\/div>\n\t\t\t\t<figcaption class='wp-caption-text gallery-caption' id='gallery-1-93295'>\n\t\t\t\tMig Any Alcoi 2022\n\t\t\t\t<\/figcaption><\/figure><figure class='gallery-item'>\n\t\t\t<div class='gallery-icon landscape'>\n\t\t\t\t<a href='https:\/\/www.copealcoy.es\/es\/el-mig-any-ompli-de-festa-la-glorieta-dalcoi\/unnamed-1-57\/'><img loading=\"lazy\" decoding=\"async\" width=\"1920\" height=\"960\" src=\"https:\/\/www.copealcoy.es\/wp-content\/uploads\/2022\/10\/unnamed-1-4-scaled.jpg\" class=\"attachment-full size-full\" alt=\"\" aria-describedby=\"gallery-1-93296\" srcset=\"https:\/\/www.copealcoy.es\/wp-content\/uploads\/2022\/10\/unnamed-1-4-scaled.jpg 1920w, https:\/\/www.copealcoy.es\/wp-content\/uploads\/2022\/10\/unnamed-1-4-768x384.jpg 768w, https:\/\/www.copealcoy.es\/wp-content\/uploads\/2022\/10\/unnamed-1-4-1536x768.jpg 1536w\" sizes=\"auto, (max-width: 1920px) 100vw, 1920px\" \/><\/a>\n\t\t\t<\/div>\n\t\t\t\t<figcaption class='wp-caption-text gallery-caption' id='gallery-1-93296'>\n\t\t\t\tMig Any Alcoi 2022\n\t\t\t\t<\/figcaption><\/figure><figure class='gallery-item'>\n\t\t\t<div class='gallery-icon landscape'>\n\t\t\t\t<a href='https:\/\/www.copealcoy.es\/es\/el-mig-any-ompli-de-festa-la-glorieta-dalcoi\/unnamed-1-59\/'><img loading=\"lazy\" decoding=\"async\" width=\"1592\" height=\"853\" src=\"https:\/\/www.copealcoy.es\/wp-content\/uploads\/2022\/10\/unnamed-1-6.jpg\" class=\"attachment-full size-full\" alt=\"\" aria-describedby=\"gallery-1-93311\" srcset=\"https:\/\/www.copealcoy.es\/wp-content\/uploads\/2022\/10\/unnamed-1-6.jpg 1592w, https:\/\/www.copealcoy.es\/wp-content\/uploads\/2022\/10\/unnamed-1-6-768x411.jpg 768w, https:\/\/www.copealcoy.es\/wp-content\/uploads\/2022\/10\/unnamed-1-6-1536x823.jpg 1536w\" sizes=\"auto, (max-width: 1592px) 100vw, 1592px\" \/><\/a>\n\t\t\t<\/div>\n\t\t\t\t<figcaption class='wp-caption-text gallery-caption' id='gallery-1-93311'>\n\t\t\t\tMig Any Alcoi 2022\n\t\t\t\t<\/figcaption><\/figure>\n\t\t<\/div>\n\n","protected":false},"excerpt":{"rendered":"<p>Alcoi viu en aquest dissabte 22 d&#8217;octubre el dia gran del Mig Any Fester 2022 i ho fa en una&#8230;<\/p>\n","protected":false},"author":1,"featured_media":93280,"comment_status":"open","ping_status":"open","sticky":false,"template":"","format":"standard","meta":{"footnotes":""},"categories":[6909,97,78,75,125],"tags":[160,7894,13374,3882,1455,4009],"class_list":["post-93272","post","type-post","status-publish","format-standard","has-post-thumbnail","hentry","category-actualidad","category-alcoy","category-fiestaycultura","category-noticias","category-portada","tag-alcoi","tag-cope-alcoi","tag-festes-moros-i-cristians","tag-la-glorieta","tag-mig-any","tag-programa-especial"],"yoast_head":"<!-- This site is optimized with the Yoast SEO plugin v27.3 - https:\/\/yoast.com\/product\/yoast-seo-wordpress\/ -->\n<title>El Mig Any ompli de festa La Glorieta d&#039;Alcoi - COPE Alcoy<\/title>\n<meta name=\"description\" content=\"Alcoi viu en aquest dissabte 22 d&#039;octubre el dia gran del Mig Any Fester 2022 i ho fa en una jornada repleta de bon ambient\" \/>\n<meta name=\"robots\" content=\"index, follow, max-snippet:-1, max-image-preview:large, max-video-preview:-1\" \/>\n<link rel=\"canonical\" href=\"https:\/\/www.copealcoy.es\/es\/el-mig-any-ompli-de-festa-la-glorieta-dalcoi\/\" \/>\n<meta property=\"og:locale\" content=\"es_ES\" \/>\n<meta property=\"og:type\" content=\"article\" \/>\n<meta property=\"og:title\" content=\"El Mig Any ompli de festa La Glorieta d&#039;Alcoi - COPE Alcoy\" \/>\n<meta property=\"og:description\" content=\"Alcoi viu en aquest dissabte 22 d&#039;octubre el dia gran del Mig Any Fester 2022 i ho fa en una jornada repleta de bon ambient\" \/>\n<meta property=\"og:url\" content=\"https:\/\/www.copealcoy.es\/es\/el-mig-any-ompli-de-festa-la-glorieta-dalcoi\/\" \/>\n<meta property=\"og:site_name\" content=\"COPE Alcoy\" \/>\n<meta property=\"article:published_time\" content=\"2022-10-22T13:40:31+00:00\" \/>\n<meta property=\"article:modified_time\" content=\"2022-10-22T23:40:26+00:00\" \/>\n<meta property=\"og:image\" content=\"https:\/\/www.copealcoy.es\/wp-content\/uploads\/2022\/10\/99975d6a-0764-4dab-b7d8-9af7c290f811-scaled-e1666471997334.jpg\" \/>\n\t<meta property=\"og:image:width\" content=\"640\" \/>\n\t<meta property=\"og:image:height\" content=\"320\" \/>\n\t<meta property=\"og:image:type\" content=\"image\/jpeg\" \/>\n<meta name=\"author\" content=\"Cope Alcoy\" \/>\n<meta name=\"twitter:label1\" content=\"Escrito por\" \/>\n\t<meta name=\"twitter:data1\" content=\"Cope Alcoy\" \/>\n\t<meta name=\"twitter:label2\" content=\"Tiempo de lectura\" \/>\n\t<meta name=\"twitter:data2\" content=\"2 minutos\" \/>\n<script type=\"application\/ld+json\" class=\"yoast-schema-graph\">{\"@context\":\"https:\\\/\\\/schema.org\",\"@graph\":[{\"@type\":\"Article\",\"@id\":\"https:\\\/\\\/www.copealcoy.es\\\/es\\\/el-mig-any-ompli-de-festa-la-glorieta-dalcoi\\\/#article\",\"isPartOf\":{\"@id\":\"https:\\\/\\\/www.copealcoy.es\\\/es\\\/el-mig-any-ompli-de-festa-la-glorieta-dalcoi\\\/\"},\"author\":{\"name\":\"Cope Alcoy\",\"@id\":\"https:\\\/\\\/www.copealcoy.es\\\/es\\\/#\\\/schema\\\/person\\\/e777c87fa024e57d40170af9df39882c\"},\"headline\":\"El Mig Any ompli de festa La Glorieta d&#8217;Alcoi\",\"datePublished\":\"2022-10-22T13:40:31+00:00\",\"dateModified\":\"2022-10-22T23:40:26+00:00\",\"mainEntityOfPage\":{\"@id\":\"https:\\\/\\\/www.copealcoy.es\\\/es\\\/el-mig-any-ompli-de-festa-la-glorieta-dalcoi\\\/\"},\"wordCount\":402,\"commentCount\":0,\"image\":{\"@id\":\"https:\\\/\\\/www.copealcoy.es\\\/es\\\/el-mig-any-ompli-de-festa-la-glorieta-dalcoi\\\/#primaryimage\"},\"thumbnailUrl\":\"https:\\\/\\\/www.copealcoy.es\\\/wp-content\\\/uploads\\\/2022\\\/10\\\/99975d6a-0764-4dab-b7d8-9af7c290f811-scaled-e1666471997334.jpg\",\"keywords\":[\"Alcoi\",\"Cope Alcoi\",\"Festes Moros i Cristians\",\"La Glorieta\",\"Mig Any\",\"programa especial\"],\"articleSection\":[\"Actualidad\",\"Alcoy\",\"Fiesta y Cultura\",\"Noticias\",\"Portada\"],\"inLanguage\":\"es\"},{\"@type\":\"WebPage\",\"@id\":\"https:\\\/\\\/www.copealcoy.es\\\/es\\\/el-mig-any-ompli-de-festa-la-glorieta-dalcoi\\\/\",\"url\":\"https:\\\/\\\/www.copealcoy.es\\\/es\\\/el-mig-any-ompli-de-festa-la-glorieta-dalcoi\\\/\",\"name\":\"El Mig Any ompli de festa La Glorieta d'Alcoi - COPE Alcoy\",\"isPartOf\":{\"@id\":\"https:\\\/\\\/www.copealcoy.es\\\/es\\\/#website\"},\"primaryImageOfPage\":{\"@id\":\"https:\\\/\\\/www.copealcoy.es\\\/es\\\/el-mig-any-ompli-de-festa-la-glorieta-dalcoi\\\/#primaryimage\"},\"image\":{\"@id\":\"https:\\\/\\\/www.copealcoy.es\\\/es\\\/el-mig-any-ompli-de-festa-la-glorieta-dalcoi\\\/#primaryimage\"},\"thumbnailUrl\":\"https:\\\/\\\/www.copealcoy.es\\\/wp-content\\\/uploads\\\/2022\\\/10\\\/99975d6a-0764-4dab-b7d8-9af7c290f811-scaled-e1666471997334.jpg\",\"datePublished\":\"2022-10-22T13:40:31+00:00\",\"dateModified\":\"2022-10-22T23:40:26+00:00\",\"author\":{\"@id\":\"https:\\\/\\\/www.copealcoy.es\\\/es\\\/#\\\/schema\\\/person\\\/e777c87fa024e57d40170af9df39882c\"},\"description\":\"Alcoi viu en aquest dissabte 22 d'octubre el dia gran del Mig Any Fester 2022 i ho fa en una jornada repleta de bon ambient\",\"breadcrumb\":{\"@id\":\"https:\\\/\\\/www.copealcoy.es\\\/es\\\/el-mig-any-ompli-de-festa-la-glorieta-dalcoi\\\/#breadcrumb\"},\"inLanguage\":\"es\",\"potentialAction\":[{\"@type\":\"ReadAction\",\"target\":[\"https:\\\/\\\/www.copealcoy.es\\\/es\\\/el-mig-any-ompli-de-festa-la-glorieta-dalcoi\\\/\"]}]},{\"@type\":\"ImageObject\",\"inLanguage\":\"es\",\"@id\":\"https:\\\/\\\/www.copealcoy.es\\\/es\\\/el-mig-any-ompli-de-festa-la-glorieta-dalcoi\\\/#primaryimage\",\"url\":\"https:\\\/\\\/www.copealcoy.es\\\/wp-content\\\/uploads\\\/2022\\\/10\\\/99975d6a-0764-4dab-b7d8-9af7c290f811-scaled-e1666471997334.jpg\",\"contentUrl\":\"https:\\\/\\\/www.copealcoy.es\\\/wp-content\\\/uploads\\\/2022\\\/10\\\/99975d6a-0764-4dab-b7d8-9af7c290f811-scaled-e1666471997334.jpg\",\"width\":640,\"height\":320,\"caption\":\"Mig Any Alcoi 2022\"},{\"@type\":\"BreadcrumbList\",\"@id\":\"https:\\\/\\\/www.copealcoy.es\\\/es\\\/el-mig-any-ompli-de-festa-la-glorieta-dalcoi\\\/#breadcrumb\",\"itemListElement\":[{\"@type\":\"ListItem\",\"position\":1,\"name\":\"Portada\",\"item\":\"https:\\\/\\\/www.copealcoy.es\\\/es\\\/\"},{\"@type\":\"ListItem\",\"position\":2,\"name\":\"El Mig Any ompli de festa La Glorieta d&#8217;Alcoi\"}]},{\"@type\":\"WebSite\",\"@id\":\"https:\\\/\\\/www.copealcoy.es\\\/es\\\/#website\",\"url\":\"https:\\\/\\\/www.copealcoy.es\\\/es\\\/\",\"name\":\"COPE Alcoy\",\"description\":\"Emisora COPE de radio local con emisi\u00f3n online. Pont de Sant Jordi 8-10 03803 Alcoy\",\"potentialAction\":[{\"@type\":\"SearchAction\",\"target\":{\"@type\":\"EntryPoint\",\"urlTemplate\":\"https:\\\/\\\/www.copealcoy.es\\\/es\\\/?s={search_term_string}\"},\"query-input\":{\"@type\":\"PropertyValueSpecification\",\"valueRequired\":true,\"valueName\":\"search_term_string\"}}],\"inLanguage\":\"es\"},{\"@type\":\"Person\",\"@id\":\"https:\\\/\\\/www.copealcoy.es\\\/es\\\/#\\\/schema\\\/person\\\/e777c87fa024e57d40170af9df39882c\",\"name\":\"Cope Alcoy\",\"image\":{\"@type\":\"ImageObject\",\"inLanguage\":\"es\",\"@id\":\"https:\\\/\\\/secure.gravatar.com\\\/avatar\\\/bb65d0283347e303893ba14f0692005417c1e0e690a325a4c5d8bb2b3943ee14?s=96&d=mm&r=g\",\"url\":\"https:\\\/\\\/secure.gravatar.com\\\/avatar\\\/bb65d0283347e303893ba14f0692005417c1e0e690a325a4c5d8bb2b3943ee14?s=96&d=mm&r=g\",\"contentUrl\":\"https:\\\/\\\/secure.gravatar.com\\\/avatar\\\/bb65d0283347e303893ba14f0692005417c1e0e690a325a4c5d8bb2b3943ee14?s=96&d=mm&r=g\",\"caption\":\"Cope Alcoy\"}}]}<\/script>\n<!-- \/ Yoast SEO plugin. -->","yoast_head_json":{"title":"El Mig Any ompli de festa La Glorieta d'Alcoi - COPE Alcoy","description":"Alcoi viu en aquest dissabte 22 d'octubre el dia gran del Mig Any Fester 2022 i ho fa en una jornada repleta de bon ambient","robots":{"index":"index","follow":"follow","max-snippet":"max-snippet:-1","max-image-preview":"max-image-preview:large","max-video-preview":"max-video-preview:-1"},"canonical":"https:\/\/www.copealcoy.es\/es\/el-mig-any-ompli-de-festa-la-glorieta-dalcoi\/","og_locale":"es_ES","og_type":"article","og_title":"El Mig Any ompli de festa La Glorieta d'Alcoi - COPE Alcoy","og_description":"Alcoi viu en aquest dissabte 22 d'octubre el dia gran del Mig Any Fester 2022 i ho fa en una jornada repleta de bon ambient","og_url":"https:\/\/www.copealcoy.es\/es\/el-mig-any-ompli-de-festa-la-glorieta-dalcoi\/","og_site_name":"COPE Alcoy","article_published_time":"2022-10-22T13:40:31+00:00","article_modified_time":"2022-10-22T23:40:26+00:00","og_image":[{"width":640,"height":320,"url":"https:\/\/www.copealcoy.es\/wp-content\/uploads\/2022\/10\/99975d6a-0764-4dab-b7d8-9af7c290f811-scaled-e1666471997334.jpg","type":"image\/jpeg"}],"author":"Cope Alcoy","twitter_misc":{"Escrito por":"Cope Alcoy","Tiempo de lectura":"2 minutos"},"schema":{"@context":"https:\/\/schema.org","@graph":[{"@type":"Article","@id":"https:\/\/www.copealcoy.es\/es\/el-mig-any-ompli-de-festa-la-glorieta-dalcoi\/#article","isPartOf":{"@id":"https:\/\/www.copealcoy.es\/es\/el-mig-any-ompli-de-festa-la-glorieta-dalcoi\/"},"author":{"name":"Cope Alcoy","@id":"https:\/\/www.copealcoy.es\/es\/#\/schema\/person\/e777c87fa024e57d40170af9df39882c"},"headline":"El Mig Any ompli de festa La Glorieta d&#8217;Alcoi","datePublished":"2022-10-22T13:40:31+00:00","dateModified":"2022-10-22T23:40:26+00:00","mainEntityOfPage":{"@id":"https:\/\/www.copealcoy.es\/es\/el-mig-any-ompli-de-festa-la-glorieta-dalcoi\/"},"wordCount":402,"commentCount":0,"image":{"@id":"https:\/\/www.copealcoy.es\/es\/el-mig-any-ompli-de-festa-la-glorieta-dalcoi\/#primaryimage"},"thumbnailUrl":"https:\/\/www.copealcoy.es\/wp-content\/uploads\/2022\/10\/99975d6a-0764-4dab-b7d8-9af7c290f811-scaled-e1666471997334.jpg","keywords":["Alcoi","Cope Alcoi","Festes Moros i Cristians","La Glorieta","Mig Any","programa especial"],"articleSection":["Actualidad","Alcoy","Fiesta y Cultura","Noticias","Portada"],"inLanguage":"es"},{"@type":"WebPage","@id":"https:\/\/www.copealcoy.es\/es\/el-mig-any-ompli-de-festa-la-glorieta-dalcoi\/","url":"https:\/\/www.copealcoy.es\/es\/el-mig-any-ompli-de-festa-la-glorieta-dalcoi\/","name":"El Mig Any ompli de festa La Glorieta d'Alcoi - COPE Alcoy","isPartOf":{"@id":"https:\/\/www.copealcoy.es\/es\/#website"},"primaryImageOfPage":{"@id":"https:\/\/www.copealcoy.es\/es\/el-mig-any-ompli-de-festa-la-glorieta-dalcoi\/#primaryimage"},"image":{"@id":"https:\/\/www.copealcoy.es\/es\/el-mig-any-ompli-de-festa-la-glorieta-dalcoi\/#primaryimage"},"thumbnailUrl":"https:\/\/www.copealcoy.es\/wp-content\/uploads\/2022\/10\/99975d6a-0764-4dab-b7d8-9af7c290f811-scaled-e1666471997334.jpg","datePublished":"2022-10-22T13:40:31+00:00","dateModified":"2022-10-22T23:40:26+00:00","author":{"@id":"https:\/\/www.copealcoy.es\/es\/#\/schema\/person\/e777c87fa024e57d40170af9df39882c"},"description":"Alcoi viu en aquest dissabte 22 d'octubre el dia gran del Mig Any Fester 2022 i ho fa en una jornada repleta de bon ambient","breadcrumb":{"@id":"https:\/\/www.copealcoy.es\/es\/el-mig-any-ompli-de-festa-la-glorieta-dalcoi\/#breadcrumb"},"inLanguage":"es","potentialAction":[{"@type":"ReadAction","target":["https:\/\/www.copealcoy.es\/es\/el-mig-any-ompli-de-festa-la-glorieta-dalcoi\/"]}]},{"@type":"ImageObject","inLanguage":"es","@id":"https:\/\/www.copealcoy.es\/es\/el-mig-any-ompli-de-festa-la-glorieta-dalcoi\/#primaryimage","url":"https:\/\/www.copealcoy.es\/wp-content\/uploads\/2022\/10\/99975d6a-0764-4dab-b7d8-9af7c290f811-scaled-e1666471997334.jpg","contentUrl":"https:\/\/www.copealcoy.es\/wp-content\/uploads\/2022\/10\/99975d6a-0764-4dab-b7d8-9af7c290f811-scaled-e1666471997334.jpg","width":640,"height":320,"caption":"Mig Any Alcoi 2022"},{"@type":"BreadcrumbList","@id":"https:\/\/www.copealcoy.es\/es\/el-mig-any-ompli-de-festa-la-glorieta-dalcoi\/#breadcrumb","itemListElement":[{"@type":"ListItem","position":1,"name":"Portada","item":"https:\/\/www.copealcoy.es\/es\/"},{"@type":"ListItem","position":2,"name":"El Mig Any ompli de festa La Glorieta d&#8217;Alcoi"}]},{"@type":"WebSite","@id":"https:\/\/www.copealcoy.es\/es\/#website","url":"https:\/\/www.copealcoy.es\/es\/","name":"COPE Alcoy","description":"Emisora COPE de radio local con emisi\u00f3n online. Pont de Sant Jordi 8-10 03803 Alcoy","potentialAction":[{"@type":"SearchAction","target":{"@type":"EntryPoint","urlTemplate":"https:\/\/www.copealcoy.es\/es\/?s={search_term_string}"},"query-input":{"@type":"PropertyValueSpecification","valueRequired":true,"valueName":"search_term_string"}}],"inLanguage":"es"},{"@type":"Person","@id":"https:\/\/www.copealcoy.es\/es\/#\/schema\/person\/e777c87fa024e57d40170af9df39882c","name":"Cope Alcoy","image":{"@type":"ImageObject","inLanguage":"es","@id":"https:\/\/secure.gravatar.com\/avatar\/bb65d0283347e303893ba14f0692005417c1e0e690a325a4c5d8bb2b3943ee14?s=96&d=mm&r=g","url":"https:\/\/secure.gravatar.com\/avatar\/bb65d0283347e303893ba14f0692005417c1e0e690a325a4c5d8bb2b3943ee14?s=96&d=mm&r=g","contentUrl":"https:\/\/secure.gravatar.com\/avatar\/bb65d0283347e303893ba14f0692005417c1e0e690a325a4c5d8bb2b3943ee14?s=96&d=mm&r=g","caption":"Cope Alcoy"}}]}},"_links":{"self":[{"href":"https:\/\/www.copealcoy.es\/es\/wp-json\/wp\/v2\/posts\/93272","targetHints":{"allow":["GET"]}}],"collection":[{"href":"https:\/\/www.copealcoy.es\/es\/wp-json\/wp\/v2\/posts"}],"about":[{"href":"https:\/\/www.copealcoy.es\/es\/wp-json\/wp\/v2\/types\/post"}],"author":[{"embeddable":true,"href":"https:\/\/www.copealcoy.es\/es\/wp-json\/wp\/v2\/users\/1"}],"replies":[{"embeddable":true,"href":"https:\/\/www.copealcoy.es\/es\/wp-json\/wp\/v2\/comments?post=93272"}],"version-history":[{"count":0,"href":"https:\/\/www.copealcoy.es\/es\/wp-json\/wp\/v2\/posts\/93272\/revisions"}],"wp:featuredmedia":[{"embeddable":true,"href":"https:\/\/www.copealcoy.es\/es\/wp-json\/wp\/v2\/media\/93280"}],"wp:attachment":[{"href":"https:\/\/www.copealcoy.es\/es\/wp-json\/wp\/v2\/media?parent=93272"}],"wp:term":[{"taxonomy":"category","embeddable":true,"href":"https:\/\/www.copealcoy.es\/es\/wp-json\/wp\/v2\/categories?post=93272"},{"taxonomy":"post_tag","embeddable":true,"href":"https:\/\/www.copealcoy.es\/es\/wp-json\/wp\/v2\/tags?post=93272"}],"curies":[{"name":"wp","href":"https:\/\/api.w.org\/{rel}","templated":true}]}}