{"id":93092,"date":"2022-10-19T10:42:15","date_gmt":"2022-10-19T09:42:15","guid":{"rendered":"https:\/\/www.copealcoy.es\/?p=93092"},"modified":"2022-10-19T10:46:02","modified_gmt":"2022-10-19T09:46:02","slug":"la-fira-de-cocentaina-habilita-la-reserva-online-previa-daparcament","status":"publish","type":"post","link":"https:\/\/www.copealcoy.es\/es\/la-fira-de-cocentaina-habilita-la-reserva-online-previa-daparcament\/","title":{"rendered":"La Fira de Cocentaina habilita la reserva online pr\u00e8via d&#8217;aparcament"},"content":{"rendered":"<p style=\"text-align: justify;\">La <a href=\"https:\/\/www.firadecocentaina.org\/es\/\"><span style=\"color: #0000ff;\"><strong>Fira de Tots Sants de Cocentaina<\/strong> <\/span><\/a>2022 torna a posar a la disposici\u00f3 dels visitants la possibilitat de <strong>realitzar reserva pr\u00e8via en l\u00ednia d&#8217;aparcament en quatre zones pr\u00f2ximes a l&#8217;esdeveniment<\/strong>. La plataforma de reserva <strong>permet traure un tiquet per jornada i matr\u00edcula<\/strong> amb un preu de <strong>5 euros<\/strong> cadascun, per a estacionar durant una jornada completa de 09:00h a 24:00h , sempre que no s&#8217;isca del p\u00e0rquing, en aquest cas s&#8217;haur\u00e0 de tornar a realitzar la reserva i el pagament per a obtindre un nou tiquet. Les quatre zones habilitades oferiran en total m\u00e9s de <strong>1.200 places<\/strong> i s\u00f3n les seg\u00fcents: en la part Nord, p\u00e0rquing de la pujada de Sant Crist\u00f2for; en la zona Aquest, el p\u00e0rquing de Riera-Beniassent i el de l&#8217;Orxa 4.4 i en la zona Sud, el del Poliesportiu.<\/p>\n<p style=\"text-align: justify;\">La p\u00e0gina web <strong><span style=\"color: #0000ff;\"><a style=\"color: #0000ff;\" href=\"https:\/\/www.parkings.firadecocentaina.org\/\">https:\/\/www.parkings.firadecocentaina.org\/<\/a> <\/span><\/strong>recull tota la informaci\u00f3 i detalla pas a pas com realitzar la reserva amb \u00e8xit.<\/p>\n<p style=\"text-align: justify;\">A m\u00e9s d&#8217;aquestes quatre zones d&#8217;aparcament amb reserva pr\u00e8via, es<strong> sumen altres nou, ja habituals i senyalitzades, per a estacionar de manera lliure i sense cost<\/strong>, sempre que hi haja places disponibles. Igual que en anteriors edicions i com que aquestes zones es troben m\u00e9s allunyades de la ubicaci\u00f3 del certamen, hi haur\u00e0 autobusos llan\u00e7adora des de cadascun d&#8217;aquests punts per a facilitar als visitants l&#8217;arribada a la zona on t\u00e9 lloc la Fira de Tots Sants. L&#8217;organitzaci\u00f3 habilitar\u00e0 un total de m\u00e9s de 30.000 places d&#8217;aparcament\u00a0<em>\u201caquest sistema permet que aquelles persones que ja tinguen previst vindre a visitar la Fira de Cocentaina puguen assegurar-se una pla\u00e7a d&#8217;aparcament, en lloc d&#8217;haver de buscar-la. A m\u00e9s, ens permet a l&#8217;organitzaci\u00f3 tindre una previsi\u00f3 estimada de visitants\u201d, <\/em>afirma la regidora Eug\u00e8nia Miguel.<\/p>\n<p style=\"text-align: justify;\">Enguany seguint les indicacions de l&#8217;estudi d&#8217;accessibilitat que s&#8217;ha fet de la Fira de Tots Sants, <strong>s&#8217;han incorporat en aquells aparcaments que reuneixen les condicions \u00f2ptimes, places per a persones amb mobilitat redu\u00efda (PMR)<\/strong>, complint amb la normativa d&#8217;una pla\u00e7a per cada 40.<\/p>\n<p style=\"text-align: justify;\">En aquest sentit, tamb\u00e9 <strong>hi haur\u00e0 nova senyalitzaci\u00f3 de p\u00e0rquings<\/strong> que detalla tota la informaci\u00f3 de cada zona: condicions del terreny, si hi ha places PMR, capacitat i dist\u00e0ncia a Fira.<\/p>\n<p style=\"text-align: justify;\">A m\u00e9s de les zones enumerades, tant de reserva pr\u00e8via de pagament com aparcament lliure habilitat, <strong>es pot aparcar en qualsevol part del municipi no afectada pel muntatge de Fira<\/strong>, sempre que es <strong>respecten les normes i no s&#8217;estacione en voreres, guals o zones que puguen dificultar el tr\u00e0nsit o el pas de vianants.<\/strong><\/p>\n","protected":false},"excerpt":{"rendered":"<p>La Fira de Tots Sants de Cocentaina 2022 torna a posar a la disposici\u00f3 dels visitants la possibilitat de realitzar&#8230;<\/p>\n","protected":false},"author":1,"featured_media":36159,"comment_status":"open","ping_status":"open","sticky":false,"template":"","format":"standard","meta":{"footnotes":""},"categories":[98,75],"tags":[9937,132,635,7437,13349],"class_list":["post-93092","post","type-post","status-publish","format-standard","has-post-thumbnail","hentry","category-comarcas","category-noticias","tag-aparcament","tag-cocentaina","tag-fira-de-tots-sants","tag-online","tag-reserva-previa"],"yoast_head":"<!-- This site is optimized with the Yoast SEO plugin v27.3 - https:\/\/yoast.com\/product\/yoast-seo-wordpress\/ -->\n<title>La Fira de Cocentaina habilita la reserva online pr\u00e8via d&#039;aparcament - COPE Alcoy<\/title>\n<meta name=\"description\" content=\"La Fira de Cocentaina torna a posar a la disposici\u00f3 dels visitants la possibilitat de realitzar reserva pr\u00e8via en l\u00ednia d&#039;aparcament\" \/>\n<meta name=\"robots\" content=\"index, follow, max-snippet:-1, max-image-preview:large, max-video-preview:-1\" \/>\n<link rel=\"canonical\" href=\"https:\/\/www.copealcoy.es\/es\/la-fira-de-cocentaina-habilita-la-reserva-online-previa-daparcament\/\" \/>\n<meta property=\"og:locale\" content=\"es_ES\" \/>\n<meta property=\"og:type\" content=\"article\" \/>\n<meta property=\"og:title\" content=\"La Fira de Cocentaina habilita la reserva online pr\u00e8via d&#039;aparcament - COPE Alcoy\" \/>\n<meta property=\"og:description\" content=\"La Fira de Cocentaina torna a posar a la disposici\u00f3 dels visitants la possibilitat de realitzar reserva pr\u00e8via en l\u00ednia d&#039;aparcament\" \/>\n<meta property=\"og:url\" content=\"https:\/\/www.copealcoy.es\/es\/la-fira-de-cocentaina-habilita-la-reserva-online-previa-daparcament\/\" \/>\n<meta property=\"og:site_name\" content=\"COPE Alcoy\" \/>\n<meta property=\"article:published_time\" content=\"2022-10-19T09:42:15+00:00\" \/>\n<meta property=\"article:modified_time\" content=\"2022-10-19T09:46:02+00:00\" \/>\n<meta property=\"og:image\" content=\"https:\/\/www.copealcoy.es\/wp-content\/uploads\/2017\/10\/AparcamentsFTS17_20171026011923-e1634835117795.jpg\" \/>\n\t<meta property=\"og:image:width\" content=\"685\" \/>\n\t<meta property=\"og:image:height\" content=\"350\" \/>\n\t<meta property=\"og:image:type\" content=\"image\/jpeg\" \/>\n<meta name=\"author\" content=\"Cope Alcoy\" \/>\n<meta name=\"twitter:label1\" content=\"Escrito por\" \/>\n\t<meta name=\"twitter:data1\" content=\"Cope Alcoy\" \/>\n\t<meta name=\"twitter:label2\" content=\"Tiempo de lectura\" \/>\n\t<meta name=\"twitter:data2\" content=\"2 minutos\" \/>\n<script type=\"application\/ld+json\" class=\"yoast-schema-graph\">{\"@context\":\"https:\\\/\\\/schema.org\",\"@graph\":[{\"@type\":\"Article\",\"@id\":\"https:\\\/\\\/www.copealcoy.es\\\/es\\\/la-fira-de-cocentaina-habilita-la-reserva-online-previa-daparcament\\\/#article\",\"isPartOf\":{\"@id\":\"https:\\\/\\\/www.copealcoy.es\\\/es\\\/la-fira-de-cocentaina-habilita-la-reserva-online-previa-daparcament\\\/\"},\"author\":{\"name\":\"Cope Alcoy\",\"@id\":\"https:\\\/\\\/www.copealcoy.es\\\/es\\\/#\\\/schema\\\/person\\\/e777c87fa024e57d40170af9df39882c\"},\"headline\":\"La Fira de Cocentaina habilita la reserva online pr\u00e8via d&#8217;aparcament\",\"datePublished\":\"2022-10-19T09:42:15+00:00\",\"dateModified\":\"2022-10-19T09:46:02+00:00\",\"mainEntityOfPage\":{\"@id\":\"https:\\\/\\\/www.copealcoy.es\\\/es\\\/la-fira-de-cocentaina-habilita-la-reserva-online-previa-daparcament\\\/\"},\"wordCount\":468,\"commentCount\":0,\"image\":{\"@id\":\"https:\\\/\\\/www.copealcoy.es\\\/es\\\/la-fira-de-cocentaina-habilita-la-reserva-online-previa-daparcament\\\/#primaryimage\"},\"thumbnailUrl\":\"https:\\\/\\\/www.copealcoy.es\\\/wp-content\\\/uploads\\\/2017\\\/10\\\/AparcamentsFTS17_20171026011923-e1634835117795.jpg\",\"keywords\":[\"aparcament\",\"Cocentaina\",\"Fira de Tots Sants\",\"online\",\"reserva pr\u00e8via\"],\"articleSection\":[\"Comarcas\",\"Noticias\"],\"inLanguage\":\"es\"},{\"@type\":\"WebPage\",\"@id\":\"https:\\\/\\\/www.copealcoy.es\\\/es\\\/la-fira-de-cocentaina-habilita-la-reserva-online-previa-daparcament\\\/\",\"url\":\"https:\\\/\\\/www.copealcoy.es\\\/es\\\/la-fira-de-cocentaina-habilita-la-reserva-online-previa-daparcament\\\/\",\"name\":\"La Fira de Cocentaina habilita la reserva online pr\u00e8via d'aparcament - COPE Alcoy\",\"isPartOf\":{\"@id\":\"https:\\\/\\\/www.copealcoy.es\\\/es\\\/#website\"},\"primaryImageOfPage\":{\"@id\":\"https:\\\/\\\/www.copealcoy.es\\\/es\\\/la-fira-de-cocentaina-habilita-la-reserva-online-previa-daparcament\\\/#primaryimage\"},\"image\":{\"@id\":\"https:\\\/\\\/www.copealcoy.es\\\/es\\\/la-fira-de-cocentaina-habilita-la-reserva-online-previa-daparcament\\\/#primaryimage\"},\"thumbnailUrl\":\"https:\\\/\\\/www.copealcoy.es\\\/wp-content\\\/uploads\\\/2017\\\/10\\\/AparcamentsFTS17_20171026011923-e1634835117795.jpg\",\"datePublished\":\"2022-10-19T09:42:15+00:00\",\"dateModified\":\"2022-10-19T09:46:02+00:00\",\"author\":{\"@id\":\"https:\\\/\\\/www.copealcoy.es\\\/es\\\/#\\\/schema\\\/person\\\/e777c87fa024e57d40170af9df39882c\"},\"description\":\"La Fira de Cocentaina torna a posar a la disposici\u00f3 dels visitants la possibilitat de realitzar reserva pr\u00e8via en l\u00ednia d'aparcament\",\"breadcrumb\":{\"@id\":\"https:\\\/\\\/www.copealcoy.es\\\/es\\\/la-fira-de-cocentaina-habilita-la-reserva-online-previa-daparcament\\\/#breadcrumb\"},\"inLanguage\":\"es\",\"potentialAction\":[{\"@type\":\"ReadAction\",\"target\":[\"https:\\\/\\\/www.copealcoy.es\\\/es\\\/la-fira-de-cocentaina-habilita-la-reserva-online-previa-daparcament\\\/\"]}]},{\"@type\":\"ImageObject\",\"inLanguage\":\"es\",\"@id\":\"https:\\\/\\\/www.copealcoy.es\\\/es\\\/la-fira-de-cocentaina-habilita-la-reserva-online-previa-daparcament\\\/#primaryimage\",\"url\":\"https:\\\/\\\/www.copealcoy.es\\\/wp-content\\\/uploads\\\/2017\\\/10\\\/AparcamentsFTS17_20171026011923-e1634835117795.jpg\",\"contentUrl\":\"https:\\\/\\\/www.copealcoy.es\\\/wp-content\\\/uploads\\\/2017\\\/10\\\/AparcamentsFTS17_20171026011923-e1634835117795.jpg\",\"width\":685,\"height\":350},{\"@type\":\"BreadcrumbList\",\"@id\":\"https:\\\/\\\/www.copealcoy.es\\\/es\\\/la-fira-de-cocentaina-habilita-la-reserva-online-previa-daparcament\\\/#breadcrumb\",\"itemListElement\":[{\"@type\":\"ListItem\",\"position\":1,\"name\":\"Portada\",\"item\":\"https:\\\/\\\/www.copealcoy.es\\\/es\\\/\"},{\"@type\":\"ListItem\",\"position\":2,\"name\":\"La Fira de Cocentaina habilita la reserva online pr\u00e8via d&#8217;aparcament\"}]},{\"@type\":\"WebSite\",\"@id\":\"https:\\\/\\\/www.copealcoy.es\\\/es\\\/#website\",\"url\":\"https:\\\/\\\/www.copealcoy.es\\\/es\\\/\",\"name\":\"COPE Alcoy\",\"description\":\"Emisora COPE de radio local con emisi\u00f3n online. Pont de Sant Jordi 8-10 03803 Alcoy\",\"potentialAction\":[{\"@type\":\"SearchAction\",\"target\":{\"@type\":\"EntryPoint\",\"urlTemplate\":\"https:\\\/\\\/www.copealcoy.es\\\/es\\\/?s={search_term_string}\"},\"query-input\":{\"@type\":\"PropertyValueSpecification\",\"valueRequired\":true,\"valueName\":\"search_term_string\"}}],\"inLanguage\":\"es\"},{\"@type\":\"Person\",\"@id\":\"https:\\\/\\\/www.copealcoy.es\\\/es\\\/#\\\/schema\\\/person\\\/e777c87fa024e57d40170af9df39882c\",\"name\":\"Cope Alcoy\",\"image\":{\"@type\":\"ImageObject\",\"inLanguage\":\"es\",\"@id\":\"https:\\\/\\\/secure.gravatar.com\\\/avatar\\\/bb65d0283347e303893ba14f0692005417c1e0e690a325a4c5d8bb2b3943ee14?s=96&d=mm&r=g\",\"url\":\"https:\\\/\\\/secure.gravatar.com\\\/avatar\\\/bb65d0283347e303893ba14f0692005417c1e0e690a325a4c5d8bb2b3943ee14?s=96&d=mm&r=g\",\"contentUrl\":\"https:\\\/\\\/secure.gravatar.com\\\/avatar\\\/bb65d0283347e303893ba14f0692005417c1e0e690a325a4c5d8bb2b3943ee14?s=96&d=mm&r=g\",\"caption\":\"Cope Alcoy\"}}]}<\/script>\n<!-- \/ Yoast SEO plugin. -->","yoast_head_json":{"title":"La Fira de Cocentaina habilita la reserva online pr\u00e8via d'aparcament - COPE Alcoy","description":"La Fira de Cocentaina torna a posar a la disposici\u00f3 dels visitants la possibilitat de realitzar reserva pr\u00e8via en l\u00ednia d'aparcament","robots":{"index":"index","follow":"follow","max-snippet":"max-snippet:-1","max-image-preview":"max-image-preview:large","max-video-preview":"max-video-preview:-1"},"canonical":"https:\/\/www.copealcoy.es\/es\/la-fira-de-cocentaina-habilita-la-reserva-online-previa-daparcament\/","og_locale":"es_ES","og_type":"article","og_title":"La Fira de Cocentaina habilita la reserva online pr\u00e8via d'aparcament - COPE Alcoy","og_description":"La Fira de Cocentaina torna a posar a la disposici\u00f3 dels visitants la possibilitat de realitzar reserva pr\u00e8via en l\u00ednia d'aparcament","og_url":"https:\/\/www.copealcoy.es\/es\/la-fira-de-cocentaina-habilita-la-reserva-online-previa-daparcament\/","og_site_name":"COPE Alcoy","article_published_time":"2022-10-19T09:42:15+00:00","article_modified_time":"2022-10-19T09:46:02+00:00","og_image":[{"width":685,"height":350,"url":"https:\/\/www.copealcoy.es\/wp-content\/uploads\/2017\/10\/AparcamentsFTS17_20171026011923-e1634835117795.jpg","type":"image\/jpeg"}],"author":"Cope Alcoy","twitter_misc":{"Escrito por":"Cope Alcoy","Tiempo de lectura":"2 minutos"},"schema":{"@context":"https:\/\/schema.org","@graph":[{"@type":"Article","@id":"https:\/\/www.copealcoy.es\/es\/la-fira-de-cocentaina-habilita-la-reserva-online-previa-daparcament\/#article","isPartOf":{"@id":"https:\/\/www.copealcoy.es\/es\/la-fira-de-cocentaina-habilita-la-reserva-online-previa-daparcament\/"},"author":{"name":"Cope Alcoy","@id":"https:\/\/www.copealcoy.es\/es\/#\/schema\/person\/e777c87fa024e57d40170af9df39882c"},"headline":"La Fira de Cocentaina habilita la reserva online pr\u00e8via d&#8217;aparcament","datePublished":"2022-10-19T09:42:15+00:00","dateModified":"2022-10-19T09:46:02+00:00","mainEntityOfPage":{"@id":"https:\/\/www.copealcoy.es\/es\/la-fira-de-cocentaina-habilita-la-reserva-online-previa-daparcament\/"},"wordCount":468,"commentCount":0,"image":{"@id":"https:\/\/www.copealcoy.es\/es\/la-fira-de-cocentaina-habilita-la-reserva-online-previa-daparcament\/#primaryimage"},"thumbnailUrl":"https:\/\/www.copealcoy.es\/wp-content\/uploads\/2017\/10\/AparcamentsFTS17_20171026011923-e1634835117795.jpg","keywords":["aparcament","Cocentaina","Fira de Tots Sants","online","reserva pr\u00e8via"],"articleSection":["Comarcas","Noticias"],"inLanguage":"es"},{"@type":"WebPage","@id":"https:\/\/www.copealcoy.es\/es\/la-fira-de-cocentaina-habilita-la-reserva-online-previa-daparcament\/","url":"https:\/\/www.copealcoy.es\/es\/la-fira-de-cocentaina-habilita-la-reserva-online-previa-daparcament\/","name":"La Fira de Cocentaina habilita la reserva online pr\u00e8via d'aparcament - COPE Alcoy","isPartOf":{"@id":"https:\/\/www.copealcoy.es\/es\/#website"},"primaryImageOfPage":{"@id":"https:\/\/www.copealcoy.es\/es\/la-fira-de-cocentaina-habilita-la-reserva-online-previa-daparcament\/#primaryimage"},"image":{"@id":"https:\/\/www.copealcoy.es\/es\/la-fira-de-cocentaina-habilita-la-reserva-online-previa-daparcament\/#primaryimage"},"thumbnailUrl":"https:\/\/www.copealcoy.es\/wp-content\/uploads\/2017\/10\/AparcamentsFTS17_20171026011923-e1634835117795.jpg","datePublished":"2022-10-19T09:42:15+00:00","dateModified":"2022-10-19T09:46:02+00:00","author":{"@id":"https:\/\/www.copealcoy.es\/es\/#\/schema\/person\/e777c87fa024e57d40170af9df39882c"},"description":"La Fira de Cocentaina torna a posar a la disposici\u00f3 dels visitants la possibilitat de realitzar reserva pr\u00e8via en l\u00ednia d'aparcament","breadcrumb":{"@id":"https:\/\/www.copealcoy.es\/es\/la-fira-de-cocentaina-habilita-la-reserva-online-previa-daparcament\/#breadcrumb"},"inLanguage":"es","potentialAction":[{"@type":"ReadAction","target":["https:\/\/www.copealcoy.es\/es\/la-fira-de-cocentaina-habilita-la-reserva-online-previa-daparcament\/"]}]},{"@type":"ImageObject","inLanguage":"es","@id":"https:\/\/www.copealcoy.es\/es\/la-fira-de-cocentaina-habilita-la-reserva-online-previa-daparcament\/#primaryimage","url":"https:\/\/www.copealcoy.es\/wp-content\/uploads\/2017\/10\/AparcamentsFTS17_20171026011923-e1634835117795.jpg","contentUrl":"https:\/\/www.copealcoy.es\/wp-content\/uploads\/2017\/10\/AparcamentsFTS17_20171026011923-e1634835117795.jpg","width":685,"height":350},{"@type":"BreadcrumbList","@id":"https:\/\/www.copealcoy.es\/es\/la-fira-de-cocentaina-habilita-la-reserva-online-previa-daparcament\/#breadcrumb","itemListElement":[{"@type":"ListItem","position":1,"name":"Portada","item":"https:\/\/www.copealcoy.es\/es\/"},{"@type":"ListItem","position":2,"name":"La Fira de Cocentaina habilita la reserva online pr\u00e8via d&#8217;aparcament"}]},{"@type":"WebSite","@id":"https:\/\/www.copealcoy.es\/es\/#website","url":"https:\/\/www.copealcoy.es\/es\/","name":"COPE Alcoy","description":"Emisora COPE de radio local con emisi\u00f3n online. Pont de Sant Jordi 8-10 03803 Alcoy","potentialAction":[{"@type":"SearchAction","target":{"@type":"EntryPoint","urlTemplate":"https:\/\/www.copealcoy.es\/es\/?s={search_term_string}"},"query-input":{"@type":"PropertyValueSpecification","valueRequired":true,"valueName":"search_term_string"}}],"inLanguage":"es"},{"@type":"Person","@id":"https:\/\/www.copealcoy.es\/es\/#\/schema\/person\/e777c87fa024e57d40170af9df39882c","name":"Cope Alcoy","image":{"@type":"ImageObject","inLanguage":"es","@id":"https:\/\/secure.gravatar.com\/avatar\/bb65d0283347e303893ba14f0692005417c1e0e690a325a4c5d8bb2b3943ee14?s=96&d=mm&r=g","url":"https:\/\/secure.gravatar.com\/avatar\/bb65d0283347e303893ba14f0692005417c1e0e690a325a4c5d8bb2b3943ee14?s=96&d=mm&r=g","contentUrl":"https:\/\/secure.gravatar.com\/avatar\/bb65d0283347e303893ba14f0692005417c1e0e690a325a4c5d8bb2b3943ee14?s=96&d=mm&r=g","caption":"Cope Alcoy"}}]}},"_links":{"self":[{"href":"https:\/\/www.copealcoy.es\/es\/wp-json\/wp\/v2\/posts\/93092","targetHints":{"allow":["GET"]}}],"collection":[{"href":"https:\/\/www.copealcoy.es\/es\/wp-json\/wp\/v2\/posts"}],"about":[{"href":"https:\/\/www.copealcoy.es\/es\/wp-json\/wp\/v2\/types\/post"}],"author":[{"embeddable":true,"href":"https:\/\/www.copealcoy.es\/es\/wp-json\/wp\/v2\/users\/1"}],"replies":[{"embeddable":true,"href":"https:\/\/www.copealcoy.es\/es\/wp-json\/wp\/v2\/comments?post=93092"}],"version-history":[{"count":0,"href":"https:\/\/www.copealcoy.es\/es\/wp-json\/wp\/v2\/posts\/93092\/revisions"}],"wp:featuredmedia":[{"embeddable":true,"href":"https:\/\/www.copealcoy.es\/es\/wp-json\/wp\/v2\/media\/36159"}],"wp:attachment":[{"href":"https:\/\/www.copealcoy.es\/es\/wp-json\/wp\/v2\/media?parent=93092"}],"wp:term":[{"taxonomy":"category","embeddable":true,"href":"https:\/\/www.copealcoy.es\/es\/wp-json\/wp\/v2\/categories?post=93092"},{"taxonomy":"post_tag","embeddable":true,"href":"https:\/\/www.copealcoy.es\/es\/wp-json\/wp\/v2\/tags?post=93092"}],"curies":[{"name":"wp","href":"https:\/\/api.w.org\/{rel}","templated":true}]}}