{"id":93036,"date":"2022-10-18T07:09:09","date_gmt":"2022-10-18T06:09:09","guid":{"rendered":"https:\/\/www.copealcoy.es\/?p=93036"},"modified":"2022-10-18T07:15:18","modified_gmt":"2022-10-18T06:15:18","slug":"arranquen-les-obres-per-a-renovar-el-clavegueram-al-carrer-g-del-poligon-cotes-baixes-dalcoi","status":"publish","type":"post","link":"https:\/\/www.copealcoy.es\/es\/arranquen-les-obres-per-a-renovar-el-clavegueram-al-carrer-g-del-poligon-cotes-baixes-dalcoi\/","title":{"rendered":"Arranquen les obres per a renovar el clavegueram al carrer G del pol\u00edgon Cotes Baixes d&#8217;Alcoi"},"content":{"rendered":"<p style=\"text-align: justify;\">L&#8217;<a href=\"https:\/\/www.alcoi.org\/ca\/portal\/index.html\"><strong><span style=\"color: #0000ff;\">Ajuntament d&#8217;Alcoi<\/span><\/strong><\/a> ha informat que <strong>ja han comen\u00e7at les obres per a renovar la xarxa de clavegueram del carrer G del Pol\u00edgon Industrial de Cotes Baixes<\/strong>. L\u2019actuaci\u00f3 <strong>va ser adjudicada per 439.605,54 euros a\u00a0<span class=\"hiddenSpellError\">Asfaltos<\/span>\u00a0<span class=\"hiddenGrammarError\">y<\/span>\u00a0<span class=\"hiddenSpellError\">Construcciones<\/span>\u00a0Aitana S.L<\/strong>., empresa que va presentar la millor oferta segons la valoraci\u00f3 del personal t\u00e8cnic del Consistori.<\/p>\n<p style=\"text-align: justify;\">Part d&#8217;aquestes obres, <strong>seran sufragades amb 197.222,80 euros<\/strong> procedents de la subvenci\u00f3 concedida a Alcoi per <strong>l&#8217;Institut Valenci\u00e0 de Competitivitat Empresarial (<span class=\"hiddenSpellError\">IVACE<\/span>)<\/strong> per a actuacions en pol\u00edgons industrials en la present actualitat. Aix\u00f2 suposa un 44,86% del preu total dels treballs, mentre que el 55,14 % restant (242.382,74 euros) seran aportats per les arques municipals. El projecte <strong>contempla<\/strong> la reparaci\u00f3 de l&#8217;actual xarxa de clavegueram d&#8217;aquest carrer, que presenta una deterioraci\u00f3 que provoca filtracions al terreny, amb els conseg\u00fcents danys en l&#8217;asfalt i en la vorera, a causa del pendent. Es tracta d&#8217;un tra\u00e7at d&#8217;aproximadament 420 metres, que ser\u00e0 renovat o reparat \u00edntegrament.<\/p>\n<p style=\"text-align: justify;\">En el projecte<strong> es preveu<\/strong> la demolici\u00f3 de tots els embornals existents, donat el seu grau de deterioraci\u00f3 i la construcci\u00f3 de nous. D&#8217;igual manera contempla la connexi\u00f3 de totes les escomeses de parcel\u00b7les industrials. Tamb\u00e9 est\u00e0 programada la neteja del sobreeixidor de pluvials existent en la zona inferior de l&#8217;actuaci\u00f3, ja en el domini p\u00fablic hidr\u00e0ulic, aix\u00ed com la investigaci\u00f3 i reparaci\u00f3 de xicotetes fissures i l&#8217;arranjament de trobades del col\u00b7lector de pluvials, al costat de la substituci\u00f3 de l&#8217;actual col\u00b7lector de residuals. Tot aix\u00f2 amb l&#8217;objectiu de <strong>deixar resolt un abocament d&#8217;aig\u00fces residuals al riu detectat<\/strong> &#8220;<em>aquesta actuaci\u00f3 forma part de la constant millora que estem duent a terme en les zones industrials de la nostra ciutat i que ha suposat una inversi\u00f3 de m\u00e9s de sis milions d&#8217;euros, comptant els 3,4 milions aportats entre 2017 i 2021 per l&#8217;<span class=\"hiddenSpellError\">IVACE<\/span>\u00a0i els 2,6 milions sufragats pel consistori<span class=\"hiddenGrammarError\">\u00bb<\/span>. L&#8217;edil recorda que enguany el consistori ha establit actuacions en els pol\u00edgons per valor d&#8217;un mili\u00f3 d&#8217;euros, actuacions entre les quals es troba la de Cotes Baixes<\/em>&#8220;, explicava el regidor d&#8217;Ind\u00fastria; <strong>Jordi Segura<\/strong>.<\/p>\n<p style=\"text-align: justify;\">Les obres compten amb\u00a0<strong>un termini d&#8217;execuci\u00f3 de tres mesos<\/strong>. Aquest comen\u00e7a a comptar des de la signatura de l&#8217;acta de replanteig.<\/p>\n","protected":false},"excerpt":{"rendered":"<p>L&#8217;Ajuntament d&#8217;Alcoi ha informat que ja han comen\u00e7at les obres per a renovar la xarxa de clavegueram del carrer G&#8230;<\/p>\n","protected":false},"author":1,"featured_media":93037,"comment_status":"open","ping_status":"open","sticky":false,"template":"","format":"standard","meta":{"footnotes":""},"categories":[6909,97,75,125],"tags":[160,13336,559,11284,7770,12734],"class_list":["post-93036","post","type-post","status-publish","format-standard","has-post-thumbnail","hentry","category-actualidad","category-alcoy","category-noticias","category-portada","tag-alcoi","tag-carrer-g","tag-cotes-baixes","tag-jordi-segura","tag-obres","tag-poligon"],"yoast_head":"<!-- This site is optimized with the Yoast SEO plugin v27.3 - https:\/\/yoast.com\/product\/yoast-seo-wordpress\/ -->\n<title>Arranquen les obres per a renovar el clavegueram al carrer G del pol\u00edgon Cotes Baixes d&#039;Alcoi - COPE Alcoy<\/title>\n<meta name=\"description\" content=\"Ja ha comen\u00e7at les obres per a renovar la xarxa de clavegueram del carrer G en el Pol\u00edgon Industrial de Cotes Baixes d&#039;Alcoi\" \/>\n<meta name=\"robots\" content=\"index, follow, max-snippet:-1, max-image-preview:large, max-video-preview:-1\" \/>\n<link rel=\"canonical\" href=\"https:\/\/www.copealcoy.es\/es\/arranquen-les-obres-per-a-renovar-el-clavegueram-al-carrer-g-del-poligon-cotes-baixes-dalcoi\/\" \/>\n<meta property=\"og:locale\" content=\"es_ES\" \/>\n<meta property=\"og:type\" content=\"article\" \/>\n<meta property=\"og:title\" content=\"Arranquen les obres per a renovar el clavegueram al carrer G del pol\u00edgon Cotes Baixes d&#039;Alcoi - COPE Alcoy\" \/>\n<meta property=\"og:description\" content=\"Ja ha comen\u00e7at les obres per a renovar la xarxa de clavegueram del carrer G en el Pol\u00edgon Industrial de Cotes Baixes d&#039;Alcoi\" \/>\n<meta property=\"og:url\" content=\"https:\/\/www.copealcoy.es\/es\/arranquen-les-obres-per-a-renovar-el-clavegueram-al-carrer-g-del-poligon-cotes-baixes-dalcoi\/\" \/>\n<meta property=\"og:site_name\" content=\"COPE Alcoy\" \/>\n<meta property=\"article:published_time\" content=\"2022-10-18T06:09:09+00:00\" \/>\n<meta property=\"article:modified_time\" content=\"2022-10-18T06:15:18+00:00\" \/>\n<meta property=\"og:image\" content=\"https:\/\/www.copealcoy.es\/wp-content\/uploads\/2022\/10\/Obres-clavegueram-Cotes-Baixes-3.jpg\" \/>\n\t<meta property=\"og:image:width\" content=\"1024\" \/>\n\t<meta property=\"og:image:height\" content=\"768\" \/>\n\t<meta property=\"og:image:type\" content=\"image\/jpeg\" \/>\n<meta name=\"author\" content=\"Cope Alcoy\" \/>\n<meta name=\"twitter:label1\" content=\"Escrito por\" \/>\n\t<meta name=\"twitter:data1\" content=\"Cope Alcoy\" \/>\n\t<meta name=\"twitter:label2\" content=\"Tiempo de lectura\" \/>\n\t<meta name=\"twitter:data2\" content=\"2 minutos\" \/>\n<script type=\"application\/ld+json\" class=\"yoast-schema-graph\">{\"@context\":\"https:\\\/\\\/schema.org\",\"@graph\":[{\"@type\":\"Article\",\"@id\":\"https:\\\/\\\/www.copealcoy.es\\\/es\\\/arranquen-les-obres-per-a-renovar-el-clavegueram-al-carrer-g-del-poligon-cotes-baixes-dalcoi\\\/#article\",\"isPartOf\":{\"@id\":\"https:\\\/\\\/www.copealcoy.es\\\/es\\\/arranquen-les-obres-per-a-renovar-el-clavegueram-al-carrer-g-del-poligon-cotes-baixes-dalcoi\\\/\"},\"author\":{\"name\":\"Cope Alcoy\",\"@id\":\"https:\\\/\\\/www.copealcoy.es\\\/es\\\/#\\\/schema\\\/person\\\/e777c87fa024e57d40170af9df39882c\"},\"headline\":\"Arranquen les obres per a renovar el clavegueram al carrer G del pol\u00edgon Cotes Baixes d&#8217;Alcoi\",\"datePublished\":\"2022-10-18T06:09:09+00:00\",\"dateModified\":\"2022-10-18T06:15:18+00:00\",\"mainEntityOfPage\":{\"@id\":\"https:\\\/\\\/www.copealcoy.es\\\/es\\\/arranquen-les-obres-per-a-renovar-el-clavegueram-al-carrer-g-del-poligon-cotes-baixes-dalcoi\\\/\"},\"wordCount\":409,\"commentCount\":0,\"image\":{\"@id\":\"https:\\\/\\\/www.copealcoy.es\\\/es\\\/arranquen-les-obres-per-a-renovar-el-clavegueram-al-carrer-g-del-poligon-cotes-baixes-dalcoi\\\/#primaryimage\"},\"thumbnailUrl\":\"https:\\\/\\\/www.copealcoy.es\\\/wp-content\\\/uploads\\\/2022\\\/10\\\/Obres-clavegueram-Cotes-Baixes-3.jpg\",\"keywords\":[\"Alcoi\",\"carrer G\",\"Cotes Baixes\",\"Jordi Segura\",\"obres\",\"Pol\u00edgon\"],\"articleSection\":[\"Actualidad\",\"Alcoy\",\"Noticias\",\"Portada\"],\"inLanguage\":\"es\"},{\"@type\":\"WebPage\",\"@id\":\"https:\\\/\\\/www.copealcoy.es\\\/es\\\/arranquen-les-obres-per-a-renovar-el-clavegueram-al-carrer-g-del-poligon-cotes-baixes-dalcoi\\\/\",\"url\":\"https:\\\/\\\/www.copealcoy.es\\\/es\\\/arranquen-les-obres-per-a-renovar-el-clavegueram-al-carrer-g-del-poligon-cotes-baixes-dalcoi\\\/\",\"name\":\"Arranquen les obres per a renovar el clavegueram al carrer G del pol\u00edgon Cotes Baixes d'Alcoi - COPE Alcoy\",\"isPartOf\":{\"@id\":\"https:\\\/\\\/www.copealcoy.es\\\/es\\\/#website\"},\"primaryImageOfPage\":{\"@id\":\"https:\\\/\\\/www.copealcoy.es\\\/es\\\/arranquen-les-obres-per-a-renovar-el-clavegueram-al-carrer-g-del-poligon-cotes-baixes-dalcoi\\\/#primaryimage\"},\"image\":{\"@id\":\"https:\\\/\\\/www.copealcoy.es\\\/es\\\/arranquen-les-obres-per-a-renovar-el-clavegueram-al-carrer-g-del-poligon-cotes-baixes-dalcoi\\\/#primaryimage\"},\"thumbnailUrl\":\"https:\\\/\\\/www.copealcoy.es\\\/wp-content\\\/uploads\\\/2022\\\/10\\\/Obres-clavegueram-Cotes-Baixes-3.jpg\",\"datePublished\":\"2022-10-18T06:09:09+00:00\",\"dateModified\":\"2022-10-18T06:15:18+00:00\",\"author\":{\"@id\":\"https:\\\/\\\/www.copealcoy.es\\\/es\\\/#\\\/schema\\\/person\\\/e777c87fa024e57d40170af9df39882c\"},\"description\":\"Ja ha comen\u00e7at les obres per a renovar la xarxa de clavegueram del carrer G en el Pol\u00edgon Industrial de Cotes Baixes d'Alcoi\",\"breadcrumb\":{\"@id\":\"https:\\\/\\\/www.copealcoy.es\\\/es\\\/arranquen-les-obres-per-a-renovar-el-clavegueram-al-carrer-g-del-poligon-cotes-baixes-dalcoi\\\/#breadcrumb\"},\"inLanguage\":\"es\",\"potentialAction\":[{\"@type\":\"ReadAction\",\"target\":[\"https:\\\/\\\/www.copealcoy.es\\\/es\\\/arranquen-les-obres-per-a-renovar-el-clavegueram-al-carrer-g-del-poligon-cotes-baixes-dalcoi\\\/\"]}]},{\"@type\":\"ImageObject\",\"inLanguage\":\"es\",\"@id\":\"https:\\\/\\\/www.copealcoy.es\\\/es\\\/arranquen-les-obres-per-a-renovar-el-clavegueram-al-carrer-g-del-poligon-cotes-baixes-dalcoi\\\/#primaryimage\",\"url\":\"https:\\\/\\\/www.copealcoy.es\\\/wp-content\\\/uploads\\\/2022\\\/10\\\/Obres-clavegueram-Cotes-Baixes-3.jpg\",\"contentUrl\":\"https:\\\/\\\/www.copealcoy.es\\\/wp-content\\\/uploads\\\/2022\\\/10\\\/Obres-clavegueram-Cotes-Baixes-3.jpg\",\"width\":1024,\"height\":768},{\"@type\":\"BreadcrumbList\",\"@id\":\"https:\\\/\\\/www.copealcoy.es\\\/es\\\/arranquen-les-obres-per-a-renovar-el-clavegueram-al-carrer-g-del-poligon-cotes-baixes-dalcoi\\\/#breadcrumb\",\"itemListElement\":[{\"@type\":\"ListItem\",\"position\":1,\"name\":\"Portada\",\"item\":\"https:\\\/\\\/www.copealcoy.es\\\/es\\\/\"},{\"@type\":\"ListItem\",\"position\":2,\"name\":\"Arranquen les obres per a renovar el clavegueram al carrer G del pol\u00edgon Cotes Baixes d&#8217;Alcoi\"}]},{\"@type\":\"WebSite\",\"@id\":\"https:\\\/\\\/www.copealcoy.es\\\/es\\\/#website\",\"url\":\"https:\\\/\\\/www.copealcoy.es\\\/es\\\/\",\"name\":\"COPE Alcoy\",\"description\":\"Emisora COPE de radio local con emisi\u00f3n online. Pont de Sant Jordi 8-10 03803 Alcoy\",\"potentialAction\":[{\"@type\":\"SearchAction\",\"target\":{\"@type\":\"EntryPoint\",\"urlTemplate\":\"https:\\\/\\\/www.copealcoy.es\\\/es\\\/?s={search_term_string}\"},\"query-input\":{\"@type\":\"PropertyValueSpecification\",\"valueRequired\":true,\"valueName\":\"search_term_string\"}}],\"inLanguage\":\"es\"},{\"@type\":\"Person\",\"@id\":\"https:\\\/\\\/www.copealcoy.es\\\/es\\\/#\\\/schema\\\/person\\\/e777c87fa024e57d40170af9df39882c\",\"name\":\"Cope Alcoy\",\"image\":{\"@type\":\"ImageObject\",\"inLanguage\":\"es\",\"@id\":\"https:\\\/\\\/secure.gravatar.com\\\/avatar\\\/bb65d0283347e303893ba14f0692005417c1e0e690a325a4c5d8bb2b3943ee14?s=96&d=mm&r=g\",\"url\":\"https:\\\/\\\/secure.gravatar.com\\\/avatar\\\/bb65d0283347e303893ba14f0692005417c1e0e690a325a4c5d8bb2b3943ee14?s=96&d=mm&r=g\",\"contentUrl\":\"https:\\\/\\\/secure.gravatar.com\\\/avatar\\\/bb65d0283347e303893ba14f0692005417c1e0e690a325a4c5d8bb2b3943ee14?s=96&d=mm&r=g\",\"caption\":\"Cope Alcoy\"}}]}<\/script>\n<!-- \/ Yoast SEO plugin. -->","yoast_head_json":{"title":"Arranquen les obres per a renovar el clavegueram al carrer G del pol\u00edgon Cotes Baixes d'Alcoi - COPE Alcoy","description":"Ja ha comen\u00e7at les obres per a renovar la xarxa de clavegueram del carrer G en el Pol\u00edgon Industrial de Cotes Baixes d'Alcoi","robots":{"index":"index","follow":"follow","max-snippet":"max-snippet:-1","max-image-preview":"max-image-preview:large","max-video-preview":"max-video-preview:-1"},"canonical":"https:\/\/www.copealcoy.es\/es\/arranquen-les-obres-per-a-renovar-el-clavegueram-al-carrer-g-del-poligon-cotes-baixes-dalcoi\/","og_locale":"es_ES","og_type":"article","og_title":"Arranquen les obres per a renovar el clavegueram al carrer G del pol\u00edgon Cotes Baixes d'Alcoi - COPE Alcoy","og_description":"Ja ha comen\u00e7at les obres per a renovar la xarxa de clavegueram del carrer G en el Pol\u00edgon Industrial de Cotes Baixes d'Alcoi","og_url":"https:\/\/www.copealcoy.es\/es\/arranquen-les-obres-per-a-renovar-el-clavegueram-al-carrer-g-del-poligon-cotes-baixes-dalcoi\/","og_site_name":"COPE Alcoy","article_published_time":"2022-10-18T06:09:09+00:00","article_modified_time":"2022-10-18T06:15:18+00:00","og_image":[{"width":1024,"height":768,"url":"https:\/\/www.copealcoy.es\/wp-content\/uploads\/2022\/10\/Obres-clavegueram-Cotes-Baixes-3.jpg","type":"image\/jpeg"}],"author":"Cope Alcoy","twitter_misc":{"Escrito por":"Cope Alcoy","Tiempo de lectura":"2 minutos"},"schema":{"@context":"https:\/\/schema.org","@graph":[{"@type":"Article","@id":"https:\/\/www.copealcoy.es\/es\/arranquen-les-obres-per-a-renovar-el-clavegueram-al-carrer-g-del-poligon-cotes-baixes-dalcoi\/#article","isPartOf":{"@id":"https:\/\/www.copealcoy.es\/es\/arranquen-les-obres-per-a-renovar-el-clavegueram-al-carrer-g-del-poligon-cotes-baixes-dalcoi\/"},"author":{"name":"Cope Alcoy","@id":"https:\/\/www.copealcoy.es\/es\/#\/schema\/person\/e777c87fa024e57d40170af9df39882c"},"headline":"Arranquen les obres per a renovar el clavegueram al carrer G del pol\u00edgon Cotes Baixes d&#8217;Alcoi","datePublished":"2022-10-18T06:09:09+00:00","dateModified":"2022-10-18T06:15:18+00:00","mainEntityOfPage":{"@id":"https:\/\/www.copealcoy.es\/es\/arranquen-les-obres-per-a-renovar-el-clavegueram-al-carrer-g-del-poligon-cotes-baixes-dalcoi\/"},"wordCount":409,"commentCount":0,"image":{"@id":"https:\/\/www.copealcoy.es\/es\/arranquen-les-obres-per-a-renovar-el-clavegueram-al-carrer-g-del-poligon-cotes-baixes-dalcoi\/#primaryimage"},"thumbnailUrl":"https:\/\/www.copealcoy.es\/wp-content\/uploads\/2022\/10\/Obres-clavegueram-Cotes-Baixes-3.jpg","keywords":["Alcoi","carrer G","Cotes Baixes","Jordi Segura","obres","Pol\u00edgon"],"articleSection":["Actualidad","Alcoy","Noticias","Portada"],"inLanguage":"es"},{"@type":"WebPage","@id":"https:\/\/www.copealcoy.es\/es\/arranquen-les-obres-per-a-renovar-el-clavegueram-al-carrer-g-del-poligon-cotes-baixes-dalcoi\/","url":"https:\/\/www.copealcoy.es\/es\/arranquen-les-obres-per-a-renovar-el-clavegueram-al-carrer-g-del-poligon-cotes-baixes-dalcoi\/","name":"Arranquen les obres per a renovar el clavegueram al carrer G del pol\u00edgon Cotes Baixes d'Alcoi - COPE Alcoy","isPartOf":{"@id":"https:\/\/www.copealcoy.es\/es\/#website"},"primaryImageOfPage":{"@id":"https:\/\/www.copealcoy.es\/es\/arranquen-les-obres-per-a-renovar-el-clavegueram-al-carrer-g-del-poligon-cotes-baixes-dalcoi\/#primaryimage"},"image":{"@id":"https:\/\/www.copealcoy.es\/es\/arranquen-les-obres-per-a-renovar-el-clavegueram-al-carrer-g-del-poligon-cotes-baixes-dalcoi\/#primaryimage"},"thumbnailUrl":"https:\/\/www.copealcoy.es\/wp-content\/uploads\/2022\/10\/Obres-clavegueram-Cotes-Baixes-3.jpg","datePublished":"2022-10-18T06:09:09+00:00","dateModified":"2022-10-18T06:15:18+00:00","author":{"@id":"https:\/\/www.copealcoy.es\/es\/#\/schema\/person\/e777c87fa024e57d40170af9df39882c"},"description":"Ja ha comen\u00e7at les obres per a renovar la xarxa de clavegueram del carrer G en el Pol\u00edgon Industrial de Cotes Baixes d'Alcoi","breadcrumb":{"@id":"https:\/\/www.copealcoy.es\/es\/arranquen-les-obres-per-a-renovar-el-clavegueram-al-carrer-g-del-poligon-cotes-baixes-dalcoi\/#breadcrumb"},"inLanguage":"es","potentialAction":[{"@type":"ReadAction","target":["https:\/\/www.copealcoy.es\/es\/arranquen-les-obres-per-a-renovar-el-clavegueram-al-carrer-g-del-poligon-cotes-baixes-dalcoi\/"]}]},{"@type":"ImageObject","inLanguage":"es","@id":"https:\/\/www.copealcoy.es\/es\/arranquen-les-obres-per-a-renovar-el-clavegueram-al-carrer-g-del-poligon-cotes-baixes-dalcoi\/#primaryimage","url":"https:\/\/www.copealcoy.es\/wp-content\/uploads\/2022\/10\/Obres-clavegueram-Cotes-Baixes-3.jpg","contentUrl":"https:\/\/www.copealcoy.es\/wp-content\/uploads\/2022\/10\/Obres-clavegueram-Cotes-Baixes-3.jpg","width":1024,"height":768},{"@type":"BreadcrumbList","@id":"https:\/\/www.copealcoy.es\/es\/arranquen-les-obres-per-a-renovar-el-clavegueram-al-carrer-g-del-poligon-cotes-baixes-dalcoi\/#breadcrumb","itemListElement":[{"@type":"ListItem","position":1,"name":"Portada","item":"https:\/\/www.copealcoy.es\/es\/"},{"@type":"ListItem","position":2,"name":"Arranquen les obres per a renovar el clavegueram al carrer G del pol\u00edgon Cotes Baixes d&#8217;Alcoi"}]},{"@type":"WebSite","@id":"https:\/\/www.copealcoy.es\/es\/#website","url":"https:\/\/www.copealcoy.es\/es\/","name":"COPE Alcoy","description":"Emisora COPE de radio local con emisi\u00f3n online. Pont de Sant Jordi 8-10 03803 Alcoy","potentialAction":[{"@type":"SearchAction","target":{"@type":"EntryPoint","urlTemplate":"https:\/\/www.copealcoy.es\/es\/?s={search_term_string}"},"query-input":{"@type":"PropertyValueSpecification","valueRequired":true,"valueName":"search_term_string"}}],"inLanguage":"es"},{"@type":"Person","@id":"https:\/\/www.copealcoy.es\/es\/#\/schema\/person\/e777c87fa024e57d40170af9df39882c","name":"Cope Alcoy","image":{"@type":"ImageObject","inLanguage":"es","@id":"https:\/\/secure.gravatar.com\/avatar\/bb65d0283347e303893ba14f0692005417c1e0e690a325a4c5d8bb2b3943ee14?s=96&d=mm&r=g","url":"https:\/\/secure.gravatar.com\/avatar\/bb65d0283347e303893ba14f0692005417c1e0e690a325a4c5d8bb2b3943ee14?s=96&d=mm&r=g","contentUrl":"https:\/\/secure.gravatar.com\/avatar\/bb65d0283347e303893ba14f0692005417c1e0e690a325a4c5d8bb2b3943ee14?s=96&d=mm&r=g","caption":"Cope Alcoy"}}]}},"_links":{"self":[{"href":"https:\/\/www.copealcoy.es\/es\/wp-json\/wp\/v2\/posts\/93036","targetHints":{"allow":["GET"]}}],"collection":[{"href":"https:\/\/www.copealcoy.es\/es\/wp-json\/wp\/v2\/posts"}],"about":[{"href":"https:\/\/www.copealcoy.es\/es\/wp-json\/wp\/v2\/types\/post"}],"author":[{"embeddable":true,"href":"https:\/\/www.copealcoy.es\/es\/wp-json\/wp\/v2\/users\/1"}],"replies":[{"embeddable":true,"href":"https:\/\/www.copealcoy.es\/es\/wp-json\/wp\/v2\/comments?post=93036"}],"version-history":[{"count":0,"href":"https:\/\/www.copealcoy.es\/es\/wp-json\/wp\/v2\/posts\/93036\/revisions"}],"wp:featuredmedia":[{"embeddable":true,"href":"https:\/\/www.copealcoy.es\/es\/wp-json\/wp\/v2\/media\/93037"}],"wp:attachment":[{"href":"https:\/\/www.copealcoy.es\/es\/wp-json\/wp\/v2\/media?parent=93036"}],"wp:term":[{"taxonomy":"category","embeddable":true,"href":"https:\/\/www.copealcoy.es\/es\/wp-json\/wp\/v2\/categories?post=93036"},{"taxonomy":"post_tag","embeddable":true,"href":"https:\/\/www.copealcoy.es\/es\/wp-json\/wp\/v2\/tags?post=93036"}],"curies":[{"name":"wp","href":"https:\/\/api.w.org\/{rel}","templated":true}]}}