{"id":92992,"date":"2022-10-17T12:06:15","date_gmt":"2022-10-17T11:06:15","guid":{"rendered":"https:\/\/www.copealcoy.es\/?p=92992"},"modified":"2022-10-17T12:26:56","modified_gmt":"2022-10-17T11:26:56","slug":"carlos-pastor-es-reuneix-amb-el-grup-municipal-del-pp-a-lajuntament-dalcoi","status":"publish","type":"post","link":"https:\/\/www.copealcoy.es\/es\/carlos-pastor-es-reuneix-amb-el-grup-municipal-del-pp-a-lajuntament-dalcoi\/","title":{"rendered":"Carlos Pastor es reuneix amb el grup municipal del PP a l&#8217;Ajuntament d&#8217;Alcoi"},"content":{"rendered":"<p style=\"text-align: justify;\">El <a href=\"https:\/\/www.facebook.com\/populares.alcoy\"><span style=\"color: #0000ff;\"><strong>candidat del Partit Popular<\/strong><\/span><\/a> a <strong>les pr\u00f2ximes Eleccions Municipals de 2023<\/strong>, <strong><span class=\"hiddenSpellError\">Carlos<\/span>\u00a0Pastor<\/strong>, ha mantingut recentment <strong>una reuni\u00f3 de treball<\/strong> amb el grup municipal de l&#8217;Ajuntament amb <strong>l&#8217;objectiu de valorar el treball realitzat per l&#8217;oposici\u00f3<\/strong> i, al mateix temps, <strong>coordinar una estrat\u00e8gia comuna i \u00fanica<\/strong> de cara a la cita electoral. Han estat presents en aquest encontre el portaveu de la formaci\u00f3 pol\u00edtica,\u00a0<strong><span class=\"hiddenSpellError\">Quique<\/span>\u00a0Ruiz<\/strong>, i els regidors que l&#8217;acompanyen en el Consistori:\u00a0<strong><span class=\"hiddenSpellError\">Lirios<\/span>\u00a0Garcia,\u00a0<span class=\"hiddenSpellError\">Amalia<\/span>\u00a0<span class=\"hiddenSpellError\">Pay\u00e0<\/span>\u00a0i Quico Cant\u00f3<\/strong>.<\/p>\n<p style=\"text-align: justify;\">L&#8217;alcaldable del PP t\u00e9 clar que \u201c<em>si l&#8217;estructura del partit, el grup municipal i el candidat anem de la m\u00e0 la societat alcoiana ens percebr\u00e0 com una alternativa seriosa i fiable per a traure a la ciutat del lamentable estat en qu\u00e8 es troba actualment. Nom\u00e9s aix\u00ed serem imparables<\/em>\u201d, ha remarcat. <span class=\"hiddenSpellError\">Carlos<\/span>\u00a0Pastor s&#8217;ha mostrat tamb\u00e9 molt satisfet <strong>pel treball que el Grup Municipal del PP est\u00e0 desenvolupant a l&#8217;Ajuntament<\/strong>. En aquest sentit,<strong> ha comentat<\/strong> \u201c<em>en el Partit Popular tenim la sort de comptar amb l&#8217;oposici\u00f3 m\u00e9s activa i productiva del nostre Consistori. No abaixarem la gu\u00e0rdia i els explicarem als alcoians per qu\u00e8 Alcoi mereix\u00a0una cosa millor<\/em>\u201d, ha matisat.<\/p>\n<p style=\"text-align: justify;\">Finalment, el candidat del PP apunta al fet que el treball d&#8217;oposici\u00f3 <strong>tinga continu\u00eftat<\/strong> en el temps. Per a aix\u00f2, Pastor ha indicat que <strong>hi haur\u00e0 un contacte permanent i constant<\/strong> entre el candidat i els regidors per a planificar una acci\u00f3 de treball conjunta.<\/p>\n<p style=\"text-align: justify;\"><strong><span style=\"color: #0000ff;\">Unificar el centredreta, un dels objectius<\/span><\/strong><\/p>\n<p style=\"text-align: justify;\">Cal recordar que\u00a0<span class=\"hiddenSpellError\">Carlos<\/span> Pastor manifestava fa unes setmanes que <strong>l\u2019objectiu inicial i un dels eixos de la seua candidatura a l\u2019alcaldia d\u2019Alcoi<\/strong> passa per \u201c<em>unir<\/em>\u201d entorn del PP el vot de la moderaci\u00f3 per a <strong>conformar una alternativa real, coherent i seriosa per a traure la ciutat avance<\/strong>. El candidat destacava que \u201c<em>fragmentar el vot del centredreta, tal com ha ocorregut en anteriors cites electorals, nom\u00e9s beneficia al PSOE<\/em>\u201d. Per aix\u00f2, <strong>apunta Pastor<\/strong> \u201c<em>aquesta reflexi\u00f3 hem de tindre-la clara els qui pensem que Alcoi necessita amb urg\u00e8ncia redre\u00e7ar el rumb i que setze anys de Toni Franc\u00e9s es convertirien en una llosa que la ciutat no pot permetre\u2019s<\/em>\u201d.<\/p>\n","protected":false},"excerpt":{"rendered":"<p>El candidat del Partit Popular a les pr\u00f2ximes Eleccions Municipals de 2023, Carlos\u00a0Pastor, ha mantingut recentment una reuni\u00f3 de treball&#8230;<\/p>\n","protected":false},"author":1,"featured_media":92993,"comment_status":"open","ping_status":"open","sticky":false,"template":"","format":"standard","meta":{"footnotes":""},"categories":[6909,97,75],"tags":[160,13235,13332,7856,7869],"class_list":["post-92992","post","type-post","status-publish","format-standard","has-post-thumbnail","hentry","category-actualidad","category-alcoy","category-noticias","tag-alcoi","tag-carlos-pastor","tag-grup-municipal-pp","tag-partit-popular","tag-reunio"],"yoast_head":"<!-- This site is optimized with the Yoast SEO plugin v27.3 - https:\/\/yoast.com\/product\/yoast-seo-wordpress\/ -->\n<title>Carlos Pastor es reuneix amb el grup municipal del PP a l&#039;Ajuntament d&#039;Alcoi - COPE Alcoy<\/title>\n<meta name=\"description\" content=\"Carlos Pastor es reuneix amb el grup municipal del Partit Popular a l&#039;Ajuntament d&#039;Alcoi abans de les Eleccions\" \/>\n<meta name=\"robots\" content=\"index, follow, max-snippet:-1, max-image-preview:large, max-video-preview:-1\" \/>\n<link rel=\"canonical\" href=\"https:\/\/www.copealcoy.es\/es\/carlos-pastor-es-reuneix-amb-el-grup-municipal-del-pp-a-lajuntament-dalcoi\/\" \/>\n<meta property=\"og:locale\" content=\"es_ES\" \/>\n<meta property=\"og:type\" content=\"article\" \/>\n<meta property=\"og:title\" content=\"Carlos Pastor es reuneix amb el grup municipal del PP a l&#039;Ajuntament d&#039;Alcoi - COPE Alcoy\" \/>\n<meta property=\"og:description\" content=\"Carlos Pastor es reuneix amb el grup municipal del Partit Popular a l&#039;Ajuntament d&#039;Alcoi abans de les Eleccions\" \/>\n<meta property=\"og:url\" content=\"https:\/\/www.copealcoy.es\/es\/carlos-pastor-es-reuneix-amb-el-grup-municipal-del-pp-a-lajuntament-dalcoi\/\" \/>\n<meta property=\"og:site_name\" content=\"COPE Alcoy\" \/>\n<meta property=\"article:published_time\" content=\"2022-10-17T11:06:15+00:00\" \/>\n<meta property=\"article:modified_time\" content=\"2022-10-17T11:26:56+00:00\" \/>\n<meta property=\"og:image\" content=\"https:\/\/www.copealcoy.es\/wp-content\/uploads\/2022\/10\/20221017_REUNION_CONCEJALES-scaled-e1666004729942.jpg\" \/>\n\t<meta property=\"og:image:width\" content=\"640\" \/>\n\t<meta property=\"og:image:height\" content=\"480\" \/>\n\t<meta property=\"og:image:type\" content=\"image\/jpeg\" \/>\n<meta name=\"author\" content=\"Cope Alcoy\" \/>\n<meta name=\"twitter:label1\" content=\"Escrito por\" \/>\n\t<meta name=\"twitter:data1\" content=\"Cope Alcoy\" \/>\n\t<meta name=\"twitter:label2\" content=\"Tiempo de lectura\" \/>\n\t<meta name=\"twitter:data2\" content=\"2 minutos\" \/>\n<script type=\"application\/ld+json\" class=\"yoast-schema-graph\">{\"@context\":\"https:\\\/\\\/schema.org\",\"@graph\":[{\"@type\":\"Article\",\"@id\":\"https:\\\/\\\/www.copealcoy.es\\\/es\\\/carlos-pastor-es-reuneix-amb-el-grup-municipal-del-pp-a-lajuntament-dalcoi\\\/#article\",\"isPartOf\":{\"@id\":\"https:\\\/\\\/www.copealcoy.es\\\/es\\\/carlos-pastor-es-reuneix-amb-el-grup-municipal-del-pp-a-lajuntament-dalcoi\\\/\"},\"author\":{\"name\":\"Cope Alcoy\",\"@id\":\"https:\\\/\\\/www.copealcoy.es\\\/es\\\/#\\\/schema\\\/person\\\/e777c87fa024e57d40170af9df39882c\"},\"headline\":\"Carlos Pastor es reuneix amb el grup municipal del PP a l&#8217;Ajuntament d&#8217;Alcoi\",\"datePublished\":\"2022-10-17T11:06:15+00:00\",\"dateModified\":\"2022-10-17T11:26:56+00:00\",\"mainEntityOfPage\":{\"@id\":\"https:\\\/\\\/www.copealcoy.es\\\/es\\\/carlos-pastor-es-reuneix-amb-el-grup-municipal-del-pp-a-lajuntament-dalcoi\\\/\"},\"wordCount\":391,\"commentCount\":0,\"image\":{\"@id\":\"https:\\\/\\\/www.copealcoy.es\\\/es\\\/carlos-pastor-es-reuneix-amb-el-grup-municipal-del-pp-a-lajuntament-dalcoi\\\/#primaryimage\"},\"thumbnailUrl\":\"https:\\\/\\\/www.copealcoy.es\\\/wp-content\\\/uploads\\\/2022\\\/10\\\/20221017_REUNION_CONCEJALES-scaled-e1666004729942.jpg\",\"keywords\":[\"Alcoi\",\"Carlos Pastor\",\"Grup Municipal PP\",\"Partit Popular\",\"reuni\u00f3\"],\"articleSection\":[\"Actualidad\",\"Alcoy\",\"Noticias\"],\"inLanguage\":\"es\"},{\"@type\":\"WebPage\",\"@id\":\"https:\\\/\\\/www.copealcoy.es\\\/es\\\/carlos-pastor-es-reuneix-amb-el-grup-municipal-del-pp-a-lajuntament-dalcoi\\\/\",\"url\":\"https:\\\/\\\/www.copealcoy.es\\\/es\\\/carlos-pastor-es-reuneix-amb-el-grup-municipal-del-pp-a-lajuntament-dalcoi\\\/\",\"name\":\"Carlos Pastor es reuneix amb el grup municipal del PP a l'Ajuntament d'Alcoi - COPE Alcoy\",\"isPartOf\":{\"@id\":\"https:\\\/\\\/www.copealcoy.es\\\/es\\\/#website\"},\"primaryImageOfPage\":{\"@id\":\"https:\\\/\\\/www.copealcoy.es\\\/es\\\/carlos-pastor-es-reuneix-amb-el-grup-municipal-del-pp-a-lajuntament-dalcoi\\\/#primaryimage\"},\"image\":{\"@id\":\"https:\\\/\\\/www.copealcoy.es\\\/es\\\/carlos-pastor-es-reuneix-amb-el-grup-municipal-del-pp-a-lajuntament-dalcoi\\\/#primaryimage\"},\"thumbnailUrl\":\"https:\\\/\\\/www.copealcoy.es\\\/wp-content\\\/uploads\\\/2022\\\/10\\\/20221017_REUNION_CONCEJALES-scaled-e1666004729942.jpg\",\"datePublished\":\"2022-10-17T11:06:15+00:00\",\"dateModified\":\"2022-10-17T11:26:56+00:00\",\"author\":{\"@id\":\"https:\\\/\\\/www.copealcoy.es\\\/es\\\/#\\\/schema\\\/person\\\/e777c87fa024e57d40170af9df39882c\"},\"description\":\"Carlos Pastor es reuneix amb el grup municipal del Partit Popular a l'Ajuntament d'Alcoi abans de les Eleccions\",\"breadcrumb\":{\"@id\":\"https:\\\/\\\/www.copealcoy.es\\\/es\\\/carlos-pastor-es-reuneix-amb-el-grup-municipal-del-pp-a-lajuntament-dalcoi\\\/#breadcrumb\"},\"inLanguage\":\"es\",\"potentialAction\":[{\"@type\":\"ReadAction\",\"target\":[\"https:\\\/\\\/www.copealcoy.es\\\/es\\\/carlos-pastor-es-reuneix-amb-el-grup-municipal-del-pp-a-lajuntament-dalcoi\\\/\"]}]},{\"@type\":\"ImageObject\",\"inLanguage\":\"es\",\"@id\":\"https:\\\/\\\/www.copealcoy.es\\\/es\\\/carlos-pastor-es-reuneix-amb-el-grup-municipal-del-pp-a-lajuntament-dalcoi\\\/#primaryimage\",\"url\":\"https:\\\/\\\/www.copealcoy.es\\\/wp-content\\\/uploads\\\/2022\\\/10\\\/20221017_REUNION_CONCEJALES-scaled-e1666004729942.jpg\",\"contentUrl\":\"https:\\\/\\\/www.copealcoy.es\\\/wp-content\\\/uploads\\\/2022\\\/10\\\/20221017_REUNION_CONCEJALES-scaled-e1666004729942.jpg\",\"width\":640,\"height\":480},{\"@type\":\"BreadcrumbList\",\"@id\":\"https:\\\/\\\/www.copealcoy.es\\\/es\\\/carlos-pastor-es-reuneix-amb-el-grup-municipal-del-pp-a-lajuntament-dalcoi\\\/#breadcrumb\",\"itemListElement\":[{\"@type\":\"ListItem\",\"position\":1,\"name\":\"Portada\",\"item\":\"https:\\\/\\\/www.copealcoy.es\\\/es\\\/\"},{\"@type\":\"ListItem\",\"position\":2,\"name\":\"Carlos Pastor es reuneix amb el grup municipal del PP a l&#8217;Ajuntament d&#8217;Alcoi\"}]},{\"@type\":\"WebSite\",\"@id\":\"https:\\\/\\\/www.copealcoy.es\\\/es\\\/#website\",\"url\":\"https:\\\/\\\/www.copealcoy.es\\\/es\\\/\",\"name\":\"COPE Alcoy\",\"description\":\"Emisora COPE de radio local con emisi\u00f3n online. Pont de Sant Jordi 8-10 03803 Alcoy\",\"potentialAction\":[{\"@type\":\"SearchAction\",\"target\":{\"@type\":\"EntryPoint\",\"urlTemplate\":\"https:\\\/\\\/www.copealcoy.es\\\/es\\\/?s={search_term_string}\"},\"query-input\":{\"@type\":\"PropertyValueSpecification\",\"valueRequired\":true,\"valueName\":\"search_term_string\"}}],\"inLanguage\":\"es\"},{\"@type\":\"Person\",\"@id\":\"https:\\\/\\\/www.copealcoy.es\\\/es\\\/#\\\/schema\\\/person\\\/e777c87fa024e57d40170af9df39882c\",\"name\":\"Cope Alcoy\",\"image\":{\"@type\":\"ImageObject\",\"inLanguage\":\"es\",\"@id\":\"https:\\\/\\\/secure.gravatar.com\\\/avatar\\\/bb65d0283347e303893ba14f0692005417c1e0e690a325a4c5d8bb2b3943ee14?s=96&d=mm&r=g\",\"url\":\"https:\\\/\\\/secure.gravatar.com\\\/avatar\\\/bb65d0283347e303893ba14f0692005417c1e0e690a325a4c5d8bb2b3943ee14?s=96&d=mm&r=g\",\"contentUrl\":\"https:\\\/\\\/secure.gravatar.com\\\/avatar\\\/bb65d0283347e303893ba14f0692005417c1e0e690a325a4c5d8bb2b3943ee14?s=96&d=mm&r=g\",\"caption\":\"Cope Alcoy\"}}]}<\/script>\n<!-- \/ Yoast SEO plugin. -->","yoast_head_json":{"title":"Carlos Pastor es reuneix amb el grup municipal del PP a l'Ajuntament d'Alcoi - COPE Alcoy","description":"Carlos Pastor es reuneix amb el grup municipal del Partit Popular a l'Ajuntament d'Alcoi abans de les Eleccions","robots":{"index":"index","follow":"follow","max-snippet":"max-snippet:-1","max-image-preview":"max-image-preview:large","max-video-preview":"max-video-preview:-1"},"canonical":"https:\/\/www.copealcoy.es\/es\/carlos-pastor-es-reuneix-amb-el-grup-municipal-del-pp-a-lajuntament-dalcoi\/","og_locale":"es_ES","og_type":"article","og_title":"Carlos Pastor es reuneix amb el grup municipal del PP a l'Ajuntament d'Alcoi - COPE Alcoy","og_description":"Carlos Pastor es reuneix amb el grup municipal del Partit Popular a l'Ajuntament d'Alcoi abans de les Eleccions","og_url":"https:\/\/www.copealcoy.es\/es\/carlos-pastor-es-reuneix-amb-el-grup-municipal-del-pp-a-lajuntament-dalcoi\/","og_site_name":"COPE Alcoy","article_published_time":"2022-10-17T11:06:15+00:00","article_modified_time":"2022-10-17T11:26:56+00:00","og_image":[{"width":640,"height":480,"url":"https:\/\/www.copealcoy.es\/wp-content\/uploads\/2022\/10\/20221017_REUNION_CONCEJALES-scaled-e1666004729942.jpg","type":"image\/jpeg"}],"author":"Cope Alcoy","twitter_misc":{"Escrito por":"Cope Alcoy","Tiempo de lectura":"2 minutos"},"schema":{"@context":"https:\/\/schema.org","@graph":[{"@type":"Article","@id":"https:\/\/www.copealcoy.es\/es\/carlos-pastor-es-reuneix-amb-el-grup-municipal-del-pp-a-lajuntament-dalcoi\/#article","isPartOf":{"@id":"https:\/\/www.copealcoy.es\/es\/carlos-pastor-es-reuneix-amb-el-grup-municipal-del-pp-a-lajuntament-dalcoi\/"},"author":{"name":"Cope Alcoy","@id":"https:\/\/www.copealcoy.es\/es\/#\/schema\/person\/e777c87fa024e57d40170af9df39882c"},"headline":"Carlos Pastor es reuneix amb el grup municipal del PP a l&#8217;Ajuntament d&#8217;Alcoi","datePublished":"2022-10-17T11:06:15+00:00","dateModified":"2022-10-17T11:26:56+00:00","mainEntityOfPage":{"@id":"https:\/\/www.copealcoy.es\/es\/carlos-pastor-es-reuneix-amb-el-grup-municipal-del-pp-a-lajuntament-dalcoi\/"},"wordCount":391,"commentCount":0,"image":{"@id":"https:\/\/www.copealcoy.es\/es\/carlos-pastor-es-reuneix-amb-el-grup-municipal-del-pp-a-lajuntament-dalcoi\/#primaryimage"},"thumbnailUrl":"https:\/\/www.copealcoy.es\/wp-content\/uploads\/2022\/10\/20221017_REUNION_CONCEJALES-scaled-e1666004729942.jpg","keywords":["Alcoi","Carlos Pastor","Grup Municipal PP","Partit Popular","reuni\u00f3"],"articleSection":["Actualidad","Alcoy","Noticias"],"inLanguage":"es"},{"@type":"WebPage","@id":"https:\/\/www.copealcoy.es\/es\/carlos-pastor-es-reuneix-amb-el-grup-municipal-del-pp-a-lajuntament-dalcoi\/","url":"https:\/\/www.copealcoy.es\/es\/carlos-pastor-es-reuneix-amb-el-grup-municipal-del-pp-a-lajuntament-dalcoi\/","name":"Carlos Pastor es reuneix amb el grup municipal del PP a l'Ajuntament d'Alcoi - COPE Alcoy","isPartOf":{"@id":"https:\/\/www.copealcoy.es\/es\/#website"},"primaryImageOfPage":{"@id":"https:\/\/www.copealcoy.es\/es\/carlos-pastor-es-reuneix-amb-el-grup-municipal-del-pp-a-lajuntament-dalcoi\/#primaryimage"},"image":{"@id":"https:\/\/www.copealcoy.es\/es\/carlos-pastor-es-reuneix-amb-el-grup-municipal-del-pp-a-lajuntament-dalcoi\/#primaryimage"},"thumbnailUrl":"https:\/\/www.copealcoy.es\/wp-content\/uploads\/2022\/10\/20221017_REUNION_CONCEJALES-scaled-e1666004729942.jpg","datePublished":"2022-10-17T11:06:15+00:00","dateModified":"2022-10-17T11:26:56+00:00","author":{"@id":"https:\/\/www.copealcoy.es\/es\/#\/schema\/person\/e777c87fa024e57d40170af9df39882c"},"description":"Carlos Pastor es reuneix amb el grup municipal del Partit Popular a l'Ajuntament d'Alcoi abans de les Eleccions","breadcrumb":{"@id":"https:\/\/www.copealcoy.es\/es\/carlos-pastor-es-reuneix-amb-el-grup-municipal-del-pp-a-lajuntament-dalcoi\/#breadcrumb"},"inLanguage":"es","potentialAction":[{"@type":"ReadAction","target":["https:\/\/www.copealcoy.es\/es\/carlos-pastor-es-reuneix-amb-el-grup-municipal-del-pp-a-lajuntament-dalcoi\/"]}]},{"@type":"ImageObject","inLanguage":"es","@id":"https:\/\/www.copealcoy.es\/es\/carlos-pastor-es-reuneix-amb-el-grup-municipal-del-pp-a-lajuntament-dalcoi\/#primaryimage","url":"https:\/\/www.copealcoy.es\/wp-content\/uploads\/2022\/10\/20221017_REUNION_CONCEJALES-scaled-e1666004729942.jpg","contentUrl":"https:\/\/www.copealcoy.es\/wp-content\/uploads\/2022\/10\/20221017_REUNION_CONCEJALES-scaled-e1666004729942.jpg","width":640,"height":480},{"@type":"BreadcrumbList","@id":"https:\/\/www.copealcoy.es\/es\/carlos-pastor-es-reuneix-amb-el-grup-municipal-del-pp-a-lajuntament-dalcoi\/#breadcrumb","itemListElement":[{"@type":"ListItem","position":1,"name":"Portada","item":"https:\/\/www.copealcoy.es\/es\/"},{"@type":"ListItem","position":2,"name":"Carlos Pastor es reuneix amb el grup municipal del PP a l&#8217;Ajuntament d&#8217;Alcoi"}]},{"@type":"WebSite","@id":"https:\/\/www.copealcoy.es\/es\/#website","url":"https:\/\/www.copealcoy.es\/es\/","name":"COPE Alcoy","description":"Emisora COPE de radio local con emisi\u00f3n online. Pont de Sant Jordi 8-10 03803 Alcoy","potentialAction":[{"@type":"SearchAction","target":{"@type":"EntryPoint","urlTemplate":"https:\/\/www.copealcoy.es\/es\/?s={search_term_string}"},"query-input":{"@type":"PropertyValueSpecification","valueRequired":true,"valueName":"search_term_string"}}],"inLanguage":"es"},{"@type":"Person","@id":"https:\/\/www.copealcoy.es\/es\/#\/schema\/person\/e777c87fa024e57d40170af9df39882c","name":"Cope Alcoy","image":{"@type":"ImageObject","inLanguage":"es","@id":"https:\/\/secure.gravatar.com\/avatar\/bb65d0283347e303893ba14f0692005417c1e0e690a325a4c5d8bb2b3943ee14?s=96&d=mm&r=g","url":"https:\/\/secure.gravatar.com\/avatar\/bb65d0283347e303893ba14f0692005417c1e0e690a325a4c5d8bb2b3943ee14?s=96&d=mm&r=g","contentUrl":"https:\/\/secure.gravatar.com\/avatar\/bb65d0283347e303893ba14f0692005417c1e0e690a325a4c5d8bb2b3943ee14?s=96&d=mm&r=g","caption":"Cope Alcoy"}}]}},"_links":{"self":[{"href":"https:\/\/www.copealcoy.es\/es\/wp-json\/wp\/v2\/posts\/92992","targetHints":{"allow":["GET"]}}],"collection":[{"href":"https:\/\/www.copealcoy.es\/es\/wp-json\/wp\/v2\/posts"}],"about":[{"href":"https:\/\/www.copealcoy.es\/es\/wp-json\/wp\/v2\/types\/post"}],"author":[{"embeddable":true,"href":"https:\/\/www.copealcoy.es\/es\/wp-json\/wp\/v2\/users\/1"}],"replies":[{"embeddable":true,"href":"https:\/\/www.copealcoy.es\/es\/wp-json\/wp\/v2\/comments?post=92992"}],"version-history":[{"count":0,"href":"https:\/\/www.copealcoy.es\/es\/wp-json\/wp\/v2\/posts\/92992\/revisions"}],"wp:featuredmedia":[{"embeddable":true,"href":"https:\/\/www.copealcoy.es\/es\/wp-json\/wp\/v2\/media\/92993"}],"wp:attachment":[{"href":"https:\/\/www.copealcoy.es\/es\/wp-json\/wp\/v2\/media?parent=92992"}],"wp:term":[{"taxonomy":"category","embeddable":true,"href":"https:\/\/www.copealcoy.es\/es\/wp-json\/wp\/v2\/categories?post=92992"},{"taxonomy":"post_tag","embeddable":true,"href":"https:\/\/www.copealcoy.es\/es\/wp-json\/wp\/v2\/tags?post=92992"}],"curies":[{"name":"wp","href":"https:\/\/api.w.org\/{rel}","templated":true}]}}