{"id":92974,"date":"2022-10-12T22:08:56","date_gmt":"2022-10-12T21:08:56","guid":{"rendered":"https:\/\/www.copealcoy.es\/?p=92974"},"modified":"2022-10-15T22:23:03","modified_gmt":"2022-10-15T21:23:03","slug":"la-fila-alcodianos-ha-inaugurat-aquesta-interessant-exposicio","status":"publish","type":"post","link":"https:\/\/www.copealcoy.es\/es\/la-fila-alcodianos-ha-inaugurat-aquesta-interessant-exposicio\/","title":{"rendered":"La Fil\u00e0 Alcodianos ha inaugurat aquesta interessant exposici\u00f3"},"content":{"rendered":"<p style=\"text-align: justify;\">La <a href=\"https:\/\/www.facebook.com\/filaalcodianos\"><span style=\"color: #0000ff;\"><strong>Fil\u00e0\u00a0<span class=\"hiddenSpellError\">Alcodianos<\/span>\u00a0<\/strong><\/span><\/a>d&#8217;Alcoi ha inaugurat <strong>una interessant exposici\u00f3<\/strong> amb motiu del c\u00e0rrec d&#8217;Alferes Cristi\u00e0 que exerceix en les Festes de Moros i Cristians del 2023. Aquesta mostra <strong>va obrir les portes el passat 11 d&#8217;octubre<\/strong>, en la vespra del festiu de la Mare de D\u00e9u del Pilar, i <strong>la podrem veure fins al dia 30 d&#8217;aquest mateix mes<\/strong> a la sala Ramon Castanyer del\u00a0<span class=\"hiddenSpellError\">C\u00edrculo<\/span>\u00a0Industrial.<\/p>\n<p style=\"text-align: justify;\">L&#8217;esmentada proposta cultural <strong>porta per nom<\/strong> <em>El color de la m\u00fasica<\/em> i va a c\u00e0rrec de l&#8217;artista i fester dels\u00a0<span class=\"hiddenSpellError\">Alcodianos<\/span>, <strong>Miguel \u00c1ngel\u00a0<span class=\"hiddenSpellError\">S\u00e1iz<\/span>\u00a0Pertusa<\/strong>. En la mateixa trobem diferents <strong>obres pict\u00f2riques<\/strong>, moltes d&#8217;elles relacionades amb la nostra Festa en honor a Sant Jordi, i tamb\u00e9 destaquen <strong>peces d&#8217;escultura<\/strong> amb la m\u00fasica com a destacada protagonista. A m\u00e9s, durant l&#8217;acte d&#8217;obertura celebrat en la vesprada del passat dimarts va intervenir el President del <span class=\"hiddenSpellError\">C\u00edrculo<\/span>\u00a0Industrial,<strong>\u00a0<span class=\"hiddenSpellError\">Indalecio<\/span>\u00a0Carbonell<\/strong>, aix\u00ed com <strong>Mois\u00e9s Casa<\/strong> com a amic de l&#8217;artista. Per la seua banda <strong>Ismael Gisbert<\/strong>, Primer Tro dels\u00a0<span class=\"hiddenSpellError\">Alcodianos<\/span>, va remarcar en el seu parlament la vinculaci\u00f3 que ha tingut sempre la formaci\u00f3 festera\u00a0<span class=\"hiddenSpellError\">amb<\/span>\u00a0la m\u00fasica. No van faltar l&#8217;Alferes Cristi\u00e0, <strong>Miquel Jord\u00e0<\/strong>, l&#8217;Assessora Art\u00edstica de l&#8217;Associaci\u00f3 de Sant Jordi, <strong>M\u00f2nica Jover<\/strong>, i el Darrer Tro;\u00a0<strong><span class=\"hiddenSpellError\">Carlos<\/span> Gisbert.\u00a0<\/strong><\/p>\n<p style=\"text-align: justify;\">La inauguraci\u00f3 de l&#8217;exposici\u00f3 va incloure<strong> la interpretaci\u00f3 de la pe\u00e7a per a dol\u00e7aina i tabal &#8216;De fusta a metall<\/strong>&#8216;. La pr\u00f2xima cita dins d&#8217;aquest any d&#8217;Alferes \u00e9s <strong>la presentaci\u00f3 del\u00a0<span class=\"hiddenSpellError\">boato<\/span><\/strong> de la Filpa per a 2023 que tindr\u00e0 lloc aquest diumenge 16 d&#8217;octubre a les 12:<span class=\"hiddenGrammarError\">00h<\/span>\u00a0al<strong> P\u00f2rtic del Col\u00b7legi Salesians<\/strong>, Pla\u00e7a\u00a0Moss\u00e9n Josep n\u00famero 1.<\/p>\n","protected":false},"excerpt":{"rendered":"<p>La Fil\u00e0\u00a0Alcodianos\u00a0d&#8217;Alcoi ha inaugurat una interessant exposici\u00f3 amb motiu del c\u00e0rrec d&#8217;Alferes Cristi\u00e0 que exerceix en les Festes de Moros&#8230;<\/p>\n","protected":false},"author":1,"featured_media":92975,"comment_status":"open","ping_status":"open","sticky":false,"template":"","format":"standard","meta":{"footnotes":""},"categories":[6909,97,78,75],"tags":[160,13330,3344,13329,11506],"class_list":["post-92974","post","type-post","status-publish","format-standard","has-post-thumbnail","hentry","category-actualidad","category-alcoy","category-fiestaycultura","category-noticias","tag-alcoi","tag-alferes-cristia","tag-circulo-industrial","tag-fila-alcodianos","tag-mostra-cultural"],"yoast_head":"<!-- This site is optimized with the Yoast SEO plugin v27.3 - https:\/\/yoast.com\/product\/yoast-seo-wordpress\/ -->\n<title>La Fil\u00e0 Alcodianos ha inaugurat aquesta interessant exposici\u00f3 - COPE Alcoy<\/title>\n<meta name=\"description\" content=\"La Fil\u00e0\u00a0Alcodianos\u00a0d&#039;Alcoi ha inaugurat una interessant exposici\u00f3 amb motiu del c\u00e0rrec d&#039;Alferes Cristi\u00e0 que exerceix en les Festes 2023\" \/>\n<meta name=\"robots\" content=\"index, follow, max-snippet:-1, max-image-preview:large, max-video-preview:-1\" \/>\n<link rel=\"canonical\" href=\"https:\/\/www.copealcoy.es\/es\/la-fila-alcodianos-ha-inaugurat-aquesta-interessant-exposicio\/\" \/>\n<meta property=\"og:locale\" content=\"es_ES\" \/>\n<meta property=\"og:type\" content=\"article\" \/>\n<meta property=\"og:title\" content=\"La Fil\u00e0 Alcodianos ha inaugurat aquesta interessant exposici\u00f3 - COPE Alcoy\" \/>\n<meta property=\"og:description\" content=\"La Fil\u00e0\u00a0Alcodianos\u00a0d&#039;Alcoi ha inaugurat una interessant exposici\u00f3 amb motiu del c\u00e0rrec d&#039;Alferes Cristi\u00e0 que exerceix en les Festes 2023\" \/>\n<meta property=\"og:url\" content=\"https:\/\/www.copealcoy.es\/es\/la-fila-alcodianos-ha-inaugurat-aquesta-interessant-exposicio\/\" \/>\n<meta property=\"og:site_name\" content=\"COPE Alcoy\" \/>\n<meta property=\"article:published_time\" content=\"2022-10-12T21:08:56+00:00\" \/>\n<meta property=\"article:modified_time\" content=\"2022-10-15T21:23:03+00:00\" \/>\n<meta property=\"og:image\" content=\"https:\/\/www.copealcoy.es\/wp-content\/uploads\/2022\/10\/unnamed-10-scaled-e1665868066981.jpg\" \/>\n\t<meta property=\"og:image:width\" content=\"640\" \/>\n\t<meta property=\"og:image:height\" content=\"480\" \/>\n\t<meta property=\"og:image:type\" content=\"image\/jpeg\" \/>\n<meta name=\"author\" content=\"Cope Alcoy\" \/>\n<meta name=\"twitter:label1\" content=\"Escrito por\" \/>\n\t<meta name=\"twitter:data1\" content=\"Cope Alcoy\" \/>\n\t<meta name=\"twitter:label2\" content=\"Tiempo de lectura\" \/>\n\t<meta name=\"twitter:data2\" content=\"2 minutos\" \/>\n<script type=\"application\/ld+json\" class=\"yoast-schema-graph\">{\"@context\":\"https:\\\/\\\/schema.org\",\"@graph\":[{\"@type\":\"Article\",\"@id\":\"https:\\\/\\\/www.copealcoy.es\\\/es\\\/la-fila-alcodianos-ha-inaugurat-aquesta-interessant-exposicio\\\/#article\",\"isPartOf\":{\"@id\":\"https:\\\/\\\/www.copealcoy.es\\\/es\\\/la-fila-alcodianos-ha-inaugurat-aquesta-interessant-exposicio\\\/\"},\"author\":{\"name\":\"Cope Alcoy\",\"@id\":\"https:\\\/\\\/www.copealcoy.es\\\/es\\\/#\\\/schema\\\/person\\\/e777c87fa024e57d40170af9df39882c\"},\"headline\":\"La Fil\u00e0 Alcodianos ha inaugurat aquesta interessant exposici\u00f3\",\"datePublished\":\"2022-10-12T21:08:56+00:00\",\"dateModified\":\"2022-10-15T21:23:03+00:00\",\"mainEntityOfPage\":{\"@id\":\"https:\\\/\\\/www.copealcoy.es\\\/es\\\/la-fila-alcodianos-ha-inaugurat-aquesta-interessant-exposicio\\\/\"},\"wordCount\":303,\"commentCount\":0,\"image\":{\"@id\":\"https:\\\/\\\/www.copealcoy.es\\\/es\\\/la-fila-alcodianos-ha-inaugurat-aquesta-interessant-exposicio\\\/#primaryimage\"},\"thumbnailUrl\":\"https:\\\/\\\/www.copealcoy.es\\\/wp-content\\\/uploads\\\/2022\\\/10\\\/unnamed-10-scaled-e1665868066981.jpg\",\"keywords\":[\"Alcoi\",\"Alferes Cristi\u00e0\",\"C\u00edrculo Industrial\",\"Fil\u00e0 Alcodianos\",\"Mostra Cultural\"],\"articleSection\":[\"Actualidad\",\"Alcoy\",\"Fiesta y Cultura\",\"Noticias\"],\"inLanguage\":\"es\"},{\"@type\":\"WebPage\",\"@id\":\"https:\\\/\\\/www.copealcoy.es\\\/es\\\/la-fila-alcodianos-ha-inaugurat-aquesta-interessant-exposicio\\\/\",\"url\":\"https:\\\/\\\/www.copealcoy.es\\\/es\\\/la-fila-alcodianos-ha-inaugurat-aquesta-interessant-exposicio\\\/\",\"name\":\"La Fil\u00e0 Alcodianos ha inaugurat aquesta interessant exposici\u00f3 - COPE Alcoy\",\"isPartOf\":{\"@id\":\"https:\\\/\\\/www.copealcoy.es\\\/es\\\/#website\"},\"primaryImageOfPage\":{\"@id\":\"https:\\\/\\\/www.copealcoy.es\\\/es\\\/la-fila-alcodianos-ha-inaugurat-aquesta-interessant-exposicio\\\/#primaryimage\"},\"image\":{\"@id\":\"https:\\\/\\\/www.copealcoy.es\\\/es\\\/la-fila-alcodianos-ha-inaugurat-aquesta-interessant-exposicio\\\/#primaryimage\"},\"thumbnailUrl\":\"https:\\\/\\\/www.copealcoy.es\\\/wp-content\\\/uploads\\\/2022\\\/10\\\/unnamed-10-scaled-e1665868066981.jpg\",\"datePublished\":\"2022-10-12T21:08:56+00:00\",\"dateModified\":\"2022-10-15T21:23:03+00:00\",\"author\":{\"@id\":\"https:\\\/\\\/www.copealcoy.es\\\/es\\\/#\\\/schema\\\/person\\\/e777c87fa024e57d40170af9df39882c\"},\"description\":\"La Fil\u00e0\u00a0Alcodianos\u00a0d'Alcoi ha inaugurat una interessant exposici\u00f3 amb motiu del c\u00e0rrec d'Alferes Cristi\u00e0 que exerceix en les Festes 2023\",\"breadcrumb\":{\"@id\":\"https:\\\/\\\/www.copealcoy.es\\\/es\\\/la-fila-alcodianos-ha-inaugurat-aquesta-interessant-exposicio\\\/#breadcrumb\"},\"inLanguage\":\"es\",\"potentialAction\":[{\"@type\":\"ReadAction\",\"target\":[\"https:\\\/\\\/www.copealcoy.es\\\/es\\\/la-fila-alcodianos-ha-inaugurat-aquesta-interessant-exposicio\\\/\"]}]},{\"@type\":\"ImageObject\",\"inLanguage\":\"es\",\"@id\":\"https:\\\/\\\/www.copealcoy.es\\\/es\\\/la-fila-alcodianos-ha-inaugurat-aquesta-interessant-exposicio\\\/#primaryimage\",\"url\":\"https:\\\/\\\/www.copealcoy.es\\\/wp-content\\\/uploads\\\/2022\\\/10\\\/unnamed-10-scaled-e1665868066981.jpg\",\"contentUrl\":\"https:\\\/\\\/www.copealcoy.es\\\/wp-content\\\/uploads\\\/2022\\\/10\\\/unnamed-10-scaled-e1665868066981.jpg\",\"width\":640,\"height\":480},{\"@type\":\"BreadcrumbList\",\"@id\":\"https:\\\/\\\/www.copealcoy.es\\\/es\\\/la-fila-alcodianos-ha-inaugurat-aquesta-interessant-exposicio\\\/#breadcrumb\",\"itemListElement\":[{\"@type\":\"ListItem\",\"position\":1,\"name\":\"Portada\",\"item\":\"https:\\\/\\\/www.copealcoy.es\\\/es\\\/\"},{\"@type\":\"ListItem\",\"position\":2,\"name\":\"La Fil\u00e0 Alcodianos ha inaugurat aquesta interessant exposici\u00f3\"}]},{\"@type\":\"WebSite\",\"@id\":\"https:\\\/\\\/www.copealcoy.es\\\/es\\\/#website\",\"url\":\"https:\\\/\\\/www.copealcoy.es\\\/es\\\/\",\"name\":\"COPE Alcoy\",\"description\":\"Emisora COPE de radio local con emisi\u00f3n online. Pont de Sant Jordi 8-10 03803 Alcoy\",\"potentialAction\":[{\"@type\":\"SearchAction\",\"target\":{\"@type\":\"EntryPoint\",\"urlTemplate\":\"https:\\\/\\\/www.copealcoy.es\\\/es\\\/?s={search_term_string}\"},\"query-input\":{\"@type\":\"PropertyValueSpecification\",\"valueRequired\":true,\"valueName\":\"search_term_string\"}}],\"inLanguage\":\"es\"},{\"@type\":\"Person\",\"@id\":\"https:\\\/\\\/www.copealcoy.es\\\/es\\\/#\\\/schema\\\/person\\\/e777c87fa024e57d40170af9df39882c\",\"name\":\"Cope Alcoy\",\"image\":{\"@type\":\"ImageObject\",\"inLanguage\":\"es\",\"@id\":\"https:\\\/\\\/secure.gravatar.com\\\/avatar\\\/bb65d0283347e303893ba14f0692005417c1e0e690a325a4c5d8bb2b3943ee14?s=96&d=mm&r=g\",\"url\":\"https:\\\/\\\/secure.gravatar.com\\\/avatar\\\/bb65d0283347e303893ba14f0692005417c1e0e690a325a4c5d8bb2b3943ee14?s=96&d=mm&r=g\",\"contentUrl\":\"https:\\\/\\\/secure.gravatar.com\\\/avatar\\\/bb65d0283347e303893ba14f0692005417c1e0e690a325a4c5d8bb2b3943ee14?s=96&d=mm&r=g\",\"caption\":\"Cope Alcoy\"}}]}<\/script>\n<!-- \/ Yoast SEO plugin. -->","yoast_head_json":{"title":"La Fil\u00e0 Alcodianos ha inaugurat aquesta interessant exposici\u00f3 - COPE Alcoy","description":"La Fil\u00e0\u00a0Alcodianos\u00a0d'Alcoi ha inaugurat una interessant exposici\u00f3 amb motiu del c\u00e0rrec d'Alferes Cristi\u00e0 que exerceix en les Festes 2023","robots":{"index":"index","follow":"follow","max-snippet":"max-snippet:-1","max-image-preview":"max-image-preview:large","max-video-preview":"max-video-preview:-1"},"canonical":"https:\/\/www.copealcoy.es\/es\/la-fila-alcodianos-ha-inaugurat-aquesta-interessant-exposicio\/","og_locale":"es_ES","og_type":"article","og_title":"La Fil\u00e0 Alcodianos ha inaugurat aquesta interessant exposici\u00f3 - COPE Alcoy","og_description":"La Fil\u00e0\u00a0Alcodianos\u00a0d'Alcoi ha inaugurat una interessant exposici\u00f3 amb motiu del c\u00e0rrec d'Alferes Cristi\u00e0 que exerceix en les Festes 2023","og_url":"https:\/\/www.copealcoy.es\/es\/la-fila-alcodianos-ha-inaugurat-aquesta-interessant-exposicio\/","og_site_name":"COPE Alcoy","article_published_time":"2022-10-12T21:08:56+00:00","article_modified_time":"2022-10-15T21:23:03+00:00","og_image":[{"width":640,"height":480,"url":"https:\/\/www.copealcoy.es\/wp-content\/uploads\/2022\/10\/unnamed-10-scaled-e1665868066981.jpg","type":"image\/jpeg"}],"author":"Cope Alcoy","twitter_misc":{"Escrito por":"Cope Alcoy","Tiempo de lectura":"2 minutos"},"schema":{"@context":"https:\/\/schema.org","@graph":[{"@type":"Article","@id":"https:\/\/www.copealcoy.es\/es\/la-fila-alcodianos-ha-inaugurat-aquesta-interessant-exposicio\/#article","isPartOf":{"@id":"https:\/\/www.copealcoy.es\/es\/la-fila-alcodianos-ha-inaugurat-aquesta-interessant-exposicio\/"},"author":{"name":"Cope Alcoy","@id":"https:\/\/www.copealcoy.es\/es\/#\/schema\/person\/e777c87fa024e57d40170af9df39882c"},"headline":"La Fil\u00e0 Alcodianos ha inaugurat aquesta interessant exposici\u00f3","datePublished":"2022-10-12T21:08:56+00:00","dateModified":"2022-10-15T21:23:03+00:00","mainEntityOfPage":{"@id":"https:\/\/www.copealcoy.es\/es\/la-fila-alcodianos-ha-inaugurat-aquesta-interessant-exposicio\/"},"wordCount":303,"commentCount":0,"image":{"@id":"https:\/\/www.copealcoy.es\/es\/la-fila-alcodianos-ha-inaugurat-aquesta-interessant-exposicio\/#primaryimage"},"thumbnailUrl":"https:\/\/www.copealcoy.es\/wp-content\/uploads\/2022\/10\/unnamed-10-scaled-e1665868066981.jpg","keywords":["Alcoi","Alferes Cristi\u00e0","C\u00edrculo Industrial","Fil\u00e0 Alcodianos","Mostra Cultural"],"articleSection":["Actualidad","Alcoy","Fiesta y Cultura","Noticias"],"inLanguage":"es"},{"@type":"WebPage","@id":"https:\/\/www.copealcoy.es\/es\/la-fila-alcodianos-ha-inaugurat-aquesta-interessant-exposicio\/","url":"https:\/\/www.copealcoy.es\/es\/la-fila-alcodianos-ha-inaugurat-aquesta-interessant-exposicio\/","name":"La Fil\u00e0 Alcodianos ha inaugurat aquesta interessant exposici\u00f3 - COPE Alcoy","isPartOf":{"@id":"https:\/\/www.copealcoy.es\/es\/#website"},"primaryImageOfPage":{"@id":"https:\/\/www.copealcoy.es\/es\/la-fila-alcodianos-ha-inaugurat-aquesta-interessant-exposicio\/#primaryimage"},"image":{"@id":"https:\/\/www.copealcoy.es\/es\/la-fila-alcodianos-ha-inaugurat-aquesta-interessant-exposicio\/#primaryimage"},"thumbnailUrl":"https:\/\/www.copealcoy.es\/wp-content\/uploads\/2022\/10\/unnamed-10-scaled-e1665868066981.jpg","datePublished":"2022-10-12T21:08:56+00:00","dateModified":"2022-10-15T21:23:03+00:00","author":{"@id":"https:\/\/www.copealcoy.es\/es\/#\/schema\/person\/e777c87fa024e57d40170af9df39882c"},"description":"La Fil\u00e0\u00a0Alcodianos\u00a0d'Alcoi ha inaugurat una interessant exposici\u00f3 amb motiu del c\u00e0rrec d'Alferes Cristi\u00e0 que exerceix en les Festes 2023","breadcrumb":{"@id":"https:\/\/www.copealcoy.es\/es\/la-fila-alcodianos-ha-inaugurat-aquesta-interessant-exposicio\/#breadcrumb"},"inLanguage":"es","potentialAction":[{"@type":"ReadAction","target":["https:\/\/www.copealcoy.es\/es\/la-fila-alcodianos-ha-inaugurat-aquesta-interessant-exposicio\/"]}]},{"@type":"ImageObject","inLanguage":"es","@id":"https:\/\/www.copealcoy.es\/es\/la-fila-alcodianos-ha-inaugurat-aquesta-interessant-exposicio\/#primaryimage","url":"https:\/\/www.copealcoy.es\/wp-content\/uploads\/2022\/10\/unnamed-10-scaled-e1665868066981.jpg","contentUrl":"https:\/\/www.copealcoy.es\/wp-content\/uploads\/2022\/10\/unnamed-10-scaled-e1665868066981.jpg","width":640,"height":480},{"@type":"BreadcrumbList","@id":"https:\/\/www.copealcoy.es\/es\/la-fila-alcodianos-ha-inaugurat-aquesta-interessant-exposicio\/#breadcrumb","itemListElement":[{"@type":"ListItem","position":1,"name":"Portada","item":"https:\/\/www.copealcoy.es\/es\/"},{"@type":"ListItem","position":2,"name":"La Fil\u00e0 Alcodianos ha inaugurat aquesta interessant exposici\u00f3"}]},{"@type":"WebSite","@id":"https:\/\/www.copealcoy.es\/es\/#website","url":"https:\/\/www.copealcoy.es\/es\/","name":"COPE Alcoy","description":"Emisora COPE de radio local con emisi\u00f3n online. Pont de Sant Jordi 8-10 03803 Alcoy","potentialAction":[{"@type":"SearchAction","target":{"@type":"EntryPoint","urlTemplate":"https:\/\/www.copealcoy.es\/es\/?s={search_term_string}"},"query-input":{"@type":"PropertyValueSpecification","valueRequired":true,"valueName":"search_term_string"}}],"inLanguage":"es"},{"@type":"Person","@id":"https:\/\/www.copealcoy.es\/es\/#\/schema\/person\/e777c87fa024e57d40170af9df39882c","name":"Cope Alcoy","image":{"@type":"ImageObject","inLanguage":"es","@id":"https:\/\/secure.gravatar.com\/avatar\/bb65d0283347e303893ba14f0692005417c1e0e690a325a4c5d8bb2b3943ee14?s=96&d=mm&r=g","url":"https:\/\/secure.gravatar.com\/avatar\/bb65d0283347e303893ba14f0692005417c1e0e690a325a4c5d8bb2b3943ee14?s=96&d=mm&r=g","contentUrl":"https:\/\/secure.gravatar.com\/avatar\/bb65d0283347e303893ba14f0692005417c1e0e690a325a4c5d8bb2b3943ee14?s=96&d=mm&r=g","caption":"Cope Alcoy"}}]}},"_links":{"self":[{"href":"https:\/\/www.copealcoy.es\/es\/wp-json\/wp\/v2\/posts\/92974","targetHints":{"allow":["GET"]}}],"collection":[{"href":"https:\/\/www.copealcoy.es\/es\/wp-json\/wp\/v2\/posts"}],"about":[{"href":"https:\/\/www.copealcoy.es\/es\/wp-json\/wp\/v2\/types\/post"}],"author":[{"embeddable":true,"href":"https:\/\/www.copealcoy.es\/es\/wp-json\/wp\/v2\/users\/1"}],"replies":[{"embeddable":true,"href":"https:\/\/www.copealcoy.es\/es\/wp-json\/wp\/v2\/comments?post=92974"}],"version-history":[{"count":0,"href":"https:\/\/www.copealcoy.es\/es\/wp-json\/wp\/v2\/posts\/92974\/revisions"}],"wp:featuredmedia":[{"embeddable":true,"href":"https:\/\/www.copealcoy.es\/es\/wp-json\/wp\/v2\/media\/92975"}],"wp:attachment":[{"href":"https:\/\/www.copealcoy.es\/es\/wp-json\/wp\/v2\/media?parent=92974"}],"wp:term":[{"taxonomy":"category","embeddable":true,"href":"https:\/\/www.copealcoy.es\/es\/wp-json\/wp\/v2\/categories?post=92974"},{"taxonomy":"post_tag","embeddable":true,"href":"https:\/\/www.copealcoy.es\/es\/wp-json\/wp\/v2\/tags?post=92974"}],"curies":[{"name":"wp","href":"https:\/\/api.w.org\/{rel}","templated":true}]}}