{"id":92915,"date":"2022-10-14T11:55:57","date_gmt":"2022-10-14T10:55:57","guid":{"rendered":"https:\/\/www.copealcoy.es\/?p=92915"},"modified":"2022-10-26T18:15:59","modified_gmt":"2022-10-26T17:15:59","slug":"jose-torro-i-dolo-franco-inicien-amb-il%c2%b7lusio-nova-etapa-al-capdavant-de-la-pia-unio-de-cocentaina","status":"publish","type":"post","link":"https:\/\/www.copealcoy.es\/es\/jose-torro-i-dolo-franco-inicien-amb-il%c2%b7lusio-nova-etapa-al-capdavant-de-la-pia-unio-de-cocentaina\/","title":{"rendered":"Jose Torr\u00f3 i Dolo Franco inicien amb il\u00b7lusi\u00f3 nova etapa al capdavant de la Pia Uni\u00f3 de Cocentaina"},"content":{"rendered":"<p style=\"text-align: justify;\">La <a href=\"https:\/\/www.facebook.com\/piaunion\"><span style=\"color: #0000ff;\"><strong>Pia Uni\u00f3 de la Mare de D\u00e9u del Miracle de Cocentaina<\/strong><\/span><\/a> ha iniciat nova etapa despr\u00e9s que mesos enrere <strong>quedara constitu\u00efda la nova junta per als pr\u00f2xims tres anys<\/strong>. Al capdavant de la mateixa estan\u00a0<strong><span class=\"hiddenSpellError\">Jose<\/span>\u00a0Torr\u00f3 i\u00a0<span class=\"hiddenSpellError\">Dolo<\/span>\u00a0Franco<\/strong>, els quals <strong>han assumit la presid\u00e8ncia de l&#8217;entitat<\/strong> amb gran il\u00b7lusi\u00f3 i molts reptes al davant.<\/p>\n<p style=\"text-align: justify;\">Els nous Presidents han at\u00e9s els micr\u00f2fons de COPE ALCOI al Monestir de les Clarisses abans dels dies grans del Mig Any de les Festes Patronals de la Mareta que se celebren durant aquest tercer cap de setmana d&#8217;octubre. <span class=\"hiddenSpellError\">Jose<\/span>\u00a0i\u00a0<span class=\"hiddenSpellError\">Dolo<\/span>\u00a0asseguren que <strong>no esperaven que serien proposats per a presidir la Pia Uni\u00f3<\/strong> i destaquen <strong>el suport de tot l&#8217;equip hum\u00e0<\/strong> que est\u00e0 al costat d&#8217;ells formant part de la Junta Directiva &#8220;<em>quan ens ho va dir Don <span class=\"hiddenSpellError\">Eduardo<\/span>\u00a0ens vam quedar sorpresos, per\u00f2 vam dir que s\u00ed perqu\u00e8 la Mare de D\u00e9u ens estava buscant per a treballar per a ella. En poc temps vam tindre configurada la Junta i la veritat \u00e9s que tota la gent a la qual li vam suggerir estar amb nosaltres va mostrar de seguida la seua predisposici\u00f3 a acompanyar-nos en aquesta interessant aventura<\/em>&#8220;, destaquen. Ambd\u00f3s <strong>s\u00f3n coneixedors de tot el que envolta a les Festes Patronals de la Mare de D\u00e9u del Miracle<\/strong> i expliquen que <strong>encara no han tingut massa temps de definir els objectius que volen complir a curt termini<\/strong> <em>&#8220;aquestes celebracions tenen una estructura molt marcada, per\u00f2 el que s\u00ed que volem \u00e9s donar major participaci\u00f3 a la gent jove perqu\u00e8 ells s\u00f3n els qui transmetran la devoci\u00f3 per la Mare de D\u00e9u del Miracle a les futures generacions&#8221;, destaquen. Per \u00faltim fan refer\u00e8ncia a tot el que viurem durant els dies de la Setmana d&#8217;Exaltaci\u00f3 &#8220;convidem a tot el poble, per\u00f2 tamb\u00e9 als ve\u00efns i a les ve\u00efnes dels municipis de les nostres comarques, perqu\u00e8 vinguen a compartir amb nosaltres tots els actes que hem organitzat per tal de retre homenatge a la nostra patrona<\/em>&#8220;, conclouen.<\/p>\n<p style=\"text-align: justify;\">Els actes del Mig Any segueixen aquest cap de setmana i hui destaca <strong>una celebraci\u00f3 d&#8217;homenatge als matrimonis que compleixen dinou anys de casats<\/strong> mentre que dem\u00e0 hi haur\u00e0 <strong>una conviv\u00e8ncia per a joves<\/strong>, aix\u00ed com <strong>un concert de m\u00fasica cristiana<\/strong>, a les 20:15h, que oferir\u00e0 l&#8217;equip de <span class=\"hiddenSpellError\">Life<\/span>\u00a0<span class=\"hiddenSpellError\">Teen<\/span>\u00a0<span class=\"hiddenSpellError\">Spain<\/span>\u00a0en el Monestir de les Clarisses. Dem\u00e0, a les 10:<span class=\"hiddenGrammarError\">00h<\/span>, <strong>es dispararan les 27 salves en record del miracle de la Mare de D\u00e9u<\/strong> i comen\u00e7ar\u00e0 <strong>una cercavila a c\u00e0rrec de la Colla Mal Passet<\/strong> fins a la Pla\u00e7a del Pla. All\u00ed, a les 11:<span class=\"hiddenGrammarError\">30h<\/span>, <strong>s&#8217;oficiar\u00e0 una missa de campanya<\/strong> en la qual s&#8217;imposaran les medalles als majorals de 2023 i en la qual tamb\u00e9 seran presentats els nounats a la Verge del Miracle. Precisament<strong> la icona de la Mareta ser\u00e0 col\u00b7locada en les seues andes<\/strong> i la patrona ser\u00e0 traslladada fins al cancell de l&#8217;esgl\u00e9sia del Monestir per a presidir tots els actes religiosos anteriorment esmentats.<\/p>\n<p>Ac\u00ed <strong>pots escoltar<\/strong> l&#8217;entrevista:<\/p>\n<audio class=\"wp-audio-shortcode\" id=\"audio-92915-1\" preload=\"none\" style=\"width: 100%;\" controls=\"controls\"><source type=\"audio\/mpeg\" src=\"https:\/\/www.copealcoy.es\/wp-content\/uploads\/2022\/10\/ENTREVISTA-MARETA.mp3?_=1\" \/><a href=\"https:\/\/www.copealcoy.es\/wp-content\/uploads\/2022\/10\/ENTREVISTA-MARETA.mp3\">https:\/\/www.copealcoy.es\/wp-content\/uploads\/2022\/10\/ENTREVISTA-MARETA.mp3<\/a><\/audio>\n","protected":false},"excerpt":{"rendered":"<p>La Pia Uni\u00f3 de la Mare de D\u00e9u del Miracle de Cocentaina ha iniciat nova etapa despr\u00e9s que mesos enrere&#8230;<\/p>\n","protected":false},"author":1,"featured_media":92916,"comment_status":"open","ping_status":"open","sticky":false,"template":"","format":"standard","meta":{"footnotes":""},"categories":[98,75],"tags":[132,13325,12675,1984,10047],"class_list":["post-92915","post","type-post","status-publish","format-standard","has-post-thumbnail","hentry","category-comarcas","category-noticias","tag-cocentaina","tag-dolo-franco","tag-jose-torro","tag-mare-de-deu-del-miracle","tag-pia-unio"],"yoast_head":"<!-- This site is optimized with the Yoast SEO plugin v27.3 - https:\/\/yoast.com\/product\/yoast-seo-wordpress\/ -->\n<title>Jose Torr\u00f3 i Dolo Franco inicien amb il\u00b7lusi\u00f3 nova etapa al capdavant de la Pia Uni\u00f3 de Cocentaina - COPE Alcoy<\/title>\n<meta name=\"description\" content=\"Jose Torr\u00f3 i Dolo Franco inicien amb il\u00b7lusi\u00f3 nova etapa al capdavant de la Pia Uni\u00f3 de la Mare de D\u00e9u del Miracle de Cocentaina\" \/>\n<meta name=\"robots\" content=\"index, follow, max-snippet:-1, max-image-preview:large, max-video-preview:-1\" \/>\n<link rel=\"canonical\" href=\"https:\/\/www.copealcoy.es\/es\/jose-torro-i-dolo-franco-inicien-amb-il%c2%b7lusio-nova-etapa-al-capdavant-de-la-pia-unio-de-cocentaina\/\" \/>\n<meta property=\"og:locale\" content=\"es_ES\" \/>\n<meta property=\"og:type\" content=\"article\" \/>\n<meta property=\"og:title\" content=\"Jose Torr\u00f3 i Dolo Franco inicien amb il\u00b7lusi\u00f3 nova etapa al capdavant de la Pia Uni\u00f3 de Cocentaina - COPE Alcoy\" \/>\n<meta property=\"og:description\" content=\"Jose Torr\u00f3 i Dolo Franco inicien amb il\u00b7lusi\u00f3 nova etapa al capdavant de la Pia Uni\u00f3 de la Mare de D\u00e9u del Miracle de Cocentaina\" \/>\n<meta property=\"og:url\" content=\"https:\/\/www.copealcoy.es\/es\/jose-torro-i-dolo-franco-inicien-amb-il%c2%b7lusio-nova-etapa-al-capdavant-de-la-pia-unio-de-cocentaina\/\" \/>\n<meta property=\"og:site_name\" content=\"COPE Alcoy\" \/>\n<meta property=\"article:published_time\" content=\"2022-10-14T10:55:57+00:00\" \/>\n<meta property=\"article:modified_time\" content=\"2022-10-26T17:15:59+00:00\" \/>\n<meta property=\"og:image\" content=\"https:\/\/www.copealcoy.es\/wp-content\/uploads\/2022\/10\/unnamed-1-3-scaled-e1665739367567.jpg\" \/>\n\t<meta property=\"og:image:width\" content=\"640\" \/>\n\t<meta property=\"og:image:height\" content=\"377\" \/>\n\t<meta property=\"og:image:type\" content=\"image\/jpeg\" \/>\n<meta name=\"author\" content=\"Cope Alcoy\" \/>\n<meta name=\"twitter:label1\" content=\"Escrito por\" \/>\n\t<meta name=\"twitter:data1\" content=\"Cope Alcoy\" \/>\n\t<meta name=\"twitter:label2\" content=\"Tiempo de lectura\" \/>\n\t<meta name=\"twitter:data2\" content=\"3 minutos\" \/>\n<script type=\"application\/ld+json\" class=\"yoast-schema-graph\">{\"@context\":\"https:\\\/\\\/schema.org\",\"@graph\":[{\"@type\":\"Article\",\"@id\":\"https:\\\/\\\/www.copealcoy.es\\\/es\\\/jose-torro-i-dolo-franco-inicien-amb-il%c2%b7lusio-nova-etapa-al-capdavant-de-la-pia-unio-de-cocentaina\\\/#article\",\"isPartOf\":{\"@id\":\"https:\\\/\\\/www.copealcoy.es\\\/es\\\/jose-torro-i-dolo-franco-inicien-amb-il%c2%b7lusio-nova-etapa-al-capdavant-de-la-pia-unio-de-cocentaina\\\/\"},\"author\":{\"name\":\"Cope Alcoy\",\"@id\":\"https:\\\/\\\/www.copealcoy.es\\\/es\\\/#\\\/schema\\\/person\\\/e777c87fa024e57d40170af9df39882c\"},\"headline\":\"Jose Torr\u00f3 i Dolo Franco inicien amb il\u00b7lusi\u00f3 nova etapa al capdavant de la Pia Uni\u00f3 de Cocentaina\",\"datePublished\":\"2022-10-14T10:55:57+00:00\",\"dateModified\":\"2022-10-26T17:15:59+00:00\",\"mainEntityOfPage\":{\"@id\":\"https:\\\/\\\/www.copealcoy.es\\\/es\\\/jose-torro-i-dolo-franco-inicien-amb-il%c2%b7lusio-nova-etapa-al-capdavant-de-la-pia-unio-de-cocentaina\\\/\"},\"wordCount\":562,\"commentCount\":0,\"image\":{\"@id\":\"https:\\\/\\\/www.copealcoy.es\\\/es\\\/jose-torro-i-dolo-franco-inicien-amb-il%c2%b7lusio-nova-etapa-al-capdavant-de-la-pia-unio-de-cocentaina\\\/#primaryimage\"},\"thumbnailUrl\":\"https:\\\/\\\/www.copealcoy.es\\\/wp-content\\\/uploads\\\/2022\\\/10\\\/unnamed-1-3-scaled-e1665739367567.jpg\",\"keywords\":[\"Cocentaina\",\"Dolo Franco\",\"Jose Torr\u00f3\",\"Mare de D\u00e9u del Miracle\",\"Pia Uni\u00f3\"],\"articleSection\":[\"Comarcas\",\"Noticias\"],\"inLanguage\":\"es\"},{\"@type\":\"WebPage\",\"@id\":\"https:\\\/\\\/www.copealcoy.es\\\/es\\\/jose-torro-i-dolo-franco-inicien-amb-il%c2%b7lusio-nova-etapa-al-capdavant-de-la-pia-unio-de-cocentaina\\\/\",\"url\":\"https:\\\/\\\/www.copealcoy.es\\\/es\\\/jose-torro-i-dolo-franco-inicien-amb-il%c2%b7lusio-nova-etapa-al-capdavant-de-la-pia-unio-de-cocentaina\\\/\",\"name\":\"Jose Torr\u00f3 i Dolo Franco inicien amb il\u00b7lusi\u00f3 nova etapa al capdavant de la Pia Uni\u00f3 de Cocentaina - COPE Alcoy\",\"isPartOf\":{\"@id\":\"https:\\\/\\\/www.copealcoy.es\\\/es\\\/#website\"},\"primaryImageOfPage\":{\"@id\":\"https:\\\/\\\/www.copealcoy.es\\\/es\\\/jose-torro-i-dolo-franco-inicien-amb-il%c2%b7lusio-nova-etapa-al-capdavant-de-la-pia-unio-de-cocentaina\\\/#primaryimage\"},\"image\":{\"@id\":\"https:\\\/\\\/www.copealcoy.es\\\/es\\\/jose-torro-i-dolo-franco-inicien-amb-il%c2%b7lusio-nova-etapa-al-capdavant-de-la-pia-unio-de-cocentaina\\\/#primaryimage\"},\"thumbnailUrl\":\"https:\\\/\\\/www.copealcoy.es\\\/wp-content\\\/uploads\\\/2022\\\/10\\\/unnamed-1-3-scaled-e1665739367567.jpg\",\"datePublished\":\"2022-10-14T10:55:57+00:00\",\"dateModified\":\"2022-10-26T17:15:59+00:00\",\"author\":{\"@id\":\"https:\\\/\\\/www.copealcoy.es\\\/es\\\/#\\\/schema\\\/person\\\/e777c87fa024e57d40170af9df39882c\"},\"description\":\"Jose Torr\u00f3 i Dolo Franco inicien amb il\u00b7lusi\u00f3 nova etapa al capdavant de la Pia Uni\u00f3 de la Mare de D\u00e9u del Miracle de Cocentaina\",\"breadcrumb\":{\"@id\":\"https:\\\/\\\/www.copealcoy.es\\\/es\\\/jose-torro-i-dolo-franco-inicien-amb-il%c2%b7lusio-nova-etapa-al-capdavant-de-la-pia-unio-de-cocentaina\\\/#breadcrumb\"},\"inLanguage\":\"es\",\"potentialAction\":[{\"@type\":\"ReadAction\",\"target\":[\"https:\\\/\\\/www.copealcoy.es\\\/es\\\/jose-torro-i-dolo-franco-inicien-amb-il%c2%b7lusio-nova-etapa-al-capdavant-de-la-pia-unio-de-cocentaina\\\/\"]}]},{\"@type\":\"ImageObject\",\"inLanguage\":\"es\",\"@id\":\"https:\\\/\\\/www.copealcoy.es\\\/es\\\/jose-torro-i-dolo-franco-inicien-amb-il%c2%b7lusio-nova-etapa-al-capdavant-de-la-pia-unio-de-cocentaina\\\/#primaryimage\",\"url\":\"https:\\\/\\\/www.copealcoy.es\\\/wp-content\\\/uploads\\\/2022\\\/10\\\/unnamed-1-3-scaled-e1665739367567.jpg\",\"contentUrl\":\"https:\\\/\\\/www.copealcoy.es\\\/wp-content\\\/uploads\\\/2022\\\/10\\\/unnamed-1-3-scaled-e1665739367567.jpg\",\"width\":640,\"height\":377},{\"@type\":\"BreadcrumbList\",\"@id\":\"https:\\\/\\\/www.copealcoy.es\\\/es\\\/jose-torro-i-dolo-franco-inicien-amb-il%c2%b7lusio-nova-etapa-al-capdavant-de-la-pia-unio-de-cocentaina\\\/#breadcrumb\",\"itemListElement\":[{\"@type\":\"ListItem\",\"position\":1,\"name\":\"Portada\",\"item\":\"https:\\\/\\\/www.copealcoy.es\\\/es\\\/\"},{\"@type\":\"ListItem\",\"position\":2,\"name\":\"Jose Torr\u00f3 i Dolo Franco inicien amb il\u00b7lusi\u00f3 nova etapa al capdavant de la Pia Uni\u00f3 de Cocentaina\"}]},{\"@type\":\"WebSite\",\"@id\":\"https:\\\/\\\/www.copealcoy.es\\\/es\\\/#website\",\"url\":\"https:\\\/\\\/www.copealcoy.es\\\/es\\\/\",\"name\":\"COPE Alcoy\",\"description\":\"Emisora COPE de radio local con emisi\u00f3n online. Pont de Sant Jordi 8-10 03803 Alcoy\",\"potentialAction\":[{\"@type\":\"SearchAction\",\"target\":{\"@type\":\"EntryPoint\",\"urlTemplate\":\"https:\\\/\\\/www.copealcoy.es\\\/es\\\/?s={search_term_string}\"},\"query-input\":{\"@type\":\"PropertyValueSpecification\",\"valueRequired\":true,\"valueName\":\"search_term_string\"}}],\"inLanguage\":\"es\"},{\"@type\":\"Person\",\"@id\":\"https:\\\/\\\/www.copealcoy.es\\\/es\\\/#\\\/schema\\\/person\\\/e777c87fa024e57d40170af9df39882c\",\"name\":\"Cope Alcoy\",\"image\":{\"@type\":\"ImageObject\",\"inLanguage\":\"es\",\"@id\":\"https:\\\/\\\/secure.gravatar.com\\\/avatar\\\/bb65d0283347e303893ba14f0692005417c1e0e690a325a4c5d8bb2b3943ee14?s=96&d=mm&r=g\",\"url\":\"https:\\\/\\\/secure.gravatar.com\\\/avatar\\\/bb65d0283347e303893ba14f0692005417c1e0e690a325a4c5d8bb2b3943ee14?s=96&d=mm&r=g\",\"contentUrl\":\"https:\\\/\\\/secure.gravatar.com\\\/avatar\\\/bb65d0283347e303893ba14f0692005417c1e0e690a325a4c5d8bb2b3943ee14?s=96&d=mm&r=g\",\"caption\":\"Cope Alcoy\"}}]}<\/script>\n<!-- \/ Yoast SEO plugin. -->","yoast_head_json":{"title":"Jose Torr\u00f3 i Dolo Franco inicien amb il\u00b7lusi\u00f3 nova etapa al capdavant de la Pia Uni\u00f3 de Cocentaina - COPE Alcoy","description":"Jose Torr\u00f3 i Dolo Franco inicien amb il\u00b7lusi\u00f3 nova etapa al capdavant de la Pia Uni\u00f3 de la Mare de D\u00e9u del Miracle de Cocentaina","robots":{"index":"index","follow":"follow","max-snippet":"max-snippet:-1","max-image-preview":"max-image-preview:large","max-video-preview":"max-video-preview:-1"},"canonical":"https:\/\/www.copealcoy.es\/es\/jose-torro-i-dolo-franco-inicien-amb-il%c2%b7lusio-nova-etapa-al-capdavant-de-la-pia-unio-de-cocentaina\/","og_locale":"es_ES","og_type":"article","og_title":"Jose Torr\u00f3 i Dolo Franco inicien amb il\u00b7lusi\u00f3 nova etapa al capdavant de la Pia Uni\u00f3 de Cocentaina - COPE Alcoy","og_description":"Jose Torr\u00f3 i Dolo Franco inicien amb il\u00b7lusi\u00f3 nova etapa al capdavant de la Pia Uni\u00f3 de la Mare de D\u00e9u del Miracle de Cocentaina","og_url":"https:\/\/www.copealcoy.es\/es\/jose-torro-i-dolo-franco-inicien-amb-il%c2%b7lusio-nova-etapa-al-capdavant-de-la-pia-unio-de-cocentaina\/","og_site_name":"COPE Alcoy","article_published_time":"2022-10-14T10:55:57+00:00","article_modified_time":"2022-10-26T17:15:59+00:00","og_image":[{"width":640,"height":377,"url":"https:\/\/www.copealcoy.es\/wp-content\/uploads\/2022\/10\/unnamed-1-3-scaled-e1665739367567.jpg","type":"image\/jpeg"}],"author":"Cope Alcoy","twitter_misc":{"Escrito por":"Cope Alcoy","Tiempo de lectura":"3 minutos"},"schema":{"@context":"https:\/\/schema.org","@graph":[{"@type":"Article","@id":"https:\/\/www.copealcoy.es\/es\/jose-torro-i-dolo-franco-inicien-amb-il%c2%b7lusio-nova-etapa-al-capdavant-de-la-pia-unio-de-cocentaina\/#article","isPartOf":{"@id":"https:\/\/www.copealcoy.es\/es\/jose-torro-i-dolo-franco-inicien-amb-il%c2%b7lusio-nova-etapa-al-capdavant-de-la-pia-unio-de-cocentaina\/"},"author":{"name":"Cope Alcoy","@id":"https:\/\/www.copealcoy.es\/es\/#\/schema\/person\/e777c87fa024e57d40170af9df39882c"},"headline":"Jose Torr\u00f3 i Dolo Franco inicien amb il\u00b7lusi\u00f3 nova etapa al capdavant de la Pia Uni\u00f3 de Cocentaina","datePublished":"2022-10-14T10:55:57+00:00","dateModified":"2022-10-26T17:15:59+00:00","mainEntityOfPage":{"@id":"https:\/\/www.copealcoy.es\/es\/jose-torro-i-dolo-franco-inicien-amb-il%c2%b7lusio-nova-etapa-al-capdavant-de-la-pia-unio-de-cocentaina\/"},"wordCount":562,"commentCount":0,"image":{"@id":"https:\/\/www.copealcoy.es\/es\/jose-torro-i-dolo-franco-inicien-amb-il%c2%b7lusio-nova-etapa-al-capdavant-de-la-pia-unio-de-cocentaina\/#primaryimage"},"thumbnailUrl":"https:\/\/www.copealcoy.es\/wp-content\/uploads\/2022\/10\/unnamed-1-3-scaled-e1665739367567.jpg","keywords":["Cocentaina","Dolo Franco","Jose Torr\u00f3","Mare de D\u00e9u del Miracle","Pia Uni\u00f3"],"articleSection":["Comarcas","Noticias"],"inLanguage":"es"},{"@type":"WebPage","@id":"https:\/\/www.copealcoy.es\/es\/jose-torro-i-dolo-franco-inicien-amb-il%c2%b7lusio-nova-etapa-al-capdavant-de-la-pia-unio-de-cocentaina\/","url":"https:\/\/www.copealcoy.es\/es\/jose-torro-i-dolo-franco-inicien-amb-il%c2%b7lusio-nova-etapa-al-capdavant-de-la-pia-unio-de-cocentaina\/","name":"Jose Torr\u00f3 i Dolo Franco inicien amb il\u00b7lusi\u00f3 nova etapa al capdavant de la Pia Uni\u00f3 de Cocentaina - COPE Alcoy","isPartOf":{"@id":"https:\/\/www.copealcoy.es\/es\/#website"},"primaryImageOfPage":{"@id":"https:\/\/www.copealcoy.es\/es\/jose-torro-i-dolo-franco-inicien-amb-il%c2%b7lusio-nova-etapa-al-capdavant-de-la-pia-unio-de-cocentaina\/#primaryimage"},"image":{"@id":"https:\/\/www.copealcoy.es\/es\/jose-torro-i-dolo-franco-inicien-amb-il%c2%b7lusio-nova-etapa-al-capdavant-de-la-pia-unio-de-cocentaina\/#primaryimage"},"thumbnailUrl":"https:\/\/www.copealcoy.es\/wp-content\/uploads\/2022\/10\/unnamed-1-3-scaled-e1665739367567.jpg","datePublished":"2022-10-14T10:55:57+00:00","dateModified":"2022-10-26T17:15:59+00:00","author":{"@id":"https:\/\/www.copealcoy.es\/es\/#\/schema\/person\/e777c87fa024e57d40170af9df39882c"},"description":"Jose Torr\u00f3 i Dolo Franco inicien amb il\u00b7lusi\u00f3 nova etapa al capdavant de la Pia Uni\u00f3 de la Mare de D\u00e9u del Miracle de Cocentaina","breadcrumb":{"@id":"https:\/\/www.copealcoy.es\/es\/jose-torro-i-dolo-franco-inicien-amb-il%c2%b7lusio-nova-etapa-al-capdavant-de-la-pia-unio-de-cocentaina\/#breadcrumb"},"inLanguage":"es","potentialAction":[{"@type":"ReadAction","target":["https:\/\/www.copealcoy.es\/es\/jose-torro-i-dolo-franco-inicien-amb-il%c2%b7lusio-nova-etapa-al-capdavant-de-la-pia-unio-de-cocentaina\/"]}]},{"@type":"ImageObject","inLanguage":"es","@id":"https:\/\/www.copealcoy.es\/es\/jose-torro-i-dolo-franco-inicien-amb-il%c2%b7lusio-nova-etapa-al-capdavant-de-la-pia-unio-de-cocentaina\/#primaryimage","url":"https:\/\/www.copealcoy.es\/wp-content\/uploads\/2022\/10\/unnamed-1-3-scaled-e1665739367567.jpg","contentUrl":"https:\/\/www.copealcoy.es\/wp-content\/uploads\/2022\/10\/unnamed-1-3-scaled-e1665739367567.jpg","width":640,"height":377},{"@type":"BreadcrumbList","@id":"https:\/\/www.copealcoy.es\/es\/jose-torro-i-dolo-franco-inicien-amb-il%c2%b7lusio-nova-etapa-al-capdavant-de-la-pia-unio-de-cocentaina\/#breadcrumb","itemListElement":[{"@type":"ListItem","position":1,"name":"Portada","item":"https:\/\/www.copealcoy.es\/es\/"},{"@type":"ListItem","position":2,"name":"Jose Torr\u00f3 i Dolo Franco inicien amb il\u00b7lusi\u00f3 nova etapa al capdavant de la Pia Uni\u00f3 de Cocentaina"}]},{"@type":"WebSite","@id":"https:\/\/www.copealcoy.es\/es\/#website","url":"https:\/\/www.copealcoy.es\/es\/","name":"COPE Alcoy","description":"Emisora COPE de radio local con emisi\u00f3n online. Pont de Sant Jordi 8-10 03803 Alcoy","potentialAction":[{"@type":"SearchAction","target":{"@type":"EntryPoint","urlTemplate":"https:\/\/www.copealcoy.es\/es\/?s={search_term_string}"},"query-input":{"@type":"PropertyValueSpecification","valueRequired":true,"valueName":"search_term_string"}}],"inLanguage":"es"},{"@type":"Person","@id":"https:\/\/www.copealcoy.es\/es\/#\/schema\/person\/e777c87fa024e57d40170af9df39882c","name":"Cope Alcoy","image":{"@type":"ImageObject","inLanguage":"es","@id":"https:\/\/secure.gravatar.com\/avatar\/bb65d0283347e303893ba14f0692005417c1e0e690a325a4c5d8bb2b3943ee14?s=96&d=mm&r=g","url":"https:\/\/secure.gravatar.com\/avatar\/bb65d0283347e303893ba14f0692005417c1e0e690a325a4c5d8bb2b3943ee14?s=96&d=mm&r=g","contentUrl":"https:\/\/secure.gravatar.com\/avatar\/bb65d0283347e303893ba14f0692005417c1e0e690a325a4c5d8bb2b3943ee14?s=96&d=mm&r=g","caption":"Cope Alcoy"}}]}},"_links":{"self":[{"href":"https:\/\/www.copealcoy.es\/es\/wp-json\/wp\/v2\/posts\/92915","targetHints":{"allow":["GET"]}}],"collection":[{"href":"https:\/\/www.copealcoy.es\/es\/wp-json\/wp\/v2\/posts"}],"about":[{"href":"https:\/\/www.copealcoy.es\/es\/wp-json\/wp\/v2\/types\/post"}],"author":[{"embeddable":true,"href":"https:\/\/www.copealcoy.es\/es\/wp-json\/wp\/v2\/users\/1"}],"replies":[{"embeddable":true,"href":"https:\/\/www.copealcoy.es\/es\/wp-json\/wp\/v2\/comments?post=92915"}],"version-history":[{"count":0,"href":"https:\/\/www.copealcoy.es\/es\/wp-json\/wp\/v2\/posts\/92915\/revisions"}],"wp:featuredmedia":[{"embeddable":true,"href":"https:\/\/www.copealcoy.es\/es\/wp-json\/wp\/v2\/media\/92916"}],"wp:attachment":[{"href":"https:\/\/www.copealcoy.es\/es\/wp-json\/wp\/v2\/media?parent=92915"}],"wp:term":[{"taxonomy":"category","embeddable":true,"href":"https:\/\/www.copealcoy.es\/es\/wp-json\/wp\/v2\/categories?post=92915"},{"taxonomy":"post_tag","embeddable":true,"href":"https:\/\/www.copealcoy.es\/es\/wp-json\/wp\/v2\/tags?post=92915"}],"curies":[{"name":"wp","href":"https:\/\/api.w.org\/{rel}","templated":true}]}}