{"id":92860,"date":"2022-10-13T09:25:20","date_gmt":"2022-10-13T08:25:20","guid":{"rendered":"https:\/\/www.copealcoy.es\/?p=92860"},"modified":"2022-10-13T16:18:49","modified_gmt":"2022-10-13T15:18:49","slug":"la-guardia-civil-celebra-en-la-comarca-la-festivitat-de-la-verge-del-pilar","status":"publish","type":"post","link":"https:\/\/www.copealcoy.es\/es\/la-guardia-civil-celebra-en-la-comarca-la-festivitat-de-la-verge-del-pilar\/","title":{"rendered":"La Gu\u00e0rdia Civil celebra en la comarca la festivitat de la Verge del Pilar"},"content":{"rendered":"<p style=\"text-align: justify;\">Ahir dimecres 12 d&#8217;octubre es commemorava<strong> la festivitat de la Verge del Pilar<\/strong>, en la jornada de la Festa Nacional, i com cada any en aquesta festivitat,<strong><a href=\"https:\/\/www.guardiacivil.es\/es\/index.html\"><span style=\"color: #0000ff;\"> la Gu\u00e0rdia Civil<\/span><\/a> va retre homenatge a la que \u00e9s la seua patrona<\/strong>. Des del cos se seguretat <strong>van preparar diversos actes<\/strong> en els municipis de les nostres comarques de l&#8217;Alcoi\u00e0 i el Comtat que van recuperar <strong>el format habitual<\/strong> que tenien els festejos fins abans de la pand\u00e8mia.<\/p>\n<p style=\"text-align: justify;\">A <strong>Alcoi<\/strong> va haver-hi una missa solemne en la Parr\u00f2quia del Sagrat Cor de Jes\u00fas a la qual va assistir el cos policial i representants de la Corporaci\u00f3 Municipal encap\u00e7alada per l&#8217;alcalde, Toni Franc\u00e9s, o l&#8217;edil de Seguretat, Ra\u00fcl Llopis. Tamb\u00e9 van acudir d&#8217;altres partits com el PP, Ciutadans, VOX o l&#8217;edil No Ascrito, Marcos Mart\u00ednez. Per la seua banda a <strong>Cocentaina<\/strong>, va haver-hi una missa solemne al migdia a l&#8217;esgl\u00e9sia del Convent dels Pares Franciscans oficiada pel Guardi\u00e0 d&#8217;aquest; Fra Fernando Fuertes Garrig\u00f3s. En l&#8217;altar del temple fou col\u00b7locada una talla de la mateixa Verge del Pilar i a l&#8217;ofici religi\u00f3s van assistir tant els agents com tamb\u00e9 representants d&#8217;altres forces de seguretat com la Policia Local. La Corporaci\u00f3 Municipal tamb\u00e9 va ser present encap\u00e7alada per l&#8217;edil de Seguretat Ciutadana del Consistori contest\u00e0; Eugenia Miguel. La jornada va finalitzar amb una \u00e0gape en la caserna i diversos homenatges que la Gu\u00e0rdia Civil va rendir a alguns agents.<\/p>\n<p style=\"text-align: justify;\">El ritual es va repetir amb id\u00e8ntiques caracter\u00edstiques a<strong> Muro<\/strong> i en aquest cas la missa es va celebrar passades les 12 del migdia en la Parr\u00f2quia de Sant Joan Baptista finalitzant amb un volteig general de les campanes del temple. L&#8217;activitat es va traslladar despr\u00e9s la caserna on la Gu\u00e0rdia Civil va compartir un moment de germanor amb altres cossos de seguretat del municipi i representants de l&#8217;Ajuntament.<\/p>\n","protected":false},"excerpt":{"rendered":"<p>Ahir dimecres 12 d&#8217;octubre es commemorava la festivitat de la Verge del Pilar, en la jornada de la Festa Nacional,&#8230;<\/p>\n","protected":false},"author":1,"featured_media":92861,"comment_status":"open","ping_status":"open","sticky":false,"template":"","format":"standard","meta":{"footnotes":""},"categories":[6909,98,75],"tags":[160,132,9632,2187,135,1432,13313],"class_list":["post-92860","post","type-post","status-publish","format-standard","has-post-thumbnail","hentry","category-actualidad","category-comarcas","category-noticias","tag-alcoi","tag-cocentaina","tag-festivitat","tag-guardia-civil","tag-muro","tag-patrona","tag-verge-del-pilar"],"yoast_head":"<!-- This site is optimized with the Yoast SEO plugin v27.3 - https:\/\/yoast.com\/product\/yoast-seo-wordpress\/ -->\n<title>La Gu\u00e0rdia Civil celebra en la comarca la festivitat de la Verge del Pilar - COPE Alcoy<\/title>\n<meta name=\"description\" content=\"La Gu\u00e0rdia Civil va celebrar el dia gran de la festivitat de la seua patrona, la Verge del Pilar, amb diferents actes a les nostres comarques\" \/>\n<meta name=\"robots\" content=\"index, follow, max-snippet:-1, max-image-preview:large, max-video-preview:-1\" \/>\n<link rel=\"canonical\" href=\"https:\/\/www.copealcoy.es\/es\/la-guardia-civil-celebra-en-la-comarca-la-festivitat-de-la-verge-del-pilar\/\" \/>\n<meta property=\"og:locale\" content=\"es_ES\" \/>\n<meta property=\"og:type\" content=\"article\" \/>\n<meta property=\"og:title\" content=\"La Gu\u00e0rdia Civil celebra en la comarca la festivitat de la Verge del Pilar - COPE Alcoy\" \/>\n<meta property=\"og:description\" content=\"La Gu\u00e0rdia Civil va celebrar el dia gran de la festivitat de la seua patrona, la Verge del Pilar, amb diferents actes a les nostres comarques\" \/>\n<meta property=\"og:url\" content=\"https:\/\/www.copealcoy.es\/es\/la-guardia-civil-celebra-en-la-comarca-la-festivitat-de-la-verge-del-pilar\/\" \/>\n<meta property=\"og:site_name\" content=\"COPE Alcoy\" \/>\n<meta property=\"article:published_time\" content=\"2022-10-13T08:25:20+00:00\" \/>\n<meta property=\"article:modified_time\" content=\"2022-10-13T15:18:49+00:00\" \/>\n<meta property=\"og:image\" content=\"https:\/\/www.copealcoy.es\/wp-content\/uploads\/2022\/10\/9-La-Virgen-del-Pilar-fue-colocada-en-el-altar-del-Convento-de-Cocentaina-Foto-Ajuntament-de-Cocentaina-e1665660415227.jpg\" \/>\n\t<meta property=\"og:image:width\" content=\"640\" \/>\n\t<meta property=\"og:image:height\" content=\"482\" \/>\n\t<meta property=\"og:image:type\" content=\"image\/jpeg\" \/>\n<meta name=\"author\" content=\"Cope Alcoy\" \/>\n<meta name=\"twitter:label1\" content=\"Escrito por\" \/>\n\t<meta name=\"twitter:data1\" content=\"Cope Alcoy\" \/>\n\t<meta name=\"twitter:label2\" content=\"Tiempo de lectura\" \/>\n\t<meta name=\"twitter:data2\" content=\"2 minutos\" \/>\n<script type=\"application\/ld+json\" class=\"yoast-schema-graph\">{\"@context\":\"https:\\\/\\\/schema.org\",\"@graph\":[{\"@type\":\"Article\",\"@id\":\"https:\\\/\\\/www.copealcoy.es\\\/es\\\/la-guardia-civil-celebra-en-la-comarca-la-festivitat-de-la-verge-del-pilar\\\/#article\",\"isPartOf\":{\"@id\":\"https:\\\/\\\/www.copealcoy.es\\\/es\\\/la-guardia-civil-celebra-en-la-comarca-la-festivitat-de-la-verge-del-pilar\\\/\"},\"author\":{\"name\":\"Cope Alcoy\",\"@id\":\"https:\\\/\\\/www.copealcoy.es\\\/es\\\/#\\\/schema\\\/person\\\/e777c87fa024e57d40170af9df39882c\"},\"headline\":\"La Gu\u00e0rdia Civil celebra en la comarca la festivitat de la Verge del Pilar\",\"datePublished\":\"2022-10-13T08:25:20+00:00\",\"dateModified\":\"2022-10-13T15:18:49+00:00\",\"mainEntityOfPage\":{\"@id\":\"https:\\\/\\\/www.copealcoy.es\\\/es\\\/la-guardia-civil-celebra-en-la-comarca-la-festivitat-de-la-verge-del-pilar\\\/\"},\"wordCount\":349,\"commentCount\":0,\"image\":{\"@id\":\"https:\\\/\\\/www.copealcoy.es\\\/es\\\/la-guardia-civil-celebra-en-la-comarca-la-festivitat-de-la-verge-del-pilar\\\/#primaryimage\"},\"thumbnailUrl\":\"https:\\\/\\\/www.copealcoy.es\\\/wp-content\\\/uploads\\\/2022\\\/10\\\/9-La-Virgen-del-Pilar-fue-colocada-en-el-altar-del-Convento-de-Cocentaina-Foto-Ajuntament-de-Cocentaina-e1665660415227.jpg\",\"keywords\":[\"Alcoi\",\"Cocentaina\",\"festivitat\",\"Guardia Civil\",\"Muro\",\"patrona\",\"Verge del Pilar\"],\"articleSection\":[\"Actualidad\",\"Comarcas\",\"Noticias\"],\"inLanguage\":\"es\"},{\"@type\":\"WebPage\",\"@id\":\"https:\\\/\\\/www.copealcoy.es\\\/es\\\/la-guardia-civil-celebra-en-la-comarca-la-festivitat-de-la-verge-del-pilar\\\/\",\"url\":\"https:\\\/\\\/www.copealcoy.es\\\/es\\\/la-guardia-civil-celebra-en-la-comarca-la-festivitat-de-la-verge-del-pilar\\\/\",\"name\":\"La Gu\u00e0rdia Civil celebra en la comarca la festivitat de la Verge del Pilar - COPE Alcoy\",\"isPartOf\":{\"@id\":\"https:\\\/\\\/www.copealcoy.es\\\/es\\\/#website\"},\"primaryImageOfPage\":{\"@id\":\"https:\\\/\\\/www.copealcoy.es\\\/es\\\/la-guardia-civil-celebra-en-la-comarca-la-festivitat-de-la-verge-del-pilar\\\/#primaryimage\"},\"image\":{\"@id\":\"https:\\\/\\\/www.copealcoy.es\\\/es\\\/la-guardia-civil-celebra-en-la-comarca-la-festivitat-de-la-verge-del-pilar\\\/#primaryimage\"},\"thumbnailUrl\":\"https:\\\/\\\/www.copealcoy.es\\\/wp-content\\\/uploads\\\/2022\\\/10\\\/9-La-Virgen-del-Pilar-fue-colocada-en-el-altar-del-Convento-de-Cocentaina-Foto-Ajuntament-de-Cocentaina-e1665660415227.jpg\",\"datePublished\":\"2022-10-13T08:25:20+00:00\",\"dateModified\":\"2022-10-13T15:18:49+00:00\",\"author\":{\"@id\":\"https:\\\/\\\/www.copealcoy.es\\\/es\\\/#\\\/schema\\\/person\\\/e777c87fa024e57d40170af9df39882c\"},\"description\":\"La Gu\u00e0rdia Civil va celebrar el dia gran de la festivitat de la seua patrona, la Verge del Pilar, amb diferents actes a les nostres comarques\",\"breadcrumb\":{\"@id\":\"https:\\\/\\\/www.copealcoy.es\\\/es\\\/la-guardia-civil-celebra-en-la-comarca-la-festivitat-de-la-verge-del-pilar\\\/#breadcrumb\"},\"inLanguage\":\"es\",\"potentialAction\":[{\"@type\":\"ReadAction\",\"target\":[\"https:\\\/\\\/www.copealcoy.es\\\/es\\\/la-guardia-civil-celebra-en-la-comarca-la-festivitat-de-la-verge-del-pilar\\\/\"]}]},{\"@type\":\"ImageObject\",\"inLanguage\":\"es\",\"@id\":\"https:\\\/\\\/www.copealcoy.es\\\/es\\\/la-guardia-civil-celebra-en-la-comarca-la-festivitat-de-la-verge-del-pilar\\\/#primaryimage\",\"url\":\"https:\\\/\\\/www.copealcoy.es\\\/wp-content\\\/uploads\\\/2022\\\/10\\\/9-La-Virgen-del-Pilar-fue-colocada-en-el-altar-del-Convento-de-Cocentaina-Foto-Ajuntament-de-Cocentaina-e1665660415227.jpg\",\"contentUrl\":\"https:\\\/\\\/www.copealcoy.es\\\/wp-content\\\/uploads\\\/2022\\\/10\\\/9-La-Virgen-del-Pilar-fue-colocada-en-el-altar-del-Convento-de-Cocentaina-Foto-Ajuntament-de-Cocentaina-e1665660415227.jpg\",\"width\":640,\"height\":482},{\"@type\":\"BreadcrumbList\",\"@id\":\"https:\\\/\\\/www.copealcoy.es\\\/es\\\/la-guardia-civil-celebra-en-la-comarca-la-festivitat-de-la-verge-del-pilar\\\/#breadcrumb\",\"itemListElement\":[{\"@type\":\"ListItem\",\"position\":1,\"name\":\"Portada\",\"item\":\"https:\\\/\\\/www.copealcoy.es\\\/es\\\/\"},{\"@type\":\"ListItem\",\"position\":2,\"name\":\"La Gu\u00e0rdia Civil celebra en la comarca la festivitat de la Verge del Pilar\"}]},{\"@type\":\"WebSite\",\"@id\":\"https:\\\/\\\/www.copealcoy.es\\\/es\\\/#website\",\"url\":\"https:\\\/\\\/www.copealcoy.es\\\/es\\\/\",\"name\":\"COPE Alcoy\",\"description\":\"Emisora COPE de radio local con emisi\u00f3n online. Pont de Sant Jordi 8-10 03803 Alcoy\",\"potentialAction\":[{\"@type\":\"SearchAction\",\"target\":{\"@type\":\"EntryPoint\",\"urlTemplate\":\"https:\\\/\\\/www.copealcoy.es\\\/es\\\/?s={search_term_string}\"},\"query-input\":{\"@type\":\"PropertyValueSpecification\",\"valueRequired\":true,\"valueName\":\"search_term_string\"}}],\"inLanguage\":\"es\"},{\"@type\":\"Person\",\"@id\":\"https:\\\/\\\/www.copealcoy.es\\\/es\\\/#\\\/schema\\\/person\\\/e777c87fa024e57d40170af9df39882c\",\"name\":\"Cope Alcoy\",\"image\":{\"@type\":\"ImageObject\",\"inLanguage\":\"es\",\"@id\":\"https:\\\/\\\/secure.gravatar.com\\\/avatar\\\/bb65d0283347e303893ba14f0692005417c1e0e690a325a4c5d8bb2b3943ee14?s=96&d=mm&r=g\",\"url\":\"https:\\\/\\\/secure.gravatar.com\\\/avatar\\\/bb65d0283347e303893ba14f0692005417c1e0e690a325a4c5d8bb2b3943ee14?s=96&d=mm&r=g\",\"contentUrl\":\"https:\\\/\\\/secure.gravatar.com\\\/avatar\\\/bb65d0283347e303893ba14f0692005417c1e0e690a325a4c5d8bb2b3943ee14?s=96&d=mm&r=g\",\"caption\":\"Cope Alcoy\"}}]}<\/script>\n<!-- \/ Yoast SEO plugin. -->","yoast_head_json":{"title":"La Gu\u00e0rdia Civil celebra en la comarca la festivitat de la Verge del Pilar - COPE Alcoy","description":"La Gu\u00e0rdia Civil va celebrar el dia gran de la festivitat de la seua patrona, la Verge del Pilar, amb diferents actes a les nostres comarques","robots":{"index":"index","follow":"follow","max-snippet":"max-snippet:-1","max-image-preview":"max-image-preview:large","max-video-preview":"max-video-preview:-1"},"canonical":"https:\/\/www.copealcoy.es\/es\/la-guardia-civil-celebra-en-la-comarca-la-festivitat-de-la-verge-del-pilar\/","og_locale":"es_ES","og_type":"article","og_title":"La Gu\u00e0rdia Civil celebra en la comarca la festivitat de la Verge del Pilar - COPE Alcoy","og_description":"La Gu\u00e0rdia Civil va celebrar el dia gran de la festivitat de la seua patrona, la Verge del Pilar, amb diferents actes a les nostres comarques","og_url":"https:\/\/www.copealcoy.es\/es\/la-guardia-civil-celebra-en-la-comarca-la-festivitat-de-la-verge-del-pilar\/","og_site_name":"COPE Alcoy","article_published_time":"2022-10-13T08:25:20+00:00","article_modified_time":"2022-10-13T15:18:49+00:00","og_image":[{"width":640,"height":482,"url":"https:\/\/www.copealcoy.es\/wp-content\/uploads\/2022\/10\/9-La-Virgen-del-Pilar-fue-colocada-en-el-altar-del-Convento-de-Cocentaina-Foto-Ajuntament-de-Cocentaina-e1665660415227.jpg","type":"image\/jpeg"}],"author":"Cope Alcoy","twitter_misc":{"Escrito por":"Cope Alcoy","Tiempo de lectura":"2 minutos"},"schema":{"@context":"https:\/\/schema.org","@graph":[{"@type":"Article","@id":"https:\/\/www.copealcoy.es\/es\/la-guardia-civil-celebra-en-la-comarca-la-festivitat-de-la-verge-del-pilar\/#article","isPartOf":{"@id":"https:\/\/www.copealcoy.es\/es\/la-guardia-civil-celebra-en-la-comarca-la-festivitat-de-la-verge-del-pilar\/"},"author":{"name":"Cope Alcoy","@id":"https:\/\/www.copealcoy.es\/es\/#\/schema\/person\/e777c87fa024e57d40170af9df39882c"},"headline":"La Gu\u00e0rdia Civil celebra en la comarca la festivitat de la Verge del Pilar","datePublished":"2022-10-13T08:25:20+00:00","dateModified":"2022-10-13T15:18:49+00:00","mainEntityOfPage":{"@id":"https:\/\/www.copealcoy.es\/es\/la-guardia-civil-celebra-en-la-comarca-la-festivitat-de-la-verge-del-pilar\/"},"wordCount":349,"commentCount":0,"image":{"@id":"https:\/\/www.copealcoy.es\/es\/la-guardia-civil-celebra-en-la-comarca-la-festivitat-de-la-verge-del-pilar\/#primaryimage"},"thumbnailUrl":"https:\/\/www.copealcoy.es\/wp-content\/uploads\/2022\/10\/9-La-Virgen-del-Pilar-fue-colocada-en-el-altar-del-Convento-de-Cocentaina-Foto-Ajuntament-de-Cocentaina-e1665660415227.jpg","keywords":["Alcoi","Cocentaina","festivitat","Guardia Civil","Muro","patrona","Verge del Pilar"],"articleSection":["Actualidad","Comarcas","Noticias"],"inLanguage":"es"},{"@type":"WebPage","@id":"https:\/\/www.copealcoy.es\/es\/la-guardia-civil-celebra-en-la-comarca-la-festivitat-de-la-verge-del-pilar\/","url":"https:\/\/www.copealcoy.es\/es\/la-guardia-civil-celebra-en-la-comarca-la-festivitat-de-la-verge-del-pilar\/","name":"La Gu\u00e0rdia Civil celebra en la comarca la festivitat de la Verge del Pilar - COPE Alcoy","isPartOf":{"@id":"https:\/\/www.copealcoy.es\/es\/#website"},"primaryImageOfPage":{"@id":"https:\/\/www.copealcoy.es\/es\/la-guardia-civil-celebra-en-la-comarca-la-festivitat-de-la-verge-del-pilar\/#primaryimage"},"image":{"@id":"https:\/\/www.copealcoy.es\/es\/la-guardia-civil-celebra-en-la-comarca-la-festivitat-de-la-verge-del-pilar\/#primaryimage"},"thumbnailUrl":"https:\/\/www.copealcoy.es\/wp-content\/uploads\/2022\/10\/9-La-Virgen-del-Pilar-fue-colocada-en-el-altar-del-Convento-de-Cocentaina-Foto-Ajuntament-de-Cocentaina-e1665660415227.jpg","datePublished":"2022-10-13T08:25:20+00:00","dateModified":"2022-10-13T15:18:49+00:00","author":{"@id":"https:\/\/www.copealcoy.es\/es\/#\/schema\/person\/e777c87fa024e57d40170af9df39882c"},"description":"La Gu\u00e0rdia Civil va celebrar el dia gran de la festivitat de la seua patrona, la Verge del Pilar, amb diferents actes a les nostres comarques","breadcrumb":{"@id":"https:\/\/www.copealcoy.es\/es\/la-guardia-civil-celebra-en-la-comarca-la-festivitat-de-la-verge-del-pilar\/#breadcrumb"},"inLanguage":"es","potentialAction":[{"@type":"ReadAction","target":["https:\/\/www.copealcoy.es\/es\/la-guardia-civil-celebra-en-la-comarca-la-festivitat-de-la-verge-del-pilar\/"]}]},{"@type":"ImageObject","inLanguage":"es","@id":"https:\/\/www.copealcoy.es\/es\/la-guardia-civil-celebra-en-la-comarca-la-festivitat-de-la-verge-del-pilar\/#primaryimage","url":"https:\/\/www.copealcoy.es\/wp-content\/uploads\/2022\/10\/9-La-Virgen-del-Pilar-fue-colocada-en-el-altar-del-Convento-de-Cocentaina-Foto-Ajuntament-de-Cocentaina-e1665660415227.jpg","contentUrl":"https:\/\/www.copealcoy.es\/wp-content\/uploads\/2022\/10\/9-La-Virgen-del-Pilar-fue-colocada-en-el-altar-del-Convento-de-Cocentaina-Foto-Ajuntament-de-Cocentaina-e1665660415227.jpg","width":640,"height":482},{"@type":"BreadcrumbList","@id":"https:\/\/www.copealcoy.es\/es\/la-guardia-civil-celebra-en-la-comarca-la-festivitat-de-la-verge-del-pilar\/#breadcrumb","itemListElement":[{"@type":"ListItem","position":1,"name":"Portada","item":"https:\/\/www.copealcoy.es\/es\/"},{"@type":"ListItem","position":2,"name":"La Gu\u00e0rdia Civil celebra en la comarca la festivitat de la Verge del Pilar"}]},{"@type":"WebSite","@id":"https:\/\/www.copealcoy.es\/es\/#website","url":"https:\/\/www.copealcoy.es\/es\/","name":"COPE Alcoy","description":"Emisora COPE de radio local con emisi\u00f3n online. Pont de Sant Jordi 8-10 03803 Alcoy","potentialAction":[{"@type":"SearchAction","target":{"@type":"EntryPoint","urlTemplate":"https:\/\/www.copealcoy.es\/es\/?s={search_term_string}"},"query-input":{"@type":"PropertyValueSpecification","valueRequired":true,"valueName":"search_term_string"}}],"inLanguage":"es"},{"@type":"Person","@id":"https:\/\/www.copealcoy.es\/es\/#\/schema\/person\/e777c87fa024e57d40170af9df39882c","name":"Cope Alcoy","image":{"@type":"ImageObject","inLanguage":"es","@id":"https:\/\/secure.gravatar.com\/avatar\/bb65d0283347e303893ba14f0692005417c1e0e690a325a4c5d8bb2b3943ee14?s=96&d=mm&r=g","url":"https:\/\/secure.gravatar.com\/avatar\/bb65d0283347e303893ba14f0692005417c1e0e690a325a4c5d8bb2b3943ee14?s=96&d=mm&r=g","contentUrl":"https:\/\/secure.gravatar.com\/avatar\/bb65d0283347e303893ba14f0692005417c1e0e690a325a4c5d8bb2b3943ee14?s=96&d=mm&r=g","caption":"Cope Alcoy"}}]}},"_links":{"self":[{"href":"https:\/\/www.copealcoy.es\/es\/wp-json\/wp\/v2\/posts\/92860","targetHints":{"allow":["GET"]}}],"collection":[{"href":"https:\/\/www.copealcoy.es\/es\/wp-json\/wp\/v2\/posts"}],"about":[{"href":"https:\/\/www.copealcoy.es\/es\/wp-json\/wp\/v2\/types\/post"}],"author":[{"embeddable":true,"href":"https:\/\/www.copealcoy.es\/es\/wp-json\/wp\/v2\/users\/1"}],"replies":[{"embeddable":true,"href":"https:\/\/www.copealcoy.es\/es\/wp-json\/wp\/v2\/comments?post=92860"}],"version-history":[{"count":0,"href":"https:\/\/www.copealcoy.es\/es\/wp-json\/wp\/v2\/posts\/92860\/revisions"}],"wp:featuredmedia":[{"embeddable":true,"href":"https:\/\/www.copealcoy.es\/es\/wp-json\/wp\/v2\/media\/92861"}],"wp:attachment":[{"href":"https:\/\/www.copealcoy.es\/es\/wp-json\/wp\/v2\/media?parent=92860"}],"wp:term":[{"taxonomy":"category","embeddable":true,"href":"https:\/\/www.copealcoy.es\/es\/wp-json\/wp\/v2\/categories?post=92860"},{"taxonomy":"post_tag","embeddable":true,"href":"https:\/\/www.copealcoy.es\/es\/wp-json\/wp\/v2\/tags?post=92860"}],"curies":[{"name":"wp","href":"https:\/\/api.w.org\/{rel}","templated":true}]}}