{"id":9281,"date":"2014-12-24T15:50:56","date_gmt":"2014-12-24T15:50:56","guid":{"rendered":"http:\/\/copealcoi.es\/new\/?p=9281"},"modified":"2014-12-24T15:50:56","modified_gmt":"2014-12-24T15:50:56","slug":"buenas-sensaciones-para-el-comercio-en-navidad","status":"publish","type":"post","link":"https:\/\/www.copealcoy.es\/es\/buenas-sensaciones-para-el-comercio-en-navidad\/","title":{"rendered":"Buenas sensaciones para el comercio en navidad"},"content":{"rendered":"<p style=\"text-align: justify;\">El comercio local de Alcoy asegura que el inicio de esta campa\u00f1a de navidad ha ido mucho mejor que la del pasado a\u00f1o 2013 y que incluso los \u00a0anteriores.<\/p>\n<p style=\"text-align: justify;\">Los comerciantes alcoyanos se muestran optimistas y destacan que el ritmo de ventas ha ido en aumento desde finales de noviembre hasta el d\u00eda de hoy. Precisamente esta jornada de Nochebuena ha sido de afluencia en los establecimientos, sobre todo en los de alimentaci\u00f3n, ya que muchos dejan para \u00faltima hora las compras para la cena de hoy y la comida del d\u00eda de Navidad. Mercados y Supermercados han registrado colas en la horas centrales de la ma\u00f1ana a pesar de que muchos permanecer\u00e1n abiertos hasta las siete de la tarde.<\/p>\n<p style=\"text-align: justify;\">Desde la Federaci\u00f3n Alcoy Comercial explican que las primeras semanas de la campa\u00f1a de navidad ha ido muy bien y conf\u00edan en que la tendencia se mantenga e incluso mejore de cara a la fiesta de Reyes &#8220;por ahora las sensaciones son buenas y mejores que otros a\u00f1os aunque hasta que no se acabe la campa\u00f1a no podremos decir como ha ido&#8221;, asegura Guad\u00edn Garc\u00eda, su presidenta.<\/p>\n<p style=\"text-align: justify;\">Recordar que todo el comercio de Alcoy ha preparado este a\u00f1o una campa\u00f1a conjunta y por ello se est\u00e1n repartiendo bolsas de tela multiusos en las tiendas asociadas con la nueva imagen comercial impresa.<\/p>\n","protected":false},"excerpt":{"rendered":"<p>El comercio local de Alcoy asegura que el inicio de esta campa\u00f1a de navidad ha ido mucho mejor que la&#8230;<\/p>\n","protected":false},"author":1,"featured_media":9046,"comment_status":"open","ping_status":"open","sticky":false,"template":"","format":"standard","meta":{"footnotes":""},"categories":[97,75,125],"tags":[1494,467,390,174],"class_list":["post-9281","post","type-post","status-publish","format-standard","has-post-thumbnail","hentry","category-alcoy","category-noticias","category-portada","tag-alcoy","tag-comercio","tag-economia","tag-navidad"],"yoast_head":"<!-- This site is optimized with the Yoast SEO plugin v27.3 - https:\/\/yoast.com\/product\/yoast-seo-wordpress\/ -->\n<title>Buenas sensaciones para el comercio en navidad - COPE Alcoy<\/title>\n<meta name=\"robots\" content=\"index, follow, max-snippet:-1, max-image-preview:large, max-video-preview:-1\" \/>\n<link rel=\"canonical\" href=\"https:\/\/www.copealcoy.es\/es\/buenas-sensaciones-para-el-comercio-en-navidad\/\" \/>\n<meta property=\"og:locale\" content=\"es_ES\" \/>\n<meta property=\"og:type\" content=\"article\" \/>\n<meta property=\"og:title\" content=\"Buenas sensaciones para el comercio en navidad - COPE Alcoy\" \/>\n<meta property=\"og:description\" content=\"El comercio local de Alcoy asegura que el inicio de esta campa\u00f1a de navidad ha ido mucho mejor que la...\" \/>\n<meta property=\"og:url\" content=\"https:\/\/www.copealcoy.es\/es\/buenas-sensaciones-para-el-comercio-en-navidad\/\" \/>\n<meta property=\"og:site_name\" content=\"COPE Alcoy\" \/>\n<meta property=\"article:published_time\" content=\"2014-12-24T15:50:56+00:00\" \/>\n<meta property=\"og:image\" content=\"https:\/\/www.copealcoy.es\/wp-content\/uploads\/2014\/12\/image80.jpg\" \/>\n\t<meta property=\"og:image:width\" content=\"2592\" \/>\n\t<meta property=\"og:image:height\" content=\"1944\" \/>\n\t<meta property=\"og:image:type\" content=\"image\/jpeg\" \/>\n<meta name=\"author\" content=\"Cope Alcoy\" \/>\n<meta name=\"twitter:label1\" content=\"Escrito por\" \/>\n\t<meta name=\"twitter:data1\" content=\"Cope Alcoy\" \/>\n\t<meta name=\"twitter:label2\" content=\"Tiempo de lectura\" \/>\n\t<meta name=\"twitter:data2\" content=\"1 minuto\" \/>\n<script type=\"application\/ld+json\" class=\"yoast-schema-graph\">{\"@context\":\"https:\\\/\\\/schema.org\",\"@graph\":[{\"@type\":\"Article\",\"@id\":\"https:\\\/\\\/www.copealcoy.es\\\/es\\\/buenas-sensaciones-para-el-comercio-en-navidad\\\/#article\",\"isPartOf\":{\"@id\":\"https:\\\/\\\/www.copealcoy.es\\\/es\\\/buenas-sensaciones-para-el-comercio-en-navidad\\\/\"},\"author\":{\"name\":\"Cope Alcoy\",\"@id\":\"https:\\\/\\\/www.copealcoy.es\\\/es\\\/#\\\/schema\\\/person\\\/e777c87fa024e57d40170af9df39882c\"},\"headline\":\"Buenas sensaciones para el comercio en navidad\",\"datePublished\":\"2014-12-24T15:50:56+00:00\",\"mainEntityOfPage\":{\"@id\":\"https:\\\/\\\/www.copealcoy.es\\\/es\\\/buenas-sensaciones-para-el-comercio-en-navidad\\\/\"},\"wordCount\":244,\"commentCount\":0,\"image\":{\"@id\":\"https:\\\/\\\/www.copealcoy.es\\\/es\\\/buenas-sensaciones-para-el-comercio-en-navidad\\\/#primaryimage\"},\"thumbnailUrl\":\"https:\\\/\\\/www.copealcoy.es\\\/wp-content\\\/uploads\\\/2014\\\/12\\\/image80-e1642761093670.jpg\",\"keywords\":[\"Alcoy\",\"Comercio\",\"Econom\u00eda\",\"Navidad\"],\"articleSection\":[\"Alcoy\",\"Noticias\",\"Portada\"],\"inLanguage\":\"es\"},{\"@type\":\"WebPage\",\"@id\":\"https:\\\/\\\/www.copealcoy.es\\\/es\\\/buenas-sensaciones-para-el-comercio-en-navidad\\\/\",\"url\":\"https:\\\/\\\/www.copealcoy.es\\\/es\\\/buenas-sensaciones-para-el-comercio-en-navidad\\\/\",\"name\":\"Buenas sensaciones para el comercio en navidad - COPE Alcoy\",\"isPartOf\":{\"@id\":\"https:\\\/\\\/www.copealcoy.es\\\/es\\\/#website\"},\"primaryImageOfPage\":{\"@id\":\"https:\\\/\\\/www.copealcoy.es\\\/es\\\/buenas-sensaciones-para-el-comercio-en-navidad\\\/#primaryimage\"},\"image\":{\"@id\":\"https:\\\/\\\/www.copealcoy.es\\\/es\\\/buenas-sensaciones-para-el-comercio-en-navidad\\\/#primaryimage\"},\"thumbnailUrl\":\"https:\\\/\\\/www.copealcoy.es\\\/wp-content\\\/uploads\\\/2014\\\/12\\\/image80-e1642761093670.jpg\",\"datePublished\":\"2014-12-24T15:50:56+00:00\",\"author\":{\"@id\":\"https:\\\/\\\/www.copealcoy.es\\\/es\\\/#\\\/schema\\\/person\\\/e777c87fa024e57d40170af9df39882c\"},\"breadcrumb\":{\"@id\":\"https:\\\/\\\/www.copealcoy.es\\\/es\\\/buenas-sensaciones-para-el-comercio-en-navidad\\\/#breadcrumb\"},\"inLanguage\":\"es\",\"potentialAction\":[{\"@type\":\"ReadAction\",\"target\":[\"https:\\\/\\\/www.copealcoy.es\\\/es\\\/buenas-sensaciones-para-el-comercio-en-navidad\\\/\"]}]},{\"@type\":\"ImageObject\",\"inLanguage\":\"es\",\"@id\":\"https:\\\/\\\/www.copealcoy.es\\\/es\\\/buenas-sensaciones-para-el-comercio-en-navidad\\\/#primaryimage\",\"url\":\"https:\\\/\\\/www.copealcoy.es\\\/wp-content\\\/uploads\\\/2014\\\/12\\\/image80-e1642761093670.jpg\",\"contentUrl\":\"https:\\\/\\\/www.copealcoy.es\\\/wp-content\\\/uploads\\\/2014\\\/12\\\/image80-e1642761093670.jpg\",\"width\":629,\"height\":406},{\"@type\":\"BreadcrumbList\",\"@id\":\"https:\\\/\\\/www.copealcoy.es\\\/es\\\/buenas-sensaciones-para-el-comercio-en-navidad\\\/#breadcrumb\",\"itemListElement\":[{\"@type\":\"ListItem\",\"position\":1,\"name\":\"Portada\",\"item\":\"https:\\\/\\\/www.copealcoy.es\\\/es\\\/\"},{\"@type\":\"ListItem\",\"position\":2,\"name\":\"Buenas sensaciones para el comercio en navidad\"}]},{\"@type\":\"WebSite\",\"@id\":\"https:\\\/\\\/www.copealcoy.es\\\/es\\\/#website\",\"url\":\"https:\\\/\\\/www.copealcoy.es\\\/es\\\/\",\"name\":\"COPE Alcoy\",\"description\":\"Emisora COPE de radio local con emisi\u00f3n online. Pont de Sant Jordi 8-10 03803 Alcoy\",\"potentialAction\":[{\"@type\":\"SearchAction\",\"target\":{\"@type\":\"EntryPoint\",\"urlTemplate\":\"https:\\\/\\\/www.copealcoy.es\\\/es\\\/?s={search_term_string}\"},\"query-input\":{\"@type\":\"PropertyValueSpecification\",\"valueRequired\":true,\"valueName\":\"search_term_string\"}}],\"inLanguage\":\"es\"},{\"@type\":\"Person\",\"@id\":\"https:\\\/\\\/www.copealcoy.es\\\/es\\\/#\\\/schema\\\/person\\\/e777c87fa024e57d40170af9df39882c\",\"name\":\"Cope Alcoy\",\"image\":{\"@type\":\"ImageObject\",\"inLanguage\":\"es\",\"@id\":\"https:\\\/\\\/secure.gravatar.com\\\/avatar\\\/bb65d0283347e303893ba14f0692005417c1e0e690a325a4c5d8bb2b3943ee14?s=96&d=mm&r=g\",\"url\":\"https:\\\/\\\/secure.gravatar.com\\\/avatar\\\/bb65d0283347e303893ba14f0692005417c1e0e690a325a4c5d8bb2b3943ee14?s=96&d=mm&r=g\",\"contentUrl\":\"https:\\\/\\\/secure.gravatar.com\\\/avatar\\\/bb65d0283347e303893ba14f0692005417c1e0e690a325a4c5d8bb2b3943ee14?s=96&d=mm&r=g\",\"caption\":\"Cope Alcoy\"}}]}<\/script>\n<!-- \/ Yoast SEO plugin. -->","yoast_head_json":{"title":"Buenas sensaciones para el comercio en navidad - COPE Alcoy","robots":{"index":"index","follow":"follow","max-snippet":"max-snippet:-1","max-image-preview":"max-image-preview:large","max-video-preview":"max-video-preview:-1"},"canonical":"https:\/\/www.copealcoy.es\/es\/buenas-sensaciones-para-el-comercio-en-navidad\/","og_locale":"es_ES","og_type":"article","og_title":"Buenas sensaciones para el comercio en navidad - COPE Alcoy","og_description":"El comercio local de Alcoy asegura que el inicio de esta campa\u00f1a de navidad ha ido mucho mejor que la...","og_url":"https:\/\/www.copealcoy.es\/es\/buenas-sensaciones-para-el-comercio-en-navidad\/","og_site_name":"COPE Alcoy","article_published_time":"2014-12-24T15:50:56+00:00","og_image":[{"width":2592,"height":1944,"url":"https:\/\/www.copealcoy.es\/wp-content\/uploads\/2014\/12\/image80.jpg","type":"image\/jpeg"}],"author":"Cope Alcoy","twitter_misc":{"Escrito por":"Cope Alcoy","Tiempo de lectura":"1 minuto"},"schema":{"@context":"https:\/\/schema.org","@graph":[{"@type":"Article","@id":"https:\/\/www.copealcoy.es\/es\/buenas-sensaciones-para-el-comercio-en-navidad\/#article","isPartOf":{"@id":"https:\/\/www.copealcoy.es\/es\/buenas-sensaciones-para-el-comercio-en-navidad\/"},"author":{"name":"Cope Alcoy","@id":"https:\/\/www.copealcoy.es\/es\/#\/schema\/person\/e777c87fa024e57d40170af9df39882c"},"headline":"Buenas sensaciones para el comercio en navidad","datePublished":"2014-12-24T15:50:56+00:00","mainEntityOfPage":{"@id":"https:\/\/www.copealcoy.es\/es\/buenas-sensaciones-para-el-comercio-en-navidad\/"},"wordCount":244,"commentCount":0,"image":{"@id":"https:\/\/www.copealcoy.es\/es\/buenas-sensaciones-para-el-comercio-en-navidad\/#primaryimage"},"thumbnailUrl":"https:\/\/www.copealcoy.es\/wp-content\/uploads\/2014\/12\/image80-e1642761093670.jpg","keywords":["Alcoy","Comercio","Econom\u00eda","Navidad"],"articleSection":["Alcoy","Noticias","Portada"],"inLanguage":"es"},{"@type":"WebPage","@id":"https:\/\/www.copealcoy.es\/es\/buenas-sensaciones-para-el-comercio-en-navidad\/","url":"https:\/\/www.copealcoy.es\/es\/buenas-sensaciones-para-el-comercio-en-navidad\/","name":"Buenas sensaciones para el comercio en navidad - COPE Alcoy","isPartOf":{"@id":"https:\/\/www.copealcoy.es\/es\/#website"},"primaryImageOfPage":{"@id":"https:\/\/www.copealcoy.es\/es\/buenas-sensaciones-para-el-comercio-en-navidad\/#primaryimage"},"image":{"@id":"https:\/\/www.copealcoy.es\/es\/buenas-sensaciones-para-el-comercio-en-navidad\/#primaryimage"},"thumbnailUrl":"https:\/\/www.copealcoy.es\/wp-content\/uploads\/2014\/12\/image80-e1642761093670.jpg","datePublished":"2014-12-24T15:50:56+00:00","author":{"@id":"https:\/\/www.copealcoy.es\/es\/#\/schema\/person\/e777c87fa024e57d40170af9df39882c"},"breadcrumb":{"@id":"https:\/\/www.copealcoy.es\/es\/buenas-sensaciones-para-el-comercio-en-navidad\/#breadcrumb"},"inLanguage":"es","potentialAction":[{"@type":"ReadAction","target":["https:\/\/www.copealcoy.es\/es\/buenas-sensaciones-para-el-comercio-en-navidad\/"]}]},{"@type":"ImageObject","inLanguage":"es","@id":"https:\/\/www.copealcoy.es\/es\/buenas-sensaciones-para-el-comercio-en-navidad\/#primaryimage","url":"https:\/\/www.copealcoy.es\/wp-content\/uploads\/2014\/12\/image80-e1642761093670.jpg","contentUrl":"https:\/\/www.copealcoy.es\/wp-content\/uploads\/2014\/12\/image80-e1642761093670.jpg","width":629,"height":406},{"@type":"BreadcrumbList","@id":"https:\/\/www.copealcoy.es\/es\/buenas-sensaciones-para-el-comercio-en-navidad\/#breadcrumb","itemListElement":[{"@type":"ListItem","position":1,"name":"Portada","item":"https:\/\/www.copealcoy.es\/es\/"},{"@type":"ListItem","position":2,"name":"Buenas sensaciones para el comercio en navidad"}]},{"@type":"WebSite","@id":"https:\/\/www.copealcoy.es\/es\/#website","url":"https:\/\/www.copealcoy.es\/es\/","name":"COPE Alcoy","description":"Emisora COPE de radio local con emisi\u00f3n online. Pont de Sant Jordi 8-10 03803 Alcoy","potentialAction":[{"@type":"SearchAction","target":{"@type":"EntryPoint","urlTemplate":"https:\/\/www.copealcoy.es\/es\/?s={search_term_string}"},"query-input":{"@type":"PropertyValueSpecification","valueRequired":true,"valueName":"search_term_string"}}],"inLanguage":"es"},{"@type":"Person","@id":"https:\/\/www.copealcoy.es\/es\/#\/schema\/person\/e777c87fa024e57d40170af9df39882c","name":"Cope Alcoy","image":{"@type":"ImageObject","inLanguage":"es","@id":"https:\/\/secure.gravatar.com\/avatar\/bb65d0283347e303893ba14f0692005417c1e0e690a325a4c5d8bb2b3943ee14?s=96&d=mm&r=g","url":"https:\/\/secure.gravatar.com\/avatar\/bb65d0283347e303893ba14f0692005417c1e0e690a325a4c5d8bb2b3943ee14?s=96&d=mm&r=g","contentUrl":"https:\/\/secure.gravatar.com\/avatar\/bb65d0283347e303893ba14f0692005417c1e0e690a325a4c5d8bb2b3943ee14?s=96&d=mm&r=g","caption":"Cope Alcoy"}}]}},"_links":{"self":[{"href":"https:\/\/www.copealcoy.es\/es\/wp-json\/wp\/v2\/posts\/9281","targetHints":{"allow":["GET"]}}],"collection":[{"href":"https:\/\/www.copealcoy.es\/es\/wp-json\/wp\/v2\/posts"}],"about":[{"href":"https:\/\/www.copealcoy.es\/es\/wp-json\/wp\/v2\/types\/post"}],"author":[{"embeddable":true,"href":"https:\/\/www.copealcoy.es\/es\/wp-json\/wp\/v2\/users\/1"}],"replies":[{"embeddable":true,"href":"https:\/\/www.copealcoy.es\/es\/wp-json\/wp\/v2\/comments?post=9281"}],"version-history":[{"count":0,"href":"https:\/\/www.copealcoy.es\/es\/wp-json\/wp\/v2\/posts\/9281\/revisions"}],"wp:featuredmedia":[{"embeddable":true,"href":"https:\/\/www.copealcoy.es\/es\/wp-json\/wp\/v2\/media\/9046"}],"wp:attachment":[{"href":"https:\/\/www.copealcoy.es\/es\/wp-json\/wp\/v2\/media?parent=9281"}],"wp:term":[{"taxonomy":"category","embeddable":true,"href":"https:\/\/www.copealcoy.es\/es\/wp-json\/wp\/v2\/categories?post=9281"},{"taxonomy":"post_tag","embeddable":true,"href":"https:\/\/www.copealcoy.es\/es\/wp-json\/wp\/v2\/tags?post=9281"}],"curies":[{"name":"wp","href":"https:\/\/api.w.org\/{rel}","templated":true}]}}