{"id":92802,"date":"2022-10-11T14:43:24","date_gmt":"2022-10-11T13:43:24","guid":{"rendered":"https:\/\/www.copealcoy.es\/?p=92802"},"modified":"2022-10-11T15:07:13","modified_gmt":"2022-10-11T14:07:13","slug":"demanen-explicacions-per-lultim-retard-de-mes-de-4-hores-de-la-linia-alcoi-xativa","status":"publish","type":"post","link":"https:\/\/www.copealcoy.es\/es\/demanen-explicacions-per-lultim-retard-de-mes-de-4-hores-de-la-linia-alcoi-xativa\/","title":{"rendered":"Demanen explicacions per l&#8217;\u00faltim retard de m\u00e9s de 4 hores de la l\u00ednia Alcoi-X\u00e0tiva"},"content":{"rendered":"<p style=\"text-align: justify;\">L&#8217;<a href=\"https:\/\/www.alcoi.org\/ca\/portal\/index.html\"><span style=\"color: #0000ff;\"><strong>Ajuntament d&#8217;Alcoi<\/strong> <\/span><\/a>ha mostrat el seu malestar <strong>pels \u00faltims incidents que ha patit la l\u00ednia de tren que\u00a0connecta\u00a0la capital de l&#8217;Alcoi\u00e0 amb X\u00e0tiva<\/strong>. Els fets van oc\u00f3rrer el passat divendres i, segons la\u00a0informaci\u00f3\u00a0facilitada, <strong>el\u00a0comboi\u00a0es va detenir abans de pujar a Agres<\/strong> per un problema a les vies. Finalment <strong>va poder arrencar<\/strong> i <strong>arribar fins aquesta localitat del Comtat<\/strong>, des d&#8217;on en autob\u00fas es va traslladar als passatgers a Alcoi i Cocentaina prop de les 3 de la matinada.<\/p>\n<p style=\"text-align: justify;\">Des del Consistori alcoi\u00e0 remarquen que <strong>aquesta situaci\u00f3 no\u00a0\u00e9s\u00a0nova<\/strong> i recorden que <strong>el servei ha patit nombroses interrupcions de similars caracter\u00edstiques<\/strong> en els \u00faltims temps amb les conseg\u00fcents mol\u00e8sties i malestar que genera als usuaris. Aix\u00f2 tamb\u00e9\u00a0porta al fet que\u00a0<strong>cada vegada\u00a0m\u00e9s\u00a0gent deixe d&#8217;utilitzar el tren Alcoi-X\u00e0tiva<\/strong> en virtut d&#8217;altres mitjans de transport m\u00e9s competitius. En aquest sentit <strong>l&#8217;Ajuntament ha demanat explicacions del succe\u00eft a Renfe i Adif<\/strong> al mateix temps que ha requerit que <strong>els terminis anunciats per la renovaci\u00f3 de la l\u00ednia<\/strong> es complisquen. Ara mateix, segons expliquen des del Govern Municipal de la ciutat del Serpis, <strong>est\u00e0\u00a0previst\u00a0que en el primer trimestre de 2023 estiguen aprovats els projectes per a millorar una infraestructura tan necess\u00e0ria per a la vertebraci\u00f3 del nostre territori<\/strong> &#8220;<em>entenem i compartim el malestar de la ciutadania per l&#8217;estat del tren Alcoi \u2013 X\u00e0tiva. Per al nostre Ajuntament el tren \u00e9s b\u00e0sic i fonamental per aix\u00f2 mostrarem el nostre malestar tant a Renfe com ADIF i requerirem que es complisquen els terminis per l&#8217;adequaci\u00f3 i modernitzaci\u00f3 de la l\u00ednia, ha de ser un projecte prioritari<\/em>&#8220;, afirma l&#8217;alcalde; <strong>Toni Franc\u00e9s<\/strong>.<\/p>\n<p style=\"text-align: justify;\">Cal recordar que <strong>Adif contempla invertir 150 milions d&#8217;euros en la millora integral de la l\u00ednia Alcoi-X\u00e0tiva<\/strong>. El projecte inclou actuacions per a <strong>eliminar les restriccions de velocitat d&#8217;alguns trams<\/strong> i millorar tant la duraci\u00f3 del trajecte com les seues freq\u00fc\u00e8ncies.<\/p>\n","protected":false},"excerpt":{"rendered":"<p>L&#8217;Ajuntament d&#8217;Alcoi ha mostrat el seu malestar pels \u00faltims incidents que ha patit la l\u00ednia de tren que\u00a0connecta\u00a0la capital de&#8230;<\/p>\n","protected":false},"author":1,"featured_media":26609,"comment_status":"open","ping_status":"open","sticky":false,"template":"","format":"standard","meta":{"footnotes":""},"categories":[6909,97,75,125],"tags":[9761,160,13303,13218,681,577],"class_list":["post-92802","post","type-post","status-publish","format-standard","has-post-thumbnail","hentry","category-actualidad","category-alcoy","category-noticias","category-portada","tag-ajuntament","tag-alcoi","tag-malestar","tag-retards","tag-toni-frances","tag-tren"],"yoast_head":"<!-- This site is optimized with the Yoast SEO plugin v27.3 - https:\/\/yoast.com\/product\/yoast-seo-wordpress\/ -->\n<title>Demanen explicacions per l&#039;\u00faltim retard de m\u00e9s de 4 hores de la l\u00ednia Alcoi-X\u00e0tiva - COPE Alcoy<\/title>\n<meta name=\"description\" content=\"L&#039;Ajuntament d&#039;Alcoi demana explicacions per l&#039;\u00faltim retard de m\u00e9s de 4 hores que va patir la l\u00ednia Alcoi-X\u00e0tiva\" \/>\n<meta name=\"robots\" content=\"index, follow, max-snippet:-1, max-image-preview:large, max-video-preview:-1\" \/>\n<link rel=\"canonical\" href=\"https:\/\/www.copealcoy.es\/es\/demanen-explicacions-per-lultim-retard-de-mes-de-4-hores-de-la-linia-alcoi-xativa\/\" \/>\n<meta property=\"og:locale\" content=\"es_ES\" \/>\n<meta property=\"og:type\" content=\"article\" \/>\n<meta property=\"og:title\" content=\"Demanen explicacions per l&#039;\u00faltim retard de m\u00e9s de 4 hores de la l\u00ednia Alcoi-X\u00e0tiva - COPE Alcoy\" \/>\n<meta property=\"og:description\" content=\"L&#039;Ajuntament d&#039;Alcoi demana explicacions per l&#039;\u00faltim retard de m\u00e9s de 4 hores que va patir la l\u00ednia Alcoi-X\u00e0tiva\" \/>\n<meta property=\"og:url\" content=\"https:\/\/www.copealcoy.es\/es\/demanen-explicacions-per-lultim-retard-de-mes-de-4-hores-de-la-linia-alcoi-xativa\/\" \/>\n<meta property=\"og:site_name\" content=\"COPE Alcoy\" \/>\n<meta property=\"article:published_time\" content=\"2022-10-11T13:43:24+00:00\" \/>\n<meta property=\"article:modified_time\" content=\"2022-10-11T14:07:13+00:00\" \/>\n<meta property=\"og:image\" content=\"https:\/\/www.copealcoy.es\/wp-content\/uploads\/2016\/11\/maxresdefault-1.jpg\" \/>\n\t<meta property=\"og:image:width\" content=\"1280\" \/>\n\t<meta property=\"og:image:height\" content=\"720\" \/>\n\t<meta property=\"og:image:type\" content=\"image\/jpeg\" \/>\n<meta name=\"author\" content=\"Cope Alcoy\" \/>\n<meta name=\"twitter:label1\" content=\"Escrito por\" \/>\n\t<meta name=\"twitter:data1\" content=\"Cope Alcoy\" \/>\n\t<meta name=\"twitter:label2\" content=\"Tiempo de lectura\" \/>\n\t<meta name=\"twitter:data2\" content=\"2 minutos\" \/>\n<script type=\"application\/ld+json\" class=\"yoast-schema-graph\">{\"@context\":\"https:\\\/\\\/schema.org\",\"@graph\":[{\"@type\":\"Article\",\"@id\":\"https:\\\/\\\/www.copealcoy.es\\\/es\\\/demanen-explicacions-per-lultim-retard-de-mes-de-4-hores-de-la-linia-alcoi-xativa\\\/#article\",\"isPartOf\":{\"@id\":\"https:\\\/\\\/www.copealcoy.es\\\/es\\\/demanen-explicacions-per-lultim-retard-de-mes-de-4-hores-de-la-linia-alcoi-xativa\\\/\"},\"author\":{\"name\":\"Cope Alcoy\",\"@id\":\"https:\\\/\\\/www.copealcoy.es\\\/es\\\/#\\\/schema\\\/person\\\/e777c87fa024e57d40170af9df39882c\"},\"headline\":\"Demanen explicacions per l&#8217;\u00faltim retard de m\u00e9s de 4 hores de la l\u00ednia Alcoi-X\u00e0tiva\",\"datePublished\":\"2022-10-11T13:43:24+00:00\",\"dateModified\":\"2022-10-11T14:07:13+00:00\",\"mainEntityOfPage\":{\"@id\":\"https:\\\/\\\/www.copealcoy.es\\\/es\\\/demanen-explicacions-per-lultim-retard-de-mes-de-4-hores-de-la-linia-alcoi-xativa\\\/\"},\"wordCount\":361,\"commentCount\":0,\"image\":{\"@id\":\"https:\\\/\\\/www.copealcoy.es\\\/es\\\/demanen-explicacions-per-lultim-retard-de-mes-de-4-hores-de-la-linia-alcoi-xativa\\\/#primaryimage\"},\"thumbnailUrl\":\"https:\\\/\\\/www.copealcoy.es\\\/wp-content\\\/uploads\\\/2016\\\/11\\\/maxresdefault-1.jpg\",\"keywords\":[\"Ajuntament\",\"Alcoi\",\"malestar\",\"retards\",\"Toni Franc\u00e9s\",\"Tren\"],\"articleSection\":[\"Actualidad\",\"Alcoy\",\"Noticias\",\"Portada\"],\"inLanguage\":\"es\"},{\"@type\":\"WebPage\",\"@id\":\"https:\\\/\\\/www.copealcoy.es\\\/es\\\/demanen-explicacions-per-lultim-retard-de-mes-de-4-hores-de-la-linia-alcoi-xativa\\\/\",\"url\":\"https:\\\/\\\/www.copealcoy.es\\\/es\\\/demanen-explicacions-per-lultim-retard-de-mes-de-4-hores-de-la-linia-alcoi-xativa\\\/\",\"name\":\"Demanen explicacions per l'\u00faltim retard de m\u00e9s de 4 hores de la l\u00ednia Alcoi-X\u00e0tiva - COPE Alcoy\",\"isPartOf\":{\"@id\":\"https:\\\/\\\/www.copealcoy.es\\\/es\\\/#website\"},\"primaryImageOfPage\":{\"@id\":\"https:\\\/\\\/www.copealcoy.es\\\/es\\\/demanen-explicacions-per-lultim-retard-de-mes-de-4-hores-de-la-linia-alcoi-xativa\\\/#primaryimage\"},\"image\":{\"@id\":\"https:\\\/\\\/www.copealcoy.es\\\/es\\\/demanen-explicacions-per-lultim-retard-de-mes-de-4-hores-de-la-linia-alcoi-xativa\\\/#primaryimage\"},\"thumbnailUrl\":\"https:\\\/\\\/www.copealcoy.es\\\/wp-content\\\/uploads\\\/2016\\\/11\\\/maxresdefault-1.jpg\",\"datePublished\":\"2022-10-11T13:43:24+00:00\",\"dateModified\":\"2022-10-11T14:07:13+00:00\",\"author\":{\"@id\":\"https:\\\/\\\/www.copealcoy.es\\\/es\\\/#\\\/schema\\\/person\\\/e777c87fa024e57d40170af9df39882c\"},\"description\":\"L'Ajuntament d'Alcoi demana explicacions per l'\u00faltim retard de m\u00e9s de 4 hores que va patir la l\u00ednia Alcoi-X\u00e0tiva\",\"breadcrumb\":{\"@id\":\"https:\\\/\\\/www.copealcoy.es\\\/es\\\/demanen-explicacions-per-lultim-retard-de-mes-de-4-hores-de-la-linia-alcoi-xativa\\\/#breadcrumb\"},\"inLanguage\":\"es\",\"potentialAction\":[{\"@type\":\"ReadAction\",\"target\":[\"https:\\\/\\\/www.copealcoy.es\\\/es\\\/demanen-explicacions-per-lultim-retard-de-mes-de-4-hores-de-la-linia-alcoi-xativa\\\/\"]}]},{\"@type\":\"ImageObject\",\"inLanguage\":\"es\",\"@id\":\"https:\\\/\\\/www.copealcoy.es\\\/es\\\/demanen-explicacions-per-lultim-retard-de-mes-de-4-hores-de-la-linia-alcoi-xativa\\\/#primaryimage\",\"url\":\"https:\\\/\\\/www.copealcoy.es\\\/wp-content\\\/uploads\\\/2016\\\/11\\\/maxresdefault-1.jpg\",\"contentUrl\":\"https:\\\/\\\/www.copealcoy.es\\\/wp-content\\\/uploads\\\/2016\\\/11\\\/maxresdefault-1.jpg\",\"width\":1280,\"height\":720},{\"@type\":\"BreadcrumbList\",\"@id\":\"https:\\\/\\\/www.copealcoy.es\\\/es\\\/demanen-explicacions-per-lultim-retard-de-mes-de-4-hores-de-la-linia-alcoi-xativa\\\/#breadcrumb\",\"itemListElement\":[{\"@type\":\"ListItem\",\"position\":1,\"name\":\"Portada\",\"item\":\"https:\\\/\\\/www.copealcoy.es\\\/es\\\/\"},{\"@type\":\"ListItem\",\"position\":2,\"name\":\"Demanen explicacions per l&#8217;\u00faltim retard de m\u00e9s de 4 hores de la l\u00ednia Alcoi-X\u00e0tiva\"}]},{\"@type\":\"WebSite\",\"@id\":\"https:\\\/\\\/www.copealcoy.es\\\/es\\\/#website\",\"url\":\"https:\\\/\\\/www.copealcoy.es\\\/es\\\/\",\"name\":\"COPE Alcoy\",\"description\":\"Emisora COPE de radio local con emisi\u00f3n online. Pont de Sant Jordi 8-10 03803 Alcoy\",\"potentialAction\":[{\"@type\":\"SearchAction\",\"target\":{\"@type\":\"EntryPoint\",\"urlTemplate\":\"https:\\\/\\\/www.copealcoy.es\\\/es\\\/?s={search_term_string}\"},\"query-input\":{\"@type\":\"PropertyValueSpecification\",\"valueRequired\":true,\"valueName\":\"search_term_string\"}}],\"inLanguage\":\"es\"},{\"@type\":\"Person\",\"@id\":\"https:\\\/\\\/www.copealcoy.es\\\/es\\\/#\\\/schema\\\/person\\\/e777c87fa024e57d40170af9df39882c\",\"name\":\"Cope Alcoy\",\"image\":{\"@type\":\"ImageObject\",\"inLanguage\":\"es\",\"@id\":\"https:\\\/\\\/secure.gravatar.com\\\/avatar\\\/bb65d0283347e303893ba14f0692005417c1e0e690a325a4c5d8bb2b3943ee14?s=96&d=mm&r=g\",\"url\":\"https:\\\/\\\/secure.gravatar.com\\\/avatar\\\/bb65d0283347e303893ba14f0692005417c1e0e690a325a4c5d8bb2b3943ee14?s=96&d=mm&r=g\",\"contentUrl\":\"https:\\\/\\\/secure.gravatar.com\\\/avatar\\\/bb65d0283347e303893ba14f0692005417c1e0e690a325a4c5d8bb2b3943ee14?s=96&d=mm&r=g\",\"caption\":\"Cope Alcoy\"}}]}<\/script>\n<!-- \/ Yoast SEO plugin. -->","yoast_head_json":{"title":"Demanen explicacions per l'\u00faltim retard de m\u00e9s de 4 hores de la l\u00ednia Alcoi-X\u00e0tiva - COPE Alcoy","description":"L'Ajuntament d'Alcoi demana explicacions per l'\u00faltim retard de m\u00e9s de 4 hores que va patir la l\u00ednia Alcoi-X\u00e0tiva","robots":{"index":"index","follow":"follow","max-snippet":"max-snippet:-1","max-image-preview":"max-image-preview:large","max-video-preview":"max-video-preview:-1"},"canonical":"https:\/\/www.copealcoy.es\/es\/demanen-explicacions-per-lultim-retard-de-mes-de-4-hores-de-la-linia-alcoi-xativa\/","og_locale":"es_ES","og_type":"article","og_title":"Demanen explicacions per l'\u00faltim retard de m\u00e9s de 4 hores de la l\u00ednia Alcoi-X\u00e0tiva - COPE Alcoy","og_description":"L'Ajuntament d'Alcoi demana explicacions per l'\u00faltim retard de m\u00e9s de 4 hores que va patir la l\u00ednia Alcoi-X\u00e0tiva","og_url":"https:\/\/www.copealcoy.es\/es\/demanen-explicacions-per-lultim-retard-de-mes-de-4-hores-de-la-linia-alcoi-xativa\/","og_site_name":"COPE Alcoy","article_published_time":"2022-10-11T13:43:24+00:00","article_modified_time":"2022-10-11T14:07:13+00:00","og_image":[{"width":1280,"height":720,"url":"https:\/\/www.copealcoy.es\/wp-content\/uploads\/2016\/11\/maxresdefault-1.jpg","type":"image\/jpeg"}],"author":"Cope Alcoy","twitter_misc":{"Escrito por":"Cope Alcoy","Tiempo de lectura":"2 minutos"},"schema":{"@context":"https:\/\/schema.org","@graph":[{"@type":"Article","@id":"https:\/\/www.copealcoy.es\/es\/demanen-explicacions-per-lultim-retard-de-mes-de-4-hores-de-la-linia-alcoi-xativa\/#article","isPartOf":{"@id":"https:\/\/www.copealcoy.es\/es\/demanen-explicacions-per-lultim-retard-de-mes-de-4-hores-de-la-linia-alcoi-xativa\/"},"author":{"name":"Cope Alcoy","@id":"https:\/\/www.copealcoy.es\/es\/#\/schema\/person\/e777c87fa024e57d40170af9df39882c"},"headline":"Demanen explicacions per l&#8217;\u00faltim retard de m\u00e9s de 4 hores de la l\u00ednia Alcoi-X\u00e0tiva","datePublished":"2022-10-11T13:43:24+00:00","dateModified":"2022-10-11T14:07:13+00:00","mainEntityOfPage":{"@id":"https:\/\/www.copealcoy.es\/es\/demanen-explicacions-per-lultim-retard-de-mes-de-4-hores-de-la-linia-alcoi-xativa\/"},"wordCount":361,"commentCount":0,"image":{"@id":"https:\/\/www.copealcoy.es\/es\/demanen-explicacions-per-lultim-retard-de-mes-de-4-hores-de-la-linia-alcoi-xativa\/#primaryimage"},"thumbnailUrl":"https:\/\/www.copealcoy.es\/wp-content\/uploads\/2016\/11\/maxresdefault-1.jpg","keywords":["Ajuntament","Alcoi","malestar","retards","Toni Franc\u00e9s","Tren"],"articleSection":["Actualidad","Alcoy","Noticias","Portada"],"inLanguage":"es"},{"@type":"WebPage","@id":"https:\/\/www.copealcoy.es\/es\/demanen-explicacions-per-lultim-retard-de-mes-de-4-hores-de-la-linia-alcoi-xativa\/","url":"https:\/\/www.copealcoy.es\/es\/demanen-explicacions-per-lultim-retard-de-mes-de-4-hores-de-la-linia-alcoi-xativa\/","name":"Demanen explicacions per l'\u00faltim retard de m\u00e9s de 4 hores de la l\u00ednia Alcoi-X\u00e0tiva - COPE Alcoy","isPartOf":{"@id":"https:\/\/www.copealcoy.es\/es\/#website"},"primaryImageOfPage":{"@id":"https:\/\/www.copealcoy.es\/es\/demanen-explicacions-per-lultim-retard-de-mes-de-4-hores-de-la-linia-alcoi-xativa\/#primaryimage"},"image":{"@id":"https:\/\/www.copealcoy.es\/es\/demanen-explicacions-per-lultim-retard-de-mes-de-4-hores-de-la-linia-alcoi-xativa\/#primaryimage"},"thumbnailUrl":"https:\/\/www.copealcoy.es\/wp-content\/uploads\/2016\/11\/maxresdefault-1.jpg","datePublished":"2022-10-11T13:43:24+00:00","dateModified":"2022-10-11T14:07:13+00:00","author":{"@id":"https:\/\/www.copealcoy.es\/es\/#\/schema\/person\/e777c87fa024e57d40170af9df39882c"},"description":"L'Ajuntament d'Alcoi demana explicacions per l'\u00faltim retard de m\u00e9s de 4 hores que va patir la l\u00ednia Alcoi-X\u00e0tiva","breadcrumb":{"@id":"https:\/\/www.copealcoy.es\/es\/demanen-explicacions-per-lultim-retard-de-mes-de-4-hores-de-la-linia-alcoi-xativa\/#breadcrumb"},"inLanguage":"es","potentialAction":[{"@type":"ReadAction","target":["https:\/\/www.copealcoy.es\/es\/demanen-explicacions-per-lultim-retard-de-mes-de-4-hores-de-la-linia-alcoi-xativa\/"]}]},{"@type":"ImageObject","inLanguage":"es","@id":"https:\/\/www.copealcoy.es\/es\/demanen-explicacions-per-lultim-retard-de-mes-de-4-hores-de-la-linia-alcoi-xativa\/#primaryimage","url":"https:\/\/www.copealcoy.es\/wp-content\/uploads\/2016\/11\/maxresdefault-1.jpg","contentUrl":"https:\/\/www.copealcoy.es\/wp-content\/uploads\/2016\/11\/maxresdefault-1.jpg","width":1280,"height":720},{"@type":"BreadcrumbList","@id":"https:\/\/www.copealcoy.es\/es\/demanen-explicacions-per-lultim-retard-de-mes-de-4-hores-de-la-linia-alcoi-xativa\/#breadcrumb","itemListElement":[{"@type":"ListItem","position":1,"name":"Portada","item":"https:\/\/www.copealcoy.es\/es\/"},{"@type":"ListItem","position":2,"name":"Demanen explicacions per l&#8217;\u00faltim retard de m\u00e9s de 4 hores de la l\u00ednia Alcoi-X\u00e0tiva"}]},{"@type":"WebSite","@id":"https:\/\/www.copealcoy.es\/es\/#website","url":"https:\/\/www.copealcoy.es\/es\/","name":"COPE Alcoy","description":"Emisora COPE de radio local con emisi\u00f3n online. Pont de Sant Jordi 8-10 03803 Alcoy","potentialAction":[{"@type":"SearchAction","target":{"@type":"EntryPoint","urlTemplate":"https:\/\/www.copealcoy.es\/es\/?s={search_term_string}"},"query-input":{"@type":"PropertyValueSpecification","valueRequired":true,"valueName":"search_term_string"}}],"inLanguage":"es"},{"@type":"Person","@id":"https:\/\/www.copealcoy.es\/es\/#\/schema\/person\/e777c87fa024e57d40170af9df39882c","name":"Cope Alcoy","image":{"@type":"ImageObject","inLanguage":"es","@id":"https:\/\/secure.gravatar.com\/avatar\/bb65d0283347e303893ba14f0692005417c1e0e690a325a4c5d8bb2b3943ee14?s=96&d=mm&r=g","url":"https:\/\/secure.gravatar.com\/avatar\/bb65d0283347e303893ba14f0692005417c1e0e690a325a4c5d8bb2b3943ee14?s=96&d=mm&r=g","contentUrl":"https:\/\/secure.gravatar.com\/avatar\/bb65d0283347e303893ba14f0692005417c1e0e690a325a4c5d8bb2b3943ee14?s=96&d=mm&r=g","caption":"Cope Alcoy"}}]}},"_links":{"self":[{"href":"https:\/\/www.copealcoy.es\/es\/wp-json\/wp\/v2\/posts\/92802","targetHints":{"allow":["GET"]}}],"collection":[{"href":"https:\/\/www.copealcoy.es\/es\/wp-json\/wp\/v2\/posts"}],"about":[{"href":"https:\/\/www.copealcoy.es\/es\/wp-json\/wp\/v2\/types\/post"}],"author":[{"embeddable":true,"href":"https:\/\/www.copealcoy.es\/es\/wp-json\/wp\/v2\/users\/1"}],"replies":[{"embeddable":true,"href":"https:\/\/www.copealcoy.es\/es\/wp-json\/wp\/v2\/comments?post=92802"}],"version-history":[{"count":0,"href":"https:\/\/www.copealcoy.es\/es\/wp-json\/wp\/v2\/posts\/92802\/revisions"}],"wp:featuredmedia":[{"embeddable":true,"href":"https:\/\/www.copealcoy.es\/es\/wp-json\/wp\/v2\/media\/26609"}],"wp:attachment":[{"href":"https:\/\/www.copealcoy.es\/es\/wp-json\/wp\/v2\/media?parent=92802"}],"wp:term":[{"taxonomy":"category","embeddable":true,"href":"https:\/\/www.copealcoy.es\/es\/wp-json\/wp\/v2\/categories?post=92802"},{"taxonomy":"post_tag","embeddable":true,"href":"https:\/\/www.copealcoy.es\/es\/wp-json\/wp\/v2\/tags?post=92802"}],"curies":[{"name":"wp","href":"https:\/\/api.w.org\/{rel}","templated":true}]}}