{"id":92789,"date":"2022-10-11T12:12:23","date_gmt":"2022-10-11T11:12:23","guid":{"rendered":"https:\/\/www.copealcoy.es\/?p=92789"},"modified":"2022-10-11T12:28:13","modified_gmt":"2022-10-11T11:28:13","slug":"carlos-pastor-candidat-del-pp-unificant-el-vot-del-centredreta-podrem-aconseguir-traure-a-alcoi-endavant","status":"publish","type":"post","link":"https:\/\/www.copealcoy.es\/es\/carlos-pastor-candidat-del-pp-unificant-el-vot-del-centredreta-podrem-aconseguir-traure-a-alcoi-endavant\/","title":{"rendered":"Carlos Pastor, candidat del PP: &#8220;unificant el vot del centredreta podrem aconseguir traure a Alcoi endavant&#8221;"},"content":{"rendered":"<p style=\"text-align: justify;\">El <a href=\"https:\/\/www.ppalcoy.com\/\"><span style=\"color: #0000ff;\"><strong>Partit Popular d&#8217;Alcoi<\/strong><\/span><\/a> <strong>ha activitat la maquin\u00e0ria electoral de cara als comicis de maig de 2023<\/strong> despr\u00e9s de fer oficial a <span class=\"hiddenSpellError\">Carlos<\/span>\u00a0Pastor com a candidat a l&#8217;alcaldia <strong>durant el passat cap de setmana<\/strong>.\u00a0<span class=\"hiddenSpellError\">Carlos<\/span>\u00a0Pastor, l&#8217;alcaldable\u00a0popular, ha\u00a0destacat\u00a0aquest dimarts que<strong> l&#8217;objectiu inicial i un dels eixos de la seua candidatura a l&#8217;alcaldia d&#8217;Alcoi<\/strong> passa per \u201c<em>unir<\/em>\u201d entorn del PP <strong>el vot de la moderaci\u00f3<\/strong> per a conformar una alternativa real, coherent i seriosa per a traure la ciutat avance.<\/p>\n<p style=\"text-align: justify;\">El candidat del PP tamb\u00e9 <strong>ha destacat<\/strong> que \u201c<em>fragmentar el vot del\u00a0centredreta, tal com ha ocorregut en anteriors cites electorals, nom\u00e9s beneficia al PSOE<\/em>\u201d. Per aix\u00f2, apunta Pastor \u201c<em>aquesta reflexi\u00f3 hem de tindre-la clara els qui pensem que Alcoi necessita amb urg\u00e8ncia redre\u00e7ar el rumb i que\u00a0setze\u00a0anys de Toni Franc\u00e9s es convertirien en una llosa que la ciutat no pot permetre&#8217;s<\/em>\u201d.<\/p>\n<p style=\"text-align: justify;\"><span class=\"hiddenSpellError\">Carlos<\/span> Pastor <strong>ha volgut remarcar<\/strong> que \u201c<em>em deixar\u00e9 la pell perqu\u00e8 el PP siga la casa de tots. Estem obligats per responsabilitat i comprom\u00eds amb Alcoi a oferir una opci\u00f3 electoral que aglutine entorn del PP tot el vot de la moderaci\u00f3. No podem defraudar a aqueix ampli espectre de la societat alcoiana que demana un canvi de cicle amb urg\u00e8ncia<\/em>\u201d. En aquest sentit, el candidat popular ha remarcat \u201c<em>estic obert a escoltar a tot aquell que tinga alguna cosa a aportar a un projecte moderat i de centredreta, en el qual les propostes per a Alcoi estiguen per damunt dels personalismes i dels partits<\/em>\u201d. \u201c<em>Nom\u00e9s aix\u00ed aconseguirem presentar-nos davant els alcoians com una alternativa moderada, cre\u00efble i que de veritat pose fi a dotze anys de governs desaprofitats per a Alcoi<\/em>\u201d ha afirmat.<\/p>\n<p style=\"text-align: justify;\">Finalment, <strong><span class=\"hiddenSpellError\">Carlos<\/span>\u00a0Pastor<\/strong> ha expressat que \u201c<em>el nostre objectiu\u00a0implica\u00a0unir a tots els que creuen que Alcoi necessita respostes als problemes i projectes que ens retornen la il\u00b7lusi\u00f3, en definitiva, un govern millor. I treballarem per a donar-li-ho des del PP<\/em>\u201d, ha concl\u00f2s amb\u00a0contund\u00e8ncia.<\/p>\n","protected":false},"excerpt":{"rendered":"<p>El Partit Popular d&#8217;Alcoi ha activitat la maquin\u00e0ria electoral de cara als comicis de maig de 2023 despr\u00e9s de fer&#8230;<\/p>\n","protected":false},"author":1,"featured_media":92790,"comment_status":"open","ping_status":"open","sticky":false,"template":"","format":"standard","meta":{"footnotes":""},"categories":[97,75,79],"tags":[160,13235,13300,7856,13299],"class_list":["post-92789","post","type-post","status-publish","format-standard","has-post-thumbnail","hentry","category-alcoy","category-noticias","category-politicayeconomia","tag-alcoi","tag-carlos-pastor","tag-centre-dreta","tag-partit-popular","tag-vot"],"yoast_head":"<!-- This site is optimized with the Yoast SEO plugin v27.3 - https:\/\/yoast.com\/product\/yoast-seo-wordpress\/ -->\n<title>Carlos Pastor, candidat del PP: &quot;unificant el vot del centredreta podrem aconseguir traure a Alcoi endavant&quot; - COPE Alcoy<\/title>\n<meta name=\"description\" content=\"El candidat del PP, Carlos Pastor, crida a \u201cunir\u201d entorn del PP el vot de la moderaci\u00f3 per a traure Alcoi avance\" \/>\n<meta name=\"robots\" content=\"index, follow, max-snippet:-1, max-image-preview:large, max-video-preview:-1\" \/>\n<link rel=\"canonical\" href=\"https:\/\/www.copealcoy.es\/es\/carlos-pastor-candidat-del-pp-unificant-el-vot-del-centredreta-podrem-aconseguir-traure-a-alcoi-endavant\/\" \/>\n<meta property=\"og:locale\" content=\"es_ES\" \/>\n<meta property=\"og:type\" content=\"article\" \/>\n<meta property=\"og:title\" content=\"Carlos Pastor, candidat del PP: &quot;unificant el vot del centredreta podrem aconseguir traure a Alcoi endavant&quot; - COPE Alcoy\" \/>\n<meta property=\"og:description\" content=\"El candidat del PP, Carlos Pastor, crida a \u201cunir\u201d entorn del PP el vot de la moderaci\u00f3 per a traure Alcoi avance\" \/>\n<meta property=\"og:url\" content=\"https:\/\/www.copealcoy.es\/es\/carlos-pastor-candidat-del-pp-unificant-el-vot-del-centredreta-podrem-aconseguir-traure-a-alcoi-endavant\/\" \/>\n<meta property=\"og:site_name\" content=\"COPE Alcoy\" \/>\n<meta property=\"article:published_time\" content=\"2022-10-11T11:12:23+00:00\" \/>\n<meta property=\"article:modified_time\" content=\"2022-10-11T11:28:13+00:00\" \/>\n<meta property=\"og:image\" content=\"https:\/\/www.copealcoy.es\/wp-content\/uploads\/2022\/10\/Carlos-Pastor-Candidato-PP-Alcoy-e1665486550142.jpg\" \/>\n\t<meta property=\"og:image:width\" content=\"1080\" \/>\n\t<meta property=\"og:image:height\" content=\"675\" \/>\n\t<meta property=\"og:image:type\" content=\"image\/jpeg\" \/>\n<meta name=\"author\" content=\"Cope Alcoy\" \/>\n<meta name=\"twitter:label1\" content=\"Escrito por\" \/>\n\t<meta name=\"twitter:data1\" content=\"Cope Alcoy\" \/>\n\t<meta name=\"twitter:label2\" content=\"Tiempo de lectura\" \/>\n\t<meta name=\"twitter:data2\" content=\"2 minutos\" \/>\n<script type=\"application\/ld+json\" class=\"yoast-schema-graph\">{\"@context\":\"https:\\\/\\\/schema.org\",\"@graph\":[{\"@type\":\"Article\",\"@id\":\"https:\\\/\\\/www.copealcoy.es\\\/es\\\/carlos-pastor-candidat-del-pp-unificant-el-vot-del-centredreta-podrem-aconseguir-traure-a-alcoi-endavant\\\/#article\",\"isPartOf\":{\"@id\":\"https:\\\/\\\/www.copealcoy.es\\\/es\\\/carlos-pastor-candidat-del-pp-unificant-el-vot-del-centredreta-podrem-aconseguir-traure-a-alcoi-endavant\\\/\"},\"author\":{\"name\":\"Cope Alcoy\",\"@id\":\"https:\\\/\\\/www.copealcoy.es\\\/es\\\/#\\\/schema\\\/person\\\/e777c87fa024e57d40170af9df39882c\"},\"headline\":\"Carlos Pastor, candidat del PP: &#8220;unificant el vot del centredreta podrem aconseguir traure a Alcoi endavant&#8221;\",\"datePublished\":\"2022-10-11T11:12:23+00:00\",\"dateModified\":\"2022-10-11T11:28:13+00:00\",\"mainEntityOfPage\":{\"@id\":\"https:\\\/\\\/www.copealcoy.es\\\/es\\\/carlos-pastor-candidat-del-pp-unificant-el-vot-del-centredreta-podrem-aconseguir-traure-a-alcoi-endavant\\\/\"},\"wordCount\":362,\"commentCount\":0,\"image\":{\"@id\":\"https:\\\/\\\/www.copealcoy.es\\\/es\\\/carlos-pastor-candidat-del-pp-unificant-el-vot-del-centredreta-podrem-aconseguir-traure-a-alcoi-endavant\\\/#primaryimage\"},\"thumbnailUrl\":\"https:\\\/\\\/www.copealcoy.es\\\/wp-content\\\/uploads\\\/2022\\\/10\\\/Carlos-Pastor-Candidato-PP-Alcoy-e1665486550142.jpg\",\"keywords\":[\"Alcoi\",\"Carlos Pastor\",\"centre dreta\",\"Partit Popular\",\"vot\"],\"articleSection\":[\"Alcoy\",\"Noticias\",\"Pol\u00edtica y Econom\u00eda\"],\"inLanguage\":\"es\"},{\"@type\":\"WebPage\",\"@id\":\"https:\\\/\\\/www.copealcoy.es\\\/es\\\/carlos-pastor-candidat-del-pp-unificant-el-vot-del-centredreta-podrem-aconseguir-traure-a-alcoi-endavant\\\/\",\"url\":\"https:\\\/\\\/www.copealcoy.es\\\/es\\\/carlos-pastor-candidat-del-pp-unificant-el-vot-del-centredreta-podrem-aconseguir-traure-a-alcoi-endavant\\\/\",\"name\":\"Carlos Pastor, candidat del PP: \\\"unificant el vot del centredreta podrem aconseguir traure a Alcoi endavant\\\" - COPE Alcoy\",\"isPartOf\":{\"@id\":\"https:\\\/\\\/www.copealcoy.es\\\/es\\\/#website\"},\"primaryImageOfPage\":{\"@id\":\"https:\\\/\\\/www.copealcoy.es\\\/es\\\/carlos-pastor-candidat-del-pp-unificant-el-vot-del-centredreta-podrem-aconseguir-traure-a-alcoi-endavant\\\/#primaryimage\"},\"image\":{\"@id\":\"https:\\\/\\\/www.copealcoy.es\\\/es\\\/carlos-pastor-candidat-del-pp-unificant-el-vot-del-centredreta-podrem-aconseguir-traure-a-alcoi-endavant\\\/#primaryimage\"},\"thumbnailUrl\":\"https:\\\/\\\/www.copealcoy.es\\\/wp-content\\\/uploads\\\/2022\\\/10\\\/Carlos-Pastor-Candidato-PP-Alcoy-e1665486550142.jpg\",\"datePublished\":\"2022-10-11T11:12:23+00:00\",\"dateModified\":\"2022-10-11T11:28:13+00:00\",\"author\":{\"@id\":\"https:\\\/\\\/www.copealcoy.es\\\/es\\\/#\\\/schema\\\/person\\\/e777c87fa024e57d40170af9df39882c\"},\"description\":\"El candidat del PP, Carlos Pastor, crida a \u201cunir\u201d entorn del PP el vot de la moderaci\u00f3 per a traure Alcoi avance\",\"breadcrumb\":{\"@id\":\"https:\\\/\\\/www.copealcoy.es\\\/es\\\/carlos-pastor-candidat-del-pp-unificant-el-vot-del-centredreta-podrem-aconseguir-traure-a-alcoi-endavant\\\/#breadcrumb\"},\"inLanguage\":\"es\",\"potentialAction\":[{\"@type\":\"ReadAction\",\"target\":[\"https:\\\/\\\/www.copealcoy.es\\\/es\\\/carlos-pastor-candidat-del-pp-unificant-el-vot-del-centredreta-podrem-aconseguir-traure-a-alcoi-endavant\\\/\"]}]},{\"@type\":\"ImageObject\",\"inLanguage\":\"es\",\"@id\":\"https:\\\/\\\/www.copealcoy.es\\\/es\\\/carlos-pastor-candidat-del-pp-unificant-el-vot-del-centredreta-podrem-aconseguir-traure-a-alcoi-endavant\\\/#primaryimage\",\"url\":\"https:\\\/\\\/www.copealcoy.es\\\/wp-content\\\/uploads\\\/2022\\\/10\\\/Carlos-Pastor-Candidato-PP-Alcoy-e1665486550142.jpg\",\"contentUrl\":\"https:\\\/\\\/www.copealcoy.es\\\/wp-content\\\/uploads\\\/2022\\\/10\\\/Carlos-Pastor-Candidato-PP-Alcoy-e1665486550142.jpg\",\"width\":1080,\"height\":675},{\"@type\":\"BreadcrumbList\",\"@id\":\"https:\\\/\\\/www.copealcoy.es\\\/es\\\/carlos-pastor-candidat-del-pp-unificant-el-vot-del-centredreta-podrem-aconseguir-traure-a-alcoi-endavant\\\/#breadcrumb\",\"itemListElement\":[{\"@type\":\"ListItem\",\"position\":1,\"name\":\"Portada\",\"item\":\"https:\\\/\\\/www.copealcoy.es\\\/es\\\/\"},{\"@type\":\"ListItem\",\"position\":2,\"name\":\"Carlos Pastor, candidat del PP: \u00abunificant el vot del centredreta podrem aconseguir traure a Alcoi endavant\u00bb\"}]},{\"@type\":\"WebSite\",\"@id\":\"https:\\\/\\\/www.copealcoy.es\\\/es\\\/#website\",\"url\":\"https:\\\/\\\/www.copealcoy.es\\\/es\\\/\",\"name\":\"COPE Alcoy\",\"description\":\"Emisora COPE de radio local con emisi\u00f3n online. Pont de Sant Jordi 8-10 03803 Alcoy\",\"potentialAction\":[{\"@type\":\"SearchAction\",\"target\":{\"@type\":\"EntryPoint\",\"urlTemplate\":\"https:\\\/\\\/www.copealcoy.es\\\/es\\\/?s={search_term_string}\"},\"query-input\":{\"@type\":\"PropertyValueSpecification\",\"valueRequired\":true,\"valueName\":\"search_term_string\"}}],\"inLanguage\":\"es\"},{\"@type\":\"Person\",\"@id\":\"https:\\\/\\\/www.copealcoy.es\\\/es\\\/#\\\/schema\\\/person\\\/e777c87fa024e57d40170af9df39882c\",\"name\":\"Cope Alcoy\",\"image\":{\"@type\":\"ImageObject\",\"inLanguage\":\"es\",\"@id\":\"https:\\\/\\\/secure.gravatar.com\\\/avatar\\\/bb65d0283347e303893ba14f0692005417c1e0e690a325a4c5d8bb2b3943ee14?s=96&d=mm&r=g\",\"url\":\"https:\\\/\\\/secure.gravatar.com\\\/avatar\\\/bb65d0283347e303893ba14f0692005417c1e0e690a325a4c5d8bb2b3943ee14?s=96&d=mm&r=g\",\"contentUrl\":\"https:\\\/\\\/secure.gravatar.com\\\/avatar\\\/bb65d0283347e303893ba14f0692005417c1e0e690a325a4c5d8bb2b3943ee14?s=96&d=mm&r=g\",\"caption\":\"Cope Alcoy\"}}]}<\/script>\n<!-- \/ Yoast SEO plugin. -->","yoast_head_json":{"title":"Carlos Pastor, candidat del PP: \"unificant el vot del centredreta podrem aconseguir traure a Alcoi endavant\" - COPE Alcoy","description":"El candidat del PP, Carlos Pastor, crida a \u201cunir\u201d entorn del PP el vot de la moderaci\u00f3 per a traure Alcoi avance","robots":{"index":"index","follow":"follow","max-snippet":"max-snippet:-1","max-image-preview":"max-image-preview:large","max-video-preview":"max-video-preview:-1"},"canonical":"https:\/\/www.copealcoy.es\/es\/carlos-pastor-candidat-del-pp-unificant-el-vot-del-centredreta-podrem-aconseguir-traure-a-alcoi-endavant\/","og_locale":"es_ES","og_type":"article","og_title":"Carlos Pastor, candidat del PP: \"unificant el vot del centredreta podrem aconseguir traure a Alcoi endavant\" - COPE Alcoy","og_description":"El candidat del PP, Carlos Pastor, crida a \u201cunir\u201d entorn del PP el vot de la moderaci\u00f3 per a traure Alcoi avance","og_url":"https:\/\/www.copealcoy.es\/es\/carlos-pastor-candidat-del-pp-unificant-el-vot-del-centredreta-podrem-aconseguir-traure-a-alcoi-endavant\/","og_site_name":"COPE Alcoy","article_published_time":"2022-10-11T11:12:23+00:00","article_modified_time":"2022-10-11T11:28:13+00:00","og_image":[{"width":1080,"height":675,"url":"https:\/\/www.copealcoy.es\/wp-content\/uploads\/2022\/10\/Carlos-Pastor-Candidato-PP-Alcoy-e1665486550142.jpg","type":"image\/jpeg"}],"author":"Cope Alcoy","twitter_misc":{"Escrito por":"Cope Alcoy","Tiempo de lectura":"2 minutos"},"schema":{"@context":"https:\/\/schema.org","@graph":[{"@type":"Article","@id":"https:\/\/www.copealcoy.es\/es\/carlos-pastor-candidat-del-pp-unificant-el-vot-del-centredreta-podrem-aconseguir-traure-a-alcoi-endavant\/#article","isPartOf":{"@id":"https:\/\/www.copealcoy.es\/es\/carlos-pastor-candidat-del-pp-unificant-el-vot-del-centredreta-podrem-aconseguir-traure-a-alcoi-endavant\/"},"author":{"name":"Cope Alcoy","@id":"https:\/\/www.copealcoy.es\/es\/#\/schema\/person\/e777c87fa024e57d40170af9df39882c"},"headline":"Carlos Pastor, candidat del PP: &#8220;unificant el vot del centredreta podrem aconseguir traure a Alcoi endavant&#8221;","datePublished":"2022-10-11T11:12:23+00:00","dateModified":"2022-10-11T11:28:13+00:00","mainEntityOfPage":{"@id":"https:\/\/www.copealcoy.es\/es\/carlos-pastor-candidat-del-pp-unificant-el-vot-del-centredreta-podrem-aconseguir-traure-a-alcoi-endavant\/"},"wordCount":362,"commentCount":0,"image":{"@id":"https:\/\/www.copealcoy.es\/es\/carlos-pastor-candidat-del-pp-unificant-el-vot-del-centredreta-podrem-aconseguir-traure-a-alcoi-endavant\/#primaryimage"},"thumbnailUrl":"https:\/\/www.copealcoy.es\/wp-content\/uploads\/2022\/10\/Carlos-Pastor-Candidato-PP-Alcoy-e1665486550142.jpg","keywords":["Alcoi","Carlos Pastor","centre dreta","Partit Popular","vot"],"articleSection":["Alcoy","Noticias","Pol\u00edtica y Econom\u00eda"],"inLanguage":"es"},{"@type":"WebPage","@id":"https:\/\/www.copealcoy.es\/es\/carlos-pastor-candidat-del-pp-unificant-el-vot-del-centredreta-podrem-aconseguir-traure-a-alcoi-endavant\/","url":"https:\/\/www.copealcoy.es\/es\/carlos-pastor-candidat-del-pp-unificant-el-vot-del-centredreta-podrem-aconseguir-traure-a-alcoi-endavant\/","name":"Carlos Pastor, candidat del PP: \"unificant el vot del centredreta podrem aconseguir traure a Alcoi endavant\" - COPE Alcoy","isPartOf":{"@id":"https:\/\/www.copealcoy.es\/es\/#website"},"primaryImageOfPage":{"@id":"https:\/\/www.copealcoy.es\/es\/carlos-pastor-candidat-del-pp-unificant-el-vot-del-centredreta-podrem-aconseguir-traure-a-alcoi-endavant\/#primaryimage"},"image":{"@id":"https:\/\/www.copealcoy.es\/es\/carlos-pastor-candidat-del-pp-unificant-el-vot-del-centredreta-podrem-aconseguir-traure-a-alcoi-endavant\/#primaryimage"},"thumbnailUrl":"https:\/\/www.copealcoy.es\/wp-content\/uploads\/2022\/10\/Carlos-Pastor-Candidato-PP-Alcoy-e1665486550142.jpg","datePublished":"2022-10-11T11:12:23+00:00","dateModified":"2022-10-11T11:28:13+00:00","author":{"@id":"https:\/\/www.copealcoy.es\/es\/#\/schema\/person\/e777c87fa024e57d40170af9df39882c"},"description":"El candidat del PP, Carlos Pastor, crida a \u201cunir\u201d entorn del PP el vot de la moderaci\u00f3 per a traure Alcoi avance","breadcrumb":{"@id":"https:\/\/www.copealcoy.es\/es\/carlos-pastor-candidat-del-pp-unificant-el-vot-del-centredreta-podrem-aconseguir-traure-a-alcoi-endavant\/#breadcrumb"},"inLanguage":"es","potentialAction":[{"@type":"ReadAction","target":["https:\/\/www.copealcoy.es\/es\/carlos-pastor-candidat-del-pp-unificant-el-vot-del-centredreta-podrem-aconseguir-traure-a-alcoi-endavant\/"]}]},{"@type":"ImageObject","inLanguage":"es","@id":"https:\/\/www.copealcoy.es\/es\/carlos-pastor-candidat-del-pp-unificant-el-vot-del-centredreta-podrem-aconseguir-traure-a-alcoi-endavant\/#primaryimage","url":"https:\/\/www.copealcoy.es\/wp-content\/uploads\/2022\/10\/Carlos-Pastor-Candidato-PP-Alcoy-e1665486550142.jpg","contentUrl":"https:\/\/www.copealcoy.es\/wp-content\/uploads\/2022\/10\/Carlos-Pastor-Candidato-PP-Alcoy-e1665486550142.jpg","width":1080,"height":675},{"@type":"BreadcrumbList","@id":"https:\/\/www.copealcoy.es\/es\/carlos-pastor-candidat-del-pp-unificant-el-vot-del-centredreta-podrem-aconseguir-traure-a-alcoi-endavant\/#breadcrumb","itemListElement":[{"@type":"ListItem","position":1,"name":"Portada","item":"https:\/\/www.copealcoy.es\/es\/"},{"@type":"ListItem","position":2,"name":"Carlos Pastor, candidat del PP: \u00abunificant el vot del centredreta podrem aconseguir traure a Alcoi endavant\u00bb"}]},{"@type":"WebSite","@id":"https:\/\/www.copealcoy.es\/es\/#website","url":"https:\/\/www.copealcoy.es\/es\/","name":"COPE Alcoy","description":"Emisora COPE de radio local con emisi\u00f3n online. Pont de Sant Jordi 8-10 03803 Alcoy","potentialAction":[{"@type":"SearchAction","target":{"@type":"EntryPoint","urlTemplate":"https:\/\/www.copealcoy.es\/es\/?s={search_term_string}"},"query-input":{"@type":"PropertyValueSpecification","valueRequired":true,"valueName":"search_term_string"}}],"inLanguage":"es"},{"@type":"Person","@id":"https:\/\/www.copealcoy.es\/es\/#\/schema\/person\/e777c87fa024e57d40170af9df39882c","name":"Cope Alcoy","image":{"@type":"ImageObject","inLanguage":"es","@id":"https:\/\/secure.gravatar.com\/avatar\/bb65d0283347e303893ba14f0692005417c1e0e690a325a4c5d8bb2b3943ee14?s=96&d=mm&r=g","url":"https:\/\/secure.gravatar.com\/avatar\/bb65d0283347e303893ba14f0692005417c1e0e690a325a4c5d8bb2b3943ee14?s=96&d=mm&r=g","contentUrl":"https:\/\/secure.gravatar.com\/avatar\/bb65d0283347e303893ba14f0692005417c1e0e690a325a4c5d8bb2b3943ee14?s=96&d=mm&r=g","caption":"Cope Alcoy"}}]}},"_links":{"self":[{"href":"https:\/\/www.copealcoy.es\/es\/wp-json\/wp\/v2\/posts\/92789","targetHints":{"allow":["GET"]}}],"collection":[{"href":"https:\/\/www.copealcoy.es\/es\/wp-json\/wp\/v2\/posts"}],"about":[{"href":"https:\/\/www.copealcoy.es\/es\/wp-json\/wp\/v2\/types\/post"}],"author":[{"embeddable":true,"href":"https:\/\/www.copealcoy.es\/es\/wp-json\/wp\/v2\/users\/1"}],"replies":[{"embeddable":true,"href":"https:\/\/www.copealcoy.es\/es\/wp-json\/wp\/v2\/comments?post=92789"}],"version-history":[{"count":0,"href":"https:\/\/www.copealcoy.es\/es\/wp-json\/wp\/v2\/posts\/92789\/revisions"}],"wp:featuredmedia":[{"embeddable":true,"href":"https:\/\/www.copealcoy.es\/es\/wp-json\/wp\/v2\/media\/92790"}],"wp:attachment":[{"href":"https:\/\/www.copealcoy.es\/es\/wp-json\/wp\/v2\/media?parent=92789"}],"wp:term":[{"taxonomy":"category","embeddable":true,"href":"https:\/\/www.copealcoy.es\/es\/wp-json\/wp\/v2\/categories?post=92789"},{"taxonomy":"post_tag","embeddable":true,"href":"https:\/\/www.copealcoy.es\/es\/wp-json\/wp\/v2\/tags?post=92789"}],"curies":[{"name":"wp","href":"https:\/\/api.w.org\/{rel}","templated":true}]}}