{"id":92784,"date":"2022-10-11T10:40:53","date_gmt":"2022-10-11T09:40:53","guid":{"rendered":"https:\/\/www.copealcoy.es\/?p=92784"},"modified":"2022-10-11T12:45:19","modified_gmt":"2022-10-11T11:45:19","slug":"estalviar-1-400e-a-lany-en-la-factura-de-la-llum-objectiu-dels-valencians","status":"publish","type":"post","link":"https:\/\/www.copealcoy.es\/es\/estalviar-1-400e-a-lany-en-la-factura-de-la-llum-objectiu-dels-valencians\/","title":{"rendered":"Estalviar 1.400\u20ac a l&#8217;any en la factura de la llum, objectiu dels valencians"},"content":{"rendered":"<p style=\"text-align: justify;\">La<strong> crisi energ\u00e8tica<\/strong> que travessa Europa ha provocat <strong>un increment de la factura de llum de les llars i empreses<\/strong>, que ha arribat, en alguns moments d&#8217;enguany, pr\u00e0cticament a duplicar-se respecte a l&#8217;any anterior. Per a fer front a aquesta situaci\u00f3 i <strong>abaratir la factura el\u00e8ctrica<\/strong>, cada vegada m\u00e9s valencians <strong>s&#8217;han passat a l&#8217;autoconsum amb energia solar<\/strong>, no sols en domicilis i empreses, tamb\u00e9 en edificis p\u00fablics.<\/p>\n<p style=\"text-align: justify;\">Les previsions d&#8217;instal\u00b7laci\u00f3 d&#8217;energia solar que maneja <strong><a href=\"https:\/\/www.avaesen.es\/\"><span style=\"color: #0000ff;\">AVAESEN<\/span><\/a><\/strong>,<strong> l&#8217;associaci\u00f3 valenciana d&#8217;empreses d&#8217;energies renovables i altres tecnologies netes<\/strong>, \u00e9s que 2022 acabar\u00e0 amb m\u00e9s del doble d&#8217;instal\u00b7lacions que l&#8217;any anterior, i aquesta tend\u00e8ncia es mantindr\u00e0 en 2023.<\/p>\n<p style=\"text-align: justify;\">Aquest i altres dades que ajudaran a entendre el context en el qual es troba l&#8217;autoconsum en la Comunitat Valenciana, <strong>seran presentats el pr\u00f2xim 22 de novembre en el Congr\u00e9s Energy Revolution<\/strong>, que se celebrar\u00e0 en el Museu Pr\u00edncep Felip i acollir\u00e0 a m\u00e9s de 300 agents de tota la cadena de valor de les renovables.<\/p>\n<p style=\"text-align: justify;\">En 2022 <strong>al voltant de 53.000 valencians i 3.200 empreses de la Comunitat<\/strong> hauran instal\u00b7lat energia solar a les seues cases i seus, segons les previsions m\u00e9s conservadores que es manegen des de AVAESEN <strong>a partir de dades de les seues empreses associades i l&#8217;hist\u00f2ric d&#8217;instal\u00b7lacions publicat per la Conselleria d&#8217;Economia Sostenible<\/strong>. Una demostraci\u00f3 que <strong>la implantaci\u00f3 de l&#8217;energia solar fotovoltaica<\/strong> per a autoconsum \u00e9s imparable.<\/p>\n<p style=\"text-align: justify;\">Des de 2019 fins al final de 2021 <strong>s&#8217;havien registrat 16.000 instal\u00b7lacions d&#8217;autoconsum en habitatges i empreses de la Comunitat Valenciana<\/strong>; en el primer semestre de 2022 han sigut 11.649 m\u00e9s, i la previsi\u00f3 passa perqu\u00e8, en el segon semestre d&#8217;enguany, s&#8217;instal\u00b7len entorn de 13.000 noves, la qual cosa permetr\u00e0 tancar 2022 amb prop de 25.000 nous autoconsums en la Comunitat Valenciana, entre dom\u00e8stics, en empreses i edificis p\u00fablics.<\/p>\n<p style=\"text-align: justify;\">Segons el president de AVAESEN, <strong>Marcos J. Lacruz<\/strong>, <em>\u201cl&#8217;expansi\u00f3 de l&#8217;autoconsum amb energia solar \u00e9s una realitat, suposa que el ciutad\u00e0 tinga l&#8217;oportunitat de produir i consumir la seua pr\u00f2pia energia, la qual cosa ens porta a reduir la depend\u00e8ncia d&#8217;altres fonts de producci\u00f3 i de l&#8217;exterior<\/em>\u201d, i ha afirmat que la previsi\u00f3 \u201c<em>\u00e9s que el creixement de l&#8217;autoconsum continue en unes xifres d&#8217;expansi\u00f3 en 2023 similars a les d&#8217;aquest 2022\u201d, per\u00f2 ha reclamat que \u201cs&#8217;agilitzen els tr\u00e0mits administratius per a la posada en marxa de les instal\u00b7lacions d&#8217;autoconsum, de manera que no es malgaste cap excedent<\/em>\u201d.<\/p>\n<p style=\"text-align: justify;\"><span style=\"color: #0000ff;\"><strong>Estalvi en habitatges i en empreses<\/strong><\/span><\/p>\n<p style=\"text-align: justify;\">Les instal\u00b7lacions s&#8217;aprofiten d&#8217;unes 1.500 hores de sol cada any, <strong>la qual cosa permet estalviar al voltant de 1.400 euros anuals de mitjana en la factura el\u00e8ctrica<\/strong> en cada llar. Aix\u00f2 implica que, en 2022, els valencians <strong>hauran estalviat 51,3 milions d&#8217;euros en la factura el\u00e8ctrica<\/strong> en les seues llars nom\u00e9s amb la producci\u00f3 de les seues plaques solars.<\/p>\n<p style=\"text-align: justify;\">Els valencians que es passen a l&#8217;autoconsum dom\u00e8stic <strong>hauran fet una inversi\u00f3 de 118 milions d&#8217;euros en les seues instal\u00b7lacions<\/strong>, la qual cosa suposa un impuls al sector, que genera ocupaci\u00f3 i riquesa en la Comunitat Valenciana, a m\u00e9s d&#8217;impulsar la transici\u00f3 energ\u00e8tica i combatre el canvi clim\u00e0tic.<\/p>\n<p style=\"text-align: justify;\">Per part seua, les empreses que <strong>ja han apostat per l&#8217;autoconsum<\/strong>, <strong>sumen plantes m\u00e9s grans i potents que les dels habitatges<\/strong>, per la qual cosa la seua aportaci\u00f3 a la transici\u00f3 energ\u00e8tica \u00e9s major en termes de pot\u00e8ncia instal\u00b7lada i d&#8217;inversi\u00f3.<\/p>\n<p style=\"text-align: justify;\">En aquest 2022, les estimacions de AVAESEN passen perqu\u00e8 <strong>s&#8217;instal\u00b7len 173 MW d&#8217;autoconsum en empreses<\/strong>, la qual cosa suposar\u00e0 un estalvi en la factura energ\u00e8tica de la nostra ind\u00fastria i serveis de 128,3 milions d&#8217;euros, nom\u00e9s en un any. La inversi\u00f3 estimada que realitzaran <strong>les empreses valencianes<\/strong> en la instal\u00b7laci\u00f3 de plaques solars en 2022 \u00e9s de 208 milions d&#8217;euros.<\/p>\n<p style=\"text-align: justify;\">AVAESEN \u00e9s l&#8217;associaci\u00f3 d&#8217;empreses d&#8217;energies renovables i altres tecnologies netes de la Comunitat Valenciana. Compta amb <strong>160 empreses associades amb un volum de negoci total de 4.500 milions d&#8217;euros<\/strong>, que donen ocupaci\u00f3 a 7.500 persones. AVAESEN \u00e9s el nexe d&#8217;uni\u00f3 entre empresa, <strong>R+D, govern i finan\u00e7ament, cobrint tota la cadena de valor del sector de les tecnologies netes<\/strong>, ja que a m\u00e9s de les empreses, compta amb fins a 300 membres de tot l&#8217;ecosistema, com a ajuntaments, universitats i centres tecnol\u00f2gics, entre altres.<\/p>\n","protected":false},"excerpt":{"rendered":"<p>La crisi energ\u00e8tica que travessa Europa ha provocat un increment de la factura de llum de les llars i empreses,&#8230;<\/p>\n","protected":false},"author":1,"featured_media":90188,"comment_status":"open","ping_status":"open","sticky":false,"template":"","format":"standard","meta":{"footnotes":""},"categories":[6909,97,75,79],"tags":[13298,382,13295,13297,13296],"class_list":["post-92784","post","type-post","status-publish","format-standard","has-post-thumbnail","hentry","category-actualidad","category-alcoy","category-noticias","category-politicayeconomia","tag-electricitat","tag-energia","tag-estavil-energetic","tag-llum","tag-pujada-de-preus"],"yoast_head":"<!-- This site is optimized with the Yoast SEO plugin v27.3 - https:\/\/yoast.com\/product\/yoast-seo-wordpress\/ -->\n<title>Estalviar 1.400\u20ac a l&#039;any en la factura de la llum, objectiu dels valencians - COPE Alcoy<\/title>\n<meta name=\"description\" content=\"Els valencians s&#039;han passat a l&#039;autoconsum amb energia solar, no sols en domicilis i empreses, tamb\u00e9 en edificis p\u00fablics.\" \/>\n<meta name=\"robots\" content=\"index, follow, max-snippet:-1, max-image-preview:large, max-video-preview:-1\" \/>\n<link rel=\"canonical\" href=\"https:\/\/www.copealcoy.es\/es\/estalviar-1-400e-a-lany-en-la-factura-de-la-llum-objectiu-dels-valencians\/\" \/>\n<meta property=\"og:locale\" content=\"es_ES\" \/>\n<meta property=\"og:type\" content=\"article\" \/>\n<meta property=\"og:title\" content=\"Estalviar 1.400\u20ac a l&#039;any en la factura de la llum, objectiu dels valencians - COPE Alcoy\" \/>\n<meta property=\"og:description\" content=\"Els valencians s&#039;han passat a l&#039;autoconsum amb energia solar, no sols en domicilis i empreses, tamb\u00e9 en edificis p\u00fablics.\" \/>\n<meta property=\"og:url\" content=\"https:\/\/www.copealcoy.es\/es\/estalviar-1-400e-a-lany-en-la-factura-de-la-llum-objectiu-dels-valencians\/\" \/>\n<meta property=\"og:site_name\" content=\"COPE Alcoy\" \/>\n<meta property=\"article:published_time\" content=\"2022-10-11T09:40:53+00:00\" \/>\n<meta property=\"article:modified_time\" content=\"2022-10-11T11:45:19+00:00\" \/>\n<meta property=\"og:image\" content=\"https:\/\/www.copealcoy.es\/wp-content\/uploads\/2022\/07\/1658826933237-e1658842821462.jpg\" \/>\n\t<meta property=\"og:image:width\" content=\"640\" \/>\n\t<meta property=\"og:image:height\" content=\"360\" \/>\n\t<meta property=\"og:image:type\" content=\"image\/jpeg\" \/>\n<meta name=\"author\" content=\"Cope Alcoy\" \/>\n<meta name=\"twitter:label1\" content=\"Escrito por\" \/>\n\t<meta name=\"twitter:data1\" content=\"Cope Alcoy\" \/>\n\t<meta name=\"twitter:label2\" content=\"Tiempo de lectura\" \/>\n\t<meta name=\"twitter:data2\" content=\"4 minutos\" \/>\n<script type=\"application\/ld+json\" class=\"yoast-schema-graph\">{\"@context\":\"https:\\\/\\\/schema.org\",\"@graph\":[{\"@type\":\"Article\",\"@id\":\"https:\\\/\\\/www.copealcoy.es\\\/es\\\/estalviar-1-400e-a-lany-en-la-factura-de-la-llum-objectiu-dels-valencians\\\/#article\",\"isPartOf\":{\"@id\":\"https:\\\/\\\/www.copealcoy.es\\\/es\\\/estalviar-1-400e-a-lany-en-la-factura-de-la-llum-objectiu-dels-valencians\\\/\"},\"author\":{\"name\":\"Cope Alcoy\",\"@id\":\"https:\\\/\\\/www.copealcoy.es\\\/es\\\/#\\\/schema\\\/person\\\/e777c87fa024e57d40170af9df39882c\"},\"headline\":\"Estalviar 1.400\u20ac a l&#8217;any en la factura de la llum, objectiu dels valencians\",\"datePublished\":\"2022-10-11T09:40:53+00:00\",\"dateModified\":\"2022-10-11T11:45:19+00:00\",\"mainEntityOfPage\":{\"@id\":\"https:\\\/\\\/www.copealcoy.es\\\/es\\\/estalviar-1-400e-a-lany-en-la-factura-de-la-llum-objectiu-dels-valencians\\\/\"},\"wordCount\":766,\"commentCount\":0,\"image\":{\"@id\":\"https:\\\/\\\/www.copealcoy.es\\\/es\\\/estalviar-1-400e-a-lany-en-la-factura-de-la-llum-objectiu-dels-valencians\\\/#primaryimage\"},\"thumbnailUrl\":\"https:\\\/\\\/www.copealcoy.es\\\/wp-content\\\/uploads\\\/2022\\\/07\\\/1658826933237-e1658842821462.jpg\",\"keywords\":[\"electricitat\",\"Energ\u00eda\",\"Estavil energ\u00e8tic\",\"llum\",\"pujada de preus\"],\"articleSection\":[\"Actualidad\",\"Alcoy\",\"Noticias\",\"Pol\u00edtica y Econom\u00eda\"],\"inLanguage\":\"es\"},{\"@type\":\"WebPage\",\"@id\":\"https:\\\/\\\/www.copealcoy.es\\\/es\\\/estalviar-1-400e-a-lany-en-la-factura-de-la-llum-objectiu-dels-valencians\\\/\",\"url\":\"https:\\\/\\\/www.copealcoy.es\\\/es\\\/estalviar-1-400e-a-lany-en-la-factura-de-la-llum-objectiu-dels-valencians\\\/\",\"name\":\"Estalviar 1.400\u20ac a l'any en la factura de la llum, objectiu dels valencians - COPE Alcoy\",\"isPartOf\":{\"@id\":\"https:\\\/\\\/www.copealcoy.es\\\/es\\\/#website\"},\"primaryImageOfPage\":{\"@id\":\"https:\\\/\\\/www.copealcoy.es\\\/es\\\/estalviar-1-400e-a-lany-en-la-factura-de-la-llum-objectiu-dels-valencians\\\/#primaryimage\"},\"image\":{\"@id\":\"https:\\\/\\\/www.copealcoy.es\\\/es\\\/estalviar-1-400e-a-lany-en-la-factura-de-la-llum-objectiu-dels-valencians\\\/#primaryimage\"},\"thumbnailUrl\":\"https:\\\/\\\/www.copealcoy.es\\\/wp-content\\\/uploads\\\/2022\\\/07\\\/1658826933237-e1658842821462.jpg\",\"datePublished\":\"2022-10-11T09:40:53+00:00\",\"dateModified\":\"2022-10-11T11:45:19+00:00\",\"author\":{\"@id\":\"https:\\\/\\\/www.copealcoy.es\\\/es\\\/#\\\/schema\\\/person\\\/e777c87fa024e57d40170af9df39882c\"},\"description\":\"Els valencians s'han passat a l'autoconsum amb energia solar, no sols en domicilis i empreses, tamb\u00e9 en edificis p\u00fablics.\",\"breadcrumb\":{\"@id\":\"https:\\\/\\\/www.copealcoy.es\\\/es\\\/estalviar-1-400e-a-lany-en-la-factura-de-la-llum-objectiu-dels-valencians\\\/#breadcrumb\"},\"inLanguage\":\"es\",\"potentialAction\":[{\"@type\":\"ReadAction\",\"target\":[\"https:\\\/\\\/www.copealcoy.es\\\/es\\\/estalviar-1-400e-a-lany-en-la-factura-de-la-llum-objectiu-dels-valencians\\\/\"]}]},{\"@type\":\"ImageObject\",\"inLanguage\":\"es\",\"@id\":\"https:\\\/\\\/www.copealcoy.es\\\/es\\\/estalviar-1-400e-a-lany-en-la-factura-de-la-llum-objectiu-dels-valencians\\\/#primaryimage\",\"url\":\"https:\\\/\\\/www.copealcoy.es\\\/wp-content\\\/uploads\\\/2022\\\/07\\\/1658826933237-e1658842821462.jpg\",\"contentUrl\":\"https:\\\/\\\/www.copealcoy.es\\\/wp-content\\\/uploads\\\/2022\\\/07\\\/1658826933237-e1658842821462.jpg\",\"width\":640,\"height\":360},{\"@type\":\"BreadcrumbList\",\"@id\":\"https:\\\/\\\/www.copealcoy.es\\\/es\\\/estalviar-1-400e-a-lany-en-la-factura-de-la-llum-objectiu-dels-valencians\\\/#breadcrumb\",\"itemListElement\":[{\"@type\":\"ListItem\",\"position\":1,\"name\":\"Portada\",\"item\":\"https:\\\/\\\/www.copealcoy.es\\\/es\\\/\"},{\"@type\":\"ListItem\",\"position\":2,\"name\":\"Estalviar 1.400\u20ac a l&#8217;any en la factura de la llum, objectiu dels valencians\"}]},{\"@type\":\"WebSite\",\"@id\":\"https:\\\/\\\/www.copealcoy.es\\\/es\\\/#website\",\"url\":\"https:\\\/\\\/www.copealcoy.es\\\/es\\\/\",\"name\":\"COPE Alcoy\",\"description\":\"Emisora COPE de radio local con emisi\u00f3n online. Pont de Sant Jordi 8-10 03803 Alcoy\",\"potentialAction\":[{\"@type\":\"SearchAction\",\"target\":{\"@type\":\"EntryPoint\",\"urlTemplate\":\"https:\\\/\\\/www.copealcoy.es\\\/es\\\/?s={search_term_string}\"},\"query-input\":{\"@type\":\"PropertyValueSpecification\",\"valueRequired\":true,\"valueName\":\"search_term_string\"}}],\"inLanguage\":\"es\"},{\"@type\":\"Person\",\"@id\":\"https:\\\/\\\/www.copealcoy.es\\\/es\\\/#\\\/schema\\\/person\\\/e777c87fa024e57d40170af9df39882c\",\"name\":\"Cope Alcoy\",\"image\":{\"@type\":\"ImageObject\",\"inLanguage\":\"es\",\"@id\":\"https:\\\/\\\/secure.gravatar.com\\\/avatar\\\/bb65d0283347e303893ba14f0692005417c1e0e690a325a4c5d8bb2b3943ee14?s=96&d=mm&r=g\",\"url\":\"https:\\\/\\\/secure.gravatar.com\\\/avatar\\\/bb65d0283347e303893ba14f0692005417c1e0e690a325a4c5d8bb2b3943ee14?s=96&d=mm&r=g\",\"contentUrl\":\"https:\\\/\\\/secure.gravatar.com\\\/avatar\\\/bb65d0283347e303893ba14f0692005417c1e0e690a325a4c5d8bb2b3943ee14?s=96&d=mm&r=g\",\"caption\":\"Cope Alcoy\"}}]}<\/script>\n<!-- \/ Yoast SEO plugin. -->","yoast_head_json":{"title":"Estalviar 1.400\u20ac a l'any en la factura de la llum, objectiu dels valencians - COPE Alcoy","description":"Els valencians s'han passat a l'autoconsum amb energia solar, no sols en domicilis i empreses, tamb\u00e9 en edificis p\u00fablics.","robots":{"index":"index","follow":"follow","max-snippet":"max-snippet:-1","max-image-preview":"max-image-preview:large","max-video-preview":"max-video-preview:-1"},"canonical":"https:\/\/www.copealcoy.es\/es\/estalviar-1-400e-a-lany-en-la-factura-de-la-llum-objectiu-dels-valencians\/","og_locale":"es_ES","og_type":"article","og_title":"Estalviar 1.400\u20ac a l'any en la factura de la llum, objectiu dels valencians - COPE Alcoy","og_description":"Els valencians s'han passat a l'autoconsum amb energia solar, no sols en domicilis i empreses, tamb\u00e9 en edificis p\u00fablics.","og_url":"https:\/\/www.copealcoy.es\/es\/estalviar-1-400e-a-lany-en-la-factura-de-la-llum-objectiu-dels-valencians\/","og_site_name":"COPE Alcoy","article_published_time":"2022-10-11T09:40:53+00:00","article_modified_time":"2022-10-11T11:45:19+00:00","og_image":[{"width":640,"height":360,"url":"https:\/\/www.copealcoy.es\/wp-content\/uploads\/2022\/07\/1658826933237-e1658842821462.jpg","type":"image\/jpeg"}],"author":"Cope Alcoy","twitter_misc":{"Escrito por":"Cope Alcoy","Tiempo de lectura":"4 minutos"},"schema":{"@context":"https:\/\/schema.org","@graph":[{"@type":"Article","@id":"https:\/\/www.copealcoy.es\/es\/estalviar-1-400e-a-lany-en-la-factura-de-la-llum-objectiu-dels-valencians\/#article","isPartOf":{"@id":"https:\/\/www.copealcoy.es\/es\/estalviar-1-400e-a-lany-en-la-factura-de-la-llum-objectiu-dels-valencians\/"},"author":{"name":"Cope Alcoy","@id":"https:\/\/www.copealcoy.es\/es\/#\/schema\/person\/e777c87fa024e57d40170af9df39882c"},"headline":"Estalviar 1.400\u20ac a l&#8217;any en la factura de la llum, objectiu dels valencians","datePublished":"2022-10-11T09:40:53+00:00","dateModified":"2022-10-11T11:45:19+00:00","mainEntityOfPage":{"@id":"https:\/\/www.copealcoy.es\/es\/estalviar-1-400e-a-lany-en-la-factura-de-la-llum-objectiu-dels-valencians\/"},"wordCount":766,"commentCount":0,"image":{"@id":"https:\/\/www.copealcoy.es\/es\/estalviar-1-400e-a-lany-en-la-factura-de-la-llum-objectiu-dels-valencians\/#primaryimage"},"thumbnailUrl":"https:\/\/www.copealcoy.es\/wp-content\/uploads\/2022\/07\/1658826933237-e1658842821462.jpg","keywords":["electricitat","Energ\u00eda","Estavil energ\u00e8tic","llum","pujada de preus"],"articleSection":["Actualidad","Alcoy","Noticias","Pol\u00edtica y Econom\u00eda"],"inLanguage":"es"},{"@type":"WebPage","@id":"https:\/\/www.copealcoy.es\/es\/estalviar-1-400e-a-lany-en-la-factura-de-la-llum-objectiu-dels-valencians\/","url":"https:\/\/www.copealcoy.es\/es\/estalviar-1-400e-a-lany-en-la-factura-de-la-llum-objectiu-dels-valencians\/","name":"Estalviar 1.400\u20ac a l'any en la factura de la llum, objectiu dels valencians - COPE Alcoy","isPartOf":{"@id":"https:\/\/www.copealcoy.es\/es\/#website"},"primaryImageOfPage":{"@id":"https:\/\/www.copealcoy.es\/es\/estalviar-1-400e-a-lany-en-la-factura-de-la-llum-objectiu-dels-valencians\/#primaryimage"},"image":{"@id":"https:\/\/www.copealcoy.es\/es\/estalviar-1-400e-a-lany-en-la-factura-de-la-llum-objectiu-dels-valencians\/#primaryimage"},"thumbnailUrl":"https:\/\/www.copealcoy.es\/wp-content\/uploads\/2022\/07\/1658826933237-e1658842821462.jpg","datePublished":"2022-10-11T09:40:53+00:00","dateModified":"2022-10-11T11:45:19+00:00","author":{"@id":"https:\/\/www.copealcoy.es\/es\/#\/schema\/person\/e777c87fa024e57d40170af9df39882c"},"description":"Els valencians s'han passat a l'autoconsum amb energia solar, no sols en domicilis i empreses, tamb\u00e9 en edificis p\u00fablics.","breadcrumb":{"@id":"https:\/\/www.copealcoy.es\/es\/estalviar-1-400e-a-lany-en-la-factura-de-la-llum-objectiu-dels-valencians\/#breadcrumb"},"inLanguage":"es","potentialAction":[{"@type":"ReadAction","target":["https:\/\/www.copealcoy.es\/es\/estalviar-1-400e-a-lany-en-la-factura-de-la-llum-objectiu-dels-valencians\/"]}]},{"@type":"ImageObject","inLanguage":"es","@id":"https:\/\/www.copealcoy.es\/es\/estalviar-1-400e-a-lany-en-la-factura-de-la-llum-objectiu-dels-valencians\/#primaryimage","url":"https:\/\/www.copealcoy.es\/wp-content\/uploads\/2022\/07\/1658826933237-e1658842821462.jpg","contentUrl":"https:\/\/www.copealcoy.es\/wp-content\/uploads\/2022\/07\/1658826933237-e1658842821462.jpg","width":640,"height":360},{"@type":"BreadcrumbList","@id":"https:\/\/www.copealcoy.es\/es\/estalviar-1-400e-a-lany-en-la-factura-de-la-llum-objectiu-dels-valencians\/#breadcrumb","itemListElement":[{"@type":"ListItem","position":1,"name":"Portada","item":"https:\/\/www.copealcoy.es\/es\/"},{"@type":"ListItem","position":2,"name":"Estalviar 1.400\u20ac a l&#8217;any en la factura de la llum, objectiu dels valencians"}]},{"@type":"WebSite","@id":"https:\/\/www.copealcoy.es\/es\/#website","url":"https:\/\/www.copealcoy.es\/es\/","name":"COPE Alcoy","description":"Emisora COPE de radio local con emisi\u00f3n online. Pont de Sant Jordi 8-10 03803 Alcoy","potentialAction":[{"@type":"SearchAction","target":{"@type":"EntryPoint","urlTemplate":"https:\/\/www.copealcoy.es\/es\/?s={search_term_string}"},"query-input":{"@type":"PropertyValueSpecification","valueRequired":true,"valueName":"search_term_string"}}],"inLanguage":"es"},{"@type":"Person","@id":"https:\/\/www.copealcoy.es\/es\/#\/schema\/person\/e777c87fa024e57d40170af9df39882c","name":"Cope Alcoy","image":{"@type":"ImageObject","inLanguage":"es","@id":"https:\/\/secure.gravatar.com\/avatar\/bb65d0283347e303893ba14f0692005417c1e0e690a325a4c5d8bb2b3943ee14?s=96&d=mm&r=g","url":"https:\/\/secure.gravatar.com\/avatar\/bb65d0283347e303893ba14f0692005417c1e0e690a325a4c5d8bb2b3943ee14?s=96&d=mm&r=g","contentUrl":"https:\/\/secure.gravatar.com\/avatar\/bb65d0283347e303893ba14f0692005417c1e0e690a325a4c5d8bb2b3943ee14?s=96&d=mm&r=g","caption":"Cope Alcoy"}}]}},"_links":{"self":[{"href":"https:\/\/www.copealcoy.es\/es\/wp-json\/wp\/v2\/posts\/92784","targetHints":{"allow":["GET"]}}],"collection":[{"href":"https:\/\/www.copealcoy.es\/es\/wp-json\/wp\/v2\/posts"}],"about":[{"href":"https:\/\/www.copealcoy.es\/es\/wp-json\/wp\/v2\/types\/post"}],"author":[{"embeddable":true,"href":"https:\/\/www.copealcoy.es\/es\/wp-json\/wp\/v2\/users\/1"}],"replies":[{"embeddable":true,"href":"https:\/\/www.copealcoy.es\/es\/wp-json\/wp\/v2\/comments?post=92784"}],"version-history":[{"count":0,"href":"https:\/\/www.copealcoy.es\/es\/wp-json\/wp\/v2\/posts\/92784\/revisions"}],"wp:featuredmedia":[{"embeddable":true,"href":"https:\/\/www.copealcoy.es\/es\/wp-json\/wp\/v2\/media\/90188"}],"wp:attachment":[{"href":"https:\/\/www.copealcoy.es\/es\/wp-json\/wp\/v2\/media?parent=92784"}],"wp:term":[{"taxonomy":"category","embeddable":true,"href":"https:\/\/www.copealcoy.es\/es\/wp-json\/wp\/v2\/categories?post=92784"},{"taxonomy":"post_tag","embeddable":true,"href":"https:\/\/www.copealcoy.es\/es\/wp-json\/wp\/v2\/tags?post=92784"}],"curies":[{"name":"wp","href":"https:\/\/api.w.org\/{rel}","templated":true}]}}