{"id":92776,"date":"2022-10-18T03:00:49","date_gmt":"2022-10-18T02:00:49","guid":{"rendered":"https:\/\/www.copealcoy.es\/?p=92776"},"modified":"2022-10-18T15:57:21","modified_gmt":"2022-10-18T14:57:21","slug":"aquestes-son-les-novetats-que-presenta-el-trail-fira-de-tots-sants-de-cocentaina-enguany","status":"publish","type":"post","link":"https:\/\/www.copealcoy.es\/es\/aquestes-son-les-novetats-que-presenta-el-trail-fira-de-tots-sants-de-cocentaina-enguany\/","title":{"rendered":"Aquestes s\u00f3n les novetats que presenta el Trail Fira de Tots Sants de Cocentaina enguany"},"content":{"rendered":"<p style=\"text-align: justify;\">El\u00a0<a href=\"https:\/\/www.firadecocentaina.org\/es\/\"><strong><span style=\"color: #0000ff;\"><span class=\"hiddenSpellError\">Trail<\/span>\u00a0Fira de Tots Sants de Cocentaina<\/span><\/strong><\/a>, organitzat per l\u2019entitat esportiva <a href=\"https:\/\/www.facebook.com\/socarun.cocentaina\"><strong><span style=\"color: #0000ff;\">Soca-<span class=\"hiddenSpellError\">Run<\/span>\u00a0Club d\u2019Esports de Muntanya<\/span><\/strong><\/a> amb el suport de la Fira de Cocentaina i que <strong>se celebrar\u00e0 diumenge 6 de novembre<\/strong>, continua completant la seua oferta per a convertir la cita esportiva en <strong>un reclam<\/strong> per als amants d\u2019aquesta modalitat.<\/p>\n<p style=\"text-align: justify;\">El <strong>dissabte 5 de novembre<\/strong>, durant el lliurament de dorsals, el corredor i youtuber amb m\u00e9s de 32.000 seguidors, <strong>Juan Mar\u00eda Jim\u00e9nez<\/strong>, realitzar\u00e0 una xerrada en la qual, igual que fa en els v\u00eddeos del seu canal, donar\u00e0 consells sobre entrenament, pautes per a afrontar les carreres amb \u00e8xit, dosi de motivaci\u00f3 i an\u00e8cdotes que serviran als esportistes com a impuls. Jim\u00e9nez tamb\u00e9 realitzar\u00e0, durant el cap de setmana, diversos enregistraments pels diferents recorreguts pels quals discorrer\u00e0 la prova, amb la finalitat de promocionar-la. A m\u00e9s, <strong>participar\u00e0 el diumenge en la dist\u00e0ncia\u00a0<span class=\"hiddenSpellError\">20k<\/span><\/strong>.<\/p>\n<p style=\"text-align: justify;\">La fotografia tamb\u00e9<strong> ser\u00e0 un pilar molt important en aquesta cita esportiva<\/strong> gr\u00e0cies a la professionalitat de <strong>Rafa Romero<\/strong>. El fot\u00f2graf esportiu, conegut per captar els millors moments de gran part de les carreres que se celebren en el territori valenci\u00e0, <strong>tamb\u00e9 estar\u00e0 a Cocentaina<\/strong> per a recollir les imatges m\u00e9s impactants de l\u2019esdeveniment.<\/p>\n<p style=\"text-align: justify;\">El president del Soca-<span class=\"hiddenSpellError\">Run<\/span>\u00a0Club d\u2019Esports de Muntanya, <strong>Santi\u00a0<span class=\"hiddenSpellError\">Aparisi<\/span><\/strong><span class=\"hiddenSpellError\">,<\/span>\u00a0ha assenyalat que \u201c<em>hem volgut comptar amb dos grans professionals vinculats a aquesta disciplina per a donar encara major prestigi a\u00a0aquesta\u00a0cita esportiva, tots dos s\u00f3n amants de la mateixa en cadascuna dels seus perfils professionals i aix\u00f2 es nota en els resultats. Jim\u00e9nez estem segurs que donar\u00e0 a tots aquesta visi\u00f3 de corredor imbatible al qual res se li resisteix i servir\u00e0 d\u2019exemple a tots els que dia a dia es proposen noves metes<\/em>\u201d. Respecte a la fotografia ha indicat que \u201c<em>Rafa \u00e9s un fot\u00f2graf diferent, tracta de trobar les emocions i valors que es viuen en una carrera, dificultats, superaci\u00f3, per\u00f2 sobretot instants clau com els sentiments que es desborden quan els esportistes abracen als seus\u00a0<span class=\"hiddenGreenError\">sers<\/span>\u00a0estimats en la meta; sens dubte un honor comptar amb tots dos en el retorn del nostre\u00a0<span class=\"hiddenSpellError\">Trail<\/span>\u00a0Fira de Tots Sants de Cocentaina<\/em>\u201d.<\/p>\n<p><strong><span style=\"color: #0000ff;\">Inscripcions obertes en les tres modalitats<\/span><\/strong><\/p>\n<p style=\"text-align: justify;\">Les <strong>inscripcions en l\u00ednia<\/strong> continuaran obertes fins a finals d\u2019octubre (sempre que no se supere el l\u00edmit de participants) i es podran realitzar en la web: https:\/\/sportmaniacs.com\/es\/races\/v-trail-fira-de-tots-sants<\/p>\n<p style=\"text-align: justify;\">Els corredors que decidisquen la seua participaci\u00f3 el mateix dia de la prova <strong>podran inscriure\u2019s\u00a0fins\u00a0mitja hora abans de l\u2019inici d\u2019aquesta<\/strong>, amb la condici\u00f3 de no superar el l\u00edmit de participants (500 sumant les tres modalitats).<\/p>\n<p style=\"text-align: justify;\">Aquest esdeveniment esportiu <strong>consta de tres carreres<\/strong>:\u00a0<span class=\"hiddenSpellError\">Trail<\/span>\u00a0Llarg, de\u00a0<span class=\"hiddenGrammarError\">20km<\/span>\u00a0de recorregut;\u00a0<span class=\"hiddenSpellError\">Sprint<\/span>\u00a0<span class=\"hiddenSpellError\">Trail<\/span>\u00a0de\u00a0<span class=\"hiddenGrammarError\">8km<\/span>\u00a0i Marxa no competitiva de 8 km. El recorregut compta amb dos tra\u00e7ats diferents, discorrent tots dos, en la seua gran majoria, pel Parc Natural de la Serra de Mariola. El tra\u00e7at 1, per a la Carrera de\u00a0<span class=\"hiddenGrammarError\">20km<\/span>, t\u00e9 un desnivell aproximat de 1.140 metres de desnivell positiu, mentre que el tra\u00e7at 2, per a la Carrera de\u00a0<span class=\"hiddenGrammarError\">8km<\/span>\u00a0i la marxa no competitiva, s\u2019ha dissenyat amb un desnivell aproximat de 515 metres de desnivell positiu.<\/p>\n<p style=\"text-align: justify;\">L\u2019i<strong>mport de la inscripci\u00f3<\/strong> ser\u00e0, per al recorregut de\u00a0<span class=\"hiddenGrammarError\">20km<\/span>, de\u00a0<span class=\"hiddenGrammarError\">16\u20ac<\/span>\u00a0la inscripci\u00f3 anticipada,\u00a0<span class=\"hiddenGrammarError\">20\u20ac<\/span>\u00a0el mateix dia de la prova.\u00a0<span class=\"hiddenGrammarError\">i<\/span>\u00a0de\u00a0<span class=\"hiddenGrammarError\">13\u20ac<\/span>\u00a0la inscripci\u00f3 anticipada,\u00a0<span class=\"hiddenGrammarError\">16\u20ac<\/span>\u00a0el mateix dia de la prova, per al tra\u00e7at de\u00a0<span class=\"hiddenGrammarError\">8km<\/span> i marxa no competitiva. Els diferents recorreguts<strong> es poden consultar<\/strong> en la web del\u00a0<span class=\"hiddenSpellError\">Trail<\/span> Fira de Tots Sants:<a href=\"http:\/\/trailfiradetotssants.com\/\"><strong><span style=\"color: #0000ff;\"> http:\/\/trailfiradetotssants.com\/<\/span><\/strong><\/a>.<\/p>\n","protected":false},"excerpt":{"rendered":"<p>El\u00a0Trail\u00a0Fira de Tots Sants de Cocentaina, organitzat per l\u2019entitat esportiva Soca-Run\u00a0Club d\u2019Esports de Muntanya amb el suport de la Fira&#8230;<\/p>\n","protected":false},"author":1,"featured_media":92777,"comment_status":"open","ping_status":"open","sticky":false,"template":"","format":"standard","meta":{"footnotes":""},"categories":[6909,98,75],"tags":[132,5160,635,753],"class_list":["post-92776","post","type-post","status-publish","format-standard","has-post-thumbnail","hentry","category-actualidad","category-comarcas","category-noticias","tag-cocentaina","tag-esport","tag-fira-de-tots-sants","tag-trail"],"yoast_head":"<!-- This site is optimized with the Yoast SEO plugin v27.3 - https:\/\/yoast.com\/product\/yoast-seo-wordpress\/ -->\n<title>Aquestes s\u00f3n les novetats que presenta el Trail Fira de Tots Sants de Cocentaina enguany - COPE Alcoy<\/title>\n<meta name=\"description\" content=\"El Trail Fira de Tots Sants de Cocentaina, organitzat pel Soca-Run Club d\u2019Esports de Muntanya, se celebrar\u00e0 diumenge 6 de novembre\" \/>\n<meta name=\"robots\" content=\"index, follow, max-snippet:-1, max-image-preview:large, max-video-preview:-1\" \/>\n<link rel=\"canonical\" href=\"https:\/\/www.copealcoy.es\/es\/aquestes-son-les-novetats-que-presenta-el-trail-fira-de-tots-sants-de-cocentaina-enguany\/\" \/>\n<meta property=\"og:locale\" content=\"es_ES\" \/>\n<meta property=\"og:type\" content=\"article\" \/>\n<meta property=\"og:title\" content=\"Aquestes s\u00f3n les novetats que presenta el Trail Fira de Tots Sants de Cocentaina enguany - COPE Alcoy\" \/>\n<meta property=\"og:description\" content=\"El Trail Fira de Tots Sants de Cocentaina, organitzat pel Soca-Run Club d\u2019Esports de Muntanya, se celebrar\u00e0 diumenge 6 de novembre\" \/>\n<meta property=\"og:url\" content=\"https:\/\/www.copealcoy.es\/es\/aquestes-son-les-novetats-que-presenta-el-trail-fira-de-tots-sants-de-cocentaina-enguany\/\" \/>\n<meta property=\"og:site_name\" content=\"COPE Alcoy\" \/>\n<meta property=\"article:published_time\" content=\"2022-10-18T02:00:49+00:00\" \/>\n<meta property=\"article:modified_time\" content=\"2022-10-18T14:57:21+00:00\" \/>\n<meta property=\"og:image\" content=\"https:\/\/www.copealcoy.es\/wp-content\/uploads\/2022\/10\/Juan-Mari\u0301a-Jime\u0301nez-2-scaled.jpg\" \/>\n\t<meta property=\"og:image:width\" content=\"1620\" \/>\n\t<meta property=\"og:image:height\" content=\"1080\" \/>\n\t<meta property=\"og:image:type\" content=\"image\/jpeg\" \/>\n<meta name=\"author\" content=\"Cope Alcoy\" \/>\n<meta name=\"twitter:label1\" content=\"Escrito por\" \/>\n\t<meta name=\"twitter:data1\" content=\"Cope Alcoy\" \/>\n\t<meta name=\"twitter:label2\" content=\"Tiempo de lectura\" \/>\n\t<meta name=\"twitter:data2\" content=\"3 minutos\" \/>\n<script type=\"application\/ld+json\" class=\"yoast-schema-graph\">{\"@context\":\"https:\\\/\\\/schema.org\",\"@graph\":[{\"@type\":\"Article\",\"@id\":\"https:\\\/\\\/www.copealcoy.es\\\/es\\\/aquestes-son-les-novetats-que-presenta-el-trail-fira-de-tots-sants-de-cocentaina-enguany\\\/#article\",\"isPartOf\":{\"@id\":\"https:\\\/\\\/www.copealcoy.es\\\/es\\\/aquestes-son-les-novetats-que-presenta-el-trail-fira-de-tots-sants-de-cocentaina-enguany\\\/\"},\"author\":{\"name\":\"Cope Alcoy\",\"@id\":\"https:\\\/\\\/www.copealcoy.es\\\/es\\\/#\\\/schema\\\/person\\\/e777c87fa024e57d40170af9df39882c\"},\"headline\":\"Aquestes s\u00f3n les novetats que presenta el Trail Fira de Tots Sants de Cocentaina enguany\",\"datePublished\":\"2022-10-18T02:00:49+00:00\",\"dateModified\":\"2022-10-18T14:57:21+00:00\",\"mainEntityOfPage\":{\"@id\":\"https:\\\/\\\/www.copealcoy.es\\\/es\\\/aquestes-son-les-novetats-que-presenta-el-trail-fira-de-tots-sants-de-cocentaina-enguany\\\/\"},\"wordCount\":620,\"commentCount\":0,\"image\":{\"@id\":\"https:\\\/\\\/www.copealcoy.es\\\/es\\\/aquestes-son-les-novetats-que-presenta-el-trail-fira-de-tots-sants-de-cocentaina-enguany\\\/#primaryimage\"},\"thumbnailUrl\":\"https:\\\/\\\/www.copealcoy.es\\\/wp-content\\\/uploads\\\/2022\\\/10\\\/Juan-Mari\u0301a-Jime\u0301nez-2-scaled.jpg\",\"keywords\":[\"Cocentaina\",\"Esport\",\"Fira de Tots Sants\",\"Trail\"],\"articleSection\":[\"Actualidad\",\"Comarcas\",\"Noticias\"],\"inLanguage\":\"es\"},{\"@type\":\"WebPage\",\"@id\":\"https:\\\/\\\/www.copealcoy.es\\\/es\\\/aquestes-son-les-novetats-que-presenta-el-trail-fira-de-tots-sants-de-cocentaina-enguany\\\/\",\"url\":\"https:\\\/\\\/www.copealcoy.es\\\/es\\\/aquestes-son-les-novetats-que-presenta-el-trail-fira-de-tots-sants-de-cocentaina-enguany\\\/\",\"name\":\"Aquestes s\u00f3n les novetats que presenta el Trail Fira de Tots Sants de Cocentaina enguany - COPE Alcoy\",\"isPartOf\":{\"@id\":\"https:\\\/\\\/www.copealcoy.es\\\/es\\\/#website\"},\"primaryImageOfPage\":{\"@id\":\"https:\\\/\\\/www.copealcoy.es\\\/es\\\/aquestes-son-les-novetats-que-presenta-el-trail-fira-de-tots-sants-de-cocentaina-enguany\\\/#primaryimage\"},\"image\":{\"@id\":\"https:\\\/\\\/www.copealcoy.es\\\/es\\\/aquestes-son-les-novetats-que-presenta-el-trail-fira-de-tots-sants-de-cocentaina-enguany\\\/#primaryimage\"},\"thumbnailUrl\":\"https:\\\/\\\/www.copealcoy.es\\\/wp-content\\\/uploads\\\/2022\\\/10\\\/Juan-Mari\u0301a-Jime\u0301nez-2-scaled.jpg\",\"datePublished\":\"2022-10-18T02:00:49+00:00\",\"dateModified\":\"2022-10-18T14:57:21+00:00\",\"author\":{\"@id\":\"https:\\\/\\\/www.copealcoy.es\\\/es\\\/#\\\/schema\\\/person\\\/e777c87fa024e57d40170af9df39882c\"},\"description\":\"El Trail Fira de Tots Sants de Cocentaina, organitzat pel Soca-Run Club d\u2019Esports de Muntanya, se celebrar\u00e0 diumenge 6 de novembre\",\"breadcrumb\":{\"@id\":\"https:\\\/\\\/www.copealcoy.es\\\/es\\\/aquestes-son-les-novetats-que-presenta-el-trail-fira-de-tots-sants-de-cocentaina-enguany\\\/#breadcrumb\"},\"inLanguage\":\"es\",\"potentialAction\":[{\"@type\":\"ReadAction\",\"target\":[\"https:\\\/\\\/www.copealcoy.es\\\/es\\\/aquestes-son-les-novetats-que-presenta-el-trail-fira-de-tots-sants-de-cocentaina-enguany\\\/\"]}]},{\"@type\":\"ImageObject\",\"inLanguage\":\"es\",\"@id\":\"https:\\\/\\\/www.copealcoy.es\\\/es\\\/aquestes-son-les-novetats-que-presenta-el-trail-fira-de-tots-sants-de-cocentaina-enguany\\\/#primaryimage\",\"url\":\"https:\\\/\\\/www.copealcoy.es\\\/wp-content\\\/uploads\\\/2022\\\/10\\\/Juan-Mari\u0301a-Jime\u0301nez-2-scaled.jpg\",\"contentUrl\":\"https:\\\/\\\/www.copealcoy.es\\\/wp-content\\\/uploads\\\/2022\\\/10\\\/Juan-Mari\u0301a-Jime\u0301nez-2-scaled.jpg\",\"width\":1620,\"height\":1080},{\"@type\":\"BreadcrumbList\",\"@id\":\"https:\\\/\\\/www.copealcoy.es\\\/es\\\/aquestes-son-les-novetats-que-presenta-el-trail-fira-de-tots-sants-de-cocentaina-enguany\\\/#breadcrumb\",\"itemListElement\":[{\"@type\":\"ListItem\",\"position\":1,\"name\":\"Portada\",\"item\":\"https:\\\/\\\/www.copealcoy.es\\\/es\\\/\"},{\"@type\":\"ListItem\",\"position\":2,\"name\":\"Aquestes s\u00f3n les novetats que presenta el Trail Fira de Tots Sants de Cocentaina enguany\"}]},{\"@type\":\"WebSite\",\"@id\":\"https:\\\/\\\/www.copealcoy.es\\\/es\\\/#website\",\"url\":\"https:\\\/\\\/www.copealcoy.es\\\/es\\\/\",\"name\":\"COPE Alcoy\",\"description\":\"Emisora COPE de radio local con emisi\u00f3n online. Pont de Sant Jordi 8-10 03803 Alcoy\",\"potentialAction\":[{\"@type\":\"SearchAction\",\"target\":{\"@type\":\"EntryPoint\",\"urlTemplate\":\"https:\\\/\\\/www.copealcoy.es\\\/es\\\/?s={search_term_string}\"},\"query-input\":{\"@type\":\"PropertyValueSpecification\",\"valueRequired\":true,\"valueName\":\"search_term_string\"}}],\"inLanguage\":\"es\"},{\"@type\":\"Person\",\"@id\":\"https:\\\/\\\/www.copealcoy.es\\\/es\\\/#\\\/schema\\\/person\\\/e777c87fa024e57d40170af9df39882c\",\"name\":\"Cope Alcoy\",\"image\":{\"@type\":\"ImageObject\",\"inLanguage\":\"es\",\"@id\":\"https:\\\/\\\/secure.gravatar.com\\\/avatar\\\/bb65d0283347e303893ba14f0692005417c1e0e690a325a4c5d8bb2b3943ee14?s=96&d=mm&r=g\",\"url\":\"https:\\\/\\\/secure.gravatar.com\\\/avatar\\\/bb65d0283347e303893ba14f0692005417c1e0e690a325a4c5d8bb2b3943ee14?s=96&d=mm&r=g\",\"contentUrl\":\"https:\\\/\\\/secure.gravatar.com\\\/avatar\\\/bb65d0283347e303893ba14f0692005417c1e0e690a325a4c5d8bb2b3943ee14?s=96&d=mm&r=g\",\"caption\":\"Cope Alcoy\"}}]}<\/script>\n<!-- \/ Yoast SEO plugin. -->","yoast_head_json":{"title":"Aquestes s\u00f3n les novetats que presenta el Trail Fira de Tots Sants de Cocentaina enguany - COPE Alcoy","description":"El Trail Fira de Tots Sants de Cocentaina, organitzat pel Soca-Run Club d\u2019Esports de Muntanya, se celebrar\u00e0 diumenge 6 de novembre","robots":{"index":"index","follow":"follow","max-snippet":"max-snippet:-1","max-image-preview":"max-image-preview:large","max-video-preview":"max-video-preview:-1"},"canonical":"https:\/\/www.copealcoy.es\/es\/aquestes-son-les-novetats-que-presenta-el-trail-fira-de-tots-sants-de-cocentaina-enguany\/","og_locale":"es_ES","og_type":"article","og_title":"Aquestes s\u00f3n les novetats que presenta el Trail Fira de Tots Sants de Cocentaina enguany - COPE Alcoy","og_description":"El Trail Fira de Tots Sants de Cocentaina, organitzat pel Soca-Run Club d\u2019Esports de Muntanya, se celebrar\u00e0 diumenge 6 de novembre","og_url":"https:\/\/www.copealcoy.es\/es\/aquestes-son-les-novetats-que-presenta-el-trail-fira-de-tots-sants-de-cocentaina-enguany\/","og_site_name":"COPE Alcoy","article_published_time":"2022-10-18T02:00:49+00:00","article_modified_time":"2022-10-18T14:57:21+00:00","og_image":[{"width":1620,"height":1080,"url":"https:\/\/www.copealcoy.es\/wp-content\/uploads\/2022\/10\/Juan-Mari\u0301a-Jime\u0301nez-2-scaled.jpg","type":"image\/jpeg"}],"author":"Cope Alcoy","twitter_misc":{"Escrito por":"Cope Alcoy","Tiempo de lectura":"3 minutos"},"schema":{"@context":"https:\/\/schema.org","@graph":[{"@type":"Article","@id":"https:\/\/www.copealcoy.es\/es\/aquestes-son-les-novetats-que-presenta-el-trail-fira-de-tots-sants-de-cocentaina-enguany\/#article","isPartOf":{"@id":"https:\/\/www.copealcoy.es\/es\/aquestes-son-les-novetats-que-presenta-el-trail-fira-de-tots-sants-de-cocentaina-enguany\/"},"author":{"name":"Cope Alcoy","@id":"https:\/\/www.copealcoy.es\/es\/#\/schema\/person\/e777c87fa024e57d40170af9df39882c"},"headline":"Aquestes s\u00f3n les novetats que presenta el Trail Fira de Tots Sants de Cocentaina enguany","datePublished":"2022-10-18T02:00:49+00:00","dateModified":"2022-10-18T14:57:21+00:00","mainEntityOfPage":{"@id":"https:\/\/www.copealcoy.es\/es\/aquestes-son-les-novetats-que-presenta-el-trail-fira-de-tots-sants-de-cocentaina-enguany\/"},"wordCount":620,"commentCount":0,"image":{"@id":"https:\/\/www.copealcoy.es\/es\/aquestes-son-les-novetats-que-presenta-el-trail-fira-de-tots-sants-de-cocentaina-enguany\/#primaryimage"},"thumbnailUrl":"https:\/\/www.copealcoy.es\/wp-content\/uploads\/2022\/10\/Juan-Mari\u0301a-Jime\u0301nez-2-scaled.jpg","keywords":["Cocentaina","Esport","Fira de Tots Sants","Trail"],"articleSection":["Actualidad","Comarcas","Noticias"],"inLanguage":"es"},{"@type":"WebPage","@id":"https:\/\/www.copealcoy.es\/es\/aquestes-son-les-novetats-que-presenta-el-trail-fira-de-tots-sants-de-cocentaina-enguany\/","url":"https:\/\/www.copealcoy.es\/es\/aquestes-son-les-novetats-que-presenta-el-trail-fira-de-tots-sants-de-cocentaina-enguany\/","name":"Aquestes s\u00f3n les novetats que presenta el Trail Fira de Tots Sants de Cocentaina enguany - COPE Alcoy","isPartOf":{"@id":"https:\/\/www.copealcoy.es\/es\/#website"},"primaryImageOfPage":{"@id":"https:\/\/www.copealcoy.es\/es\/aquestes-son-les-novetats-que-presenta-el-trail-fira-de-tots-sants-de-cocentaina-enguany\/#primaryimage"},"image":{"@id":"https:\/\/www.copealcoy.es\/es\/aquestes-son-les-novetats-que-presenta-el-trail-fira-de-tots-sants-de-cocentaina-enguany\/#primaryimage"},"thumbnailUrl":"https:\/\/www.copealcoy.es\/wp-content\/uploads\/2022\/10\/Juan-Mari\u0301a-Jime\u0301nez-2-scaled.jpg","datePublished":"2022-10-18T02:00:49+00:00","dateModified":"2022-10-18T14:57:21+00:00","author":{"@id":"https:\/\/www.copealcoy.es\/es\/#\/schema\/person\/e777c87fa024e57d40170af9df39882c"},"description":"El Trail Fira de Tots Sants de Cocentaina, organitzat pel Soca-Run Club d\u2019Esports de Muntanya, se celebrar\u00e0 diumenge 6 de novembre","breadcrumb":{"@id":"https:\/\/www.copealcoy.es\/es\/aquestes-son-les-novetats-que-presenta-el-trail-fira-de-tots-sants-de-cocentaina-enguany\/#breadcrumb"},"inLanguage":"es","potentialAction":[{"@type":"ReadAction","target":["https:\/\/www.copealcoy.es\/es\/aquestes-son-les-novetats-que-presenta-el-trail-fira-de-tots-sants-de-cocentaina-enguany\/"]}]},{"@type":"ImageObject","inLanguage":"es","@id":"https:\/\/www.copealcoy.es\/es\/aquestes-son-les-novetats-que-presenta-el-trail-fira-de-tots-sants-de-cocentaina-enguany\/#primaryimage","url":"https:\/\/www.copealcoy.es\/wp-content\/uploads\/2022\/10\/Juan-Mari\u0301a-Jime\u0301nez-2-scaled.jpg","contentUrl":"https:\/\/www.copealcoy.es\/wp-content\/uploads\/2022\/10\/Juan-Mari\u0301a-Jime\u0301nez-2-scaled.jpg","width":1620,"height":1080},{"@type":"BreadcrumbList","@id":"https:\/\/www.copealcoy.es\/es\/aquestes-son-les-novetats-que-presenta-el-trail-fira-de-tots-sants-de-cocentaina-enguany\/#breadcrumb","itemListElement":[{"@type":"ListItem","position":1,"name":"Portada","item":"https:\/\/www.copealcoy.es\/es\/"},{"@type":"ListItem","position":2,"name":"Aquestes s\u00f3n les novetats que presenta el Trail Fira de Tots Sants de Cocentaina enguany"}]},{"@type":"WebSite","@id":"https:\/\/www.copealcoy.es\/es\/#website","url":"https:\/\/www.copealcoy.es\/es\/","name":"COPE Alcoy","description":"Emisora COPE de radio local con emisi\u00f3n online. Pont de Sant Jordi 8-10 03803 Alcoy","potentialAction":[{"@type":"SearchAction","target":{"@type":"EntryPoint","urlTemplate":"https:\/\/www.copealcoy.es\/es\/?s={search_term_string}"},"query-input":{"@type":"PropertyValueSpecification","valueRequired":true,"valueName":"search_term_string"}}],"inLanguage":"es"},{"@type":"Person","@id":"https:\/\/www.copealcoy.es\/es\/#\/schema\/person\/e777c87fa024e57d40170af9df39882c","name":"Cope Alcoy","image":{"@type":"ImageObject","inLanguage":"es","@id":"https:\/\/secure.gravatar.com\/avatar\/bb65d0283347e303893ba14f0692005417c1e0e690a325a4c5d8bb2b3943ee14?s=96&d=mm&r=g","url":"https:\/\/secure.gravatar.com\/avatar\/bb65d0283347e303893ba14f0692005417c1e0e690a325a4c5d8bb2b3943ee14?s=96&d=mm&r=g","contentUrl":"https:\/\/secure.gravatar.com\/avatar\/bb65d0283347e303893ba14f0692005417c1e0e690a325a4c5d8bb2b3943ee14?s=96&d=mm&r=g","caption":"Cope Alcoy"}}]}},"_links":{"self":[{"href":"https:\/\/www.copealcoy.es\/es\/wp-json\/wp\/v2\/posts\/92776","targetHints":{"allow":["GET"]}}],"collection":[{"href":"https:\/\/www.copealcoy.es\/es\/wp-json\/wp\/v2\/posts"}],"about":[{"href":"https:\/\/www.copealcoy.es\/es\/wp-json\/wp\/v2\/types\/post"}],"author":[{"embeddable":true,"href":"https:\/\/www.copealcoy.es\/es\/wp-json\/wp\/v2\/users\/1"}],"replies":[{"embeddable":true,"href":"https:\/\/www.copealcoy.es\/es\/wp-json\/wp\/v2\/comments?post=92776"}],"version-history":[{"count":0,"href":"https:\/\/www.copealcoy.es\/es\/wp-json\/wp\/v2\/posts\/92776\/revisions"}],"wp:featuredmedia":[{"embeddable":true,"href":"https:\/\/www.copealcoy.es\/es\/wp-json\/wp\/v2\/media\/92777"}],"wp:attachment":[{"href":"https:\/\/www.copealcoy.es\/es\/wp-json\/wp\/v2\/media?parent=92776"}],"wp:term":[{"taxonomy":"category","embeddable":true,"href":"https:\/\/www.copealcoy.es\/es\/wp-json\/wp\/v2\/categories?post=92776"},{"taxonomy":"post_tag","embeddable":true,"href":"https:\/\/www.copealcoy.es\/es\/wp-json\/wp\/v2\/tags?post=92776"}],"curies":[{"name":"wp","href":"https:\/\/api.w.org\/{rel}","templated":true}]}}