{"id":92762,"date":"2022-10-10T20:43:45","date_gmt":"2022-10-10T19:43:45","guid":{"rendered":"https:\/\/www.copealcoy.es\/?p=92762"},"modified":"2022-10-11T06:33:18","modified_gmt":"2022-10-11T05:33:18","slug":"derrota-de-lalcoyano-davant-el-cornella-per-2-0","status":"publish","type":"post","link":"https:\/\/www.copealcoy.es\/es\/derrota-de-lalcoyano-davant-el-cornella-per-2-0\/","title":{"rendered":"Derrota de l&#8217;Alcoyano davant el Cornell\u00e0 per 2-0"},"content":{"rendered":"<p style=\"text-align: justify;\">El <a href=\"https:\/\/www.cdalcoyano.com\/\"><strong><span style=\"color: #0000ff;\">CD Alcoyano<\/span><\/strong><\/a> <strong>va patir la derrota en l&#8217;\u00faltim encontre de lliga<\/strong> i <strong>els nostres van perdre per 2-0 enfront del Cornell\u00e0<\/strong>. El nostre Club <strong>va guanyar en els seus dos \u00faltims partits de la competici\u00f3<\/strong> contra el At. Balears en el seu estadi i al Real Uni\u00f3 d&#8217;Irun a domicili, per 2-1 i 1-2 respectivament i portava una ratxa de quatre vict\u00f2ries consecutives.<\/p>\n<p style=\"text-align: justify;\">La <strong>primera part<\/strong> de l&#8217;enfrontament va comen\u00e7ar de manera positiva per a l&#8217;onze cornellanense, que va inaugurar el marcador amb una miqueta de Rub\u00e9n Enri, acabant d&#8217;aquesta manera el primer per\u00edode amb un 1-0 en el llumin\u00f3s. El <strong>segon temps<\/strong> va arrancar de manera immillorable per al Cornell\u00e0, conjunt que va posar m\u00e9s terra pel mig amb un gol de lliure directe de Xesc Fullana en el minut 52, acabant el partit amb un resultat definitiu de 2-0.<\/p>\n<p style=\"text-align: justify;\">Els <strong>entrenadors<\/strong> de tots dos equips van decidir usar tots els canvis disponibles. L&#8217;Alcoyano<strong> va donar entrada<\/strong> a Soler, Sergio Moyita, Rubio, Koke S\u00e1iz i S\u00e1nchez per Fran Miranda, Ra\u00fal Robles, Lillo Castellano, Adri\u00e1n Armental i Ag\u00fcero. En la pr\u00f2xima jornada, els nostres s&#8217;enfrontaran en el seu feu davant el Castell\u00f3.<\/p>\n<p>Foto: S\u00edlvia Calatayud<\/p>\n","protected":false},"excerpt":{"rendered":"<p>El CD Alcoyano va patir la derrota en l&#8217;\u00faltim encontre de lliga i els nostres van perdre per 2-0 enfront&#8230;<\/p>\n","protected":false},"author":1,"featured_media":92763,"comment_status":"open","ping_status":"open","sticky":false,"template":"","format":"standard","meta":{"footnotes":""},"categories":[6909,97,92,75],"tags":[160,140,9590,9896,6813],"class_list":["post-92762","post","type-post","status-publish","format-standard","has-post-thumbnail","hentry","category-actualidad","category-alcoy","category-deportes","category-noticias","tag-alcoi","tag-alcoyano","tag-encontre","tag-lliga","tag-ue-cornella"],"yoast_head":"<!-- This site is optimized with the Yoast SEO plugin v27.3 - https:\/\/yoast.com\/product\/yoast-seo-wordpress\/ -->\n<title>Derrota de l&#039;Alcoyano davant el Cornell\u00e0 per 2-0 - COPE Alcoy<\/title>\n<meta name=\"description\" content=\"El CD Alcoyano va patir la derrota en l&#039;\u00faltim encontre de lliga davant el Cornell\u00e0 el passat cap de setmana\" \/>\n<meta name=\"robots\" content=\"index, follow, max-snippet:-1, max-image-preview:large, max-video-preview:-1\" \/>\n<link rel=\"canonical\" href=\"https:\/\/www.copealcoy.es\/es\/derrota-de-lalcoyano-davant-el-cornella-per-2-0\/\" \/>\n<meta property=\"og:locale\" content=\"es_ES\" \/>\n<meta property=\"og:type\" content=\"article\" \/>\n<meta property=\"og:title\" content=\"Derrota de l&#039;Alcoyano davant el Cornell\u00e0 per 2-0 - COPE Alcoy\" \/>\n<meta property=\"og:description\" content=\"El CD Alcoyano va patir la derrota en l&#039;\u00faltim encontre de lliga davant el Cornell\u00e0 el passat cap de setmana\" \/>\n<meta property=\"og:url\" content=\"https:\/\/www.copealcoy.es\/es\/derrota-de-lalcoyano-davant-el-cornella-per-2-0\/\" \/>\n<meta property=\"og:site_name\" content=\"COPE Alcoy\" \/>\n<meta property=\"article:published_time\" content=\"2022-10-10T19:43:45+00:00\" \/>\n<meta property=\"article:modified_time\" content=\"2022-10-11T05:33:18+00:00\" \/>\n<meta property=\"og:image\" content=\"https:\/\/www.copealcoy.es\/wp-content\/uploads\/2022\/10\/311286916_2312211762290077_788465300297797444_n.jpg\" \/>\n\t<meta property=\"og:image:width\" content=\"593\" \/>\n\t<meta property=\"og:image:height\" content=\"395\" \/>\n\t<meta property=\"og:image:type\" content=\"image\/jpeg\" \/>\n<meta name=\"author\" content=\"Cope Alcoy\" \/>\n<meta name=\"twitter:label1\" content=\"Escrito por\" \/>\n\t<meta name=\"twitter:data1\" content=\"Cope Alcoy\" \/>\n\t<meta name=\"twitter:label2\" content=\"Tiempo de lectura\" \/>\n\t<meta name=\"twitter:data2\" content=\"1 minuto\" \/>\n<script type=\"application\/ld+json\" class=\"yoast-schema-graph\">{\"@context\":\"https:\\\/\\\/schema.org\",\"@graph\":[{\"@type\":\"Article\",\"@id\":\"https:\\\/\\\/www.copealcoy.es\\\/es\\\/derrota-de-lalcoyano-davant-el-cornella-per-2-0\\\/#article\",\"isPartOf\":{\"@id\":\"https:\\\/\\\/www.copealcoy.es\\\/es\\\/derrota-de-lalcoyano-davant-el-cornella-per-2-0\\\/\"},\"author\":{\"name\":\"Cope Alcoy\",\"@id\":\"https:\\\/\\\/www.copealcoy.es\\\/es\\\/#\\\/schema\\\/person\\\/e777c87fa024e57d40170af9df39882c\"},\"headline\":\"Derrota de l&#8217;Alcoyano davant el Cornell\u00e0 per 2-0\",\"datePublished\":\"2022-10-10T19:43:45+00:00\",\"dateModified\":\"2022-10-11T05:33:18+00:00\",\"mainEntityOfPage\":{\"@id\":\"https:\\\/\\\/www.copealcoy.es\\\/es\\\/derrota-de-lalcoyano-davant-el-cornella-per-2-0\\\/\"},\"wordCount\":224,\"commentCount\":0,\"image\":{\"@id\":\"https:\\\/\\\/www.copealcoy.es\\\/es\\\/derrota-de-lalcoyano-davant-el-cornella-per-2-0\\\/#primaryimage\"},\"thumbnailUrl\":\"https:\\\/\\\/www.copealcoy.es\\\/wp-content\\\/uploads\\\/2022\\\/10\\\/311286916_2312211762290077_788465300297797444_n.jpg\",\"keywords\":[\"Alcoi\",\"Alcoyano\",\"encontre\",\"lliga\",\"UE Cornell\u00e0\"],\"articleSection\":[\"Actualidad\",\"Alcoy\",\"Deportes\",\"Noticias\"],\"inLanguage\":\"es\"},{\"@type\":\"WebPage\",\"@id\":\"https:\\\/\\\/www.copealcoy.es\\\/es\\\/derrota-de-lalcoyano-davant-el-cornella-per-2-0\\\/\",\"url\":\"https:\\\/\\\/www.copealcoy.es\\\/es\\\/derrota-de-lalcoyano-davant-el-cornella-per-2-0\\\/\",\"name\":\"Derrota de l'Alcoyano davant el Cornell\u00e0 per 2-0 - COPE Alcoy\",\"isPartOf\":{\"@id\":\"https:\\\/\\\/www.copealcoy.es\\\/es\\\/#website\"},\"primaryImageOfPage\":{\"@id\":\"https:\\\/\\\/www.copealcoy.es\\\/es\\\/derrota-de-lalcoyano-davant-el-cornella-per-2-0\\\/#primaryimage\"},\"image\":{\"@id\":\"https:\\\/\\\/www.copealcoy.es\\\/es\\\/derrota-de-lalcoyano-davant-el-cornella-per-2-0\\\/#primaryimage\"},\"thumbnailUrl\":\"https:\\\/\\\/www.copealcoy.es\\\/wp-content\\\/uploads\\\/2022\\\/10\\\/311286916_2312211762290077_788465300297797444_n.jpg\",\"datePublished\":\"2022-10-10T19:43:45+00:00\",\"dateModified\":\"2022-10-11T05:33:18+00:00\",\"author\":{\"@id\":\"https:\\\/\\\/www.copealcoy.es\\\/es\\\/#\\\/schema\\\/person\\\/e777c87fa024e57d40170af9df39882c\"},\"description\":\"El CD Alcoyano va patir la derrota en l'\u00faltim encontre de lliga davant el Cornell\u00e0 el passat cap de setmana\",\"breadcrumb\":{\"@id\":\"https:\\\/\\\/www.copealcoy.es\\\/es\\\/derrota-de-lalcoyano-davant-el-cornella-per-2-0\\\/#breadcrumb\"},\"inLanguage\":\"es\",\"potentialAction\":[{\"@type\":\"ReadAction\",\"target\":[\"https:\\\/\\\/www.copealcoy.es\\\/es\\\/derrota-de-lalcoyano-davant-el-cornella-per-2-0\\\/\"]}]},{\"@type\":\"ImageObject\",\"inLanguage\":\"es\",\"@id\":\"https:\\\/\\\/www.copealcoy.es\\\/es\\\/derrota-de-lalcoyano-davant-el-cornella-per-2-0\\\/#primaryimage\",\"url\":\"https:\\\/\\\/www.copealcoy.es\\\/wp-content\\\/uploads\\\/2022\\\/10\\\/311286916_2312211762290077_788465300297797444_n.jpg\",\"contentUrl\":\"https:\\\/\\\/www.copealcoy.es\\\/wp-content\\\/uploads\\\/2022\\\/10\\\/311286916_2312211762290077_788465300297797444_n.jpg\",\"width\":593,\"height\":395},{\"@type\":\"BreadcrumbList\",\"@id\":\"https:\\\/\\\/www.copealcoy.es\\\/es\\\/derrota-de-lalcoyano-davant-el-cornella-per-2-0\\\/#breadcrumb\",\"itemListElement\":[{\"@type\":\"ListItem\",\"position\":1,\"name\":\"Portada\",\"item\":\"https:\\\/\\\/www.copealcoy.es\\\/es\\\/\"},{\"@type\":\"ListItem\",\"position\":2,\"name\":\"Derrota de l&#8217;Alcoyano davant el Cornell\u00e0 per 2-0\"}]},{\"@type\":\"WebSite\",\"@id\":\"https:\\\/\\\/www.copealcoy.es\\\/es\\\/#website\",\"url\":\"https:\\\/\\\/www.copealcoy.es\\\/es\\\/\",\"name\":\"COPE Alcoy\",\"description\":\"Emisora COPE de radio local con emisi\u00f3n online. Pont de Sant Jordi 8-10 03803 Alcoy\",\"potentialAction\":[{\"@type\":\"SearchAction\",\"target\":{\"@type\":\"EntryPoint\",\"urlTemplate\":\"https:\\\/\\\/www.copealcoy.es\\\/es\\\/?s={search_term_string}\"},\"query-input\":{\"@type\":\"PropertyValueSpecification\",\"valueRequired\":true,\"valueName\":\"search_term_string\"}}],\"inLanguage\":\"es\"},{\"@type\":\"Person\",\"@id\":\"https:\\\/\\\/www.copealcoy.es\\\/es\\\/#\\\/schema\\\/person\\\/e777c87fa024e57d40170af9df39882c\",\"name\":\"Cope Alcoy\",\"image\":{\"@type\":\"ImageObject\",\"inLanguage\":\"es\",\"@id\":\"https:\\\/\\\/secure.gravatar.com\\\/avatar\\\/bb65d0283347e303893ba14f0692005417c1e0e690a325a4c5d8bb2b3943ee14?s=96&d=mm&r=g\",\"url\":\"https:\\\/\\\/secure.gravatar.com\\\/avatar\\\/bb65d0283347e303893ba14f0692005417c1e0e690a325a4c5d8bb2b3943ee14?s=96&d=mm&r=g\",\"contentUrl\":\"https:\\\/\\\/secure.gravatar.com\\\/avatar\\\/bb65d0283347e303893ba14f0692005417c1e0e690a325a4c5d8bb2b3943ee14?s=96&d=mm&r=g\",\"caption\":\"Cope Alcoy\"}}]}<\/script>\n<!-- \/ Yoast SEO plugin. -->","yoast_head_json":{"title":"Derrota de l'Alcoyano davant el Cornell\u00e0 per 2-0 - COPE Alcoy","description":"El CD Alcoyano va patir la derrota en l'\u00faltim encontre de lliga davant el Cornell\u00e0 el passat cap de setmana","robots":{"index":"index","follow":"follow","max-snippet":"max-snippet:-1","max-image-preview":"max-image-preview:large","max-video-preview":"max-video-preview:-1"},"canonical":"https:\/\/www.copealcoy.es\/es\/derrota-de-lalcoyano-davant-el-cornella-per-2-0\/","og_locale":"es_ES","og_type":"article","og_title":"Derrota de l'Alcoyano davant el Cornell\u00e0 per 2-0 - COPE Alcoy","og_description":"El CD Alcoyano va patir la derrota en l'\u00faltim encontre de lliga davant el Cornell\u00e0 el passat cap de setmana","og_url":"https:\/\/www.copealcoy.es\/es\/derrota-de-lalcoyano-davant-el-cornella-per-2-0\/","og_site_name":"COPE Alcoy","article_published_time":"2022-10-10T19:43:45+00:00","article_modified_time":"2022-10-11T05:33:18+00:00","og_image":[{"width":593,"height":395,"url":"https:\/\/www.copealcoy.es\/wp-content\/uploads\/2022\/10\/311286916_2312211762290077_788465300297797444_n.jpg","type":"image\/jpeg"}],"author":"Cope Alcoy","twitter_misc":{"Escrito por":"Cope Alcoy","Tiempo de lectura":"1 minuto"},"schema":{"@context":"https:\/\/schema.org","@graph":[{"@type":"Article","@id":"https:\/\/www.copealcoy.es\/es\/derrota-de-lalcoyano-davant-el-cornella-per-2-0\/#article","isPartOf":{"@id":"https:\/\/www.copealcoy.es\/es\/derrota-de-lalcoyano-davant-el-cornella-per-2-0\/"},"author":{"name":"Cope Alcoy","@id":"https:\/\/www.copealcoy.es\/es\/#\/schema\/person\/e777c87fa024e57d40170af9df39882c"},"headline":"Derrota de l&#8217;Alcoyano davant el Cornell\u00e0 per 2-0","datePublished":"2022-10-10T19:43:45+00:00","dateModified":"2022-10-11T05:33:18+00:00","mainEntityOfPage":{"@id":"https:\/\/www.copealcoy.es\/es\/derrota-de-lalcoyano-davant-el-cornella-per-2-0\/"},"wordCount":224,"commentCount":0,"image":{"@id":"https:\/\/www.copealcoy.es\/es\/derrota-de-lalcoyano-davant-el-cornella-per-2-0\/#primaryimage"},"thumbnailUrl":"https:\/\/www.copealcoy.es\/wp-content\/uploads\/2022\/10\/311286916_2312211762290077_788465300297797444_n.jpg","keywords":["Alcoi","Alcoyano","encontre","lliga","UE Cornell\u00e0"],"articleSection":["Actualidad","Alcoy","Deportes","Noticias"],"inLanguage":"es"},{"@type":"WebPage","@id":"https:\/\/www.copealcoy.es\/es\/derrota-de-lalcoyano-davant-el-cornella-per-2-0\/","url":"https:\/\/www.copealcoy.es\/es\/derrota-de-lalcoyano-davant-el-cornella-per-2-0\/","name":"Derrota de l'Alcoyano davant el Cornell\u00e0 per 2-0 - COPE Alcoy","isPartOf":{"@id":"https:\/\/www.copealcoy.es\/es\/#website"},"primaryImageOfPage":{"@id":"https:\/\/www.copealcoy.es\/es\/derrota-de-lalcoyano-davant-el-cornella-per-2-0\/#primaryimage"},"image":{"@id":"https:\/\/www.copealcoy.es\/es\/derrota-de-lalcoyano-davant-el-cornella-per-2-0\/#primaryimage"},"thumbnailUrl":"https:\/\/www.copealcoy.es\/wp-content\/uploads\/2022\/10\/311286916_2312211762290077_788465300297797444_n.jpg","datePublished":"2022-10-10T19:43:45+00:00","dateModified":"2022-10-11T05:33:18+00:00","author":{"@id":"https:\/\/www.copealcoy.es\/es\/#\/schema\/person\/e777c87fa024e57d40170af9df39882c"},"description":"El CD Alcoyano va patir la derrota en l'\u00faltim encontre de lliga davant el Cornell\u00e0 el passat cap de setmana","breadcrumb":{"@id":"https:\/\/www.copealcoy.es\/es\/derrota-de-lalcoyano-davant-el-cornella-per-2-0\/#breadcrumb"},"inLanguage":"es","potentialAction":[{"@type":"ReadAction","target":["https:\/\/www.copealcoy.es\/es\/derrota-de-lalcoyano-davant-el-cornella-per-2-0\/"]}]},{"@type":"ImageObject","inLanguage":"es","@id":"https:\/\/www.copealcoy.es\/es\/derrota-de-lalcoyano-davant-el-cornella-per-2-0\/#primaryimage","url":"https:\/\/www.copealcoy.es\/wp-content\/uploads\/2022\/10\/311286916_2312211762290077_788465300297797444_n.jpg","contentUrl":"https:\/\/www.copealcoy.es\/wp-content\/uploads\/2022\/10\/311286916_2312211762290077_788465300297797444_n.jpg","width":593,"height":395},{"@type":"BreadcrumbList","@id":"https:\/\/www.copealcoy.es\/es\/derrota-de-lalcoyano-davant-el-cornella-per-2-0\/#breadcrumb","itemListElement":[{"@type":"ListItem","position":1,"name":"Portada","item":"https:\/\/www.copealcoy.es\/es\/"},{"@type":"ListItem","position":2,"name":"Derrota de l&#8217;Alcoyano davant el Cornell\u00e0 per 2-0"}]},{"@type":"WebSite","@id":"https:\/\/www.copealcoy.es\/es\/#website","url":"https:\/\/www.copealcoy.es\/es\/","name":"COPE Alcoy","description":"Emisora COPE de radio local con emisi\u00f3n online. Pont de Sant Jordi 8-10 03803 Alcoy","potentialAction":[{"@type":"SearchAction","target":{"@type":"EntryPoint","urlTemplate":"https:\/\/www.copealcoy.es\/es\/?s={search_term_string}"},"query-input":{"@type":"PropertyValueSpecification","valueRequired":true,"valueName":"search_term_string"}}],"inLanguage":"es"},{"@type":"Person","@id":"https:\/\/www.copealcoy.es\/es\/#\/schema\/person\/e777c87fa024e57d40170af9df39882c","name":"Cope Alcoy","image":{"@type":"ImageObject","inLanguage":"es","@id":"https:\/\/secure.gravatar.com\/avatar\/bb65d0283347e303893ba14f0692005417c1e0e690a325a4c5d8bb2b3943ee14?s=96&d=mm&r=g","url":"https:\/\/secure.gravatar.com\/avatar\/bb65d0283347e303893ba14f0692005417c1e0e690a325a4c5d8bb2b3943ee14?s=96&d=mm&r=g","contentUrl":"https:\/\/secure.gravatar.com\/avatar\/bb65d0283347e303893ba14f0692005417c1e0e690a325a4c5d8bb2b3943ee14?s=96&d=mm&r=g","caption":"Cope Alcoy"}}]}},"_links":{"self":[{"href":"https:\/\/www.copealcoy.es\/es\/wp-json\/wp\/v2\/posts\/92762","targetHints":{"allow":["GET"]}}],"collection":[{"href":"https:\/\/www.copealcoy.es\/es\/wp-json\/wp\/v2\/posts"}],"about":[{"href":"https:\/\/www.copealcoy.es\/es\/wp-json\/wp\/v2\/types\/post"}],"author":[{"embeddable":true,"href":"https:\/\/www.copealcoy.es\/es\/wp-json\/wp\/v2\/users\/1"}],"replies":[{"embeddable":true,"href":"https:\/\/www.copealcoy.es\/es\/wp-json\/wp\/v2\/comments?post=92762"}],"version-history":[{"count":0,"href":"https:\/\/www.copealcoy.es\/es\/wp-json\/wp\/v2\/posts\/92762\/revisions"}],"wp:featuredmedia":[{"embeddable":true,"href":"https:\/\/www.copealcoy.es\/es\/wp-json\/wp\/v2\/media\/92763"}],"wp:attachment":[{"href":"https:\/\/www.copealcoy.es\/es\/wp-json\/wp\/v2\/media?parent=92762"}],"wp:term":[{"taxonomy":"category","embeddable":true,"href":"https:\/\/www.copealcoy.es\/es\/wp-json\/wp\/v2\/categories?post=92762"},{"taxonomy":"post_tag","embeddable":true,"href":"https:\/\/www.copealcoy.es\/es\/wp-json\/wp\/v2\/tags?post=92762"}],"curies":[{"name":"wp","href":"https:\/\/api.w.org\/{rel}","templated":true}]}}