{"id":92627,"date":"2022-10-07T17:39:50","date_gmt":"2022-10-07T16:39:50","guid":{"rendered":"https:\/\/www.copealcoy.es\/?p=92627"},"modified":"2022-10-07T18:03:56","modified_gmt":"2022-10-07T17:03:56","slug":"pablo-de-gracia-president-de-la-cambra-de-comerc-dalcoi-treballem-per-dinamitzar-un-sector-clau-per-a-la-nostra-ciutat","status":"publish","type":"post","link":"https:\/\/www.copealcoy.es\/es\/pablo-de-gracia-president-de-la-cambra-de-comerc-dalcoi-treballem-per-dinamitzar-un-sector-clau-per-a-la-nostra-ciutat\/","title":{"rendered":"Pablo de Gr\u00e0cia, president de la Cambra de Comer\u00e7 d&#8217;Alcoi: &#8220;treballem per dinamitzar un sector clau per a la nostra ciutat&#8221;"},"content":{"rendered":"<p style=\"text-align: justify;\">La <a href=\"https:\/\/www.camaraalcoy.net\/\"><strong><span style=\"color: #0000ff;\">Cambra de Comer\u00e7 d&#8217;Alcoi<\/span> <\/strong><\/a>no deixa d&#8217;impulsar iniciatives per tal de <strong>dinamitzar l&#8217;activitat comercial de la nostra ciutat<\/strong>. Per aquest motiu, <strong>amb el suport d&#8217;Alcoi Comercial,\u00a0<span class=\"hiddenSpellError\">ACECA<\/span>\u00a0i l&#8217;Ajuntament<\/strong>, han llan\u00e7at la campanya <strong>&#8216;3.000\u00a0<span class=\"hiddenSpellError\">razones<\/span>&#8216;<\/strong> que busca incentivar les compres oferint interessants premis per als clients.<\/p>\n<p style=\"text-align: justify;\">Des de la mateixa Cambra de Comer\u00e7 expliquen que <strong>tots els comer\u00e7os adherits tenen ja un cartell distintiu de cara a l&#8217;exterior<\/strong> que informa els clients que all\u00ed poden participar en aquesta proposta. Els consumidors <strong>podran segellar un xec en tres comer\u00e7os<\/strong> i despr\u00e9s <strong>depositaran el mateix en una urna<\/strong> que estar\u00e0 situada en la seu de la Cambra del carrer Sant Francesc i en les de &#8216;Incub&#8217;\u00a0situades en\u00a0<span class=\"hiddenSpellError\">Severino<\/span>\u00a0<span class=\"hiddenSpellError\">Albarraz\u00edn<\/span>\u00a0n\u00famero 8 &#8220;<em>aquells que resulten guanyadors podran optar a un premi de 2.000 euros, o un de 500, per a consumir en el comer\u00e7 d&#8217;Alcoi. Els que participen tamb\u00e9 rebran un\u00a0<span class=\"hiddenGrammarError\" style=\"padding-bottom: 2px; background-image: url('..\/..\/..\/..\/..\/images\/squiggle.png'); background-repeat: repeat-x; background-position: left bottom; vertical-align: text-top; cursor: default; color: #000000; font-family: Verdana, Arial, Helvetica, sans-serif; font-size: 12px; font-variant-ligatures: normal; font-variant-caps: normal; font-weight: 400; letter-spacing: normal; orphans: 2; text-align: start; text-indent: 0px; text-transform: none; white-space: normal; widows: 2; word-spacing: 0px; -webkit-text-stroke-width: 0px; background-color: #f7f7f7; text-decoration-thickness: initial; text-decoration-style: initial; text-decoration-color: initial;\">altaveu wifi<\/span>\u00a0per a la dutxa. A m\u00e9s de fomentar les compres, tamb\u00e9 aconseguim crear una uni\u00f3 molt especial entre els qui regenten un negoci i els consumidors<\/em>&#8220;, afirmava en COPE ALCOI <strong>Pablo de Gr\u00e0cia<\/strong>, el president\u00a0de la instituci\u00f3. De Gr\u00e0cia tamb\u00e9 fa refer\u00e8ncia <strong>al teixit comercial de la ciutat<\/strong> i recorda que des de la Cambra es <strong>dona suport constant a un sector<\/strong> que tamb\u00e9 ha patit amb duresa les conseq\u00fc\u00e8ncies econ\u00f2miques derivades de la pand\u00e8mia &#8220;<em>a m\u00e9s estem treballant per competir amb les grans superf\u00edcies i la venda online.\u00a0Hem de reivindicar una cosa que marca la nostra difer\u00e8ncia, el tracte hum\u00e0 de tu a tu en les tendes que trobem pels nostres carrers<\/em>&#8220;, assenyala.<\/p>\n<p style=\"text-align: justify;\">Cal apuntar que en l<strong>a campanya es podr\u00e0 participar del 3 al 23 d&#8217;octubre<\/strong>. El sorteig per a atorgar els premis anteriorment\u00a0esmentats <strong>s&#8217;espera que puga realitzar-se<\/strong> en el marc d&#8217;un acte d&#8217;homenatge al comer\u00e7 previst per al 25 d&#8217;octubre.<\/p>\n<p>Ac\u00ed <strong>pots escoltar<\/strong> l&#8217;entrevista:<\/p>\n<p><iframe loading=\"lazy\" title=\"&#039;Mediod\u00eda Cope&#039; Alcoi Dijous 6 D&#039;Octubre 2022 (13:50h)\" width=\"100%\" height=\"120\" src=\"https:\/\/www.mixcloud.com\/widget\/iframe\/?feed=https%3A%2F%2Fwww.mixcloud.com%2FCOPEAlcoy%2Fmediod%25C3%25ADa-cope-alcoi-dijous-6-doctubre-2022-1350h%2F&amp;hide_cover=1\" frameborder=\"0\"><\/iframe><\/p>\n","protected":false},"excerpt":{"rendered":"<p>La Cambra de Comer\u00e7 d&#8217;Alcoi no deixa d&#8217;impulsar iniciatives per tal de dinamitzar l&#8217;activitat comercial de la nostra ciutat. Per&#8230;<\/p>\n","protected":false},"author":1,"featured_media":92628,"comment_status":"open","ping_status":"open","sticky":false,"template":"","format":"standard","meta":{"footnotes":""},"categories":[6909,97,75,79],"tags":[13274,160,13273,9579,5385],"class_list":["post-92627","post","type-post","status-publish","format-standard","has-post-thumbnail","hentry","category-actualidad","category-alcoy","category-noticias","category-politicayeconomia","tag-3-000-razones","tag-alcoi","tag-cambra-de-comerc","tag-campanya","tag-pablo-de-gracia"],"yoast_head":"<!-- This site is optimized with the Yoast SEO plugin v27.3 - https:\/\/yoast.com\/product\/yoast-seo-wordpress\/ -->\n<title>Pablo de Gr\u00e0cia, president de la Cambra de Comer\u00e7 d&#039;Alcoi: &quot;treballem per dinamitzar un sector clau per a la nostra ciutat&quot; - COPE Alcoy<\/title>\n<meta name=\"description\" content=\"El president de la Cambra de Comer\u00e7 d&#039;Alcoi ens parla de les iniciatives per tal de dinamitzar l&#039;activitat comercial\" \/>\n<meta name=\"robots\" content=\"index, follow, max-snippet:-1, max-image-preview:large, max-video-preview:-1\" \/>\n<link rel=\"canonical\" href=\"https:\/\/www.copealcoy.es\/es\/pablo-de-gracia-president-de-la-cambra-de-comerc-dalcoi-treballem-per-dinamitzar-un-sector-clau-per-a-la-nostra-ciutat\/\" \/>\n<meta property=\"og:locale\" content=\"es_ES\" \/>\n<meta property=\"og:type\" content=\"article\" \/>\n<meta property=\"og:title\" content=\"Pablo de Gr\u00e0cia, president de la Cambra de Comer\u00e7 d&#039;Alcoi: &quot;treballem per dinamitzar un sector clau per a la nostra ciutat&quot; - COPE Alcoy\" \/>\n<meta property=\"og:description\" content=\"El president de la Cambra de Comer\u00e7 d&#039;Alcoi ens parla de les iniciatives per tal de dinamitzar l&#039;activitat comercial\" \/>\n<meta property=\"og:url\" content=\"https:\/\/www.copealcoy.es\/es\/pablo-de-gracia-president-de-la-cambra-de-comerc-dalcoi-treballem-per-dinamitzar-un-sector-clau-per-a-la-nostra-ciutat\/\" \/>\n<meta property=\"og:site_name\" content=\"COPE Alcoy\" \/>\n<meta property=\"article:published_time\" content=\"2022-10-07T16:39:50+00:00\" \/>\n<meta property=\"article:modified_time\" content=\"2022-10-07T17:03:56+00:00\" \/>\n<meta property=\"og:image\" content=\"https:\/\/www.copealcoy.es\/wp-content\/uploads\/2022\/10\/unnamed-5-scaled-e1665160649341.jpg\" \/>\n\t<meta property=\"og:image:width\" content=\"640\" \/>\n\t<meta property=\"og:image:height\" content=\"405\" \/>\n\t<meta property=\"og:image:type\" content=\"image\/jpeg\" \/>\n<meta name=\"author\" content=\"Cope Alcoy\" \/>\n<meta name=\"twitter:label1\" content=\"Escrito por\" \/>\n\t<meta name=\"twitter:data1\" content=\"Cope Alcoy\" \/>\n\t<meta name=\"twitter:label2\" content=\"Tiempo de lectura\" \/>\n\t<meta name=\"twitter:data2\" content=\"2 minutos\" \/>\n<script type=\"application\/ld+json\" class=\"yoast-schema-graph\">{\"@context\":\"https:\\\/\\\/schema.org\",\"@graph\":[{\"@type\":\"Article\",\"@id\":\"https:\\\/\\\/www.copealcoy.es\\\/es\\\/pablo-de-gracia-president-de-la-cambra-de-comerc-dalcoi-treballem-per-dinamitzar-un-sector-clau-per-a-la-nostra-ciutat\\\/#article\",\"isPartOf\":{\"@id\":\"https:\\\/\\\/www.copealcoy.es\\\/es\\\/pablo-de-gracia-president-de-la-cambra-de-comerc-dalcoi-treballem-per-dinamitzar-un-sector-clau-per-a-la-nostra-ciutat\\\/\"},\"author\":{\"name\":\"Cope Alcoy\",\"@id\":\"https:\\\/\\\/www.copealcoy.es\\\/es\\\/#\\\/schema\\\/person\\\/e777c87fa024e57d40170af9df39882c\"},\"headline\":\"Pablo de Gr\u00e0cia, president de la Cambra de Comer\u00e7 d&#8217;Alcoi: &#8220;treballem per dinamitzar un sector clau per a la nostra ciutat&#8221;\",\"datePublished\":\"2022-10-07T16:39:50+00:00\",\"dateModified\":\"2022-10-07T17:03:56+00:00\",\"mainEntityOfPage\":{\"@id\":\"https:\\\/\\\/www.copealcoy.es\\\/es\\\/pablo-de-gracia-president-de-la-cambra-de-comerc-dalcoi-treballem-per-dinamitzar-un-sector-clau-per-a-la-nostra-ciutat\\\/\"},\"wordCount\":367,\"commentCount\":0,\"image\":{\"@id\":\"https:\\\/\\\/www.copealcoy.es\\\/es\\\/pablo-de-gracia-president-de-la-cambra-de-comerc-dalcoi-treballem-per-dinamitzar-un-sector-clau-per-a-la-nostra-ciutat\\\/#primaryimage\"},\"thumbnailUrl\":\"https:\\\/\\\/www.copealcoy.es\\\/wp-content\\\/uploads\\\/2022\\\/10\\\/unnamed-5-scaled-e1665160649341.jpg\",\"keywords\":[\"3.000 razones\",\"Alcoi\",\"Cambra de Comer\u00e7\",\"campanya\",\"Pablo de Gracia\"],\"articleSection\":[\"Actualidad\",\"Alcoy\",\"Noticias\",\"Pol\u00edtica y Econom\u00eda\"],\"inLanguage\":\"es\"},{\"@type\":\"WebPage\",\"@id\":\"https:\\\/\\\/www.copealcoy.es\\\/es\\\/pablo-de-gracia-president-de-la-cambra-de-comerc-dalcoi-treballem-per-dinamitzar-un-sector-clau-per-a-la-nostra-ciutat\\\/\",\"url\":\"https:\\\/\\\/www.copealcoy.es\\\/es\\\/pablo-de-gracia-president-de-la-cambra-de-comerc-dalcoi-treballem-per-dinamitzar-un-sector-clau-per-a-la-nostra-ciutat\\\/\",\"name\":\"Pablo de Gr\u00e0cia, president de la Cambra de Comer\u00e7 d'Alcoi: \\\"treballem per dinamitzar un sector clau per a la nostra ciutat\\\" - COPE Alcoy\",\"isPartOf\":{\"@id\":\"https:\\\/\\\/www.copealcoy.es\\\/es\\\/#website\"},\"primaryImageOfPage\":{\"@id\":\"https:\\\/\\\/www.copealcoy.es\\\/es\\\/pablo-de-gracia-president-de-la-cambra-de-comerc-dalcoi-treballem-per-dinamitzar-un-sector-clau-per-a-la-nostra-ciutat\\\/#primaryimage\"},\"image\":{\"@id\":\"https:\\\/\\\/www.copealcoy.es\\\/es\\\/pablo-de-gracia-president-de-la-cambra-de-comerc-dalcoi-treballem-per-dinamitzar-un-sector-clau-per-a-la-nostra-ciutat\\\/#primaryimage\"},\"thumbnailUrl\":\"https:\\\/\\\/www.copealcoy.es\\\/wp-content\\\/uploads\\\/2022\\\/10\\\/unnamed-5-scaled-e1665160649341.jpg\",\"datePublished\":\"2022-10-07T16:39:50+00:00\",\"dateModified\":\"2022-10-07T17:03:56+00:00\",\"author\":{\"@id\":\"https:\\\/\\\/www.copealcoy.es\\\/es\\\/#\\\/schema\\\/person\\\/e777c87fa024e57d40170af9df39882c\"},\"description\":\"El president de la Cambra de Comer\u00e7 d'Alcoi ens parla de les iniciatives per tal de dinamitzar l'activitat comercial\",\"breadcrumb\":{\"@id\":\"https:\\\/\\\/www.copealcoy.es\\\/es\\\/pablo-de-gracia-president-de-la-cambra-de-comerc-dalcoi-treballem-per-dinamitzar-un-sector-clau-per-a-la-nostra-ciutat\\\/#breadcrumb\"},\"inLanguage\":\"es\",\"potentialAction\":[{\"@type\":\"ReadAction\",\"target\":[\"https:\\\/\\\/www.copealcoy.es\\\/es\\\/pablo-de-gracia-president-de-la-cambra-de-comerc-dalcoi-treballem-per-dinamitzar-un-sector-clau-per-a-la-nostra-ciutat\\\/\"]}]},{\"@type\":\"ImageObject\",\"inLanguage\":\"es\",\"@id\":\"https:\\\/\\\/www.copealcoy.es\\\/es\\\/pablo-de-gracia-president-de-la-cambra-de-comerc-dalcoi-treballem-per-dinamitzar-un-sector-clau-per-a-la-nostra-ciutat\\\/#primaryimage\",\"url\":\"https:\\\/\\\/www.copealcoy.es\\\/wp-content\\\/uploads\\\/2022\\\/10\\\/unnamed-5-scaled-e1665160649341.jpg\",\"contentUrl\":\"https:\\\/\\\/www.copealcoy.es\\\/wp-content\\\/uploads\\\/2022\\\/10\\\/unnamed-5-scaled-e1665160649341.jpg\",\"width\":640,\"height\":405},{\"@type\":\"BreadcrumbList\",\"@id\":\"https:\\\/\\\/www.copealcoy.es\\\/es\\\/pablo-de-gracia-president-de-la-cambra-de-comerc-dalcoi-treballem-per-dinamitzar-un-sector-clau-per-a-la-nostra-ciutat\\\/#breadcrumb\",\"itemListElement\":[{\"@type\":\"ListItem\",\"position\":1,\"name\":\"Portada\",\"item\":\"https:\\\/\\\/www.copealcoy.es\\\/es\\\/\"},{\"@type\":\"ListItem\",\"position\":2,\"name\":\"Pablo de Gr\u00e0cia, president de la Cambra de Comer\u00e7 d&#8217;Alcoi: \u00abtreballem per dinamitzar un sector clau per a la nostra ciutat\u00bb\"}]},{\"@type\":\"WebSite\",\"@id\":\"https:\\\/\\\/www.copealcoy.es\\\/es\\\/#website\",\"url\":\"https:\\\/\\\/www.copealcoy.es\\\/es\\\/\",\"name\":\"COPE Alcoy\",\"description\":\"Emisora COPE de radio local con emisi\u00f3n online. Pont de Sant Jordi 8-10 03803 Alcoy\",\"potentialAction\":[{\"@type\":\"SearchAction\",\"target\":{\"@type\":\"EntryPoint\",\"urlTemplate\":\"https:\\\/\\\/www.copealcoy.es\\\/es\\\/?s={search_term_string}\"},\"query-input\":{\"@type\":\"PropertyValueSpecification\",\"valueRequired\":true,\"valueName\":\"search_term_string\"}}],\"inLanguage\":\"es\"},{\"@type\":\"Person\",\"@id\":\"https:\\\/\\\/www.copealcoy.es\\\/es\\\/#\\\/schema\\\/person\\\/e777c87fa024e57d40170af9df39882c\",\"name\":\"Cope Alcoy\",\"image\":{\"@type\":\"ImageObject\",\"inLanguage\":\"es\",\"@id\":\"https:\\\/\\\/secure.gravatar.com\\\/avatar\\\/bb65d0283347e303893ba14f0692005417c1e0e690a325a4c5d8bb2b3943ee14?s=96&d=mm&r=g\",\"url\":\"https:\\\/\\\/secure.gravatar.com\\\/avatar\\\/bb65d0283347e303893ba14f0692005417c1e0e690a325a4c5d8bb2b3943ee14?s=96&d=mm&r=g\",\"contentUrl\":\"https:\\\/\\\/secure.gravatar.com\\\/avatar\\\/bb65d0283347e303893ba14f0692005417c1e0e690a325a4c5d8bb2b3943ee14?s=96&d=mm&r=g\",\"caption\":\"Cope Alcoy\"}}]}<\/script>\n<!-- \/ Yoast SEO plugin. -->","yoast_head_json":{"title":"Pablo de Gr\u00e0cia, president de la Cambra de Comer\u00e7 d'Alcoi: \"treballem per dinamitzar un sector clau per a la nostra ciutat\" - COPE Alcoy","description":"El president de la Cambra de Comer\u00e7 d'Alcoi ens parla de les iniciatives per tal de dinamitzar l'activitat comercial","robots":{"index":"index","follow":"follow","max-snippet":"max-snippet:-1","max-image-preview":"max-image-preview:large","max-video-preview":"max-video-preview:-1"},"canonical":"https:\/\/www.copealcoy.es\/es\/pablo-de-gracia-president-de-la-cambra-de-comerc-dalcoi-treballem-per-dinamitzar-un-sector-clau-per-a-la-nostra-ciutat\/","og_locale":"es_ES","og_type":"article","og_title":"Pablo de Gr\u00e0cia, president de la Cambra de Comer\u00e7 d'Alcoi: \"treballem per dinamitzar un sector clau per a la nostra ciutat\" - COPE Alcoy","og_description":"El president de la Cambra de Comer\u00e7 d'Alcoi ens parla de les iniciatives per tal de dinamitzar l'activitat comercial","og_url":"https:\/\/www.copealcoy.es\/es\/pablo-de-gracia-president-de-la-cambra-de-comerc-dalcoi-treballem-per-dinamitzar-un-sector-clau-per-a-la-nostra-ciutat\/","og_site_name":"COPE Alcoy","article_published_time":"2022-10-07T16:39:50+00:00","article_modified_time":"2022-10-07T17:03:56+00:00","og_image":[{"width":640,"height":405,"url":"https:\/\/www.copealcoy.es\/wp-content\/uploads\/2022\/10\/unnamed-5-scaled-e1665160649341.jpg","type":"image\/jpeg"}],"author":"Cope Alcoy","twitter_misc":{"Escrito por":"Cope Alcoy","Tiempo de lectura":"2 minutos"},"schema":{"@context":"https:\/\/schema.org","@graph":[{"@type":"Article","@id":"https:\/\/www.copealcoy.es\/es\/pablo-de-gracia-president-de-la-cambra-de-comerc-dalcoi-treballem-per-dinamitzar-un-sector-clau-per-a-la-nostra-ciutat\/#article","isPartOf":{"@id":"https:\/\/www.copealcoy.es\/es\/pablo-de-gracia-president-de-la-cambra-de-comerc-dalcoi-treballem-per-dinamitzar-un-sector-clau-per-a-la-nostra-ciutat\/"},"author":{"name":"Cope Alcoy","@id":"https:\/\/www.copealcoy.es\/es\/#\/schema\/person\/e777c87fa024e57d40170af9df39882c"},"headline":"Pablo de Gr\u00e0cia, president de la Cambra de Comer\u00e7 d&#8217;Alcoi: &#8220;treballem per dinamitzar un sector clau per a la nostra ciutat&#8221;","datePublished":"2022-10-07T16:39:50+00:00","dateModified":"2022-10-07T17:03:56+00:00","mainEntityOfPage":{"@id":"https:\/\/www.copealcoy.es\/es\/pablo-de-gracia-president-de-la-cambra-de-comerc-dalcoi-treballem-per-dinamitzar-un-sector-clau-per-a-la-nostra-ciutat\/"},"wordCount":367,"commentCount":0,"image":{"@id":"https:\/\/www.copealcoy.es\/es\/pablo-de-gracia-president-de-la-cambra-de-comerc-dalcoi-treballem-per-dinamitzar-un-sector-clau-per-a-la-nostra-ciutat\/#primaryimage"},"thumbnailUrl":"https:\/\/www.copealcoy.es\/wp-content\/uploads\/2022\/10\/unnamed-5-scaled-e1665160649341.jpg","keywords":["3.000 razones","Alcoi","Cambra de Comer\u00e7","campanya","Pablo de Gracia"],"articleSection":["Actualidad","Alcoy","Noticias","Pol\u00edtica y Econom\u00eda"],"inLanguage":"es"},{"@type":"WebPage","@id":"https:\/\/www.copealcoy.es\/es\/pablo-de-gracia-president-de-la-cambra-de-comerc-dalcoi-treballem-per-dinamitzar-un-sector-clau-per-a-la-nostra-ciutat\/","url":"https:\/\/www.copealcoy.es\/es\/pablo-de-gracia-president-de-la-cambra-de-comerc-dalcoi-treballem-per-dinamitzar-un-sector-clau-per-a-la-nostra-ciutat\/","name":"Pablo de Gr\u00e0cia, president de la Cambra de Comer\u00e7 d'Alcoi: \"treballem per dinamitzar un sector clau per a la nostra ciutat\" - COPE Alcoy","isPartOf":{"@id":"https:\/\/www.copealcoy.es\/es\/#website"},"primaryImageOfPage":{"@id":"https:\/\/www.copealcoy.es\/es\/pablo-de-gracia-president-de-la-cambra-de-comerc-dalcoi-treballem-per-dinamitzar-un-sector-clau-per-a-la-nostra-ciutat\/#primaryimage"},"image":{"@id":"https:\/\/www.copealcoy.es\/es\/pablo-de-gracia-president-de-la-cambra-de-comerc-dalcoi-treballem-per-dinamitzar-un-sector-clau-per-a-la-nostra-ciutat\/#primaryimage"},"thumbnailUrl":"https:\/\/www.copealcoy.es\/wp-content\/uploads\/2022\/10\/unnamed-5-scaled-e1665160649341.jpg","datePublished":"2022-10-07T16:39:50+00:00","dateModified":"2022-10-07T17:03:56+00:00","author":{"@id":"https:\/\/www.copealcoy.es\/es\/#\/schema\/person\/e777c87fa024e57d40170af9df39882c"},"description":"El president de la Cambra de Comer\u00e7 d'Alcoi ens parla de les iniciatives per tal de dinamitzar l'activitat comercial","breadcrumb":{"@id":"https:\/\/www.copealcoy.es\/es\/pablo-de-gracia-president-de-la-cambra-de-comerc-dalcoi-treballem-per-dinamitzar-un-sector-clau-per-a-la-nostra-ciutat\/#breadcrumb"},"inLanguage":"es","potentialAction":[{"@type":"ReadAction","target":["https:\/\/www.copealcoy.es\/es\/pablo-de-gracia-president-de-la-cambra-de-comerc-dalcoi-treballem-per-dinamitzar-un-sector-clau-per-a-la-nostra-ciutat\/"]}]},{"@type":"ImageObject","inLanguage":"es","@id":"https:\/\/www.copealcoy.es\/es\/pablo-de-gracia-president-de-la-cambra-de-comerc-dalcoi-treballem-per-dinamitzar-un-sector-clau-per-a-la-nostra-ciutat\/#primaryimage","url":"https:\/\/www.copealcoy.es\/wp-content\/uploads\/2022\/10\/unnamed-5-scaled-e1665160649341.jpg","contentUrl":"https:\/\/www.copealcoy.es\/wp-content\/uploads\/2022\/10\/unnamed-5-scaled-e1665160649341.jpg","width":640,"height":405},{"@type":"BreadcrumbList","@id":"https:\/\/www.copealcoy.es\/es\/pablo-de-gracia-president-de-la-cambra-de-comerc-dalcoi-treballem-per-dinamitzar-un-sector-clau-per-a-la-nostra-ciutat\/#breadcrumb","itemListElement":[{"@type":"ListItem","position":1,"name":"Portada","item":"https:\/\/www.copealcoy.es\/es\/"},{"@type":"ListItem","position":2,"name":"Pablo de Gr\u00e0cia, president de la Cambra de Comer\u00e7 d&#8217;Alcoi: \u00abtreballem per dinamitzar un sector clau per a la nostra ciutat\u00bb"}]},{"@type":"WebSite","@id":"https:\/\/www.copealcoy.es\/es\/#website","url":"https:\/\/www.copealcoy.es\/es\/","name":"COPE Alcoy","description":"Emisora COPE de radio local con emisi\u00f3n online. Pont de Sant Jordi 8-10 03803 Alcoy","potentialAction":[{"@type":"SearchAction","target":{"@type":"EntryPoint","urlTemplate":"https:\/\/www.copealcoy.es\/es\/?s={search_term_string}"},"query-input":{"@type":"PropertyValueSpecification","valueRequired":true,"valueName":"search_term_string"}}],"inLanguage":"es"},{"@type":"Person","@id":"https:\/\/www.copealcoy.es\/es\/#\/schema\/person\/e777c87fa024e57d40170af9df39882c","name":"Cope Alcoy","image":{"@type":"ImageObject","inLanguage":"es","@id":"https:\/\/secure.gravatar.com\/avatar\/bb65d0283347e303893ba14f0692005417c1e0e690a325a4c5d8bb2b3943ee14?s=96&d=mm&r=g","url":"https:\/\/secure.gravatar.com\/avatar\/bb65d0283347e303893ba14f0692005417c1e0e690a325a4c5d8bb2b3943ee14?s=96&d=mm&r=g","contentUrl":"https:\/\/secure.gravatar.com\/avatar\/bb65d0283347e303893ba14f0692005417c1e0e690a325a4c5d8bb2b3943ee14?s=96&d=mm&r=g","caption":"Cope Alcoy"}}]}},"_links":{"self":[{"href":"https:\/\/www.copealcoy.es\/es\/wp-json\/wp\/v2\/posts\/92627","targetHints":{"allow":["GET"]}}],"collection":[{"href":"https:\/\/www.copealcoy.es\/es\/wp-json\/wp\/v2\/posts"}],"about":[{"href":"https:\/\/www.copealcoy.es\/es\/wp-json\/wp\/v2\/types\/post"}],"author":[{"embeddable":true,"href":"https:\/\/www.copealcoy.es\/es\/wp-json\/wp\/v2\/users\/1"}],"replies":[{"embeddable":true,"href":"https:\/\/www.copealcoy.es\/es\/wp-json\/wp\/v2\/comments?post=92627"}],"version-history":[{"count":0,"href":"https:\/\/www.copealcoy.es\/es\/wp-json\/wp\/v2\/posts\/92627\/revisions"}],"wp:featuredmedia":[{"embeddable":true,"href":"https:\/\/www.copealcoy.es\/es\/wp-json\/wp\/v2\/media\/92628"}],"wp:attachment":[{"href":"https:\/\/www.copealcoy.es\/es\/wp-json\/wp\/v2\/media?parent=92627"}],"wp:term":[{"taxonomy":"category","embeddable":true,"href":"https:\/\/www.copealcoy.es\/es\/wp-json\/wp\/v2\/categories?post=92627"},{"taxonomy":"post_tag","embeddable":true,"href":"https:\/\/www.copealcoy.es\/es\/wp-json\/wp\/v2\/tags?post=92627"}],"curies":[{"name":"wp","href":"https:\/\/api.w.org\/{rel}","templated":true}]}}