{"id":92573,"date":"2022-10-06T17:23:24","date_gmt":"2022-10-06T16:23:24","guid":{"rendered":"https:\/\/www.copealcoy.es\/?p=92573"},"modified":"2022-10-06T22:15:54","modified_gmt":"2022-10-06T21:15:54","slug":"alcoi-sacollira-aquesta-mesura-per-a-oferir-transport-gratuit-a-joves-de-fins-a-30-anys","status":"publish","type":"post","link":"https:\/\/www.copealcoy.es\/es\/alcoi-sacollira-aquesta-mesura-per-a-oferir-transport-gratuit-a-joves-de-fins-a-30-anys\/","title":{"rendered":"Alcoi s&#8217;acollir\u00e0 aquesta mesura per a oferir transport gratu\u00eft a joves de fins a 30 anys"},"content":{"rendered":"<p style=\"text-align: justify;\">L&#8217;<strong>Ajuntament d&#8217;Alcoi<\/strong> ha anunciat que s&#8217;acollir\u00e0 a la mesura proposada ahir pel President de la <a href=\"https:\/\/www.gva.es\/es\/inicio\/presentacion\"><span style=\"color: #0000ff;\"><strong>Generalitat Valenciana<\/strong><\/span><\/a>, Ximo Puig, relacionada amb la mobilitat. Aquesta proposta consisteix en el fet que <strong>el Consell finan\u00e7ar\u00e0 el 50% del cost dels autobusos urbans<\/strong> dels municipis que oferisquen el transport urb\u00e0 gratu\u00eft per a joves de fins a trenta anys.<\/p>\n<p style=\"text-align: justify;\">Des del Consistori alcoi\u00e0 valoren mol positivament la iniciativa i asseguren <strong>la import\u00e0ncia\u00a0d&#8217;aquesta<\/strong>. En aquest sentit destaquen que &#8220;<em>pol\u00edtiques com aquesta s\u00f3n una mostra de l&#8217;aposta decidida, tant del Govern auton\u00f2mic com de l&#8217;Ajuntament d&#8217;Alcoi, per la mobilitat sostenible i per la pol\u00edtica redistributiva, per ajudar a aquelles persones amb menys ingressos enfront de les rendes m\u00e9s altes, especialment en moments complicats com el que travessem<\/em>&#8220;, afirma el regidor de Mobilitat i Vicealcalde: <strong>Jordi Mart\u00ednez<\/strong>.<\/p>\n<p style=\"text-align: justify;\">Cal recordar que l&#8217;Ajuntament d&#8217;Alcoi <strong>es va adherir l&#8217;agost de 2022 a les ajudes del Ministeri de Transports<\/strong> per a la reducci\u00f3 del preu del bitllet del transport urb\u00e0 i est\u00e0 oferint actualment<strong> descomptes en els diferents bons de transport urb\u00e0 de la ciutat<\/strong>, que s&#8217;est\u00e0 aplicant als bons multiviatge i als bons mensuals fins al 31 de desembre. No obstant aix\u00f2, el seu \u00fas <strong>es podr\u00e0 estendre en les targetes multiviatge recarregades durant 2022 fins al 31 de gener de 2023<\/strong>.<\/p>\n<p style=\"text-align: justify;\"><strong><span style=\"color: #0000ff;\">Comptabilitat amb altres mesures similars\u00a0<\/span><\/strong><\/p>\n<p style=\"text-align: justify;\">Aquesta iniciativa <strong>conviur\u00e0 amb el 30% de descompte addicional en tot en transport p\u00fablic de la Generalitat<\/strong>, que tamb\u00e9 t\u00e9 vig\u00e8ncia fins al 31 de desembre, i que est\u00e0 dirigida al conjunt de la poblaci\u00f3 valenciana.<\/p>\n<p style=\"text-align: justify;\">En conjunt, des de principis d&#8217;any el Govern valenci\u00e0 <strong>ha fomentat mesures d&#8217;estalvi en el transport p\u00fablic que contribueixen a alleujar l&#8217;economia familiar i a descarbonizar les ciutats<\/strong>, i actualment el transport p\u00fablic auton\u00f2mic \u00e9s el m\u00e9s econ\u00f2mic de tota Espanya.<\/p>\n<p style=\"text-align: justify;\">Puig ha assegurat aquesta setmana que es tracta de &#8220;<em>un fet mes en una alian\u00e7a efectiva contra la inflaci\u00f3 ajudant a les fam\u00edlies<\/em>&#8221; amb mesures en el transport p\u00fablic, que &#8220;<em>volem cada vegada mes \u00fatil i de major qualitat<\/em>&#8220;.<\/p>\n","protected":false},"excerpt":{"rendered":"<p>L&#8217;Ajuntament d&#8217;Alcoi ha anunciat que s&#8217;acollir\u00e0 a la mesura proposada ahir pel President de la Generalitat Valenciana, Ximo Puig, relacionada&#8230;<\/p>\n","protected":false},"author":1,"featured_media":92574,"comment_status":"open","ping_status":"open","sticky":false,"template":"","format":"standard","meta":{"footnotes":""},"categories":[6909,97,75,125],"tags":[160,13264,994,927,13266,13265,1728],"class_list":["post-92573","post","type-post","status-publish","format-standard","has-post-thumbnail","hentry","category-actualidad","category-alcoy","category-noticias","category-portada","tag-alcoi","tag-autobus-urba","tag-generalitat-valenciana","tag-jordi-martinez","tag-mesura","tag-servei-gratuit","tag-ximo-puig"],"yoast_head":"<!-- This site is optimized with the Yoast SEO plugin v27.3 - https:\/\/yoast.com\/product\/yoast-seo-wordpress\/ -->\n<title>Alcoi s&#039;acollir\u00e0 aquesta mesura per a oferir transport gratu\u00eft a joves de fins a 30 anys - COPE Alcoy<\/title>\n<meta name=\"description\" content=\"Alcoi s&#039;acollir\u00e0 a les ajudes de la Generalitat Valenciana per a oferir transport gratu\u00eft a joves de fins a 30 anys\" \/>\n<meta name=\"robots\" content=\"index, follow, max-snippet:-1, max-image-preview:large, max-video-preview:-1\" \/>\n<link rel=\"canonical\" href=\"https:\/\/www.copealcoy.es\/es\/alcoi-sacollira-aquesta-mesura-per-a-oferir-transport-gratuit-a-joves-de-fins-a-30-anys\/\" \/>\n<meta property=\"og:locale\" content=\"es_ES\" \/>\n<meta property=\"og:type\" content=\"article\" \/>\n<meta property=\"og:title\" content=\"Alcoi s&#039;acollir\u00e0 aquesta mesura per a oferir transport gratu\u00eft a joves de fins a 30 anys - COPE Alcoy\" \/>\n<meta property=\"og:description\" content=\"Alcoi s&#039;acollir\u00e0 a les ajudes de la Generalitat Valenciana per a oferir transport gratu\u00eft a joves de fins a 30 anys\" \/>\n<meta property=\"og:url\" content=\"https:\/\/www.copealcoy.es\/es\/alcoi-sacollira-aquesta-mesura-per-a-oferir-transport-gratuit-a-joves-de-fins-a-30-anys\/\" \/>\n<meta property=\"og:site_name\" content=\"COPE Alcoy\" \/>\n<meta property=\"article:published_time\" content=\"2022-10-06T16:23:24+00:00\" \/>\n<meta property=\"article:modified_time\" content=\"2022-10-06T21:15:54+00:00\" \/>\n<meta property=\"og:image\" content=\"https:\/\/www.copealcoy.es\/wp-content\/uploads\/2022\/10\/Autobus-alcoi-e1665073335269.jpg\" \/>\n\t<meta property=\"og:image:width\" content=\"640\" \/>\n\t<meta property=\"og:image:height\" content=\"480\" \/>\n\t<meta property=\"og:image:type\" content=\"image\/jpeg\" \/>\n<meta name=\"author\" content=\"Cope Alcoy\" \/>\n<meta name=\"twitter:label1\" content=\"Escrito por\" \/>\n\t<meta name=\"twitter:data1\" content=\"Cope Alcoy\" \/>\n\t<meta name=\"twitter:label2\" content=\"Tiempo de lectura\" \/>\n\t<meta name=\"twitter:data2\" content=\"2 minutos\" \/>\n<script type=\"application\/ld+json\" class=\"yoast-schema-graph\">{\"@context\":\"https:\\\/\\\/schema.org\",\"@graph\":[{\"@type\":\"Article\",\"@id\":\"https:\\\/\\\/www.copealcoy.es\\\/es\\\/alcoi-sacollira-aquesta-mesura-per-a-oferir-transport-gratuit-a-joves-de-fins-a-30-anys\\\/#article\",\"isPartOf\":{\"@id\":\"https:\\\/\\\/www.copealcoy.es\\\/es\\\/alcoi-sacollira-aquesta-mesura-per-a-oferir-transport-gratuit-a-joves-de-fins-a-30-anys\\\/\"},\"author\":{\"name\":\"Cope Alcoy\",\"@id\":\"https:\\\/\\\/www.copealcoy.es\\\/es\\\/#\\\/schema\\\/person\\\/e777c87fa024e57d40170af9df39882c\"},\"headline\":\"Alcoi s&#8217;acollir\u00e0 aquesta mesura per a oferir transport gratu\u00eft a joves de fins a 30 anys\",\"datePublished\":\"2022-10-06T16:23:24+00:00\",\"dateModified\":\"2022-10-06T21:15:54+00:00\",\"mainEntityOfPage\":{\"@id\":\"https:\\\/\\\/www.copealcoy.es\\\/es\\\/alcoi-sacollira-aquesta-mesura-per-a-oferir-transport-gratuit-a-joves-de-fins-a-30-anys\\\/\"},\"wordCount\":377,\"commentCount\":0,\"image\":{\"@id\":\"https:\\\/\\\/www.copealcoy.es\\\/es\\\/alcoi-sacollira-aquesta-mesura-per-a-oferir-transport-gratuit-a-joves-de-fins-a-30-anys\\\/#primaryimage\"},\"thumbnailUrl\":\"https:\\\/\\\/www.copealcoy.es\\\/wp-content\\\/uploads\\\/2022\\\/10\\\/Autobus-alcoi-e1665073335269.jpg\",\"keywords\":[\"Alcoi\",\"autob\u00fas urb\u00e0\",\"Generalitat Valenciana\",\"Jordi Mart\u00ednez\",\"mesura\",\"servei gratu\u00eft\",\"Ximo Puig\"],\"articleSection\":[\"Actualidad\",\"Alcoy\",\"Noticias\",\"Portada\"],\"inLanguage\":\"es\"},{\"@type\":\"WebPage\",\"@id\":\"https:\\\/\\\/www.copealcoy.es\\\/es\\\/alcoi-sacollira-aquesta-mesura-per-a-oferir-transport-gratuit-a-joves-de-fins-a-30-anys\\\/\",\"url\":\"https:\\\/\\\/www.copealcoy.es\\\/es\\\/alcoi-sacollira-aquesta-mesura-per-a-oferir-transport-gratuit-a-joves-de-fins-a-30-anys\\\/\",\"name\":\"Alcoi s'acollir\u00e0 aquesta mesura per a oferir transport gratu\u00eft a joves de fins a 30 anys - COPE Alcoy\",\"isPartOf\":{\"@id\":\"https:\\\/\\\/www.copealcoy.es\\\/es\\\/#website\"},\"primaryImageOfPage\":{\"@id\":\"https:\\\/\\\/www.copealcoy.es\\\/es\\\/alcoi-sacollira-aquesta-mesura-per-a-oferir-transport-gratuit-a-joves-de-fins-a-30-anys\\\/#primaryimage\"},\"image\":{\"@id\":\"https:\\\/\\\/www.copealcoy.es\\\/es\\\/alcoi-sacollira-aquesta-mesura-per-a-oferir-transport-gratuit-a-joves-de-fins-a-30-anys\\\/#primaryimage\"},\"thumbnailUrl\":\"https:\\\/\\\/www.copealcoy.es\\\/wp-content\\\/uploads\\\/2022\\\/10\\\/Autobus-alcoi-e1665073335269.jpg\",\"datePublished\":\"2022-10-06T16:23:24+00:00\",\"dateModified\":\"2022-10-06T21:15:54+00:00\",\"author\":{\"@id\":\"https:\\\/\\\/www.copealcoy.es\\\/es\\\/#\\\/schema\\\/person\\\/e777c87fa024e57d40170af9df39882c\"},\"description\":\"Alcoi s'acollir\u00e0 a les ajudes de la Generalitat Valenciana per a oferir transport gratu\u00eft a joves de fins a 30 anys\",\"breadcrumb\":{\"@id\":\"https:\\\/\\\/www.copealcoy.es\\\/es\\\/alcoi-sacollira-aquesta-mesura-per-a-oferir-transport-gratuit-a-joves-de-fins-a-30-anys\\\/#breadcrumb\"},\"inLanguage\":\"es\",\"potentialAction\":[{\"@type\":\"ReadAction\",\"target\":[\"https:\\\/\\\/www.copealcoy.es\\\/es\\\/alcoi-sacollira-aquesta-mesura-per-a-oferir-transport-gratuit-a-joves-de-fins-a-30-anys\\\/\"]}]},{\"@type\":\"ImageObject\",\"inLanguage\":\"es\",\"@id\":\"https:\\\/\\\/www.copealcoy.es\\\/es\\\/alcoi-sacollira-aquesta-mesura-per-a-oferir-transport-gratuit-a-joves-de-fins-a-30-anys\\\/#primaryimage\",\"url\":\"https:\\\/\\\/www.copealcoy.es\\\/wp-content\\\/uploads\\\/2022\\\/10\\\/Autobus-alcoi-e1665073335269.jpg\",\"contentUrl\":\"https:\\\/\\\/www.copealcoy.es\\\/wp-content\\\/uploads\\\/2022\\\/10\\\/Autobus-alcoi-e1665073335269.jpg\",\"width\":640,\"height\":480},{\"@type\":\"BreadcrumbList\",\"@id\":\"https:\\\/\\\/www.copealcoy.es\\\/es\\\/alcoi-sacollira-aquesta-mesura-per-a-oferir-transport-gratuit-a-joves-de-fins-a-30-anys\\\/#breadcrumb\",\"itemListElement\":[{\"@type\":\"ListItem\",\"position\":1,\"name\":\"Portada\",\"item\":\"https:\\\/\\\/www.copealcoy.es\\\/es\\\/\"},{\"@type\":\"ListItem\",\"position\":2,\"name\":\"Alcoi s&#8217;acollir\u00e0 aquesta mesura per a oferir transport gratu\u00eft a joves de fins a 30 anys\"}]},{\"@type\":\"WebSite\",\"@id\":\"https:\\\/\\\/www.copealcoy.es\\\/es\\\/#website\",\"url\":\"https:\\\/\\\/www.copealcoy.es\\\/es\\\/\",\"name\":\"COPE Alcoy\",\"description\":\"Emisora COPE de radio local con emisi\u00f3n online. Pont de Sant Jordi 8-10 03803 Alcoy\",\"potentialAction\":[{\"@type\":\"SearchAction\",\"target\":{\"@type\":\"EntryPoint\",\"urlTemplate\":\"https:\\\/\\\/www.copealcoy.es\\\/es\\\/?s={search_term_string}\"},\"query-input\":{\"@type\":\"PropertyValueSpecification\",\"valueRequired\":true,\"valueName\":\"search_term_string\"}}],\"inLanguage\":\"es\"},{\"@type\":\"Person\",\"@id\":\"https:\\\/\\\/www.copealcoy.es\\\/es\\\/#\\\/schema\\\/person\\\/e777c87fa024e57d40170af9df39882c\",\"name\":\"Cope Alcoy\",\"image\":{\"@type\":\"ImageObject\",\"inLanguage\":\"es\",\"@id\":\"https:\\\/\\\/secure.gravatar.com\\\/avatar\\\/bb65d0283347e303893ba14f0692005417c1e0e690a325a4c5d8bb2b3943ee14?s=96&d=mm&r=g\",\"url\":\"https:\\\/\\\/secure.gravatar.com\\\/avatar\\\/bb65d0283347e303893ba14f0692005417c1e0e690a325a4c5d8bb2b3943ee14?s=96&d=mm&r=g\",\"contentUrl\":\"https:\\\/\\\/secure.gravatar.com\\\/avatar\\\/bb65d0283347e303893ba14f0692005417c1e0e690a325a4c5d8bb2b3943ee14?s=96&d=mm&r=g\",\"caption\":\"Cope Alcoy\"}}]}<\/script>\n<!-- \/ Yoast SEO plugin. -->","yoast_head_json":{"title":"Alcoi s'acollir\u00e0 aquesta mesura per a oferir transport gratu\u00eft a joves de fins a 30 anys - COPE Alcoy","description":"Alcoi s'acollir\u00e0 a les ajudes de la Generalitat Valenciana per a oferir transport gratu\u00eft a joves de fins a 30 anys","robots":{"index":"index","follow":"follow","max-snippet":"max-snippet:-1","max-image-preview":"max-image-preview:large","max-video-preview":"max-video-preview:-1"},"canonical":"https:\/\/www.copealcoy.es\/es\/alcoi-sacollira-aquesta-mesura-per-a-oferir-transport-gratuit-a-joves-de-fins-a-30-anys\/","og_locale":"es_ES","og_type":"article","og_title":"Alcoi s'acollir\u00e0 aquesta mesura per a oferir transport gratu\u00eft a joves de fins a 30 anys - COPE Alcoy","og_description":"Alcoi s'acollir\u00e0 a les ajudes de la Generalitat Valenciana per a oferir transport gratu\u00eft a joves de fins a 30 anys","og_url":"https:\/\/www.copealcoy.es\/es\/alcoi-sacollira-aquesta-mesura-per-a-oferir-transport-gratuit-a-joves-de-fins-a-30-anys\/","og_site_name":"COPE Alcoy","article_published_time":"2022-10-06T16:23:24+00:00","article_modified_time":"2022-10-06T21:15:54+00:00","og_image":[{"width":640,"height":480,"url":"https:\/\/www.copealcoy.es\/wp-content\/uploads\/2022\/10\/Autobus-alcoi-e1665073335269.jpg","type":"image\/jpeg"}],"author":"Cope Alcoy","twitter_misc":{"Escrito por":"Cope Alcoy","Tiempo de lectura":"2 minutos"},"schema":{"@context":"https:\/\/schema.org","@graph":[{"@type":"Article","@id":"https:\/\/www.copealcoy.es\/es\/alcoi-sacollira-aquesta-mesura-per-a-oferir-transport-gratuit-a-joves-de-fins-a-30-anys\/#article","isPartOf":{"@id":"https:\/\/www.copealcoy.es\/es\/alcoi-sacollira-aquesta-mesura-per-a-oferir-transport-gratuit-a-joves-de-fins-a-30-anys\/"},"author":{"name":"Cope Alcoy","@id":"https:\/\/www.copealcoy.es\/es\/#\/schema\/person\/e777c87fa024e57d40170af9df39882c"},"headline":"Alcoi s&#8217;acollir\u00e0 aquesta mesura per a oferir transport gratu\u00eft a joves de fins a 30 anys","datePublished":"2022-10-06T16:23:24+00:00","dateModified":"2022-10-06T21:15:54+00:00","mainEntityOfPage":{"@id":"https:\/\/www.copealcoy.es\/es\/alcoi-sacollira-aquesta-mesura-per-a-oferir-transport-gratuit-a-joves-de-fins-a-30-anys\/"},"wordCount":377,"commentCount":0,"image":{"@id":"https:\/\/www.copealcoy.es\/es\/alcoi-sacollira-aquesta-mesura-per-a-oferir-transport-gratuit-a-joves-de-fins-a-30-anys\/#primaryimage"},"thumbnailUrl":"https:\/\/www.copealcoy.es\/wp-content\/uploads\/2022\/10\/Autobus-alcoi-e1665073335269.jpg","keywords":["Alcoi","autob\u00fas urb\u00e0","Generalitat Valenciana","Jordi Mart\u00ednez","mesura","servei gratu\u00eft","Ximo Puig"],"articleSection":["Actualidad","Alcoy","Noticias","Portada"],"inLanguage":"es"},{"@type":"WebPage","@id":"https:\/\/www.copealcoy.es\/es\/alcoi-sacollira-aquesta-mesura-per-a-oferir-transport-gratuit-a-joves-de-fins-a-30-anys\/","url":"https:\/\/www.copealcoy.es\/es\/alcoi-sacollira-aquesta-mesura-per-a-oferir-transport-gratuit-a-joves-de-fins-a-30-anys\/","name":"Alcoi s'acollir\u00e0 aquesta mesura per a oferir transport gratu\u00eft a joves de fins a 30 anys - COPE Alcoy","isPartOf":{"@id":"https:\/\/www.copealcoy.es\/es\/#website"},"primaryImageOfPage":{"@id":"https:\/\/www.copealcoy.es\/es\/alcoi-sacollira-aquesta-mesura-per-a-oferir-transport-gratuit-a-joves-de-fins-a-30-anys\/#primaryimage"},"image":{"@id":"https:\/\/www.copealcoy.es\/es\/alcoi-sacollira-aquesta-mesura-per-a-oferir-transport-gratuit-a-joves-de-fins-a-30-anys\/#primaryimage"},"thumbnailUrl":"https:\/\/www.copealcoy.es\/wp-content\/uploads\/2022\/10\/Autobus-alcoi-e1665073335269.jpg","datePublished":"2022-10-06T16:23:24+00:00","dateModified":"2022-10-06T21:15:54+00:00","author":{"@id":"https:\/\/www.copealcoy.es\/es\/#\/schema\/person\/e777c87fa024e57d40170af9df39882c"},"description":"Alcoi s'acollir\u00e0 a les ajudes de la Generalitat Valenciana per a oferir transport gratu\u00eft a joves de fins a 30 anys","breadcrumb":{"@id":"https:\/\/www.copealcoy.es\/es\/alcoi-sacollira-aquesta-mesura-per-a-oferir-transport-gratuit-a-joves-de-fins-a-30-anys\/#breadcrumb"},"inLanguage":"es","potentialAction":[{"@type":"ReadAction","target":["https:\/\/www.copealcoy.es\/es\/alcoi-sacollira-aquesta-mesura-per-a-oferir-transport-gratuit-a-joves-de-fins-a-30-anys\/"]}]},{"@type":"ImageObject","inLanguage":"es","@id":"https:\/\/www.copealcoy.es\/es\/alcoi-sacollira-aquesta-mesura-per-a-oferir-transport-gratuit-a-joves-de-fins-a-30-anys\/#primaryimage","url":"https:\/\/www.copealcoy.es\/wp-content\/uploads\/2022\/10\/Autobus-alcoi-e1665073335269.jpg","contentUrl":"https:\/\/www.copealcoy.es\/wp-content\/uploads\/2022\/10\/Autobus-alcoi-e1665073335269.jpg","width":640,"height":480},{"@type":"BreadcrumbList","@id":"https:\/\/www.copealcoy.es\/es\/alcoi-sacollira-aquesta-mesura-per-a-oferir-transport-gratuit-a-joves-de-fins-a-30-anys\/#breadcrumb","itemListElement":[{"@type":"ListItem","position":1,"name":"Portada","item":"https:\/\/www.copealcoy.es\/es\/"},{"@type":"ListItem","position":2,"name":"Alcoi s&#8217;acollir\u00e0 aquesta mesura per a oferir transport gratu\u00eft a joves de fins a 30 anys"}]},{"@type":"WebSite","@id":"https:\/\/www.copealcoy.es\/es\/#website","url":"https:\/\/www.copealcoy.es\/es\/","name":"COPE Alcoy","description":"Emisora COPE de radio local con emisi\u00f3n online. Pont de Sant Jordi 8-10 03803 Alcoy","potentialAction":[{"@type":"SearchAction","target":{"@type":"EntryPoint","urlTemplate":"https:\/\/www.copealcoy.es\/es\/?s={search_term_string}"},"query-input":{"@type":"PropertyValueSpecification","valueRequired":true,"valueName":"search_term_string"}}],"inLanguage":"es"},{"@type":"Person","@id":"https:\/\/www.copealcoy.es\/es\/#\/schema\/person\/e777c87fa024e57d40170af9df39882c","name":"Cope Alcoy","image":{"@type":"ImageObject","inLanguage":"es","@id":"https:\/\/secure.gravatar.com\/avatar\/bb65d0283347e303893ba14f0692005417c1e0e690a325a4c5d8bb2b3943ee14?s=96&d=mm&r=g","url":"https:\/\/secure.gravatar.com\/avatar\/bb65d0283347e303893ba14f0692005417c1e0e690a325a4c5d8bb2b3943ee14?s=96&d=mm&r=g","contentUrl":"https:\/\/secure.gravatar.com\/avatar\/bb65d0283347e303893ba14f0692005417c1e0e690a325a4c5d8bb2b3943ee14?s=96&d=mm&r=g","caption":"Cope Alcoy"}}]}},"_links":{"self":[{"href":"https:\/\/www.copealcoy.es\/es\/wp-json\/wp\/v2\/posts\/92573","targetHints":{"allow":["GET"]}}],"collection":[{"href":"https:\/\/www.copealcoy.es\/es\/wp-json\/wp\/v2\/posts"}],"about":[{"href":"https:\/\/www.copealcoy.es\/es\/wp-json\/wp\/v2\/types\/post"}],"author":[{"embeddable":true,"href":"https:\/\/www.copealcoy.es\/es\/wp-json\/wp\/v2\/users\/1"}],"replies":[{"embeddable":true,"href":"https:\/\/www.copealcoy.es\/es\/wp-json\/wp\/v2\/comments?post=92573"}],"version-history":[{"count":0,"href":"https:\/\/www.copealcoy.es\/es\/wp-json\/wp\/v2\/posts\/92573\/revisions"}],"wp:featuredmedia":[{"embeddable":true,"href":"https:\/\/www.copealcoy.es\/es\/wp-json\/wp\/v2\/media\/92574"}],"wp:attachment":[{"href":"https:\/\/www.copealcoy.es\/es\/wp-json\/wp\/v2\/media?parent=92573"}],"wp:term":[{"taxonomy":"category","embeddable":true,"href":"https:\/\/www.copealcoy.es\/es\/wp-json\/wp\/v2\/categories?post=92573"},{"taxonomy":"post_tag","embeddable":true,"href":"https:\/\/www.copealcoy.es\/es\/wp-json\/wp\/v2\/tags?post=92573"}],"curies":[{"name":"wp","href":"https:\/\/api.w.org\/{rel}","templated":true}]}}