{"id":92537,"date":"2022-10-05T17:59:07","date_gmt":"2022-10-05T16:59:07","guid":{"rendered":"https:\/\/www.copealcoy.es\/?p=92537"},"modified":"2022-10-05T18:17:47","modified_gmt":"2022-10-05T17:17:47","slug":"famorca-sacull-als-prestecs-per-als-pobles-que-van-patir-lincendi-de-vall-debo","status":"publish","type":"post","link":"https:\/\/www.copealcoy.es\/es\/famorca-sacull-als-prestecs-per-als-pobles-que-van-patir-lincendi-de-vall-debo\/","title":{"rendered":"Famorca s&#8217;acull als pr\u00e8stecs per als pobles que van patir l&#8217;incendi de Vall d&#8217;Ebo"},"content":{"rendered":"<p style=\"text-align: justify;\">Famorca ha sigut un dels primers municipis del Comtat que s&#8217;ha acollit a la l\u00ednia de pr\u00e9stecs que <a href=\"https:\/\/www.diputacionalicante.es\/\"><span style=\"color: #0000ff;\"><strong>la Diputaci\u00f3 Provincial d&#8217;Alacant<\/strong> <\/span><\/a>destina als pobles afectats per l\u2019incendi forestal de la Vall d\u2019Ebo. Aquestes ajudes <strong>s\u00f3n concedides a trav\u00e9s de la Caixa de Cr\u00e8dit Provincial per a Cooperaci\u00f3<\/strong>.<\/p>\n<p style=\"text-align: justify;\">El consistori de la localitat es va reunir recentment amb el Consell d\u2019Administraci\u00f3 de l\u2019organisme provincial <strong>per tal de negociar una ajuda de 22.500 euros<\/strong>. Des de la mateixa Diputaci\u00f3 recorden que <strong>han acordat incrementar de 100.000 a 300.000 euros l\u2019import m\u00e0xim de les operacions de cr\u00e8dit a curt termini<\/strong> &#8220;<em>amb aquests pr\u00e9stecs volem dotar de liquiditat els ajuntaments afectats per l\u2019incendi perqu\u00e8 puguen afrontar en millors condicions la reparaci\u00f3 dels greus desperfectes<\/em>&#8220;, afirmava al respecte el President de la instituci\u00f3;\u00a0<strong><span class=\"hiddenSpellError\">Carlos<\/span>\u00a0<span class=\"hiddenSpellError\">Maz\u00f3n<\/span><\/strong>. Per la seua banda l&#8217;alcalde de Famorca <strong>valora molt\u00a0positivament\u00a0el suport de la Diputaci\u00f3<\/strong> &#8220;<em>afortunadament l&#8217;incendi no ens va afectar molt en el nostre terme municipal, per\u00f2\u00a0amb aquesta\u00a0finan\u00e7ament\u00a0podrem fer front a diferents iniciatives que, sense el\u00a0suport\u00a0de les administracions superiors, seria\u00a0impossible\u00a0realitzar&#8221;<\/em>, assenyala\u00a0<strong><span class=\"hiddenSpellError\">Vicente<\/span>\u00a0Antonio Ruiz<\/strong>.<\/p>\n<p style=\"text-align: justify;\"><strong><span style=\"color: #0000ff;\">La Diputaci\u00f3 sempre al costat dels pobles<\/span><\/strong><\/p>\n<p style=\"text-align: justify;\">Entre la bateria de mesures que s\u2019han impulsat tamb\u00e9 hi ha <strong>la concessi\u00f3, per part del Patronat de Turisme Costa Blanca, d\u2019un paquet d\u2019ajudes dotat amb un mili\u00f3 d\u2019euros<\/strong> per a la dinamitzaci\u00f3 i promoci\u00f3 de les localitats aix\u00ed com el disseny de plans espec\u00edfics per recuperar l\u2019activitat tur\u00edstica. Les subvencions <strong>seran fins a 30.000 euros per municipi<\/strong>.<\/p>\n<p style=\"text-align: justify;\">A m\u00e9s, la instituci\u00f3 provincial alacantina recollir\u00e0 al seu pressupost de 2023 <strong>una partida econ\u00f2mica de 63.000 euros per ajudar els municipis en la redacci\u00f3 dels plans de prevenci\u00f3 d\u2019incendis forestals<\/strong> i una altra de 150.000 euros per a <strong>la convocat\u00f2ria adre\u00e7ada a la redacci\u00f3 de projectes de millora de masses forestals<\/strong>. Ambdues partides arribaran fins a 1.500.000 euros i 2.000.000 euros, respectivament.<\/p>\n","protected":false},"excerpt":{"rendered":"<p>Famorca ha sigut un dels primers municipis del Comtat que s&#8217;ha acollit a la l\u00ednia de pr\u00e9stecs que la Diputaci\u00f3&#8230;<\/p>\n","protected":false},"author":1,"featured_media":54125,"comment_status":"open","ping_status":"open","sticky":false,"template":"","format":"standard","meta":{"footnotes":""},"categories":[6909,98,75],"tags":[7828,7821,9097,9890,13056],"class_list":["post-92537","post","type-post","status-publish","format-standard","has-post-thumbnail","hentry","category-actualidad","category-comarcas","category-noticias","tag-ajudes","tag-diputacio-dalacant","tag-famorca","tag-incendi","tag-vall-debo"],"yoast_head":"<!-- This site is optimized with the Yoast SEO plugin v27.3 - https:\/\/yoast.com\/product\/yoast-seo-wordpress\/ -->\n<title>Famorca s&#039;acull als pr\u00e8stecs per als pobles que van patir l&#039;incendi de Vall d&#039;Ebo - COPE Alcoy<\/title>\n<meta name=\"description\" content=\"Famorca s\u2019acull als pr\u00e8stecs atorgats per la Diputaci\u00f3 d&#039;Alacant per als pobles que van patir l\u2019incendi de Vall d\u2019Ebo\" \/>\n<meta name=\"robots\" content=\"index, follow, max-snippet:-1, max-image-preview:large, max-video-preview:-1\" \/>\n<link rel=\"canonical\" href=\"https:\/\/www.copealcoy.es\/es\/famorca-sacull-als-prestecs-per-als-pobles-que-van-patir-lincendi-de-vall-debo\/\" \/>\n<meta property=\"og:locale\" content=\"es_ES\" \/>\n<meta property=\"og:type\" content=\"article\" \/>\n<meta property=\"og:title\" content=\"Famorca s&#039;acull als pr\u00e8stecs per als pobles que van patir l&#039;incendi de Vall d&#039;Ebo - COPE Alcoy\" \/>\n<meta property=\"og:description\" content=\"Famorca s\u2019acull als pr\u00e8stecs atorgats per la Diputaci\u00f3 d&#039;Alacant per als pobles que van patir l\u2019incendi de Vall d\u2019Ebo\" \/>\n<meta property=\"og:url\" content=\"https:\/\/www.copealcoy.es\/es\/famorca-sacull-als-prestecs-per-als-pobles-que-van-patir-lincendi-de-vall-debo\/\" \/>\n<meta property=\"og:site_name\" content=\"COPE Alcoy\" \/>\n<meta property=\"article:published_time\" content=\"2022-10-05T16:59:07+00:00\" \/>\n<meta property=\"article:modified_time\" content=\"2022-10-05T17:17:47+00:00\" \/>\n<meta property=\"og:image\" content=\"https:\/\/www.copealcoy.es\/wp-content\/uploads\/2019\/08\/foto5-1.jpg\" \/>\n\t<meta property=\"og:image:width\" content=\"2362\" \/>\n\t<meta property=\"og:image:height\" content=\"1549\" \/>\n\t<meta property=\"og:image:type\" content=\"image\/jpeg\" \/>\n<meta name=\"author\" content=\"Cope Alcoy\" \/>\n<meta name=\"twitter:label1\" content=\"Escrito por\" \/>\n\t<meta name=\"twitter:data1\" content=\"Cope Alcoy\" \/>\n\t<meta name=\"twitter:label2\" content=\"Tiempo de lectura\" \/>\n\t<meta name=\"twitter:data2\" content=\"2 minutos\" \/>\n<script type=\"application\/ld+json\" class=\"yoast-schema-graph\">{\"@context\":\"https:\\\/\\\/schema.org\",\"@graph\":[{\"@type\":\"Article\",\"@id\":\"https:\\\/\\\/www.copealcoy.es\\\/es\\\/famorca-sacull-als-prestecs-per-als-pobles-que-van-patir-lincendi-de-vall-debo\\\/#article\",\"isPartOf\":{\"@id\":\"https:\\\/\\\/www.copealcoy.es\\\/es\\\/famorca-sacull-als-prestecs-per-als-pobles-que-van-patir-lincendi-de-vall-debo\\\/\"},\"author\":{\"name\":\"Cope Alcoy\",\"@id\":\"https:\\\/\\\/www.copealcoy.es\\\/es\\\/#\\\/schema\\\/person\\\/e777c87fa024e57d40170af9df39882c\"},\"headline\":\"Famorca s&#8217;acull als pr\u00e8stecs per als pobles que van patir l&#8217;incendi de Vall d&#8217;Ebo\",\"datePublished\":\"2022-10-05T16:59:07+00:00\",\"dateModified\":\"2022-10-05T17:17:47+00:00\",\"mainEntityOfPage\":{\"@id\":\"https:\\\/\\\/www.copealcoy.es\\\/es\\\/famorca-sacull-als-prestecs-per-als-pobles-que-van-patir-lincendi-de-vall-debo\\\/\"},\"wordCount\":352,\"commentCount\":0,\"image\":{\"@id\":\"https:\\\/\\\/www.copealcoy.es\\\/es\\\/famorca-sacull-als-prestecs-per-als-pobles-que-van-patir-lincendi-de-vall-debo\\\/#primaryimage\"},\"thumbnailUrl\":\"https:\\\/\\\/www.copealcoy.es\\\/wp-content\\\/uploads\\\/2019\\\/08\\\/foto5-1.jpg\",\"keywords\":[\"ajudes\",\"Diputaci\u00f3 d'Alacant\",\"Famorca\",\"incendi\",\"Vall d'Ebo\"],\"articleSection\":[\"Actualidad\",\"Comarcas\",\"Noticias\"],\"inLanguage\":\"es\"},{\"@type\":\"WebPage\",\"@id\":\"https:\\\/\\\/www.copealcoy.es\\\/es\\\/famorca-sacull-als-prestecs-per-als-pobles-que-van-patir-lincendi-de-vall-debo\\\/\",\"url\":\"https:\\\/\\\/www.copealcoy.es\\\/es\\\/famorca-sacull-als-prestecs-per-als-pobles-que-van-patir-lincendi-de-vall-debo\\\/\",\"name\":\"Famorca s'acull als pr\u00e8stecs per als pobles que van patir l'incendi de Vall d'Ebo - COPE Alcoy\",\"isPartOf\":{\"@id\":\"https:\\\/\\\/www.copealcoy.es\\\/es\\\/#website\"},\"primaryImageOfPage\":{\"@id\":\"https:\\\/\\\/www.copealcoy.es\\\/es\\\/famorca-sacull-als-prestecs-per-als-pobles-que-van-patir-lincendi-de-vall-debo\\\/#primaryimage\"},\"image\":{\"@id\":\"https:\\\/\\\/www.copealcoy.es\\\/es\\\/famorca-sacull-als-prestecs-per-als-pobles-que-van-patir-lincendi-de-vall-debo\\\/#primaryimage\"},\"thumbnailUrl\":\"https:\\\/\\\/www.copealcoy.es\\\/wp-content\\\/uploads\\\/2019\\\/08\\\/foto5-1.jpg\",\"datePublished\":\"2022-10-05T16:59:07+00:00\",\"dateModified\":\"2022-10-05T17:17:47+00:00\",\"author\":{\"@id\":\"https:\\\/\\\/www.copealcoy.es\\\/es\\\/#\\\/schema\\\/person\\\/e777c87fa024e57d40170af9df39882c\"},\"description\":\"Famorca s\u2019acull als pr\u00e8stecs atorgats per la Diputaci\u00f3 d'Alacant per als pobles que van patir l\u2019incendi de Vall d\u2019Ebo\",\"breadcrumb\":{\"@id\":\"https:\\\/\\\/www.copealcoy.es\\\/es\\\/famorca-sacull-als-prestecs-per-als-pobles-que-van-patir-lincendi-de-vall-debo\\\/#breadcrumb\"},\"inLanguage\":\"es\",\"potentialAction\":[{\"@type\":\"ReadAction\",\"target\":[\"https:\\\/\\\/www.copealcoy.es\\\/es\\\/famorca-sacull-als-prestecs-per-als-pobles-que-van-patir-lincendi-de-vall-debo\\\/\"]}]},{\"@type\":\"ImageObject\",\"inLanguage\":\"es\",\"@id\":\"https:\\\/\\\/www.copealcoy.es\\\/es\\\/famorca-sacull-als-prestecs-per-als-pobles-que-van-patir-lincendi-de-vall-debo\\\/#primaryimage\",\"url\":\"https:\\\/\\\/www.copealcoy.es\\\/wp-content\\\/uploads\\\/2019\\\/08\\\/foto5-1.jpg\",\"contentUrl\":\"https:\\\/\\\/www.copealcoy.es\\\/wp-content\\\/uploads\\\/2019\\\/08\\\/foto5-1.jpg\",\"width\":2362,\"height\":1549},{\"@type\":\"BreadcrumbList\",\"@id\":\"https:\\\/\\\/www.copealcoy.es\\\/es\\\/famorca-sacull-als-prestecs-per-als-pobles-que-van-patir-lincendi-de-vall-debo\\\/#breadcrumb\",\"itemListElement\":[{\"@type\":\"ListItem\",\"position\":1,\"name\":\"Portada\",\"item\":\"https:\\\/\\\/www.copealcoy.es\\\/es\\\/\"},{\"@type\":\"ListItem\",\"position\":2,\"name\":\"Famorca s&#8217;acull als pr\u00e8stecs per als pobles que van patir l&#8217;incendi de Vall d&#8217;Ebo\"}]},{\"@type\":\"WebSite\",\"@id\":\"https:\\\/\\\/www.copealcoy.es\\\/es\\\/#website\",\"url\":\"https:\\\/\\\/www.copealcoy.es\\\/es\\\/\",\"name\":\"COPE Alcoy\",\"description\":\"Emisora COPE de radio local con emisi\u00f3n online. Pont de Sant Jordi 8-10 03803 Alcoy\",\"potentialAction\":[{\"@type\":\"SearchAction\",\"target\":{\"@type\":\"EntryPoint\",\"urlTemplate\":\"https:\\\/\\\/www.copealcoy.es\\\/es\\\/?s={search_term_string}\"},\"query-input\":{\"@type\":\"PropertyValueSpecification\",\"valueRequired\":true,\"valueName\":\"search_term_string\"}}],\"inLanguage\":\"es\"},{\"@type\":\"Person\",\"@id\":\"https:\\\/\\\/www.copealcoy.es\\\/es\\\/#\\\/schema\\\/person\\\/e777c87fa024e57d40170af9df39882c\",\"name\":\"Cope Alcoy\",\"image\":{\"@type\":\"ImageObject\",\"inLanguage\":\"es\",\"@id\":\"https:\\\/\\\/secure.gravatar.com\\\/avatar\\\/bb65d0283347e303893ba14f0692005417c1e0e690a325a4c5d8bb2b3943ee14?s=96&d=mm&r=g\",\"url\":\"https:\\\/\\\/secure.gravatar.com\\\/avatar\\\/bb65d0283347e303893ba14f0692005417c1e0e690a325a4c5d8bb2b3943ee14?s=96&d=mm&r=g\",\"contentUrl\":\"https:\\\/\\\/secure.gravatar.com\\\/avatar\\\/bb65d0283347e303893ba14f0692005417c1e0e690a325a4c5d8bb2b3943ee14?s=96&d=mm&r=g\",\"caption\":\"Cope Alcoy\"}}]}<\/script>\n<!-- \/ Yoast SEO plugin. -->","yoast_head_json":{"title":"Famorca s'acull als pr\u00e8stecs per als pobles que van patir l'incendi de Vall d'Ebo - COPE Alcoy","description":"Famorca s\u2019acull als pr\u00e8stecs atorgats per la Diputaci\u00f3 d'Alacant per als pobles que van patir l\u2019incendi de Vall d\u2019Ebo","robots":{"index":"index","follow":"follow","max-snippet":"max-snippet:-1","max-image-preview":"max-image-preview:large","max-video-preview":"max-video-preview:-1"},"canonical":"https:\/\/www.copealcoy.es\/es\/famorca-sacull-als-prestecs-per-als-pobles-que-van-patir-lincendi-de-vall-debo\/","og_locale":"es_ES","og_type":"article","og_title":"Famorca s'acull als pr\u00e8stecs per als pobles que van patir l'incendi de Vall d'Ebo - COPE Alcoy","og_description":"Famorca s\u2019acull als pr\u00e8stecs atorgats per la Diputaci\u00f3 d'Alacant per als pobles que van patir l\u2019incendi de Vall d\u2019Ebo","og_url":"https:\/\/www.copealcoy.es\/es\/famorca-sacull-als-prestecs-per-als-pobles-que-van-patir-lincendi-de-vall-debo\/","og_site_name":"COPE Alcoy","article_published_time":"2022-10-05T16:59:07+00:00","article_modified_time":"2022-10-05T17:17:47+00:00","og_image":[{"width":2362,"height":1549,"url":"https:\/\/www.copealcoy.es\/wp-content\/uploads\/2019\/08\/foto5-1.jpg","type":"image\/jpeg"}],"author":"Cope Alcoy","twitter_misc":{"Escrito por":"Cope Alcoy","Tiempo de lectura":"2 minutos"},"schema":{"@context":"https:\/\/schema.org","@graph":[{"@type":"Article","@id":"https:\/\/www.copealcoy.es\/es\/famorca-sacull-als-prestecs-per-als-pobles-que-van-patir-lincendi-de-vall-debo\/#article","isPartOf":{"@id":"https:\/\/www.copealcoy.es\/es\/famorca-sacull-als-prestecs-per-als-pobles-que-van-patir-lincendi-de-vall-debo\/"},"author":{"name":"Cope Alcoy","@id":"https:\/\/www.copealcoy.es\/es\/#\/schema\/person\/e777c87fa024e57d40170af9df39882c"},"headline":"Famorca s&#8217;acull als pr\u00e8stecs per als pobles que van patir l&#8217;incendi de Vall d&#8217;Ebo","datePublished":"2022-10-05T16:59:07+00:00","dateModified":"2022-10-05T17:17:47+00:00","mainEntityOfPage":{"@id":"https:\/\/www.copealcoy.es\/es\/famorca-sacull-als-prestecs-per-als-pobles-que-van-patir-lincendi-de-vall-debo\/"},"wordCount":352,"commentCount":0,"image":{"@id":"https:\/\/www.copealcoy.es\/es\/famorca-sacull-als-prestecs-per-als-pobles-que-van-patir-lincendi-de-vall-debo\/#primaryimage"},"thumbnailUrl":"https:\/\/www.copealcoy.es\/wp-content\/uploads\/2019\/08\/foto5-1.jpg","keywords":["ajudes","Diputaci\u00f3 d'Alacant","Famorca","incendi","Vall d'Ebo"],"articleSection":["Actualidad","Comarcas","Noticias"],"inLanguage":"es"},{"@type":"WebPage","@id":"https:\/\/www.copealcoy.es\/es\/famorca-sacull-als-prestecs-per-als-pobles-que-van-patir-lincendi-de-vall-debo\/","url":"https:\/\/www.copealcoy.es\/es\/famorca-sacull-als-prestecs-per-als-pobles-que-van-patir-lincendi-de-vall-debo\/","name":"Famorca s'acull als pr\u00e8stecs per als pobles que van patir l'incendi de Vall d'Ebo - COPE Alcoy","isPartOf":{"@id":"https:\/\/www.copealcoy.es\/es\/#website"},"primaryImageOfPage":{"@id":"https:\/\/www.copealcoy.es\/es\/famorca-sacull-als-prestecs-per-als-pobles-que-van-patir-lincendi-de-vall-debo\/#primaryimage"},"image":{"@id":"https:\/\/www.copealcoy.es\/es\/famorca-sacull-als-prestecs-per-als-pobles-que-van-patir-lincendi-de-vall-debo\/#primaryimage"},"thumbnailUrl":"https:\/\/www.copealcoy.es\/wp-content\/uploads\/2019\/08\/foto5-1.jpg","datePublished":"2022-10-05T16:59:07+00:00","dateModified":"2022-10-05T17:17:47+00:00","author":{"@id":"https:\/\/www.copealcoy.es\/es\/#\/schema\/person\/e777c87fa024e57d40170af9df39882c"},"description":"Famorca s\u2019acull als pr\u00e8stecs atorgats per la Diputaci\u00f3 d'Alacant per als pobles que van patir l\u2019incendi de Vall d\u2019Ebo","breadcrumb":{"@id":"https:\/\/www.copealcoy.es\/es\/famorca-sacull-als-prestecs-per-als-pobles-que-van-patir-lincendi-de-vall-debo\/#breadcrumb"},"inLanguage":"es","potentialAction":[{"@type":"ReadAction","target":["https:\/\/www.copealcoy.es\/es\/famorca-sacull-als-prestecs-per-als-pobles-que-van-patir-lincendi-de-vall-debo\/"]}]},{"@type":"ImageObject","inLanguage":"es","@id":"https:\/\/www.copealcoy.es\/es\/famorca-sacull-als-prestecs-per-als-pobles-que-van-patir-lincendi-de-vall-debo\/#primaryimage","url":"https:\/\/www.copealcoy.es\/wp-content\/uploads\/2019\/08\/foto5-1.jpg","contentUrl":"https:\/\/www.copealcoy.es\/wp-content\/uploads\/2019\/08\/foto5-1.jpg","width":2362,"height":1549},{"@type":"BreadcrumbList","@id":"https:\/\/www.copealcoy.es\/es\/famorca-sacull-als-prestecs-per-als-pobles-que-van-patir-lincendi-de-vall-debo\/#breadcrumb","itemListElement":[{"@type":"ListItem","position":1,"name":"Portada","item":"https:\/\/www.copealcoy.es\/es\/"},{"@type":"ListItem","position":2,"name":"Famorca s&#8217;acull als pr\u00e8stecs per als pobles que van patir l&#8217;incendi de Vall d&#8217;Ebo"}]},{"@type":"WebSite","@id":"https:\/\/www.copealcoy.es\/es\/#website","url":"https:\/\/www.copealcoy.es\/es\/","name":"COPE Alcoy","description":"Emisora COPE de radio local con emisi\u00f3n online. Pont de Sant Jordi 8-10 03803 Alcoy","potentialAction":[{"@type":"SearchAction","target":{"@type":"EntryPoint","urlTemplate":"https:\/\/www.copealcoy.es\/es\/?s={search_term_string}"},"query-input":{"@type":"PropertyValueSpecification","valueRequired":true,"valueName":"search_term_string"}}],"inLanguage":"es"},{"@type":"Person","@id":"https:\/\/www.copealcoy.es\/es\/#\/schema\/person\/e777c87fa024e57d40170af9df39882c","name":"Cope Alcoy","image":{"@type":"ImageObject","inLanguage":"es","@id":"https:\/\/secure.gravatar.com\/avatar\/bb65d0283347e303893ba14f0692005417c1e0e690a325a4c5d8bb2b3943ee14?s=96&d=mm&r=g","url":"https:\/\/secure.gravatar.com\/avatar\/bb65d0283347e303893ba14f0692005417c1e0e690a325a4c5d8bb2b3943ee14?s=96&d=mm&r=g","contentUrl":"https:\/\/secure.gravatar.com\/avatar\/bb65d0283347e303893ba14f0692005417c1e0e690a325a4c5d8bb2b3943ee14?s=96&d=mm&r=g","caption":"Cope Alcoy"}}]}},"_links":{"self":[{"href":"https:\/\/www.copealcoy.es\/es\/wp-json\/wp\/v2\/posts\/92537","targetHints":{"allow":["GET"]}}],"collection":[{"href":"https:\/\/www.copealcoy.es\/es\/wp-json\/wp\/v2\/posts"}],"about":[{"href":"https:\/\/www.copealcoy.es\/es\/wp-json\/wp\/v2\/types\/post"}],"author":[{"embeddable":true,"href":"https:\/\/www.copealcoy.es\/es\/wp-json\/wp\/v2\/users\/1"}],"replies":[{"embeddable":true,"href":"https:\/\/www.copealcoy.es\/es\/wp-json\/wp\/v2\/comments?post=92537"}],"version-history":[{"count":0,"href":"https:\/\/www.copealcoy.es\/es\/wp-json\/wp\/v2\/posts\/92537\/revisions"}],"wp:featuredmedia":[{"embeddable":true,"href":"https:\/\/www.copealcoy.es\/es\/wp-json\/wp\/v2\/media\/54125"}],"wp:attachment":[{"href":"https:\/\/www.copealcoy.es\/es\/wp-json\/wp\/v2\/media?parent=92537"}],"wp:term":[{"taxonomy":"category","embeddable":true,"href":"https:\/\/www.copealcoy.es\/es\/wp-json\/wp\/v2\/categories?post=92537"},{"taxonomy":"post_tag","embeddable":true,"href":"https:\/\/www.copealcoy.es\/es\/wp-json\/wp\/v2\/tags?post=92537"}],"curies":[{"name":"wp","href":"https:\/\/api.w.org\/{rel}","templated":true}]}}