{"id":92500,"date":"2022-10-04T17:23:36","date_gmt":"2022-10-04T16:23:36","guid":{"rendered":"https:\/\/www.copealcoy.es\/?p=92500"},"modified":"2022-10-04T17:23:36","modified_gmt":"2022-10-04T16:23:36","slug":"arranca-un-nou-curs-de-la-universitat-senior-del-campus-dalcoi-de-la-upv","status":"publish","type":"post","link":"https:\/\/www.copealcoy.es\/es\/arranca-un-nou-curs-de-la-universitat-senior-del-campus-dalcoi-de-la-upv\/","title":{"rendered":"Arranca un nou curs de la Universitat S\u00e8nior del Campus d\u2019Alcoi de la UPV"},"content":{"rendered":"<p style=\"text-align: justify;\">L&#8217;Aula Magna de l&#8217;Edifici Viaducte del <a href=\"http:\/\/www.epsa.upv.es\/?lang=es\"><span style=\"color: #0000ff;\"><strong>Campus d&#8217;Alcoi de la Universitat Polit\u00e8cnica de Val\u00e8ncia (UPV)<\/strong><\/span><\/a> ha acollit l&#8217;acte d&#8217;obertura de la Universitat S\u00e8nior del curs 2022\/2023 i la lli\u00e7\u00f3 inaugural. L&#8217;esdeveniment ha estat presidit per <strong>Mar\u00eda Salom\u00e9 Cuesta<\/strong>, vicerectora d&#8217;Art, Ci\u00e8ncia, Tecnologia i Societat de la UPV; <strong>Jorge Segura<\/strong>, regidor d&#8217;Innovaci\u00f3, Ind\u00fastria i Activitats, Societat Digital de l&#8217;Ajuntament d&#8217;Alcoi, i <strong>Jos\u00e9 Mar\u00eda Gadea<\/strong>, subdirector primer del Campus d&#8217;Alcoi de la UPV. La confer\u00e8ncia inaugural ha sigut impartida per <strong>\u00c0lex Agull\u00f3<\/strong> amb la confer\u00e8ncia \u2018Si jo t\u00e9nia mem\u00f2ria!\u2019<\/p>\n<p style=\"text-align: justify;\">En l&#8217;acte tamb\u00e9 ha participat la subdirectora de Formaci\u00f3 Permanent, T\u00edtols Propis i Formaci\u00f3 en l\u00ednia del campus, <strong>Luc\u00eda Agud<\/strong>; per a explicar totes les novetats d&#8217;aquest curs als estudiants s\u00e8nior que han assistit a la confer\u00e8ncia inaugural. En l&#8217;acte, tamb\u00e9 ha estat present la coordinadora de la Universitat S\u00e8nior en la UPV, <strong>Ana Mar\u00eda Mu\u00f1oz<\/strong>.<\/p>\n<p style=\"text-align: justify;\">La inscripci\u00f3 per als dos cursos de la s\u00e8nior s&#8217;ha completat quasi \u00edntegrament. La relaxaci\u00f3 de les mesures sanit\u00e0ries ha perm\u00e9s que les activitats se celebren amb normalitat despr\u00e9s dels mesos m\u00e9s durs per la pand\u00e8mia. La inscripci\u00f3 demostra que els alumnes \u2018s\u00e8nior\u2019 estan molt animats i motivats amb aquestes activitats.<\/p>\n<p style=\"text-align: justify;\">La doc\u00e8ncia es divideix en dos cursos on es tractaran temes tan diversos com cinema, hist\u00f2ria, cultura general, ci\u00e8ncia, educaci\u00f3, pintura, m\u00fasica, biologia o economia. Les classes s&#8217;impartiran en el mateix Edifici de Viaducte. Al seu torn es complementaran amb altres activitats, algunes de les quals les ha nomenades <strong>Mar\u00eda Salom\u00e9 Cuesta<\/strong>: jornades intercampus, participaci\u00f3 de manera en l\u00ednia en cursos i seminaris que la UPV organitza i obri a tots els seus alumnes s\u00e8nior,etc. A m\u00e9s, es reprendr\u00e0 el programa d&#8217;intercanvi amb la Universitat S\u00e8nior de la Universitat de La Corunya. Una altra de les activitats proposades per a aquest curs es realitzar\u00e0 al costat de la Universitat Permanent de la UA amb el t\u00edtol \u2018Gaudeix els tresors immaterials d&#8217;Europa\u2019.<\/p>\n<p style=\"text-align: justify;\">El regidor, <strong>Jorge Segura<\/strong>, ha recalcat l&#8217;important paper de la universitat s\u00e8nior per a la ciutat d&#8217;Alcoi. Anteriorment, va ser responsable de la Universitat S\u00e8nior al Campus alcoi\u00e0.<\/p>\n<p style=\"text-align: justify;\">Per part seua, <strong>Jos\u00e9 Mar\u00eda Gadea<\/strong> ha desitjat als estudiants s\u00e8nior que \u201c<em>gaudisquen de cada dia, de cada activitat, de la companyia dels seus companys, del professorat, dels debats i converses derivats de la formaci\u00f3 i de tot all\u00f2 que la Universitat els pot oferir\u201d.<\/em><\/p>\n<p style=\"text-align: justify;\"><span style=\"color: #0000ff;\"><strong>Curr\u00edculum del ponent i conferencia<\/strong><\/span><\/p>\n<p style=\"text-align: justify;\">\u00c0lex Agull\u00f3 i Guerra ha impartit la confer\u00e8ncia inaugural \u2018Si jo tenia mem\u00f2ria!\u2019. Agull\u00f3 va n\u00e0ixer en 1953, i en l&#8217;actualitat est\u00e0 jubilat, per\u00f2 segueix amb molta activitat.<\/p>\n<p style=\"text-align: justify;\">Durant la seua carrera professional s&#8217;ha dedicat a la doc\u00e8ncia com a mestre. \u00c9s escriptor, poeta i investigador de paremiologia que \u00e9s l&#8217;estudi cient\u00edfic, an\u00e0lisi comparativa i provinen\u00e7a dels refranys, proverbis i tot tipus d&#8217;expressions i sent\u00e8ncies breus que transmeten coneixement tradicional. Militant per la pau, va ser membre fundador de COCUPANCA, col\u00b7lectiu per la cultura de pau i no-viol\u00e8ncia del Comtat i L&#8217;Alcoi\u00e0.<\/p>\n","protected":false},"excerpt":{"rendered":"<p>L&#8217;Aula Magna de l&#8217;Edifici Viaducte del Campus d&#8217;Alcoi de la Universitat Polit\u00e8cnica de Val\u00e8ncia (UPV) ha acollit l&#8217;acte d&#8217;obertura de&#8230;<\/p>\n","protected":false},"author":1,"featured_media":92501,"comment_status":"open","ping_status":"open","sticky":false,"template":"","format":"standard","meta":{"footnotes":""},"categories":[6909,97,5374,900,75],"tags":[160,1560,9963,13258],"class_list":["post-92500","post","type-post","status-publish","format-standard","has-post-thumbnail","hentry","category-actualidad","category-alcoy","category-campus-de-alcoy","category-educacion","category-noticias","tag-alcoi","tag-campus-upv","tag-inici","tag-universitat-senior"],"yoast_head":"<!-- This site is optimized with the Yoast SEO plugin v27.3 - https:\/\/yoast.com\/product\/yoast-seo-wordpress\/ -->\n<title>Arranca un nou curs de la Universitat S\u00e8nior del Campus d\u2019Alcoi de la UPV - COPE Alcoy<\/title>\n<meta name=\"description\" content=\"Arranca un nou curs acad\u00e8mic per a la Universitat S\u00e8nior del Campus d\u2019Alcoi de la Universitat Polit\u00e8cnica de Val\u00e8ncia\" \/>\n<meta name=\"robots\" content=\"index, follow, max-snippet:-1, max-image-preview:large, max-video-preview:-1\" \/>\n<link rel=\"canonical\" href=\"https:\/\/www.copealcoy.es\/es\/arranca-un-nou-curs-de-la-universitat-senior-del-campus-dalcoi-de-la-upv\/\" \/>\n<meta property=\"og:locale\" content=\"es_ES\" \/>\n<meta property=\"og:type\" content=\"article\" \/>\n<meta property=\"og:title\" content=\"Arranca un nou curs de la Universitat S\u00e8nior del Campus d\u2019Alcoi de la UPV - COPE Alcoy\" \/>\n<meta property=\"og:description\" content=\"Arranca un nou curs acad\u00e8mic per a la Universitat S\u00e8nior del Campus d\u2019Alcoi de la Universitat Polit\u00e8cnica de Val\u00e8ncia\" \/>\n<meta property=\"og:url\" content=\"https:\/\/www.copealcoy.es\/es\/arranca-un-nou-curs-de-la-universitat-senior-del-campus-dalcoi-de-la-upv\/\" \/>\n<meta property=\"og:site_name\" content=\"COPE Alcoy\" \/>\n<meta property=\"article:published_time\" content=\"2022-10-04T16:23:36+00:00\" \/>\n<meta property=\"og:image\" content=\"https:\/\/www.copealcoy.es\/wp-content\/uploads\/2022\/10\/Ponencia-scaled.jpg\" \/>\n\t<meta property=\"og:image:width\" content=\"1537\" \/>\n\t<meta property=\"og:image:height\" content=\"1080\" \/>\n\t<meta property=\"og:image:type\" content=\"image\/jpeg\" \/>\n<meta name=\"author\" content=\"Cope Alcoy\" \/>\n<meta name=\"twitter:label1\" content=\"Escrito por\" \/>\n\t<meta name=\"twitter:data1\" content=\"Cope Alcoy\" \/>\n\t<meta name=\"twitter:label2\" content=\"Tiempo de lectura\" \/>\n\t<meta name=\"twitter:data2\" content=\"3 minutos\" \/>\n<script type=\"application\/ld+json\" class=\"yoast-schema-graph\">{\"@context\":\"https:\\\/\\\/schema.org\",\"@graph\":[{\"@type\":\"Article\",\"@id\":\"https:\\\/\\\/www.copealcoy.es\\\/es\\\/arranca-un-nou-curs-de-la-universitat-senior-del-campus-dalcoi-de-la-upv\\\/#article\",\"isPartOf\":{\"@id\":\"https:\\\/\\\/www.copealcoy.es\\\/es\\\/arranca-un-nou-curs-de-la-universitat-senior-del-campus-dalcoi-de-la-upv\\\/\"},\"author\":{\"name\":\"Cope Alcoy\",\"@id\":\"https:\\\/\\\/www.copealcoy.es\\\/es\\\/#\\\/schema\\\/person\\\/e777c87fa024e57d40170af9df39882c\"},\"headline\":\"Arranca un nou curs de la Universitat S\u00e8nior del Campus d\u2019Alcoi de la UPV\",\"datePublished\":\"2022-10-04T16:23:36+00:00\",\"mainEntityOfPage\":{\"@id\":\"https:\\\/\\\/www.copealcoy.es\\\/es\\\/arranca-un-nou-curs-de-la-universitat-senior-del-campus-dalcoi-de-la-upv\\\/\"},\"wordCount\":576,\"commentCount\":0,\"image\":{\"@id\":\"https:\\\/\\\/www.copealcoy.es\\\/es\\\/arranca-un-nou-curs-de-la-universitat-senior-del-campus-dalcoi-de-la-upv\\\/#primaryimage\"},\"thumbnailUrl\":\"https:\\\/\\\/www.copealcoy.es\\\/wp-content\\\/uploads\\\/2022\\\/10\\\/Ponencia-scaled.jpg\",\"keywords\":[\"Alcoi\",\"Campus UPV\",\"inici\",\"Universitat S\u00e8nior\"],\"articleSection\":[\"Actualidad\",\"Alcoy\",\"Campus de Alcoy\",\"Educaci\u00f3n\",\"Noticias\"],\"inLanguage\":\"es\"},{\"@type\":\"WebPage\",\"@id\":\"https:\\\/\\\/www.copealcoy.es\\\/es\\\/arranca-un-nou-curs-de-la-universitat-senior-del-campus-dalcoi-de-la-upv\\\/\",\"url\":\"https:\\\/\\\/www.copealcoy.es\\\/es\\\/arranca-un-nou-curs-de-la-universitat-senior-del-campus-dalcoi-de-la-upv\\\/\",\"name\":\"Arranca un nou curs de la Universitat S\u00e8nior del Campus d\u2019Alcoi de la UPV - COPE Alcoy\",\"isPartOf\":{\"@id\":\"https:\\\/\\\/www.copealcoy.es\\\/es\\\/#website\"},\"primaryImageOfPage\":{\"@id\":\"https:\\\/\\\/www.copealcoy.es\\\/es\\\/arranca-un-nou-curs-de-la-universitat-senior-del-campus-dalcoi-de-la-upv\\\/#primaryimage\"},\"image\":{\"@id\":\"https:\\\/\\\/www.copealcoy.es\\\/es\\\/arranca-un-nou-curs-de-la-universitat-senior-del-campus-dalcoi-de-la-upv\\\/#primaryimage\"},\"thumbnailUrl\":\"https:\\\/\\\/www.copealcoy.es\\\/wp-content\\\/uploads\\\/2022\\\/10\\\/Ponencia-scaled.jpg\",\"datePublished\":\"2022-10-04T16:23:36+00:00\",\"author\":{\"@id\":\"https:\\\/\\\/www.copealcoy.es\\\/es\\\/#\\\/schema\\\/person\\\/e777c87fa024e57d40170af9df39882c\"},\"description\":\"Arranca un nou curs acad\u00e8mic per a la Universitat S\u00e8nior del Campus d\u2019Alcoi de la Universitat Polit\u00e8cnica de Val\u00e8ncia\",\"breadcrumb\":{\"@id\":\"https:\\\/\\\/www.copealcoy.es\\\/es\\\/arranca-un-nou-curs-de-la-universitat-senior-del-campus-dalcoi-de-la-upv\\\/#breadcrumb\"},\"inLanguage\":\"es\",\"potentialAction\":[{\"@type\":\"ReadAction\",\"target\":[\"https:\\\/\\\/www.copealcoy.es\\\/es\\\/arranca-un-nou-curs-de-la-universitat-senior-del-campus-dalcoi-de-la-upv\\\/\"]}]},{\"@type\":\"ImageObject\",\"inLanguage\":\"es\",\"@id\":\"https:\\\/\\\/www.copealcoy.es\\\/es\\\/arranca-un-nou-curs-de-la-universitat-senior-del-campus-dalcoi-de-la-upv\\\/#primaryimage\",\"url\":\"https:\\\/\\\/www.copealcoy.es\\\/wp-content\\\/uploads\\\/2022\\\/10\\\/Ponencia-scaled.jpg\",\"contentUrl\":\"https:\\\/\\\/www.copealcoy.es\\\/wp-content\\\/uploads\\\/2022\\\/10\\\/Ponencia-scaled.jpg\",\"width\":1537,\"height\":1080},{\"@type\":\"BreadcrumbList\",\"@id\":\"https:\\\/\\\/www.copealcoy.es\\\/es\\\/arranca-un-nou-curs-de-la-universitat-senior-del-campus-dalcoi-de-la-upv\\\/#breadcrumb\",\"itemListElement\":[{\"@type\":\"ListItem\",\"position\":1,\"name\":\"Portada\",\"item\":\"https:\\\/\\\/www.copealcoy.es\\\/es\\\/\"},{\"@type\":\"ListItem\",\"position\":2,\"name\":\"Arranca un nou curs de la Universitat S\u00e8nior del Campus d\u2019Alcoi de la UPV\"}]},{\"@type\":\"WebSite\",\"@id\":\"https:\\\/\\\/www.copealcoy.es\\\/es\\\/#website\",\"url\":\"https:\\\/\\\/www.copealcoy.es\\\/es\\\/\",\"name\":\"COPE Alcoy\",\"description\":\"Emisora COPE de radio local con emisi\u00f3n online. Pont de Sant Jordi 8-10 03803 Alcoy\",\"potentialAction\":[{\"@type\":\"SearchAction\",\"target\":{\"@type\":\"EntryPoint\",\"urlTemplate\":\"https:\\\/\\\/www.copealcoy.es\\\/es\\\/?s={search_term_string}\"},\"query-input\":{\"@type\":\"PropertyValueSpecification\",\"valueRequired\":true,\"valueName\":\"search_term_string\"}}],\"inLanguage\":\"es\"},{\"@type\":\"Person\",\"@id\":\"https:\\\/\\\/www.copealcoy.es\\\/es\\\/#\\\/schema\\\/person\\\/e777c87fa024e57d40170af9df39882c\",\"name\":\"Cope Alcoy\",\"image\":{\"@type\":\"ImageObject\",\"inLanguage\":\"es\",\"@id\":\"https:\\\/\\\/secure.gravatar.com\\\/avatar\\\/bb65d0283347e303893ba14f0692005417c1e0e690a325a4c5d8bb2b3943ee14?s=96&d=mm&r=g\",\"url\":\"https:\\\/\\\/secure.gravatar.com\\\/avatar\\\/bb65d0283347e303893ba14f0692005417c1e0e690a325a4c5d8bb2b3943ee14?s=96&d=mm&r=g\",\"contentUrl\":\"https:\\\/\\\/secure.gravatar.com\\\/avatar\\\/bb65d0283347e303893ba14f0692005417c1e0e690a325a4c5d8bb2b3943ee14?s=96&d=mm&r=g\",\"caption\":\"Cope Alcoy\"}}]}<\/script>\n<!-- \/ Yoast SEO plugin. -->","yoast_head_json":{"title":"Arranca un nou curs de la Universitat S\u00e8nior del Campus d\u2019Alcoi de la UPV - COPE Alcoy","description":"Arranca un nou curs acad\u00e8mic per a la Universitat S\u00e8nior del Campus d\u2019Alcoi de la Universitat Polit\u00e8cnica de Val\u00e8ncia","robots":{"index":"index","follow":"follow","max-snippet":"max-snippet:-1","max-image-preview":"max-image-preview:large","max-video-preview":"max-video-preview:-1"},"canonical":"https:\/\/www.copealcoy.es\/es\/arranca-un-nou-curs-de-la-universitat-senior-del-campus-dalcoi-de-la-upv\/","og_locale":"es_ES","og_type":"article","og_title":"Arranca un nou curs de la Universitat S\u00e8nior del Campus d\u2019Alcoi de la UPV - COPE Alcoy","og_description":"Arranca un nou curs acad\u00e8mic per a la Universitat S\u00e8nior del Campus d\u2019Alcoi de la Universitat Polit\u00e8cnica de Val\u00e8ncia","og_url":"https:\/\/www.copealcoy.es\/es\/arranca-un-nou-curs-de-la-universitat-senior-del-campus-dalcoi-de-la-upv\/","og_site_name":"COPE Alcoy","article_published_time":"2022-10-04T16:23:36+00:00","og_image":[{"width":1537,"height":1080,"url":"https:\/\/www.copealcoy.es\/wp-content\/uploads\/2022\/10\/Ponencia-scaled.jpg","type":"image\/jpeg"}],"author":"Cope Alcoy","twitter_misc":{"Escrito por":"Cope Alcoy","Tiempo de lectura":"3 minutos"},"schema":{"@context":"https:\/\/schema.org","@graph":[{"@type":"Article","@id":"https:\/\/www.copealcoy.es\/es\/arranca-un-nou-curs-de-la-universitat-senior-del-campus-dalcoi-de-la-upv\/#article","isPartOf":{"@id":"https:\/\/www.copealcoy.es\/es\/arranca-un-nou-curs-de-la-universitat-senior-del-campus-dalcoi-de-la-upv\/"},"author":{"name":"Cope Alcoy","@id":"https:\/\/www.copealcoy.es\/es\/#\/schema\/person\/e777c87fa024e57d40170af9df39882c"},"headline":"Arranca un nou curs de la Universitat S\u00e8nior del Campus d\u2019Alcoi de la UPV","datePublished":"2022-10-04T16:23:36+00:00","mainEntityOfPage":{"@id":"https:\/\/www.copealcoy.es\/es\/arranca-un-nou-curs-de-la-universitat-senior-del-campus-dalcoi-de-la-upv\/"},"wordCount":576,"commentCount":0,"image":{"@id":"https:\/\/www.copealcoy.es\/es\/arranca-un-nou-curs-de-la-universitat-senior-del-campus-dalcoi-de-la-upv\/#primaryimage"},"thumbnailUrl":"https:\/\/www.copealcoy.es\/wp-content\/uploads\/2022\/10\/Ponencia-scaled.jpg","keywords":["Alcoi","Campus UPV","inici","Universitat S\u00e8nior"],"articleSection":["Actualidad","Alcoy","Campus de Alcoy","Educaci\u00f3n","Noticias"],"inLanguage":"es"},{"@type":"WebPage","@id":"https:\/\/www.copealcoy.es\/es\/arranca-un-nou-curs-de-la-universitat-senior-del-campus-dalcoi-de-la-upv\/","url":"https:\/\/www.copealcoy.es\/es\/arranca-un-nou-curs-de-la-universitat-senior-del-campus-dalcoi-de-la-upv\/","name":"Arranca un nou curs de la Universitat S\u00e8nior del Campus d\u2019Alcoi de la UPV - COPE Alcoy","isPartOf":{"@id":"https:\/\/www.copealcoy.es\/es\/#website"},"primaryImageOfPage":{"@id":"https:\/\/www.copealcoy.es\/es\/arranca-un-nou-curs-de-la-universitat-senior-del-campus-dalcoi-de-la-upv\/#primaryimage"},"image":{"@id":"https:\/\/www.copealcoy.es\/es\/arranca-un-nou-curs-de-la-universitat-senior-del-campus-dalcoi-de-la-upv\/#primaryimage"},"thumbnailUrl":"https:\/\/www.copealcoy.es\/wp-content\/uploads\/2022\/10\/Ponencia-scaled.jpg","datePublished":"2022-10-04T16:23:36+00:00","author":{"@id":"https:\/\/www.copealcoy.es\/es\/#\/schema\/person\/e777c87fa024e57d40170af9df39882c"},"description":"Arranca un nou curs acad\u00e8mic per a la Universitat S\u00e8nior del Campus d\u2019Alcoi de la Universitat Polit\u00e8cnica de Val\u00e8ncia","breadcrumb":{"@id":"https:\/\/www.copealcoy.es\/es\/arranca-un-nou-curs-de-la-universitat-senior-del-campus-dalcoi-de-la-upv\/#breadcrumb"},"inLanguage":"es","potentialAction":[{"@type":"ReadAction","target":["https:\/\/www.copealcoy.es\/es\/arranca-un-nou-curs-de-la-universitat-senior-del-campus-dalcoi-de-la-upv\/"]}]},{"@type":"ImageObject","inLanguage":"es","@id":"https:\/\/www.copealcoy.es\/es\/arranca-un-nou-curs-de-la-universitat-senior-del-campus-dalcoi-de-la-upv\/#primaryimage","url":"https:\/\/www.copealcoy.es\/wp-content\/uploads\/2022\/10\/Ponencia-scaled.jpg","contentUrl":"https:\/\/www.copealcoy.es\/wp-content\/uploads\/2022\/10\/Ponencia-scaled.jpg","width":1537,"height":1080},{"@type":"BreadcrumbList","@id":"https:\/\/www.copealcoy.es\/es\/arranca-un-nou-curs-de-la-universitat-senior-del-campus-dalcoi-de-la-upv\/#breadcrumb","itemListElement":[{"@type":"ListItem","position":1,"name":"Portada","item":"https:\/\/www.copealcoy.es\/es\/"},{"@type":"ListItem","position":2,"name":"Arranca un nou curs de la Universitat S\u00e8nior del Campus d\u2019Alcoi de la UPV"}]},{"@type":"WebSite","@id":"https:\/\/www.copealcoy.es\/es\/#website","url":"https:\/\/www.copealcoy.es\/es\/","name":"COPE Alcoy","description":"Emisora COPE de radio local con emisi\u00f3n online. Pont de Sant Jordi 8-10 03803 Alcoy","potentialAction":[{"@type":"SearchAction","target":{"@type":"EntryPoint","urlTemplate":"https:\/\/www.copealcoy.es\/es\/?s={search_term_string}"},"query-input":{"@type":"PropertyValueSpecification","valueRequired":true,"valueName":"search_term_string"}}],"inLanguage":"es"},{"@type":"Person","@id":"https:\/\/www.copealcoy.es\/es\/#\/schema\/person\/e777c87fa024e57d40170af9df39882c","name":"Cope Alcoy","image":{"@type":"ImageObject","inLanguage":"es","@id":"https:\/\/secure.gravatar.com\/avatar\/bb65d0283347e303893ba14f0692005417c1e0e690a325a4c5d8bb2b3943ee14?s=96&d=mm&r=g","url":"https:\/\/secure.gravatar.com\/avatar\/bb65d0283347e303893ba14f0692005417c1e0e690a325a4c5d8bb2b3943ee14?s=96&d=mm&r=g","contentUrl":"https:\/\/secure.gravatar.com\/avatar\/bb65d0283347e303893ba14f0692005417c1e0e690a325a4c5d8bb2b3943ee14?s=96&d=mm&r=g","caption":"Cope Alcoy"}}]}},"_links":{"self":[{"href":"https:\/\/www.copealcoy.es\/es\/wp-json\/wp\/v2\/posts\/92500","targetHints":{"allow":["GET"]}}],"collection":[{"href":"https:\/\/www.copealcoy.es\/es\/wp-json\/wp\/v2\/posts"}],"about":[{"href":"https:\/\/www.copealcoy.es\/es\/wp-json\/wp\/v2\/types\/post"}],"author":[{"embeddable":true,"href":"https:\/\/www.copealcoy.es\/es\/wp-json\/wp\/v2\/users\/1"}],"replies":[{"embeddable":true,"href":"https:\/\/www.copealcoy.es\/es\/wp-json\/wp\/v2\/comments?post=92500"}],"version-history":[{"count":0,"href":"https:\/\/www.copealcoy.es\/es\/wp-json\/wp\/v2\/posts\/92500\/revisions"}],"wp:featuredmedia":[{"embeddable":true,"href":"https:\/\/www.copealcoy.es\/es\/wp-json\/wp\/v2\/media\/92501"}],"wp:attachment":[{"href":"https:\/\/www.copealcoy.es\/es\/wp-json\/wp\/v2\/media?parent=92500"}],"wp:term":[{"taxonomy":"category","embeddable":true,"href":"https:\/\/www.copealcoy.es\/es\/wp-json\/wp\/v2\/categories?post=92500"},{"taxonomy":"post_tag","embeddable":true,"href":"https:\/\/www.copealcoy.es\/es\/wp-json\/wp\/v2\/tags?post=92500"}],"curies":[{"name":"wp","href":"https:\/\/api.w.org\/{rel}","templated":true}]}}