{"id":92471,"date":"2022-10-04T14:25:36","date_gmt":"2022-10-04T13:25:36","guid":{"rendered":"https:\/\/www.copealcoy.es\/?p=92471"},"modified":"2022-10-04T14:35:22","modified_gmt":"2022-10-04T13:35:22","slug":"els-sanitaris-valencians-comencen-a-rebre-la-segona-dosi-de-record-contra-la-covid-19","status":"publish","type":"post","link":"https:\/\/www.copealcoy.es\/es\/els-sanitaris-valencians-comencen-a-rebre-la-segona-dosi-de-record-contra-la-covid-19\/","title":{"rendered":"Els sanitaris valencians comencen a rebre la segona dosi de record contra la Covid-19"},"content":{"rendered":"<p style=\"text-align: justify;\">La <a href=\"https:\/\/www.san.gva.es\/web_estatica\/index_va.html\"><strong><span style=\"color: #0000ff;\">Conselleria de Sanitat Universal i Salut P\u00fablica<\/span> <\/strong><\/a>comen\u00e7a aquest dimecres a administrar <strong>la segona dosi de record de la vacuna<\/strong> contra el Coronavirus al personal dels centres, serveis i establiments sanitaris, tant d&#8217;Atenci\u00f3 Prim\u00e0ria com hospital\u00e0ria, p\u00fablica i privada, aix\u00ed com a les persones que treballen en els serveis d&#8217;emerg\u00e8ncies sanit\u00e0ries i estan en contacte amb pacients. En total, <strong>s\u00f3n 130.000 persones<\/strong>.<\/p>\n<p style=\"text-align: justify;\">\u201c<em>La vacunaci\u00f3 de tot aquest personal que treballa en centres sanitaris, tant p\u00fablics com privats, s&#8217;escometr\u00e0 principalment en els llocs de treball i en els Serveis de Prevenci\u00f3 adherits. A m\u00e9s, s&#8217;han mantingut reunions amb els col\u00b7legis professionals, que podran organitzar campanyes ad hoc<\/em>\u201d, ha explicat el Conseller de Sanitat Universal i Salut P\u00fablica, <strong><span class=\"hiddenSpellError\">Miguel<\/span>\u00a0<span class=\"hiddenSpellError\">M\u00ednguez<\/span><\/strong>.<\/p>\n<p style=\"text-align: justify;\">A m\u00e9s dels sanitaris, i de les persones que viuen o treballen en resid\u00e8ncies de majors i altres centres d&#8217;atenci\u00f3 a la discapacitat i que ja estan rebent la protecci\u00f3 extra contra el Coronavirus, <strong>a partir del dilluns 17 d&#8217;octubre es vacunar\u00e0 tamb\u00e9 als qui tenen condicions de salut d&#8217;alt risc i a la poblaci\u00f3 de 80 i m\u00e9s anys, d&#8217;acord amb les Recomanacions de Vacunaci\u00f3<\/strong> enfront de COVID-19 per a la tardor a Espanya del Ministeri de Sanitat.<\/p>\n<p style=\"text-align: justify;\">En concret, <strong>est\u00e0 previst comen\u00e7ar la immunitzaci\u00f3 amb els majors de vuitanta anys<\/strong> i, seguidament, <strong>majors de setanta anys i majors de\u00a0<span class=\"hiddenGreenError\">60<\/span>\u00a0anys<\/strong>, per aquest ordre perqu\u00e8 l&#8217;edat \u00e9s un factor de risc en la malaltia per Coronavirus.<\/p>\n<p style=\"text-align: justify;\">En el cas de les persones que rebran la vacuna per edat, \u201c<em>s&#8217;aplicar\u00e0 de forma simult\u00e0nia la segona dosi de record de la vacuna contra la COVID amb la vacuna de la grip per a evitar dobles despla\u00e7aments<\/em>\u201d, ha afegit\u00a0<span class=\"hiddenSpellError\">M\u00ednguez<\/span>. Aquest grup poblacional s&#8217;immunitzar\u00e0 <strong>seguint les directrius que la Conselleria de Sanitat Universal i Salut P\u00fablica<\/strong> comunicar\u00e0 amb antelaci\u00f3.<\/p>\n<p style=\"text-align: justify;\">Sumant tots els col\u00b7lectius, el nombre de persones susceptibles de rebre la segona dosi de refor\u00e7 de la vacuna contra el Coronavirus, <strong>ascendeix a 1.659.534 en la Comunitat Valenciana<\/strong>.<\/p>\n<p style=\"text-align: justify;\">En la primera setmana d&#8217;implementaci\u00f3 de les Recomanacions de Vacunaci\u00f3 enfront de COVID-19 per a la tardor a Espanya, <strong>un total de 17.618 persones han rebut la vacuna bivalent<\/strong> en la Comunitat Valenciana.<\/p>\n<p style=\"text-align: justify;\"><strong><span style=\"color: #0000ff;\">Cinc mesos de separaci\u00f3 des de l&#8217;\u00faltima vacuna contra la COVID<\/span><\/strong><\/p>\n<p style=\"text-align: justify;\">La Comunitat Valenciana est\u00e0 administrant aquesta dosi de record <strong>amb vacunes bivalents<\/strong>, que generen protecci\u00f3 enfront de les subvariants d&#8217;\u00f2micron (les presents actualment) i contra altres variants que van circular amb anterioritat.<\/p>\n<p style=\"text-align: justify;\">La dosi <strong>s&#8217;est\u00e0 inoculant independentment del nombre de vacunes rebudes<\/strong> amb anterioritat perqu\u00e8 es tracta de preparacions noves que protegeixen contra subvariants d&#8217;\u00f2micron\u00a0i altres llinatges. A m\u00e9s, la infecci\u00f3 recent <strong>no \u00e9s ni una contraindicaci\u00f3 ni una eximent<\/strong> per a la vacunaci\u00f3 enfront de COVID-19. Ara b\u00e9, s&#8217;ha observat una millor resposta a la vacunaci\u00f3 quan es respecta un interval de temps entre la infecci\u00f3 pr\u00e8via i la vacunaci\u00f3.<\/p>\n<p style=\"text-align: justify;\">En concret, el lapse \u00e9s d&#8217;almenys cinc mesos despr\u00e9s de la infecci\u00f3 (aix\u00f2 inclou a les persones amb s\u00edmptomes prolongats posteriors a la COVID-19) excepte per a residents de centres de majors, persones de 80 i m\u00e9s anys, i pacients que <strong>tenen un alt grau d&#8217;immunosupressi\u00f3<\/strong>, col\u00b7lectius per als quals l&#8217;interval es redueix a tres mesos.<\/p>\n","protected":false},"excerpt":{"rendered":"<p>La Conselleria de Sanitat Universal i Salut P\u00fablica comen\u00e7a aquest dimecres a administrar la segona dosi de record de la&#8230;<\/p>\n","protected":false},"author":1,"featured_media":72663,"comment_status":"open","ping_status":"open","sticky":false,"template":"","format":"standard","meta":{"footnotes":""},"categories":[6909,97,75,79],"tags":[7281,7397,10008,13253,13254,10373],"class_list":["post-92471","post","type-post","status-publish","format-standard","has-post-thumbnail","hentry","category-actualidad","category-alcoy","category-noticias","category-politicayeconomia","tag-coronavirus","tag-covid-19","tag-reforc","tag-sanitaris","tag-segona-dosi","tag-vacuna"],"yoast_head":"<!-- This site is optimized with the Yoast SEO plugin v27.3 - https:\/\/yoast.com\/product\/yoast-seo-wordpress\/ -->\n<title>Els sanitaris valencians comencen a rebre la segona dosi de record contra la Covid-19 - COPE Alcoy<\/title>\n<meta name=\"robots\" content=\"index, follow, max-snippet:-1, max-image-preview:large, max-video-preview:-1\" \/>\n<link rel=\"canonical\" href=\"https:\/\/www.copealcoy.es\/es\/els-sanitaris-valencians-comencen-a-rebre-la-segona-dosi-de-record-contra-la-covid-19\/\" \/>\n<meta property=\"og:locale\" content=\"es_ES\" \/>\n<meta property=\"og:type\" content=\"article\" \/>\n<meta property=\"og:title\" content=\"Els sanitaris valencians comencen a rebre la segona dosi de record contra la Covid-19 - COPE Alcoy\" \/>\n<meta property=\"og:description\" content=\"La Conselleria de Sanitat Universal i Salut P\u00fablica comen\u00e7a aquest dimecres a administrar la segona dosi de record de la...\" \/>\n<meta property=\"og:url\" content=\"https:\/\/www.copealcoy.es\/es\/els-sanitaris-valencians-comencen-a-rebre-la-segona-dosi-de-record-contra-la-covid-19\/\" \/>\n<meta property=\"og:site_name\" content=\"COPE Alcoy\" \/>\n<meta property=\"article:published_time\" content=\"2022-10-04T13:25:36+00:00\" \/>\n<meta property=\"article:modified_time\" content=\"2022-10-04T13:35:22+00:00\" \/>\n<meta property=\"og:image\" content=\"https:\/\/www.copealcoy.es\/wp-content\/uploads\/2021\/04\/167355503_5945163545509780_3409223777316464782_n.jpg\" \/>\n\t<meta property=\"og:image:width\" content=\"2048\" \/>\n\t<meta property=\"og:image:height\" content=\"1536\" \/>\n\t<meta property=\"og:image:type\" content=\"image\/jpeg\" \/>\n<meta name=\"author\" content=\"Cope Alcoy\" \/>\n<meta name=\"twitter:label1\" content=\"Escrito por\" \/>\n\t<meta name=\"twitter:data1\" content=\"Cope Alcoy\" \/>\n\t<meta name=\"twitter:label2\" content=\"Tiempo de lectura\" \/>\n\t<meta name=\"twitter:data2\" content=\"3 minutos\" \/>\n<script type=\"application\/ld+json\" class=\"yoast-schema-graph\">{\"@context\":\"https:\\\/\\\/schema.org\",\"@graph\":[{\"@type\":\"Article\",\"@id\":\"https:\\\/\\\/www.copealcoy.es\\\/es\\\/els-sanitaris-valencians-comencen-a-rebre-la-segona-dosi-de-record-contra-la-covid-19\\\/#article\",\"isPartOf\":{\"@id\":\"https:\\\/\\\/www.copealcoy.es\\\/es\\\/els-sanitaris-valencians-comencen-a-rebre-la-segona-dosi-de-record-contra-la-covid-19\\\/\"},\"author\":{\"name\":\"Cope Alcoy\",\"@id\":\"https:\\\/\\\/www.copealcoy.es\\\/es\\\/#\\\/schema\\\/person\\\/e777c87fa024e57d40170af9df39882c\"},\"headline\":\"Els sanitaris valencians comencen a rebre la segona dosi de record contra la Covid-19\",\"datePublished\":\"2022-10-04T13:25:36+00:00\",\"dateModified\":\"2022-10-04T13:35:22+00:00\",\"mainEntityOfPage\":{\"@id\":\"https:\\\/\\\/www.copealcoy.es\\\/es\\\/els-sanitaris-valencians-comencen-a-rebre-la-segona-dosi-de-record-contra-la-covid-19\\\/\"},\"wordCount\":583,\"commentCount\":0,\"image\":{\"@id\":\"https:\\\/\\\/www.copealcoy.es\\\/es\\\/els-sanitaris-valencians-comencen-a-rebre-la-segona-dosi-de-record-contra-la-covid-19\\\/#primaryimage\"},\"thumbnailUrl\":\"https:\\\/\\\/www.copealcoy.es\\\/wp-content\\\/uploads\\\/2021\\\/04\\\/167355503_5945163545509780_3409223777316464782_n.jpg\",\"keywords\":[\"Coronavirus\",\"Covid-19\",\"refor\u00e7\",\"Sanitaris\",\"segona dosi\",\"vacuna\"],\"articleSection\":[\"Actualidad\",\"Alcoy\",\"Noticias\",\"Pol\u00edtica y Econom\u00eda\"],\"inLanguage\":\"es\"},{\"@type\":\"WebPage\",\"@id\":\"https:\\\/\\\/www.copealcoy.es\\\/es\\\/els-sanitaris-valencians-comencen-a-rebre-la-segona-dosi-de-record-contra-la-covid-19\\\/\",\"url\":\"https:\\\/\\\/www.copealcoy.es\\\/es\\\/els-sanitaris-valencians-comencen-a-rebre-la-segona-dosi-de-record-contra-la-covid-19\\\/\",\"name\":\"Els sanitaris valencians comencen a rebre la segona dosi de record contra la Covid-19 - COPE Alcoy\",\"isPartOf\":{\"@id\":\"https:\\\/\\\/www.copealcoy.es\\\/es\\\/#website\"},\"primaryImageOfPage\":{\"@id\":\"https:\\\/\\\/www.copealcoy.es\\\/es\\\/els-sanitaris-valencians-comencen-a-rebre-la-segona-dosi-de-record-contra-la-covid-19\\\/#primaryimage\"},\"image\":{\"@id\":\"https:\\\/\\\/www.copealcoy.es\\\/es\\\/els-sanitaris-valencians-comencen-a-rebre-la-segona-dosi-de-record-contra-la-covid-19\\\/#primaryimage\"},\"thumbnailUrl\":\"https:\\\/\\\/www.copealcoy.es\\\/wp-content\\\/uploads\\\/2021\\\/04\\\/167355503_5945163545509780_3409223777316464782_n.jpg\",\"datePublished\":\"2022-10-04T13:25:36+00:00\",\"dateModified\":\"2022-10-04T13:35:22+00:00\",\"author\":{\"@id\":\"https:\\\/\\\/www.copealcoy.es\\\/es\\\/#\\\/schema\\\/person\\\/e777c87fa024e57d40170af9df39882c\"},\"breadcrumb\":{\"@id\":\"https:\\\/\\\/www.copealcoy.es\\\/es\\\/els-sanitaris-valencians-comencen-a-rebre-la-segona-dosi-de-record-contra-la-covid-19\\\/#breadcrumb\"},\"inLanguage\":\"es\",\"potentialAction\":[{\"@type\":\"ReadAction\",\"target\":[\"https:\\\/\\\/www.copealcoy.es\\\/es\\\/els-sanitaris-valencians-comencen-a-rebre-la-segona-dosi-de-record-contra-la-covid-19\\\/\"]}]},{\"@type\":\"ImageObject\",\"inLanguage\":\"es\",\"@id\":\"https:\\\/\\\/www.copealcoy.es\\\/es\\\/els-sanitaris-valencians-comencen-a-rebre-la-segona-dosi-de-record-contra-la-covid-19\\\/#primaryimage\",\"url\":\"https:\\\/\\\/www.copealcoy.es\\\/wp-content\\\/uploads\\\/2021\\\/04\\\/167355503_5945163545509780_3409223777316464782_n.jpg\",\"contentUrl\":\"https:\\\/\\\/www.copealcoy.es\\\/wp-content\\\/uploads\\\/2021\\\/04\\\/167355503_5945163545509780_3409223777316464782_n.jpg\",\"width\":2048,\"height\":1536},{\"@type\":\"BreadcrumbList\",\"@id\":\"https:\\\/\\\/www.copealcoy.es\\\/es\\\/els-sanitaris-valencians-comencen-a-rebre-la-segona-dosi-de-record-contra-la-covid-19\\\/#breadcrumb\",\"itemListElement\":[{\"@type\":\"ListItem\",\"position\":1,\"name\":\"Portada\",\"item\":\"https:\\\/\\\/www.copealcoy.es\\\/es\\\/\"},{\"@type\":\"ListItem\",\"position\":2,\"name\":\"Els sanitaris valencians comencen a rebre la segona dosi de record contra la Covid-19\"}]},{\"@type\":\"WebSite\",\"@id\":\"https:\\\/\\\/www.copealcoy.es\\\/es\\\/#website\",\"url\":\"https:\\\/\\\/www.copealcoy.es\\\/es\\\/\",\"name\":\"COPE Alcoy\",\"description\":\"Emisora COPE de radio local con emisi\u00f3n online. Pont de Sant Jordi 8-10 03803 Alcoy\",\"potentialAction\":[{\"@type\":\"SearchAction\",\"target\":{\"@type\":\"EntryPoint\",\"urlTemplate\":\"https:\\\/\\\/www.copealcoy.es\\\/es\\\/?s={search_term_string}\"},\"query-input\":{\"@type\":\"PropertyValueSpecification\",\"valueRequired\":true,\"valueName\":\"search_term_string\"}}],\"inLanguage\":\"es\"},{\"@type\":\"Person\",\"@id\":\"https:\\\/\\\/www.copealcoy.es\\\/es\\\/#\\\/schema\\\/person\\\/e777c87fa024e57d40170af9df39882c\",\"name\":\"Cope Alcoy\",\"image\":{\"@type\":\"ImageObject\",\"inLanguage\":\"es\",\"@id\":\"https:\\\/\\\/secure.gravatar.com\\\/avatar\\\/bb65d0283347e303893ba14f0692005417c1e0e690a325a4c5d8bb2b3943ee14?s=96&d=mm&r=g\",\"url\":\"https:\\\/\\\/secure.gravatar.com\\\/avatar\\\/bb65d0283347e303893ba14f0692005417c1e0e690a325a4c5d8bb2b3943ee14?s=96&d=mm&r=g\",\"contentUrl\":\"https:\\\/\\\/secure.gravatar.com\\\/avatar\\\/bb65d0283347e303893ba14f0692005417c1e0e690a325a4c5d8bb2b3943ee14?s=96&d=mm&r=g\",\"caption\":\"Cope Alcoy\"}}]}<\/script>\n<!-- \/ Yoast SEO plugin. -->","yoast_head_json":{"title":"Els sanitaris valencians comencen a rebre la segona dosi de record contra la Covid-19 - COPE Alcoy","robots":{"index":"index","follow":"follow","max-snippet":"max-snippet:-1","max-image-preview":"max-image-preview:large","max-video-preview":"max-video-preview:-1"},"canonical":"https:\/\/www.copealcoy.es\/es\/els-sanitaris-valencians-comencen-a-rebre-la-segona-dosi-de-record-contra-la-covid-19\/","og_locale":"es_ES","og_type":"article","og_title":"Els sanitaris valencians comencen a rebre la segona dosi de record contra la Covid-19 - COPE Alcoy","og_description":"La Conselleria de Sanitat Universal i Salut P\u00fablica comen\u00e7a aquest dimecres a administrar la segona dosi de record de la...","og_url":"https:\/\/www.copealcoy.es\/es\/els-sanitaris-valencians-comencen-a-rebre-la-segona-dosi-de-record-contra-la-covid-19\/","og_site_name":"COPE Alcoy","article_published_time":"2022-10-04T13:25:36+00:00","article_modified_time":"2022-10-04T13:35:22+00:00","og_image":[{"width":2048,"height":1536,"url":"https:\/\/www.copealcoy.es\/wp-content\/uploads\/2021\/04\/167355503_5945163545509780_3409223777316464782_n.jpg","type":"image\/jpeg"}],"author":"Cope Alcoy","twitter_misc":{"Escrito por":"Cope Alcoy","Tiempo de lectura":"3 minutos"},"schema":{"@context":"https:\/\/schema.org","@graph":[{"@type":"Article","@id":"https:\/\/www.copealcoy.es\/es\/els-sanitaris-valencians-comencen-a-rebre-la-segona-dosi-de-record-contra-la-covid-19\/#article","isPartOf":{"@id":"https:\/\/www.copealcoy.es\/es\/els-sanitaris-valencians-comencen-a-rebre-la-segona-dosi-de-record-contra-la-covid-19\/"},"author":{"name":"Cope Alcoy","@id":"https:\/\/www.copealcoy.es\/es\/#\/schema\/person\/e777c87fa024e57d40170af9df39882c"},"headline":"Els sanitaris valencians comencen a rebre la segona dosi de record contra la Covid-19","datePublished":"2022-10-04T13:25:36+00:00","dateModified":"2022-10-04T13:35:22+00:00","mainEntityOfPage":{"@id":"https:\/\/www.copealcoy.es\/es\/els-sanitaris-valencians-comencen-a-rebre-la-segona-dosi-de-record-contra-la-covid-19\/"},"wordCount":583,"commentCount":0,"image":{"@id":"https:\/\/www.copealcoy.es\/es\/els-sanitaris-valencians-comencen-a-rebre-la-segona-dosi-de-record-contra-la-covid-19\/#primaryimage"},"thumbnailUrl":"https:\/\/www.copealcoy.es\/wp-content\/uploads\/2021\/04\/167355503_5945163545509780_3409223777316464782_n.jpg","keywords":["Coronavirus","Covid-19","refor\u00e7","Sanitaris","segona dosi","vacuna"],"articleSection":["Actualidad","Alcoy","Noticias","Pol\u00edtica y Econom\u00eda"],"inLanguage":"es"},{"@type":"WebPage","@id":"https:\/\/www.copealcoy.es\/es\/els-sanitaris-valencians-comencen-a-rebre-la-segona-dosi-de-record-contra-la-covid-19\/","url":"https:\/\/www.copealcoy.es\/es\/els-sanitaris-valencians-comencen-a-rebre-la-segona-dosi-de-record-contra-la-covid-19\/","name":"Els sanitaris valencians comencen a rebre la segona dosi de record contra la Covid-19 - COPE Alcoy","isPartOf":{"@id":"https:\/\/www.copealcoy.es\/es\/#website"},"primaryImageOfPage":{"@id":"https:\/\/www.copealcoy.es\/es\/els-sanitaris-valencians-comencen-a-rebre-la-segona-dosi-de-record-contra-la-covid-19\/#primaryimage"},"image":{"@id":"https:\/\/www.copealcoy.es\/es\/els-sanitaris-valencians-comencen-a-rebre-la-segona-dosi-de-record-contra-la-covid-19\/#primaryimage"},"thumbnailUrl":"https:\/\/www.copealcoy.es\/wp-content\/uploads\/2021\/04\/167355503_5945163545509780_3409223777316464782_n.jpg","datePublished":"2022-10-04T13:25:36+00:00","dateModified":"2022-10-04T13:35:22+00:00","author":{"@id":"https:\/\/www.copealcoy.es\/es\/#\/schema\/person\/e777c87fa024e57d40170af9df39882c"},"breadcrumb":{"@id":"https:\/\/www.copealcoy.es\/es\/els-sanitaris-valencians-comencen-a-rebre-la-segona-dosi-de-record-contra-la-covid-19\/#breadcrumb"},"inLanguage":"es","potentialAction":[{"@type":"ReadAction","target":["https:\/\/www.copealcoy.es\/es\/els-sanitaris-valencians-comencen-a-rebre-la-segona-dosi-de-record-contra-la-covid-19\/"]}]},{"@type":"ImageObject","inLanguage":"es","@id":"https:\/\/www.copealcoy.es\/es\/els-sanitaris-valencians-comencen-a-rebre-la-segona-dosi-de-record-contra-la-covid-19\/#primaryimage","url":"https:\/\/www.copealcoy.es\/wp-content\/uploads\/2021\/04\/167355503_5945163545509780_3409223777316464782_n.jpg","contentUrl":"https:\/\/www.copealcoy.es\/wp-content\/uploads\/2021\/04\/167355503_5945163545509780_3409223777316464782_n.jpg","width":2048,"height":1536},{"@type":"BreadcrumbList","@id":"https:\/\/www.copealcoy.es\/es\/els-sanitaris-valencians-comencen-a-rebre-la-segona-dosi-de-record-contra-la-covid-19\/#breadcrumb","itemListElement":[{"@type":"ListItem","position":1,"name":"Portada","item":"https:\/\/www.copealcoy.es\/es\/"},{"@type":"ListItem","position":2,"name":"Els sanitaris valencians comencen a rebre la segona dosi de record contra la Covid-19"}]},{"@type":"WebSite","@id":"https:\/\/www.copealcoy.es\/es\/#website","url":"https:\/\/www.copealcoy.es\/es\/","name":"COPE Alcoy","description":"Emisora COPE de radio local con emisi\u00f3n online. Pont de Sant Jordi 8-10 03803 Alcoy","potentialAction":[{"@type":"SearchAction","target":{"@type":"EntryPoint","urlTemplate":"https:\/\/www.copealcoy.es\/es\/?s={search_term_string}"},"query-input":{"@type":"PropertyValueSpecification","valueRequired":true,"valueName":"search_term_string"}}],"inLanguage":"es"},{"@type":"Person","@id":"https:\/\/www.copealcoy.es\/es\/#\/schema\/person\/e777c87fa024e57d40170af9df39882c","name":"Cope Alcoy","image":{"@type":"ImageObject","inLanguage":"es","@id":"https:\/\/secure.gravatar.com\/avatar\/bb65d0283347e303893ba14f0692005417c1e0e690a325a4c5d8bb2b3943ee14?s=96&d=mm&r=g","url":"https:\/\/secure.gravatar.com\/avatar\/bb65d0283347e303893ba14f0692005417c1e0e690a325a4c5d8bb2b3943ee14?s=96&d=mm&r=g","contentUrl":"https:\/\/secure.gravatar.com\/avatar\/bb65d0283347e303893ba14f0692005417c1e0e690a325a4c5d8bb2b3943ee14?s=96&d=mm&r=g","caption":"Cope Alcoy"}}]}},"_links":{"self":[{"href":"https:\/\/www.copealcoy.es\/es\/wp-json\/wp\/v2\/posts\/92471","targetHints":{"allow":["GET"]}}],"collection":[{"href":"https:\/\/www.copealcoy.es\/es\/wp-json\/wp\/v2\/posts"}],"about":[{"href":"https:\/\/www.copealcoy.es\/es\/wp-json\/wp\/v2\/types\/post"}],"author":[{"embeddable":true,"href":"https:\/\/www.copealcoy.es\/es\/wp-json\/wp\/v2\/users\/1"}],"replies":[{"embeddable":true,"href":"https:\/\/www.copealcoy.es\/es\/wp-json\/wp\/v2\/comments?post=92471"}],"version-history":[{"count":0,"href":"https:\/\/www.copealcoy.es\/es\/wp-json\/wp\/v2\/posts\/92471\/revisions"}],"wp:featuredmedia":[{"embeddable":true,"href":"https:\/\/www.copealcoy.es\/es\/wp-json\/wp\/v2\/media\/72663"}],"wp:attachment":[{"href":"https:\/\/www.copealcoy.es\/es\/wp-json\/wp\/v2\/media?parent=92471"}],"wp:term":[{"taxonomy":"category","embeddable":true,"href":"https:\/\/www.copealcoy.es\/es\/wp-json\/wp\/v2\/categories?post=92471"},{"taxonomy":"post_tag","embeddable":true,"href":"https:\/\/www.copealcoy.es\/es\/wp-json\/wp\/v2\/tags?post=92471"}],"curies":[{"name":"wp","href":"https:\/\/api.w.org\/{rel}","templated":true}]}}